{"id":155813,"date":"2024-07-31T22:35:35","date_gmt":"2024-08-01T01:35:35","guid":{"rendered":"https:\/\/www.gaveanews.com\/?p=155813"},"modified":"2024-07-31T22:35:49","modified_gmt":"2024-08-01T01:35:49","slug":"gerson-ayrton-lucas-erick-pulgar-de-la-cruz-pedro-luiz-araujo-varela-fabricio-bruno-leo-pereira-arrascaeta-matheus-cunha-everton-cebolinha-gabigol-allan-leo-ortiz-wesley-as-notas-dos-j","status":"publish","type":"post","link":"https:\/\/www.gaveanews.com\/index.php\/2024\/07\/31\/gerson-ayrton-lucas-erick-pulgar-de-la-cruz-pedro-luiz-araujo-varela-fabricio-bruno-leo-pereira-arrascaeta-matheus-cunha-everton-cebolinha-gabigol-allan-leo-ortiz-wesley-as-notas-dos-j\/","title":{"rendered":"Gerson, Ayrton Lucas, Erick Pulgar, De la Cruz, Pedro, Luiz Ara\u00fajo, Varela, Fabr\u00edcio Bruno, L\u00e9o Pereira, Arrascaeta, Matheus Cunha, Everton Cebolinha, Gabigol, Allan, L\u00e9o Ortiz, Wesley: as notas dos jogadores do Flamengo"},"content":{"rendered":"\n<p>Com uma atua\u00e7\u00e3o dominante do in\u00edcio ao fim, o Flamengo venceu o Palmeiras por 2 a 0 na noite de quarta-feira (31), em partida v\u00e1lida pelo primeiro jogo das oitavas de final da Copa do Brasil, no Maracan\u00e3. Os gols foram marcados por Pedro e Luiz Ara\u00fajo. Com este resultado, o Rubro-Negro pode at\u00e9 perder por um gol de diferen\u00e7a na partida de volta que ainda assim avan\u00e7ar\u00e1 para as quartas de final. J\u00e1 o Palmeiras, para se classificar diretamente, precisa vencer por tr\u00eas gols de diferen\u00e7a ou, caso ven\u00e7a por dois gols, levar\u00e1 a disputa para os p\u00eanaltis.<\/p>\n\n\n\n<p>Neste contexto, confira abaixo as notas dos jogadores do Flamengo segundo o portal Globo Esporte:<\/p>\n\n\n\n<h2 class=\"wp-block-heading\" id=\"h-matheus-cunha\">Matheus Cunha<\/h2>\n\n\n\n<p>N\u00e3o foi exigido diante de um advers\u00e1rio que s\u00f3 se defendeu, mas foi bem com os p\u00e9s. <strong>Nota: 6,0<\/strong><\/p>\n\n\n\n<h2 class=\"wp-block-heading\" id=\"h-varela\">Varela<\/h2>\n\n\n\n<p>Fez sua melhor partida pelo Flamengo. Acertou praticamente tudo defensivamente, fez jogadas de efeito e completou uma linda trama individual no in\u00edcio do segundo tempo que quase terminou em gol de Luiz Ara\u00fajo. <strong>Nota: 7,5<\/strong><\/p>\n\n\n\n<h2 class=\"wp-block-heading\" id=\"h-fabricio-bruno\">Fabr\u00edcio Bruno<\/h2>\n\n\n\n<p>Ganhou praticamente todos os duelos e mostrou a seguran\u00e7a habitual. Mant\u00e9m o grande momento de vermelho e preto. <strong>Nota: 7,0<\/strong><\/p>\n\n\n\n<h2 class=\"wp-block-heading\" id=\"h-leo-pereira\">L\u00e9o Pereira<\/h2>\n\n\n\n<p>Depois de uma partida ruim contra o Vit\u00f3ria, voltou em alto n\u00edvel, com 91% de aproveitamento nos passes e atua\u00e7\u00e3o tranquila no combate. <strong>Nota: 7,0<\/strong><\/p>\n\n\n\n<h2 class=\"wp-block-heading\" id=\"h-ayrton-lucas\">Ayrton Lucas<\/h2>\n\n\n\n<p>Fez uma excelente partida tanto no combate quanto no ataque. Mostrou que seria protagonista na sa\u00edda de bola, quando arrancou e deixou Cebolinha na boa para finalizar. <strong>Nota: 8,0<\/strong><\/p>\n\n\n\n<h2 class=\"wp-block-heading\" id=\"h-erick-pulgar\">Erick Pulgar<\/h2>\n\n\n\n<p>Mais uma grande partida do chileno. Optou pelo passe mais dif\u00edcil, por dentro da defesa palmeirense, em in\u00fameras oportunidades e se deu bem. \u00c9 ele quem inicia a jogada do gol de Pedro com um belo lan\u00e7amento para Gerson. <strong>Nota: 8,0<\/strong><\/p>\n\n\n\n<h2 class=\"wp-block-heading\" id=\"h-de-la-cruz\">De la Cruz<\/h2>\n\n\n\n<p>Primeira grande exibi\u00e7\u00e3o ap\u00f3s a Copa Am\u00e9rica. Mostrou a eletricidade que lhe \u00e9 habitual, deu bonitos dribles e arrancadas. Escolheu o tempo certo para deixar Luiz Ara\u00fajo na cara do gol. <strong>Nota: 8,0<\/strong><\/p>\n\n\n\n<h2 class=\"wp-block-heading\" id=\"h-arrascaeta\">Arrascaeta<\/h2>\n\n\n\n<p>Se n\u00e3o deu passes decisivos para os gols, participou muito na marca\u00e7\u00e3o dentro do campo de defesa do Palmeiras, fez bonitas jogadas e manteve o bom n\u00edvel. Poderia ter finalizado uma bola que recebeu de Gerson e resolveu dar para Pedro, mas o saldo foi positivo. <strong>Nota: 6,5<\/strong><\/p>\n\n\n\n<h2 class=\"wp-block-heading\" id=\"h-gerson\">Gerson<\/h2>\n\n\n\n<p>A exemplo do que fez no domingo, esteve presente em todas as faixas do campo e criou in\u00fameras chances de gol. As tomadas de decis\u00e3o na hora de dar o pen\u00faltimo passe na jogada do gol de Pedro traduzem bem o que vem jogando. \u00c9 o melhor do time h\u00e1 alguns meses. <strong>Nota: 8,5<\/strong><\/p>\n\n\n\n<h2 class=\"wp-block-heading\" id=\"h-everton-cebolinha\">Everton Cebolinha<\/h2>\n\n\n\n<p>Fazia um jogo interessante at\u00e9 ser substitu\u00eddo aos 22 minutos, com dores no m\u00fasculo posterior da coxa direita. <strong>Sem nota<\/strong><\/p>\n\n\n\n<h2 class=\"wp-block-heading\" id=\"h-pedro\">Pedro<\/h2>\n\n\n\n<p>Mais uma atua\u00e7\u00e3o em alt\u00edssimo n\u00edvel. Fez um gol na sua e soube escolher a hora certo do passe para De la Cruz no contra-ataque que armou e resultou no gol de Luiz Ara\u00fajo. Se n\u00e3o tenta gol de calcanhar em bola que era de Gerson no primeiro tempo, empataria com Gerson como melhor em campo. <strong>Nota: 8,0<\/strong><\/p>\n\n\n\n<h2 class=\"wp-block-heading\" id=\"h-luiz-araujo\">Luiz Ara\u00fajo<\/h2>\n\n\n\n<p>Mais uma grande atua\u00e7\u00e3o. Cruzamento na medida para Pedro, finaliza\u00e7\u00e3o perfeita no gol que marcou e mais uma roubada muito importante que quase resultou no terceiro gol que ele mesmo marcaria. <strong>Nota: 7,5<\/strong><\/p>\n\n\n\n<h2 class=\"wp-block-heading\" id=\"h-gabigol\">Gabigol<\/h2>\n\n\n\n<p>Entrou aos 37 minutos da etapa final e teve pouco tempo para fazer alguma coisa. <strong>Sem nota<\/strong><\/p>\n\n\n\n<h2 class=\"wp-block-heading\" id=\"h-allan\">Allan<\/h2>\n\n\n\n<p>Mesma descri\u00e7\u00e3o de Gabigol. <strong>Sem nota<\/strong><\/p>\n\n\n\n<h2 class=\"wp-block-heading\" id=\"h-leo-ortiz\">L\u00e9o Ortiz<\/h2>\n\n\n\n<p>Mesma descri\u00e7\u00e3o de Gabigol. <strong>Sem nota<\/strong><\/p>\n\n\n\n<h2 class=\"wp-block-heading\" id=\"h-wesley\">Wesley<\/h2>\n\n\n\n<p>Entrou aos 44 minutos do segundo tempo e poderia ter chutado no gol uma \u00f3tima oportunidade que teve ao receber passe de Arrascaeta. Preferiu o cruzamento para Gabigol. <strong>Sem nota<\/strong><\/p>\n\n\n\n<h2 class=\"wp-block-heading\" id=\"h-tite\">Tite<\/h2>\n\n\n\n<p>Analistas e torcedores esperavam a entrada de Vi\u00f1a, mas o treinador apostou em Ayrton Lucas e se deu bem. O lateral-esquerdo fez um bom jogo, e o time dominou seu advers\u00e1rio inteiramente durante os 90 minutos. Grande atua\u00e7\u00e3o coletiva do Flamengo. <strong>Nota: 8,0<\/strong><\/p>\n","protected":false},"excerpt":{"rendered":"<p>Com uma atua\u00e7\u00e3o dominante do in\u00edcio ao fim, o Flamengo venceu o Palmeiras por 2 a 0 na noite de quarta-feira (31), em partida v\u00e1lida pelo primeiro jogo das oitavas de final da Copa do Brasil, no Maracan\u00e3. Os gols foram marcados por Pedro e Luiz Ara\u00fajo. Com este resultado, o Rubro-Negro pode at\u00e9 perder [&hellip;]<\/p>\n","protected":false},"author":1,"featured_media":155781,"comment_status":"open","ping_status":"closed","sticky":false,"template":"","format":"standard","meta":{"footnotes":""},"categories":[1],"tags":[],"class_list":["post-155813","post","type-post","status-publish","format-standard","has-post-thumbnail","hentry","category-flamengo"],"yoast_head":"<!-- This site is optimized with the Yoast SEO Premium plugin v24.2 (Yoast SEO v26.9) - https:\/\/yoast.com\/product\/yoast-seo-premium-wordpress\/ -->\n<title>Gerson, Ayrton Lucas, Erick Pulgar, De la Cruz, Pedro, Luiz Ara\u00fajo, Varela, Fabr\u00edcio Bruno, L\u00e9o Pereira, Arrascaeta, Matheus Cunha, Everton Cebolinha, Gabigol, Allan, L\u00e9o Ortiz, Wesley: as notas dos jogadores do Flamengo<\/title>\n<meta name=\"robots\" content=\"index, follow, max-snippet:-1, max-image-preview:large, max-video-preview:-1\" \/>\n<link rel=\"canonical\" href=\"https:\/\/www.gaveanews.com\/index.php\/2024\/07\/31\/gerson-ayrton-lucas-erick-pulgar-de-la-cruz-pedro-luiz-araujo-varela-fabricio-bruno-leo-pereira-arrascaeta-matheus-cunha-everton-cebolinha-gabigol-allan-leo-ortiz-wesley-as-notas-dos-j\/\" \/>\n<meta property=\"og:locale\" content=\"pt_BR\" \/>\n<meta property=\"og:type\" content=\"article\" \/>\n<meta property=\"og:title\" content=\"Gerson, Ayrton Lucas, Erick Pulgar, De la Cruz, Pedro, Luiz Ara\u00fajo, Varela, Fabr\u00edcio Bruno, L\u00e9o Pereira, Arrascaeta, Matheus Cunha, Everton Cebolinha, Gabigol, Allan, L\u00e9o Ortiz, Wesley: as notas dos jogadores do Flamengo\" \/>\n<meta property=\"og:description\" content=\"Com uma atua\u00e7\u00e3o dominante do in\u00edcio ao fim, o Flamengo venceu o Palmeiras por 2 a 0 na noite de quarta-feira (31), em partida v\u00e1lida pelo primeiro jogo das oitavas de final da Copa do Brasil, no Maracan\u00e3. Os gols foram marcados por Pedro e Luiz Ara\u00fajo. Com este resultado, o Rubro-Negro pode at\u00e9 perder [&hellip;]\" \/>\n<meta property=\"og:url\" content=\"https:\/\/www.gaveanews.com\/index.php\/2024\/07\/31\/gerson-ayrton-lucas-erick-pulgar-de-la-cruz-pedro-luiz-araujo-varela-fabricio-bruno-leo-pereira-arrascaeta-matheus-cunha-everton-cebolinha-gabigol-allan-leo-ortiz-wesley-as-notas-dos-j\/\" \/>\n<meta property=\"og:site_name\" content=\"G\u00e1vea News\" \/>\n<meta property=\"article:publisher\" content=\"https:\/\/facebook.com\/gaveaNews\/\" \/>\n<meta property=\"article:published_time\" content=\"2024-08-01T01:35:35+00:00\" \/>\n<meta property=\"article:modified_time\" content=\"2024-08-01T01:35:49+00:00\" \/>\n<meta property=\"og:image\" content=\"https:\/\/www.gaveanews.com\/wp-content\/uploads\/Roni-durante-o-jogo-entre-Flamengo-x-Palmeiras-pela-Copa-do-Brasil-2024-no-Maracana.webp\" \/>\n\t<meta property=\"og:image:width\" content=\"1500\" \/>\n\t<meta property=\"og:image:height\" content=\"1450\" \/>\n\t<meta property=\"og:image:type\" content=\"image\/jpeg\" \/>\n<meta name=\"author\" content=\"Equipe G\u00e1vea News\" \/>\n<meta name=\"twitter:card\" content=\"summary_large_image\" \/>\n<meta name=\"twitter:label1\" content=\"Escrito por\" \/>\n\t<meta name=\"twitter:data1\" content=\"Equipe G\u00e1vea News\" \/>\n\t<meta name=\"twitter:label2\" content=\"Est. tempo de leitura\" \/>\n\t<meta name=\"twitter:data2\" content=\"4 minutos\" \/>\n<script type=\"application\/ld+json\" class=\"yoast-schema-graph\">{\"@context\":\"https:\/\/schema.org\",\"@graph\":[{\"@type\":\"NewsArticle\",\"@id\":\"https:\/\/www.gaveanews.com\/index.php\/2024\/07\/31\/gerson-ayrton-lucas-erick-pulgar-de-la-cruz-pedro-luiz-araujo-varela-fabricio-bruno-leo-pereira-arrascaeta-matheus-cunha-everton-cebolinha-gabigol-allan-leo-ortiz-wesley-as-notas-dos-j\/#article\",\"isPartOf\":{\"@id\":\"https:\/\/www.gaveanews.com\/index.php\/2024\/07\/31\/gerson-ayrton-lucas-erick-pulgar-de-la-cruz-pedro-luiz-araujo-varela-fabricio-bruno-leo-pereira-arrascaeta-matheus-cunha-everton-cebolinha-gabigol-allan-leo-ortiz-wesley-as-notas-dos-j\/\"},\"author\":{\"name\":\"Equipe G\u00e1vea News\",\"@id\":\"https:\/\/www.gaveanews.com\/#\/schema\/person\/2ec14f73fb96be2caf28f91afb14749d\"},\"headline\":\"Gerson, Ayrton Lucas, Erick Pulgar, De la Cruz, Pedro, Luiz Ara\u00fajo, Varela, Fabr\u00edcio Bruno, L\u00e9o Pereira, Arrascaeta, Matheus Cunha, Everton Cebolinha, Gabigol, Allan, L\u00e9o Ortiz, Wesley: as notas dos jogadores do Flamengo\",\"datePublished\":\"2024-08-01T01:35:35+00:00\",\"dateModified\":\"2024-08-01T01:35:49+00:00\",\"mainEntityOfPage\":{\"@id\":\"https:\/\/www.gaveanews.com\/index.php\/2024\/07\/31\/gerson-ayrton-lucas-erick-pulgar-de-la-cruz-pedro-luiz-araujo-varela-fabricio-bruno-leo-pereira-arrascaeta-matheus-cunha-everton-cebolinha-gabigol-allan-leo-ortiz-wesley-as-notas-dos-j\/\"},\"wordCount\":723,\"commentCount\":0,\"image\":{\"@id\":\"https:\/\/www.gaveanews.com\/index.php\/2024\/07\/31\/gerson-ayrton-lucas-erick-pulgar-de-la-cruz-pedro-luiz-araujo-varela-fabricio-bruno-leo-pereira-arrascaeta-matheus-cunha-everton-cebolinha-gabigol-allan-leo-ortiz-wesley-as-notas-dos-j\/#primaryimage\"},\"thumbnailUrl\":\"https:\/\/www.gaveanews.com\/wp-content\/uploads\/Roni-durante-o-jogo-entre-Flamengo-x-Palmeiras-pela-Copa-do-Brasil-2024-no-Maracana.webp\",\"articleSection\":[\"Flamengo\"],\"inLanguage\":\"pt-BR\",\"potentialAction\":[{\"@type\":\"CommentAction\",\"name\":\"Comment\",\"target\":[\"https:\/\/www.gaveanews.com\/index.php\/2024\/07\/31\/gerson-ayrton-lucas-erick-pulgar-de-la-cruz-pedro-luiz-araujo-varela-fabricio-bruno-leo-pereira-arrascaeta-matheus-cunha-everton-cebolinha-gabigol-allan-leo-ortiz-wesley-as-notas-dos-j\/#respond\"]}],\"copyrightYear\":\"2024\",\"copyrightHolder\":{\"@id\":\"https:\/\/www.gaveanews.com\/#organization\"}},{\"@type\":\"WebPage\",\"@id\":\"https:\/\/www.gaveanews.com\/index.php\/2024\/07\/31\/gerson-ayrton-lucas-erick-pulgar-de-la-cruz-pedro-luiz-araujo-varela-fabricio-bruno-leo-pereira-arrascaeta-matheus-cunha-everton-cebolinha-gabigol-allan-leo-ortiz-wesley-as-notas-dos-j\/\",\"url\":\"https:\/\/www.gaveanews.com\/index.php\/2024\/07\/31\/gerson-ayrton-lucas-erick-pulgar-de-la-cruz-pedro-luiz-araujo-varela-fabricio-bruno-leo-pereira-arrascaeta-matheus-cunha-everton-cebolinha-gabigol-allan-leo-ortiz-wesley-as-notas-dos-j\/\",\"name\":\"Gerson, Ayrton Lucas, Erick Pulgar, De la Cruz, Pedro, Luiz Ara\u00fajo, Varela, Fabr\u00edcio Bruno, L\u00e9o Pereira, Arrascaeta, Matheus Cunha, Everton Cebolinha, Gabigol, Allan, L\u00e9o Ortiz, Wesley: as notas dos jogadores do Flamengo\",\"isPartOf\":{\"@id\":\"https:\/\/www.gaveanews.com\/#website\"},\"primaryImageOfPage\":{\"@id\":\"https:\/\/www.gaveanews.com\/index.php\/2024\/07\/31\/gerson-ayrton-lucas-erick-pulgar-de-la-cruz-pedro-luiz-araujo-varela-fabricio-bruno-leo-pereira-arrascaeta-matheus-cunha-everton-cebolinha-gabigol-allan-leo-ortiz-wesley-as-notas-dos-j\/#primaryimage\"},\"image\":{\"@id\":\"https:\/\/www.gaveanews.com\/index.php\/2024\/07\/31\/gerson-ayrton-lucas-erick-pulgar-de-la-cruz-pedro-luiz-araujo-varela-fabricio-bruno-leo-pereira-arrascaeta-matheus-cunha-everton-cebolinha-gabigol-allan-leo-ortiz-wesley-as-notas-dos-j\/#primaryimage\"},\"thumbnailUrl\":\"https:\/\/www.gaveanews.com\/wp-content\/uploads\/Roni-durante-o-jogo-entre-Flamengo-x-Palmeiras-pela-Copa-do-Brasil-2024-no-Maracana.webp\",\"datePublished\":\"2024-08-01T01:35:35+00:00\",\"dateModified\":\"2024-08-01T01:35:49+00:00\",\"author\":{\"@id\":\"https:\/\/www.gaveanews.com\/#\/schema\/person\/2ec14f73fb96be2caf28f91afb14749d\"},\"breadcrumb\":{\"@id\":\"https:\/\/www.gaveanews.com\/index.php\/2024\/07\/31\/gerson-ayrton-lucas-erick-pulgar-de-la-cruz-pedro-luiz-araujo-varela-fabricio-bruno-leo-pereira-arrascaeta-matheus-cunha-everton-cebolinha-gabigol-allan-leo-ortiz-wesley-as-notas-dos-j\/#breadcrumb\"},\"inLanguage\":\"pt-BR\",\"potentialAction\":[{\"@type\":\"ReadAction\",\"target\":[\"https:\/\/www.gaveanews.com\/index.php\/2024\/07\/31\/gerson-ayrton-lucas-erick-pulgar-de-la-cruz-pedro-luiz-araujo-varela-fabricio-bruno-leo-pereira-arrascaeta-matheus-cunha-everton-cebolinha-gabigol-allan-leo-ortiz-wesley-as-notas-dos-j\/\"]}]},{\"@type\":\"ImageObject\",\"inLanguage\":\"pt-BR\",\"@id\":\"https:\/\/www.gaveanews.com\/index.php\/2024\/07\/31\/gerson-ayrton-lucas-erick-pulgar-de-la-cruz-pedro-luiz-araujo-varela-fabricio-bruno-leo-pereira-arrascaeta-matheus-cunha-everton-cebolinha-gabigol-allan-leo-ortiz-wesley-as-notas-dos-j\/#primaryimage\",\"url\":\"https:\/\/www.gaveanews.com\/wp-content\/uploads\/Roni-durante-o-jogo-entre-Flamengo-x-Palmeiras-pela-Copa-do-Brasil-2024-no-Maracana.webp\",\"contentUrl\":\"https:\/\/www.gaveanews.com\/wp-content\/uploads\/Roni-durante-o-jogo-entre-Flamengo-x-Palmeiras-pela-Copa-do-Brasil-2024-no-Maracana.webp\",\"width\":1500,\"height\":1450,\"caption\":\"Roni durante o jogo entre Flamengo x Palmeiras pela Copa do Brasil 2024 no Maracan\u00e3 (Foto: Cesar Greco\/Palmeiras)\"},{\"@type\":\"BreadcrumbList\",\"@id\":\"https:\/\/www.gaveanews.com\/index.php\/2024\/07\/31\/gerson-ayrton-lucas-erick-pulgar-de-la-cruz-pedro-luiz-araujo-varela-fabricio-bruno-leo-pereira-arrascaeta-matheus-cunha-everton-cebolinha-gabigol-allan-leo-ortiz-wesley-as-notas-dos-j\/#breadcrumb\",\"itemListElement\":[{\"@type\":\"ListItem\",\"position\":1,\"name\":\"Home\",\"item\":\"https:\/\/www.gaveanews.com\/\"},{\"@type\":\"ListItem\",\"position\":2,\"name\":\"Gerson, Ayrton Lucas, Erick Pulgar, De la Cruz, Pedro, Luiz Ara\u00fajo, Varela, Fabr\u00edcio Bruno, L\u00e9o Pereira, Arrascaeta, Matheus Cunha, Everton Cebolinha, Gabigol, Allan, L\u00e9o Ortiz, Wesley: as notas dos jogadores do Flamengo\"}]},{\"@type\":\"WebSite\",\"@id\":\"https:\/\/www.gaveanews.com\/#website\",\"url\":\"https:\/\/www.gaveanews.com\/\",\"name\":\"G\u00e1vea News\",\"description\":\"Veja todas as not\u00edcias sobre o Flamengo: Contrata\u00e7\u00f5es, categorias de base, resultados das partidas, tabela de classifica\u00e7\u00e3o, pr\u00f3ximos jogos!\",\"potentialAction\":[{\"@type\":\"SearchAction\",\"target\":{\"@type\":\"EntryPoint\",\"urlTemplate\":\"https:\/\/www.gaveanews.com\/?s={search_term_string}\"},\"query-input\":{\"@type\":\"PropertyValueSpecification\",\"valueRequired\":true,\"valueName\":\"search_term_string\"}}],\"inLanguage\":\"pt-BR\"},{\"@type\":\"Person\",\"@id\":\"https:\/\/www.gaveanews.com\/#\/schema\/person\/2ec14f73fb96be2caf28f91afb14749d\",\"name\":\"Equipe G\u00e1vea News\",\"image\":{\"@type\":\"ImageObject\",\"inLanguage\":\"pt-BR\",\"@id\":\"https:\/\/www.gaveanews.com\/#\/schema\/person\/image\/\",\"url\":\"https:\/\/secure.gravatar.com\/avatar\/1e1956f1facbffd3f8fa53a326721950116b3b9dc9bd44939c01180fd4a745a9?s=96&d=mm&r=g\",\"contentUrl\":\"https:\/\/secure.gravatar.com\/avatar\/1e1956f1facbffd3f8fa53a326721950116b3b9dc9bd44939c01180fd4a745a9?s=96&d=mm&r=g\",\"caption\":\"Equipe G\u00e1vea News\"}}]}<\/script>\n<!-- \/ Yoast SEO Premium plugin. -->","yoast_head_json":{"title":"Gerson, Ayrton Lucas, Erick Pulgar, De la Cruz, Pedro, Luiz Ara\u00fajo, Varela, Fabr\u00edcio Bruno, L\u00e9o Pereira, Arrascaeta, Matheus Cunha, Everton Cebolinha, Gabigol, Allan, L\u00e9o Ortiz, Wesley: as notas dos jogadores do Flamengo","robots":{"index":"index","follow":"follow","max-snippet":"max-snippet:-1","max-image-preview":"max-image-preview:large","max-video-preview":"max-video-preview:-1"},"canonical":"https:\/\/www.gaveanews.com\/index.php\/2024\/07\/31\/gerson-ayrton-lucas-erick-pulgar-de-la-cruz-pedro-luiz-araujo-varela-fabricio-bruno-leo-pereira-arrascaeta-matheus-cunha-everton-cebolinha-gabigol-allan-leo-ortiz-wesley-as-notas-dos-j\/","og_locale":"pt_BR","og_type":"article","og_title":"Gerson, Ayrton Lucas, Erick Pulgar, De la Cruz, Pedro, Luiz Ara\u00fajo, Varela, Fabr\u00edcio Bruno, L\u00e9o Pereira, Arrascaeta, Matheus Cunha, Everton Cebolinha, Gabigol, Allan, L\u00e9o Ortiz, Wesley: as notas dos jogadores do Flamengo","og_description":"Com uma atua\u00e7\u00e3o dominante do in\u00edcio ao fim, o Flamengo venceu o Palmeiras por 2 a 0 na noite de quarta-feira (31), em partida v\u00e1lida pelo primeiro jogo das oitavas de final da Copa do Brasil, no Maracan\u00e3. Os gols foram marcados por Pedro e Luiz Ara\u00fajo. Com este resultado, o Rubro-Negro pode at\u00e9 perder [&hellip;]","og_url":"https:\/\/www.gaveanews.com\/index.php\/2024\/07\/31\/gerson-ayrton-lucas-erick-pulgar-de-la-cruz-pedro-luiz-araujo-varela-fabricio-bruno-leo-pereira-arrascaeta-matheus-cunha-everton-cebolinha-gabigol-allan-leo-ortiz-wesley-as-notas-dos-j\/","og_site_name":"G\u00e1vea News","article_publisher":"https:\/\/facebook.com\/gaveaNews\/","article_published_time":"2024-08-01T01:35:35+00:00","article_modified_time":"2024-08-01T01:35:49+00:00","og_image":[{"width":1500,"height":1450,"url":"https:\/\/www.gaveanews.com\/wp-content\/uploads\/Roni-durante-o-jogo-entre-Flamengo-x-Palmeiras-pela-Copa-do-Brasil-2024-no-Maracana.webp","type":"image\/jpeg"}],"author":"Equipe G\u00e1vea News","twitter_card":"summary_large_image","twitter_misc":{"Escrito por":"Equipe G\u00e1vea News","Est. tempo de leitura":"4 minutos"},"schema":{"@context":"https:\/\/schema.org","@graph":[{"@type":"NewsArticle","@id":"https:\/\/www.gaveanews.com\/index.php\/2024\/07\/31\/gerson-ayrton-lucas-erick-pulgar-de-la-cruz-pedro-luiz-araujo-varela-fabricio-bruno-leo-pereira-arrascaeta-matheus-cunha-everton-cebolinha-gabigol-allan-leo-ortiz-wesley-as-notas-dos-j\/#article","isPartOf":{"@id":"https:\/\/www.gaveanews.com\/index.php\/2024\/07\/31\/gerson-ayrton-lucas-erick-pulgar-de-la-cruz-pedro-luiz-araujo-varela-fabricio-bruno-leo-pereira-arrascaeta-matheus-cunha-everton-cebolinha-gabigol-allan-leo-ortiz-wesley-as-notas-dos-j\/"},"author":{"name":"Equipe G\u00e1vea News","@id":"https:\/\/www.gaveanews.com\/#\/schema\/person\/2ec14f73fb96be2caf28f91afb14749d"},"headline":"Gerson, Ayrton Lucas, Erick Pulgar, De la Cruz, Pedro, Luiz Ara\u00fajo, Varela, Fabr\u00edcio Bruno, L\u00e9o Pereira, Arrascaeta, Matheus Cunha, Everton Cebolinha, Gabigol, Allan, L\u00e9o Ortiz, Wesley: as notas dos jogadores do Flamengo","datePublished":"2024-08-01T01:35:35+00:00","dateModified":"2024-08-01T01:35:49+00:00","mainEntityOfPage":{"@id":"https:\/\/www.gaveanews.com\/index.php\/2024\/07\/31\/gerson-ayrton-lucas-erick-pulgar-de-la-cruz-pedro-luiz-araujo-varela-fabricio-bruno-leo-pereira-arrascaeta-matheus-cunha-everton-cebolinha-gabigol-allan-leo-ortiz-wesley-as-notas-dos-j\/"},"wordCount":723,"commentCount":0,"image":{"@id":"https:\/\/www.gaveanews.com\/index.php\/2024\/07\/31\/gerson-ayrton-lucas-erick-pulgar-de-la-cruz-pedro-luiz-araujo-varela-fabricio-bruno-leo-pereira-arrascaeta-matheus-cunha-everton-cebolinha-gabigol-allan-leo-ortiz-wesley-as-notas-dos-j\/#primaryimage"},"thumbnailUrl":"https:\/\/www.gaveanews.com\/wp-content\/uploads\/Roni-durante-o-jogo-entre-Flamengo-x-Palmeiras-pela-Copa-do-Brasil-2024-no-Maracana.webp","articleSection":["Flamengo"],"inLanguage":"pt-BR","potentialAction":[{"@type":"CommentAction","name":"Comment","target":["https:\/\/www.gaveanews.com\/index.php\/2024\/07\/31\/gerson-ayrton-lucas-erick-pulgar-de-la-cruz-pedro-luiz-araujo-varela-fabricio-bruno-leo-pereira-arrascaeta-matheus-cunha-everton-cebolinha-gabigol-allan-leo-ortiz-wesley-as-notas-dos-j\/#respond"]}],"copyrightYear":"2024","copyrightHolder":{"@id":"https:\/\/www.gaveanews.com\/#organization"}},{"@type":"WebPage","@id":"https:\/\/www.gaveanews.com\/index.php\/2024\/07\/31\/gerson-ayrton-lucas-erick-pulgar-de-la-cruz-pedro-luiz-araujo-varela-fabricio-bruno-leo-pereira-arrascaeta-matheus-cunha-everton-cebolinha-gabigol-allan-leo-ortiz-wesley-as-notas-dos-j\/","url":"https:\/\/www.gaveanews.com\/index.php\/2024\/07\/31\/gerson-ayrton-lucas-erick-pulgar-de-la-cruz-pedro-luiz-araujo-varela-fabricio-bruno-leo-pereira-arrascaeta-matheus-cunha-everton-cebolinha-gabigol-allan-leo-ortiz-wesley-as-notas-dos-j\/","name":"Gerson, Ayrton Lucas, Erick Pulgar, De la Cruz, Pedro, Luiz Ara\u00fajo, Varela, Fabr\u00edcio Bruno, L\u00e9o Pereira, Arrascaeta, Matheus Cunha, Everton Cebolinha, Gabigol, Allan, L\u00e9o Ortiz, Wesley: as notas dos jogadores do Flamengo","isPartOf":{"@id":"https:\/\/www.gaveanews.com\/#website"},"primaryImageOfPage":{"@id":"https:\/\/www.gaveanews.com\/index.php\/2024\/07\/31\/gerson-ayrton-lucas-erick-pulgar-de-la-cruz-pedro-luiz-araujo-varela-fabricio-bruno-leo-pereira-arrascaeta-matheus-cunha-everton-cebolinha-gabigol-allan-leo-ortiz-wesley-as-notas-dos-j\/#primaryimage"},"image":{"@id":"https:\/\/www.gaveanews.com\/index.php\/2024\/07\/31\/gerson-ayrton-lucas-erick-pulgar-de-la-cruz-pedro-luiz-araujo-varela-fabricio-bruno-leo-pereira-arrascaeta-matheus-cunha-everton-cebolinha-gabigol-allan-leo-ortiz-wesley-as-notas-dos-j\/#primaryimage"},"thumbnailUrl":"https:\/\/www.gaveanews.com\/wp-content\/uploads\/Roni-durante-o-jogo-entre-Flamengo-x-Palmeiras-pela-Copa-do-Brasil-2024-no-Maracana.webp","datePublished":"2024-08-01T01:35:35+00:00","dateModified":"2024-08-01T01:35:49+00:00","author":{"@id":"https:\/\/www.gaveanews.com\/#\/schema\/person\/2ec14f73fb96be2caf28f91afb14749d"},"breadcrumb":{"@id":"https:\/\/www.gaveanews.com\/index.php\/2024\/07\/31\/gerson-ayrton-lucas-erick-pulgar-de-la-cruz-pedro-luiz-araujo-varela-fabricio-bruno-leo-pereira-arrascaeta-matheus-cunha-everton-cebolinha-gabigol-allan-leo-ortiz-wesley-as-notas-dos-j\/#breadcrumb"},"inLanguage":"pt-BR","potentialAction":[{"@type":"ReadAction","target":["https:\/\/www.gaveanews.com\/index.php\/2024\/07\/31\/gerson-ayrton-lucas-erick-pulgar-de-la-cruz-pedro-luiz-araujo-varela-fabricio-bruno-leo-pereira-arrascaeta-matheus-cunha-everton-cebolinha-gabigol-allan-leo-ortiz-wesley-as-notas-dos-j\/"]}]},{"@type":"ImageObject","inLanguage":"pt-BR","@id":"https:\/\/www.gaveanews.com\/index.php\/2024\/07\/31\/gerson-ayrton-lucas-erick-pulgar-de-la-cruz-pedro-luiz-araujo-varela-fabricio-bruno-leo-pereira-arrascaeta-matheus-cunha-everton-cebolinha-gabigol-allan-leo-ortiz-wesley-as-notas-dos-j\/#primaryimage","url":"https:\/\/www.gaveanews.com\/wp-content\/uploads\/Roni-durante-o-jogo-entre-Flamengo-x-Palmeiras-pela-Copa-do-Brasil-2024-no-Maracana.webp","contentUrl":"https:\/\/www.gaveanews.com\/wp-content\/uploads\/Roni-durante-o-jogo-entre-Flamengo-x-Palmeiras-pela-Copa-do-Brasil-2024-no-Maracana.webp","width":1500,"height":1450,"caption":"Roni durante o jogo entre Flamengo x Palmeiras pela Copa do Brasil 2024 no Maracan\u00e3 (Foto: Cesar Greco\/Palmeiras)"},{"@type":"BreadcrumbList","@id":"https:\/\/www.gaveanews.com\/index.php\/2024\/07\/31\/gerson-ayrton-lucas-erick-pulgar-de-la-cruz-pedro-luiz-araujo-varela-fabricio-bruno-leo-pereira-arrascaeta-matheus-cunha-everton-cebolinha-gabigol-allan-leo-ortiz-wesley-as-notas-dos-j\/#breadcrumb","itemListElement":[{"@type":"ListItem","position":1,"name":"Home","item":"https:\/\/www.gaveanews.com\/"},{"@type":"ListItem","position":2,"name":"Gerson, Ayrton Lucas, Erick Pulgar, De la Cruz, Pedro, Luiz Ara\u00fajo, Varela, Fabr\u00edcio Bruno, L\u00e9o Pereira, Arrascaeta, Matheus Cunha, Everton Cebolinha, Gabigol, Allan, L\u00e9o Ortiz, Wesley: as notas dos jogadores do Flamengo"}]},{"@type":"WebSite","@id":"https:\/\/www.gaveanews.com\/#website","url":"https:\/\/www.gaveanews.com\/","name":"G\u00e1vea News","description":"Veja todas as not\u00edcias sobre o Flamengo: Contrata\u00e7\u00f5es, categorias de base, resultados das partidas, tabela de classifica\u00e7\u00e3o, pr\u00f3ximos jogos!","potentialAction":[{"@type":"SearchAction","target":{"@type":"EntryPoint","urlTemplate":"https:\/\/www.gaveanews.com\/?s={search_term_string}"},"query-input":{"@type":"PropertyValueSpecification","valueRequired":true,"valueName":"search_term_string"}}],"inLanguage":"pt-BR"},{"@type":"Person","@id":"https:\/\/www.gaveanews.com\/#\/schema\/person\/2ec14f73fb96be2caf28f91afb14749d","name":"Equipe G\u00e1vea News","image":{"@type":"ImageObject","inLanguage":"pt-BR","@id":"https:\/\/www.gaveanews.com\/#\/schema\/person\/image\/","url":"https:\/\/secure.gravatar.com\/avatar\/1e1956f1facbffd3f8fa53a326721950116b3b9dc9bd44939c01180fd4a745a9?s=96&d=mm&r=g","contentUrl":"https:\/\/secure.gravatar.com\/avatar\/1e1956f1facbffd3f8fa53a326721950116b3b9dc9bd44939c01180fd4a745a9?s=96&d=mm&r=g","caption":"Equipe G\u00e1vea News"}}]}},"_links":{"self":[{"href":"https:\/\/www.gaveanews.com\/index.php\/wp-json\/wp\/v2\/posts\/155813","targetHints":{"allow":["GET"]}}],"collection":[{"href":"https:\/\/www.gaveanews.com\/index.php\/wp-json\/wp\/v2\/posts"}],"about":[{"href":"https:\/\/www.gaveanews.com\/index.php\/wp-json\/wp\/v2\/types\/post"}],"author":[{"embeddable":true,"href":"https:\/\/www.gaveanews.com\/index.php\/wp-json\/wp\/v2\/users\/1"}],"replies":[{"embeddable":true,"href":"https:\/\/www.gaveanews.com\/index.php\/wp-json\/wp\/v2\/comments?post=155813"}],"version-history":[{"count":1,"href":"https:\/\/www.gaveanews.com\/index.php\/wp-json\/wp\/v2\/posts\/155813\/revisions"}],"predecessor-version":[{"id":155820,"href":"https:\/\/www.gaveanews.com\/index.php\/wp-json\/wp\/v2\/posts\/155813\/revisions\/155820"}],"wp:featuredmedia":[{"embeddable":true,"href":"https:\/\/www.gaveanews.com\/index.php\/wp-json\/wp\/v2\/media\/155781"}],"wp:attachment":[{"href":"https:\/\/www.gaveanews.com\/index.php\/wp-json\/wp\/v2\/media?parent=155813"}],"wp:term":[{"taxonomy":"category","embeddable":true,"href":"https:\/\/www.gaveanews.com\/index.php\/wp-json\/wp\/v2\/categories?post=155813"},{"taxonomy":"post_tag","embeddable":true,"href":"https:\/\/www.gaveanews.com\/index.php\/wp-json\/wp\/v2\/tags?post=155813"}],"curies":[{"name":"wp","href":"https:\/\/api.w.org\/{rel}","templated":true}]}}