{"id":155863,"date":"2024-08-01T09:15:07","date_gmt":"2024-08-01T12:15:07","guid":{"rendered":"https:\/\/www.gaveanews.com\/?p=155863"},"modified":"2024-08-01T09:15:09","modified_gmt":"2024-08-01T12:15:09","slug":"essa-infelicidade-impediu-bandeira-de-mello-de-assistir-flamengo-x-palmeiras","status":"publish","type":"post","link":"https:\/\/www.gaveanews.com\/index.php\/2024\/08\/01\/essa-infelicidade-impediu-bandeira-de-mello-de-assistir-flamengo-x-palmeiras\/","title":{"rendered":"Essa infelicidade impediu Bandeira de Mello de assistir Flamengo x Palmeiras"},"content":{"rendered":"\n<h2 class=\"wp-block-heading\" id=\"h-bandeira-foi-assaltado-antes-do-jogo\">Bandeira foi assaltado antes do jogo<\/h2>\n\n\n\n<p>Por pouco, o ex-presidente do Flamengo, Eduardo Bandeira de Mello, n\u00e3o estava entre os mais de 64 mil torcedores que assistiram \u00e0 vit\u00f3ria do Flamengo sobre o Palmeiras na Copa do Brasil nesta quarta-feira (31).<\/p>\n\n\n\n<ul class=\"wp-block-list\">\n<li><a href=\"https:\/\/www.gaveanews.com\/index.php\/2024\/07\/31\/video-dirigente-do-flamengo-aponta-quando-o-estadio-vai-ser-inaugurado\/\">V\u00eddeo: dirigente do Flamengo aponta quando o est\u00e1dio vai ser inaugurado<\/a><\/li>\n\n\n\n<li><a href=\"https:\/\/www.gaveanews.com\/index.php\/2024\/08\/01\/tite-fez-pedido-atipico-para-marcos-braz-no-flamengo\/\">Tite fez pedido at\u00edpico para Marcos Braz, no Flamengo<br><\/a><\/li>\n<\/ul>\n\n\n\n<p>Ap\u00f3s ser assaltado pr\u00f3ximo ao Est\u00e1dio do Maracan\u00e3, na Zona Norte do Rio, o deputado federal Eduardo Bandeira de Mello afirma estar bem. Minutos antes do jogo do Flamengo contra o Palmeiras, o epis\u00f3dio ocorreu.<\/p>\n\n\n\n<p>Embora estivesse presente na partida de ida das oitavas de final da Copa do Brasil, o ex-presidente do time rubro-negro optou por n\u00e3o registrar o caso na delegacia mais pr\u00f3xima. O celular do pol\u00edtico foi levado pelos criminosos.<\/p>\n\n\n\n<figure class=\"wp-block-image size-large\"><img loading=\"lazy\" decoding=\"async\" width=\"1024\" height=\"615\" src=\"https:\/\/www.gaveanews.com\/wp-content\/uploads\/Bandeira-de-Mello-durante-coletiva-no-Flamengo-1024x615.webp\" alt=\"\" class=\"wp-image-47436\" srcset=\"https:\/\/www.gaveanews.com\/wp-content\/uploads\/Bandeira-de-Mello-durante-coletiva-no-Flamengo-1024x615.webp 1024w, https:\/\/www.gaveanews.com\/wp-content\/uploads\/Bandeira-de-Mello-durante-coletiva-no-Flamengo-300x180.webp 300w, https:\/\/www.gaveanews.com\/wp-content\/uploads\/Bandeira-de-Mello-durante-coletiva-no-Flamengo-768x461.webp 768w, https:\/\/www.gaveanews.com\/wp-content\/uploads\/Bandeira-de-Mello-durante-coletiva-no-Flamengo-700x420.webp 700w, https:\/\/www.gaveanews.com\/wp-content\/uploads\/Bandeira-de-Mello-durante-coletiva-no-Flamengo-640x384.webp 640w, https:\/\/www.gaveanews.com\/wp-content\/uploads\/Bandeira-de-Mello-durante-coletiva-no-Flamengo-681x409.webp 681w, https:\/\/www.gaveanews.com\/wp-content\/uploads\/Bandeira-de-Mello-durante-coletiva-no-Flamengo-100x60.webp 100w, https:\/\/www.gaveanews.com\/wp-content\/uploads\/Bandeira-de-Mello-durante-coletiva-no-Flamengo.webp 1086w\" sizes=\"auto, (max-width: 1024px) 100vw, 1024px\" \/><figcaption class=\"wp-element-caption\">Bandeira de Mello durante coletiva no Flamengo (Foto: Divulga\u00e7\u00e3o)<\/figcaption><\/figure>\n\n\n\n<p>Eduardo Bandeira de Mello divulgou em redes sociais que estar\u00e1 no Maracan\u00e3 no dia 11 de agosto para jogar contra o Palmeiras pelo Campeonato Brasileiro.<\/p>\n\n\n\n<p>A \u00e1rea do batalh\u00e3o que tamb\u00e9m patrulha o entorno do Maracan\u00e3 teve 146 roubos de celulares em junho de 2024, segundo dados do Instituto de Seguran\u00e7a P\u00fablica. O n\u00famero aumentou 57% em compara\u00e7\u00e3o com o mesmo per\u00edodo do ano anterior. A diferen\u00e7a \u00e9 de setenta por cento no total do ano.<\/p>\n\n\n\n<h2 class=\"wp-block-heading\" id=\"h-quando-o-flamengo-volta-em-campo\">Quando o Flamengo volta em campo?<\/h2>\n\n\n\n<p>O Flamengo pode perder por um gol de diferen\u00e7a na pr\u00f3xima quarta-feira (07), no Allianz Parque, para avan\u00e7ar \u00e0s quartas de final da Copa do Brasil. Antes disso, no Morumbis, o Meng\u00e3o enfrenta o S\u00e3o Paulo na 21a rodada do Brasileir\u00e3o. A partida come\u00e7a \u00e0s 21h30, hor\u00e1rio de Bras\u00edlia.<\/p>\n","protected":false},"excerpt":{"rendered":"<p>Essa infelicidade impediu Bandeira de Mello de assistir Flamengo x Palmeiras<\/p>\n","protected":false},"author":16,"featured_media":33755,"comment_status":"open","ping_status":"closed","sticky":false,"template":"","format":"standard","meta":{"footnotes":""},"categories":[1],"tags":[],"class_list":["post-155863","post","type-post","status-publish","format-standard","has-post-thumbnail","hentry","category-flamengo"],"yoast_head":"<!-- This site is optimized with the Yoast SEO Premium plugin v24.2 (Yoast SEO v26.9) - https:\/\/yoast.com\/product\/yoast-seo-premium-wordpress\/ -->\n<title>Essa infelicidade impediu Bandeira de Mello de assistir Flamengo x Palmeiras<\/title>\n<meta name=\"robots\" content=\"index, follow, max-snippet:-1, max-image-preview:large, max-video-preview:-1\" \/>\n<link rel=\"canonical\" href=\"https:\/\/www.gaveanews.com\/index.php\/2024\/08\/01\/essa-infelicidade-impediu-bandeira-de-mello-de-assistir-flamengo-x-palmeiras\/\" \/>\n<meta property=\"og:locale\" content=\"pt_BR\" \/>\n<meta property=\"og:type\" content=\"article\" \/>\n<meta property=\"og:title\" content=\"Essa infelicidade impediu Bandeira de Mello de assistir Flamengo x Palmeiras\" \/>\n<meta property=\"og:description\" content=\"Essa infelicidade impediu Bandeira de Mello de assistir Flamengo x Palmeiras\" \/>\n<meta property=\"og:url\" content=\"https:\/\/www.gaveanews.com\/index.php\/2024\/08\/01\/essa-infelicidade-impediu-bandeira-de-mello-de-assistir-flamengo-x-palmeiras\/\" \/>\n<meta property=\"og:site_name\" content=\"G\u00e1vea News\" \/>\n<meta property=\"article:publisher\" content=\"https:\/\/facebook.com\/gaveaNews\/\" \/>\n<meta property=\"article:published_time\" content=\"2024-08-01T12:15:07+00:00\" \/>\n<meta property=\"article:modified_time\" content=\"2024-08-01T12:15:09+00:00\" \/>\n<meta property=\"og:image\" content=\"https:\/\/www.gaveanews.com\/wp-content\/uploads\/bandeira.webp\" \/>\n\t<meta property=\"og:image:width\" content=\"1500\" \/>\n\t<meta property=\"og:image:height\" content=\"996\" \/>\n\t<meta property=\"og:image:type\" content=\"image\/jpeg\" \/>\n<meta name=\"author\" content=\"D\u00e9bora Figueiredo\" \/>\n<meta name=\"twitter:card\" content=\"summary_large_image\" \/>\n<meta name=\"twitter:label1\" content=\"Escrito por\" \/>\n\t<meta name=\"twitter:data1\" content=\"D\u00e9bora Figueiredo\" \/>\n\t<meta name=\"twitter:label2\" content=\"Est. tempo de leitura\" \/>\n\t<meta name=\"twitter:data2\" content=\"2 minutos\" \/>\n<script type=\"application\/ld+json\" class=\"yoast-schema-graph\">{\"@context\":\"https:\/\/schema.org\",\"@graph\":[{\"@type\":\"NewsArticle\",\"@id\":\"https:\/\/www.gaveanews.com\/index.php\/2024\/08\/01\/essa-infelicidade-impediu-bandeira-de-mello-de-assistir-flamengo-x-palmeiras\/#article\",\"isPartOf\":{\"@id\":\"https:\/\/www.gaveanews.com\/index.php\/2024\/08\/01\/essa-infelicidade-impediu-bandeira-de-mello-de-assistir-flamengo-x-palmeiras\/\"},\"author\":{\"name\":\"D\u00e9bora Figueiredo\",\"@id\":\"https:\/\/www.gaveanews.com\/#\/schema\/person\/37122681a8575a5c8db05a56f099a5e4\"},\"headline\":\"Essa infelicidade impediu Bandeira de Mello de assistir Flamengo x Palmeiras\",\"datePublished\":\"2024-08-01T12:15:07+00:00\",\"dateModified\":\"2024-08-01T12:15:09+00:00\",\"mainEntityOfPage\":{\"@id\":\"https:\/\/www.gaveanews.com\/index.php\/2024\/08\/01\/essa-infelicidade-impediu-bandeira-de-mello-de-assistir-flamengo-x-palmeiras\/\"},\"wordCount\":306,\"commentCount\":0,\"image\":{\"@id\":\"https:\/\/www.gaveanews.com\/index.php\/2024\/08\/01\/essa-infelicidade-impediu-bandeira-de-mello-de-assistir-flamengo-x-palmeiras\/#primaryimage\"},\"thumbnailUrl\":\"https:\/\/www.gaveanews.com\/wp-content\/uploads\/bandeira.webp\",\"articleSection\":[\"Flamengo\"],\"inLanguage\":\"pt-BR\",\"potentialAction\":[{\"@type\":\"CommentAction\",\"name\":\"Comment\",\"target\":[\"https:\/\/www.gaveanews.com\/index.php\/2024\/08\/01\/essa-infelicidade-impediu-bandeira-de-mello-de-assistir-flamengo-x-palmeiras\/#respond\"]}],\"copyrightYear\":\"2024\",\"copyrightHolder\":{\"@id\":\"https:\/\/www.gaveanews.com\/#organization\"}},{\"@type\":\"WebPage\",\"@id\":\"https:\/\/www.gaveanews.com\/index.php\/2024\/08\/01\/essa-infelicidade-impediu-bandeira-de-mello-de-assistir-flamengo-x-palmeiras\/\",\"url\":\"https:\/\/www.gaveanews.com\/index.php\/2024\/08\/01\/essa-infelicidade-impediu-bandeira-de-mello-de-assistir-flamengo-x-palmeiras\/\",\"name\":\"Essa infelicidade impediu Bandeira de Mello de assistir Flamengo x Palmeiras\",\"isPartOf\":{\"@id\":\"https:\/\/www.gaveanews.com\/#website\"},\"primaryImageOfPage\":{\"@id\":\"https:\/\/www.gaveanews.com\/index.php\/2024\/08\/01\/essa-infelicidade-impediu-bandeira-de-mello-de-assistir-flamengo-x-palmeiras\/#primaryimage\"},\"image\":{\"@id\":\"https:\/\/www.gaveanews.com\/index.php\/2024\/08\/01\/essa-infelicidade-impediu-bandeira-de-mello-de-assistir-flamengo-x-palmeiras\/#primaryimage\"},\"thumbnailUrl\":\"https:\/\/www.gaveanews.com\/wp-content\/uploads\/bandeira.webp\",\"datePublished\":\"2024-08-01T12:15:07+00:00\",\"dateModified\":\"2024-08-01T12:15:09+00:00\",\"author\":{\"@id\":\"https:\/\/www.gaveanews.com\/#\/schema\/person\/37122681a8575a5c8db05a56f099a5e4\"},\"breadcrumb\":{\"@id\":\"https:\/\/www.gaveanews.com\/index.php\/2024\/08\/01\/essa-infelicidade-impediu-bandeira-de-mello-de-assistir-flamengo-x-palmeiras\/#breadcrumb\"},\"inLanguage\":\"pt-BR\",\"potentialAction\":[{\"@type\":\"ReadAction\",\"target\":[\"https:\/\/www.gaveanews.com\/index.php\/2024\/08\/01\/essa-infelicidade-impediu-bandeira-de-mello-de-assistir-flamengo-x-palmeiras\/\"]}]},{\"@type\":\"ImageObject\",\"inLanguage\":\"pt-BR\",\"@id\":\"https:\/\/www.gaveanews.com\/index.php\/2024\/08\/01\/essa-infelicidade-impediu-bandeira-de-mello-de-assistir-flamengo-x-palmeiras\/#primaryimage\",\"url\":\"https:\/\/www.gaveanews.com\/wp-content\/uploads\/bandeira.webp\",\"contentUrl\":\"https:\/\/www.gaveanews.com\/wp-content\/uploads\/bandeira.webp\",\"width\":1500,\"height\":996},{\"@type\":\"BreadcrumbList\",\"@id\":\"https:\/\/www.gaveanews.com\/index.php\/2024\/08\/01\/essa-infelicidade-impediu-bandeira-de-mello-de-assistir-flamengo-x-palmeiras\/#breadcrumb\",\"itemListElement\":[{\"@type\":\"ListItem\",\"position\":1,\"name\":\"Home\",\"item\":\"https:\/\/www.gaveanews.com\/\"},{\"@type\":\"ListItem\",\"position\":2,\"name\":\"Essa infelicidade impediu Bandeira de Mello de assistir Flamengo x Palmeiras\"}]},{\"@type\":\"WebSite\",\"@id\":\"https:\/\/www.gaveanews.com\/#website\",\"url\":\"https:\/\/www.gaveanews.com\/\",\"name\":\"G\u00e1vea News\",\"description\":\"Veja todas as not\u00edcias sobre o Flamengo: Contrata\u00e7\u00f5es, categorias de base, resultados das partidas, tabela de classifica\u00e7\u00e3o, pr\u00f3ximos jogos!\",\"potentialAction\":[{\"@type\":\"SearchAction\",\"target\":{\"@type\":\"EntryPoint\",\"urlTemplate\":\"https:\/\/www.gaveanews.com\/?s={search_term_string}\"},\"query-input\":{\"@type\":\"PropertyValueSpecification\",\"valueRequired\":true,\"valueName\":\"search_term_string\"}}],\"inLanguage\":\"pt-BR\"},{\"@type\":\"Person\",\"@id\":\"https:\/\/www.gaveanews.com\/#\/schema\/person\/37122681a8575a5c8db05a56f099a5e4\",\"name\":\"D\u00e9bora Figueiredo\",\"image\":{\"@type\":\"ImageObject\",\"inLanguage\":\"pt-BR\",\"@id\":\"https:\/\/www.gaveanews.com\/#\/schema\/person\/image\/\",\"url\":\"https:\/\/secure.gravatar.com\/avatar\/1f44802859351588499d26f52aed1d15796ce17e67602895b72837c08018868d?s=96&d=mm&r=g\",\"contentUrl\":\"https:\/\/secure.gravatar.com\/avatar\/1f44802859351588499d26f52aed1d15796ce17e67602895b72837c08018868d?s=96&d=mm&r=g\",\"caption\":\"D\u00e9bora Figueiredo\"}}]}<\/script>\n<!-- \/ Yoast SEO Premium plugin. -->","yoast_head_json":{"title":"Essa infelicidade impediu Bandeira de Mello de assistir Flamengo x Palmeiras","robots":{"index":"index","follow":"follow","max-snippet":"max-snippet:-1","max-image-preview":"max-image-preview:large","max-video-preview":"max-video-preview:-1"},"canonical":"https:\/\/www.gaveanews.com\/index.php\/2024\/08\/01\/essa-infelicidade-impediu-bandeira-de-mello-de-assistir-flamengo-x-palmeiras\/","og_locale":"pt_BR","og_type":"article","og_title":"Essa infelicidade impediu Bandeira de Mello de assistir Flamengo x Palmeiras","og_description":"Essa infelicidade impediu Bandeira de Mello de assistir Flamengo x Palmeiras","og_url":"https:\/\/www.gaveanews.com\/index.php\/2024\/08\/01\/essa-infelicidade-impediu-bandeira-de-mello-de-assistir-flamengo-x-palmeiras\/","og_site_name":"G\u00e1vea News","article_publisher":"https:\/\/facebook.com\/gaveaNews\/","article_published_time":"2024-08-01T12:15:07+00:00","article_modified_time":"2024-08-01T12:15:09+00:00","og_image":[{"width":1500,"height":996,"url":"https:\/\/www.gaveanews.com\/wp-content\/uploads\/bandeira.webp","type":"image\/jpeg"}],"author":"D\u00e9bora Figueiredo","twitter_card":"summary_large_image","twitter_misc":{"Escrito por":"D\u00e9bora Figueiredo","Est. tempo de leitura":"2 minutos"},"schema":{"@context":"https:\/\/schema.org","@graph":[{"@type":"NewsArticle","@id":"https:\/\/www.gaveanews.com\/index.php\/2024\/08\/01\/essa-infelicidade-impediu-bandeira-de-mello-de-assistir-flamengo-x-palmeiras\/#article","isPartOf":{"@id":"https:\/\/www.gaveanews.com\/index.php\/2024\/08\/01\/essa-infelicidade-impediu-bandeira-de-mello-de-assistir-flamengo-x-palmeiras\/"},"author":{"name":"D\u00e9bora Figueiredo","@id":"https:\/\/www.gaveanews.com\/#\/schema\/person\/37122681a8575a5c8db05a56f099a5e4"},"headline":"Essa infelicidade impediu Bandeira de Mello de assistir Flamengo x Palmeiras","datePublished":"2024-08-01T12:15:07+00:00","dateModified":"2024-08-01T12:15:09+00:00","mainEntityOfPage":{"@id":"https:\/\/www.gaveanews.com\/index.php\/2024\/08\/01\/essa-infelicidade-impediu-bandeira-de-mello-de-assistir-flamengo-x-palmeiras\/"},"wordCount":306,"commentCount":0,"image":{"@id":"https:\/\/www.gaveanews.com\/index.php\/2024\/08\/01\/essa-infelicidade-impediu-bandeira-de-mello-de-assistir-flamengo-x-palmeiras\/#primaryimage"},"thumbnailUrl":"https:\/\/www.gaveanews.com\/wp-content\/uploads\/bandeira.webp","articleSection":["Flamengo"],"inLanguage":"pt-BR","potentialAction":[{"@type":"CommentAction","name":"Comment","target":["https:\/\/www.gaveanews.com\/index.php\/2024\/08\/01\/essa-infelicidade-impediu-bandeira-de-mello-de-assistir-flamengo-x-palmeiras\/#respond"]}],"copyrightYear":"2024","copyrightHolder":{"@id":"https:\/\/www.gaveanews.com\/#organization"}},{"@type":"WebPage","@id":"https:\/\/www.gaveanews.com\/index.php\/2024\/08\/01\/essa-infelicidade-impediu-bandeira-de-mello-de-assistir-flamengo-x-palmeiras\/","url":"https:\/\/www.gaveanews.com\/index.php\/2024\/08\/01\/essa-infelicidade-impediu-bandeira-de-mello-de-assistir-flamengo-x-palmeiras\/","name":"Essa infelicidade impediu Bandeira de Mello de assistir Flamengo x Palmeiras","isPartOf":{"@id":"https:\/\/www.gaveanews.com\/#website"},"primaryImageOfPage":{"@id":"https:\/\/www.gaveanews.com\/index.php\/2024\/08\/01\/essa-infelicidade-impediu-bandeira-de-mello-de-assistir-flamengo-x-palmeiras\/#primaryimage"},"image":{"@id":"https:\/\/www.gaveanews.com\/index.php\/2024\/08\/01\/essa-infelicidade-impediu-bandeira-de-mello-de-assistir-flamengo-x-palmeiras\/#primaryimage"},"thumbnailUrl":"https:\/\/www.gaveanews.com\/wp-content\/uploads\/bandeira.webp","datePublished":"2024-08-01T12:15:07+00:00","dateModified":"2024-08-01T12:15:09+00:00","author":{"@id":"https:\/\/www.gaveanews.com\/#\/schema\/person\/37122681a8575a5c8db05a56f099a5e4"},"breadcrumb":{"@id":"https:\/\/www.gaveanews.com\/index.php\/2024\/08\/01\/essa-infelicidade-impediu-bandeira-de-mello-de-assistir-flamengo-x-palmeiras\/#breadcrumb"},"inLanguage":"pt-BR","potentialAction":[{"@type":"ReadAction","target":["https:\/\/www.gaveanews.com\/index.php\/2024\/08\/01\/essa-infelicidade-impediu-bandeira-de-mello-de-assistir-flamengo-x-palmeiras\/"]}]},{"@type":"ImageObject","inLanguage":"pt-BR","@id":"https:\/\/www.gaveanews.com\/index.php\/2024\/08\/01\/essa-infelicidade-impediu-bandeira-de-mello-de-assistir-flamengo-x-palmeiras\/#primaryimage","url":"https:\/\/www.gaveanews.com\/wp-content\/uploads\/bandeira.webp","contentUrl":"https:\/\/www.gaveanews.com\/wp-content\/uploads\/bandeira.webp","width":1500,"height":996},{"@type":"BreadcrumbList","@id":"https:\/\/www.gaveanews.com\/index.php\/2024\/08\/01\/essa-infelicidade-impediu-bandeira-de-mello-de-assistir-flamengo-x-palmeiras\/#breadcrumb","itemListElement":[{"@type":"ListItem","position":1,"name":"Home","item":"https:\/\/www.gaveanews.com\/"},{"@type":"ListItem","position":2,"name":"Essa infelicidade impediu Bandeira de Mello de assistir Flamengo x Palmeiras"}]},{"@type":"WebSite","@id":"https:\/\/www.gaveanews.com\/#website","url":"https:\/\/www.gaveanews.com\/","name":"G\u00e1vea News","description":"Veja todas as not\u00edcias sobre o Flamengo: Contrata\u00e7\u00f5es, categorias de base, resultados das partidas, tabela de classifica\u00e7\u00e3o, pr\u00f3ximos jogos!","potentialAction":[{"@type":"SearchAction","target":{"@type":"EntryPoint","urlTemplate":"https:\/\/www.gaveanews.com\/?s={search_term_string}"},"query-input":{"@type":"PropertyValueSpecification","valueRequired":true,"valueName":"search_term_string"}}],"inLanguage":"pt-BR"},{"@type":"Person","@id":"https:\/\/www.gaveanews.com\/#\/schema\/person\/37122681a8575a5c8db05a56f099a5e4","name":"D\u00e9bora Figueiredo","image":{"@type":"ImageObject","inLanguage":"pt-BR","@id":"https:\/\/www.gaveanews.com\/#\/schema\/person\/image\/","url":"https:\/\/secure.gravatar.com\/avatar\/1f44802859351588499d26f52aed1d15796ce17e67602895b72837c08018868d?s=96&d=mm&r=g","contentUrl":"https:\/\/secure.gravatar.com\/avatar\/1f44802859351588499d26f52aed1d15796ce17e67602895b72837c08018868d?s=96&d=mm&r=g","caption":"D\u00e9bora Figueiredo"}}]}},"_links":{"self":[{"href":"https:\/\/www.gaveanews.com\/index.php\/wp-json\/wp\/v2\/posts\/155863","targetHints":{"allow":["GET"]}}],"collection":[{"href":"https:\/\/www.gaveanews.com\/index.php\/wp-json\/wp\/v2\/posts"}],"about":[{"href":"https:\/\/www.gaveanews.com\/index.php\/wp-json\/wp\/v2\/types\/post"}],"author":[{"embeddable":true,"href":"https:\/\/www.gaveanews.com\/index.php\/wp-json\/wp\/v2\/users\/16"}],"replies":[{"embeddable":true,"href":"https:\/\/www.gaveanews.com\/index.php\/wp-json\/wp\/v2\/comments?post=155863"}],"version-history":[{"count":1,"href":"https:\/\/www.gaveanews.com\/index.php\/wp-json\/wp\/v2\/posts\/155863\/revisions"}],"predecessor-version":[{"id":155864,"href":"https:\/\/www.gaveanews.com\/index.php\/wp-json\/wp\/v2\/posts\/155863\/revisions\/155864"}],"wp:featuredmedia":[{"embeddable":true,"href":"https:\/\/www.gaveanews.com\/index.php\/wp-json\/wp\/v2\/media\/33755"}],"wp:attachment":[{"href":"https:\/\/www.gaveanews.com\/index.php\/wp-json\/wp\/v2\/media?parent=155863"}],"wp:term":[{"taxonomy":"category","embeddable":true,"href":"https:\/\/www.gaveanews.com\/index.php\/wp-json\/wp\/v2\/categories?post=155863"},{"taxonomy":"post_tag","embeddable":true,"href":"https:\/\/www.gaveanews.com\/index.php\/wp-json\/wp\/v2\/tags?post=155863"}],"curies":[{"name":"wp","href":"https:\/\/api.w.org\/{rel}","templated":true}]}}