{"id":155894,"date":"2024-08-01T14:57:35","date_gmt":"2024-08-01T17:57:35","guid":{"rendered":"https:\/\/www.gaveanews.com\/?p=155894"},"modified":"2024-08-01T14:57:36","modified_gmt":"2024-08-01T17:57:36","slug":"a-declaracao-de-landim-sobre-o-nome-do-estadio-do-flamengo","status":"publish","type":"post","link":"https:\/\/www.gaveanews.com\/index.php\/2024\/08\/01\/a-declaracao-de-landim-sobre-o-nome-do-estadio-do-flamengo\/","title":{"rendered":"A declara\u00e7\u00e3o de Landim sobre o nome do est\u00e1dio do Flamengo"},"content":{"rendered":"\n<p>O Flamengo conseguiu vencer o leil\u00e3o do gas\u00f4metro, espa\u00e7o abandonado que estava em posse da Prefeitura do Rio de Janeiro e ali ser\u00e1 constru\u00eddo o est\u00e1dio do clube, sonho do torcedor de muitos anos. O Flamengo sempre mandou seus jogos dentro do Maracan\u00e3.<\/p>\n\n\n\n<p>Rodolfo Landim, Presidente do Flamengo respons\u00e1vel pelas negocia\u00e7\u00f5es que fez com que o gas\u00f4metro se tornasse da posse do rubro negro comentou sobre o futuro nome do est\u00e1dio do Flamengo. Hoje em dia, o nome do est\u00e1dio representa um grande aporte ao clube.<\/p>\n\n\n\n<ul class=\"wp-block-list\">\n<li><a href=\"https:\/\/www.gaveanews.com\/index.php\/2024\/08\/01\/essa-infelicidade-impediu-bandeira-de-mello-de-assistir-flamengo-x-palmeiras\/\">Essa infelicidade impediu Bandeira de Mello de assistir Flamengo x Palmeiras<\/a><\/li>\n\n\n\n<li><a href=\"https:\/\/www.gaveanews.com\/index.php\/2024\/08\/01\/reforco-e-contratado-diego-ribas-faz-revelacao-sobre-jorge-jesus-e-landim-fala-sobre-o-estadio-veja-as-ultimas-noticias-do-flamengo\/\">Refor\u00e7o \u00e9 contratado, Diego Ribas faz revela\u00e7\u00e3o sobre Jorge Jesus e Landim fala sobre o est\u00e1dio: veja as \u00faltimas not\u00edcias do Flamengo<\/a><\/li>\n<\/ul>\n\n\n\n<p>Antigamente, o est\u00e1dio era normalmente homenageado a um grande \u00eddolo do clube. O C\u00edcero Pompeo de Toledo, que hoje \u00e9 Morumbis devido a venda do Naming Rights para a empresa de chocolate.  Tem o Est\u00e1dio Paulo Machado de Carvalho, que virou Arena Pacaembu Mercado Livre. A Arena do Corinthians que sempre se chamou Neo Qu\u00edmica Arena, temos o Allianz Park, a Arena Casa de Apostas Fonte Nova entre outros.<\/p>\n\n\n\n<p>Landim disse que vai em busca de conseguir vender o naming rights para uma empresa que vai ajudar a equipe do Flamengo com o aporte para ajudar a construir o est\u00e1dio.<\/p>\n\n\n\n<p><em>&#8211; O nome oficial do est\u00e1dio vai ser um nome que a gente vai negociar provavelmente com alguma grande empresa, algum grande fundo ou algum grande interessado que possa aportar recursos para que possa nos ajudar a construir o est\u00e1dio<\/em><\/p>\n\n\n\n<h2 class=\"wp-block-heading\" id=\"h-qual-a-proxima-partida-do-flamengo\">Qual a pr\u00f3xima partida do Flamengo?<\/h2>\n\n\n\n<p>S\u00e3o Paulo\u00a0e\u00a0Flamengo\u00a0cumpriram, com louvor, a miss\u00e3o de abrir vantagem, jogando em casa, nas oitavas de final da Copa do Brasil. O Tricolor ganhou do Goi\u00e1s, enquanto o Rubro-Negro superou o Palmeiras &#8211; ambos por 2 a 0. Agora, a dupla se volta para um\u00a0confronto direto pelo\u00a0Campeonato Brasileiro.<\/p>\n\n\n\n<p>Neste s\u00e1bado (3), pela 21\u00aa rodada da S\u00e9rie A, paulistas e cariocas se enfrentam no Morumbis. O time do t\u00e9cnico Luis Zubeld\u00eda \u00e9 o atual\u00a06\u00ba colocado\u00a0com 32 pontos, enquanto os comandados de Tite recuperaram a\u00a0ponta da tabela, com 40 pontos.<\/p>\n\n\n\n<p>A partida entre S\u00e3o Paulo e Flamengo, s\u00e1bado (3), no Morumbis, pela 20\u00aa rodada do Brasileir\u00e3o, ter\u00e1 transmiss\u00e3o da Globo (TV aberta) e do Premiere (pay-per-view).<\/p>\n","protected":false},"excerpt":{"rendered":"<p>O Flamengo conseguiu vencer o leil\u00e3o do gas\u00f4metro, espa\u00e7o abandonado que estava em posse da Prefeitura do Rio de Janeiro e ali ser\u00e1 constru\u00eddo o est\u00e1dio do clube, sonho do torcedor de muitos anos. O Flamengo sempre mandou seus jogos dentro do Maracan\u00e3. Rodolfo Landim, Presidente do Flamengo respons\u00e1vel pelas negocia\u00e7\u00f5es que fez com que [&hellip;]<\/p>\n","protected":false},"author":19,"featured_media":118011,"comment_status":"open","ping_status":"closed","sticky":false,"template":"","format":"standard","meta":{"footnotes":""},"categories":[1],"tags":[],"class_list":["post-155894","post","type-post","status-publish","format-standard","has-post-thumbnail","hentry","category-flamengo"],"yoast_head":"<!-- This site is optimized with the Yoast SEO Premium plugin v24.2 (Yoast SEO v26.9) - https:\/\/yoast.com\/product\/yoast-seo-premium-wordpress\/ -->\n<title>A declara\u00e7\u00e3o de Landim sobre o nome do est\u00e1dio do Flamengo<\/title>\n<meta name=\"robots\" content=\"index, follow, max-snippet:-1, max-image-preview:large, max-video-preview:-1\" \/>\n<link rel=\"canonical\" href=\"https:\/\/www.gaveanews.com\/index.php\/2024\/08\/01\/a-declaracao-de-landim-sobre-o-nome-do-estadio-do-flamengo\/\" \/>\n<meta property=\"og:locale\" content=\"pt_BR\" \/>\n<meta property=\"og:type\" content=\"article\" \/>\n<meta property=\"og:title\" content=\"A declara\u00e7\u00e3o de Landim sobre o nome do est\u00e1dio do Flamengo\" \/>\n<meta property=\"og:description\" content=\"O Flamengo conseguiu vencer o leil\u00e3o do gas\u00f4metro, espa\u00e7o abandonado que estava em posse da Prefeitura do Rio de Janeiro e ali ser\u00e1 constru\u00eddo o est\u00e1dio do clube, sonho do torcedor de muitos anos. O Flamengo sempre mandou seus jogos dentro do Maracan\u00e3. Rodolfo Landim, Presidente do Flamengo respons\u00e1vel pelas negocia\u00e7\u00f5es que fez com que [&hellip;]\" \/>\n<meta property=\"og:url\" content=\"https:\/\/www.gaveanews.com\/index.php\/2024\/08\/01\/a-declaracao-de-landim-sobre-o-nome-do-estadio-do-flamengo\/\" \/>\n<meta property=\"og:site_name\" content=\"G\u00e1vea News\" \/>\n<meta property=\"article:publisher\" content=\"https:\/\/facebook.com\/gaveaNews\/\" \/>\n<meta property=\"article:published_time\" content=\"2024-08-01T17:57:35+00:00\" \/>\n<meta property=\"article:modified_time\" content=\"2024-08-01T17:57:36+00:00\" \/>\n<meta property=\"og:image\" content=\"https:\/\/www.gaveanews.com\/wp-content\/uploads\/landim-e-marco-braz.webp\" \/>\n\t<meta property=\"og:image:width\" content=\"1500\" \/>\n\t<meta property=\"og:image:height\" content=\"844\" \/>\n\t<meta property=\"og:image:type\" content=\"image\/webp\" \/>\n<meta name=\"author\" content=\"Bruno Zanchetta\" \/>\n<meta name=\"twitter:card\" content=\"summary_large_image\" \/>\n<meta name=\"twitter:label1\" content=\"Escrito por\" \/>\n\t<meta name=\"twitter:data1\" content=\"Bruno Zanchetta\" \/>\n\t<meta name=\"twitter:label2\" content=\"Est. tempo de leitura\" \/>\n\t<meta name=\"twitter:data2\" content=\"3 minutos\" \/>\n<script type=\"application\/ld+json\" class=\"yoast-schema-graph\">{\"@context\":\"https:\/\/schema.org\",\"@graph\":[{\"@type\":\"NewsArticle\",\"@id\":\"https:\/\/www.gaveanews.com\/index.php\/2024\/08\/01\/a-declaracao-de-landim-sobre-o-nome-do-estadio-do-flamengo\/#article\",\"isPartOf\":{\"@id\":\"https:\/\/www.gaveanews.com\/index.php\/2024\/08\/01\/a-declaracao-de-landim-sobre-o-nome-do-estadio-do-flamengo\/\"},\"author\":{\"name\":\"Bruno Zanchetta\",\"@id\":\"https:\/\/www.gaveanews.com\/#\/schema\/person\/32fddefab25b466689f181be346cd98c\"},\"headline\":\"A declara\u00e7\u00e3o de Landim sobre o nome do est\u00e1dio do Flamengo\",\"datePublished\":\"2024-08-01T17:57:35+00:00\",\"dateModified\":\"2024-08-01T17:57:36+00:00\",\"mainEntityOfPage\":{\"@id\":\"https:\/\/www.gaveanews.com\/index.php\/2024\/08\/01\/a-declaracao-de-landim-sobre-o-nome-do-estadio-do-flamengo\/\"},\"wordCount\":420,\"commentCount\":0,\"image\":{\"@id\":\"https:\/\/www.gaveanews.com\/index.php\/2024\/08\/01\/a-declaracao-de-landim-sobre-o-nome-do-estadio-do-flamengo\/#primaryimage\"},\"thumbnailUrl\":\"https:\/\/www.gaveanews.com\/wp-content\/uploads\/landim-e-marco-braz.webp\",\"articleSection\":[\"Flamengo\"],\"inLanguage\":\"pt-BR\",\"potentialAction\":[{\"@type\":\"CommentAction\",\"name\":\"Comment\",\"target\":[\"https:\/\/www.gaveanews.com\/index.php\/2024\/08\/01\/a-declaracao-de-landim-sobre-o-nome-do-estadio-do-flamengo\/#respond\"]}],\"copyrightYear\":\"2024\",\"copyrightHolder\":{\"@id\":\"https:\/\/www.gaveanews.com\/#organization\"}},{\"@type\":\"WebPage\",\"@id\":\"https:\/\/www.gaveanews.com\/index.php\/2024\/08\/01\/a-declaracao-de-landim-sobre-o-nome-do-estadio-do-flamengo\/\",\"url\":\"https:\/\/www.gaveanews.com\/index.php\/2024\/08\/01\/a-declaracao-de-landim-sobre-o-nome-do-estadio-do-flamengo\/\",\"name\":\"A declara\u00e7\u00e3o de Landim sobre o nome do est\u00e1dio do Flamengo\",\"isPartOf\":{\"@id\":\"https:\/\/www.gaveanews.com\/#website\"},\"primaryImageOfPage\":{\"@id\":\"https:\/\/www.gaveanews.com\/index.php\/2024\/08\/01\/a-declaracao-de-landim-sobre-o-nome-do-estadio-do-flamengo\/#primaryimage\"},\"image\":{\"@id\":\"https:\/\/www.gaveanews.com\/index.php\/2024\/08\/01\/a-declaracao-de-landim-sobre-o-nome-do-estadio-do-flamengo\/#primaryimage\"},\"thumbnailUrl\":\"https:\/\/www.gaveanews.com\/wp-content\/uploads\/landim-e-marco-braz.webp\",\"datePublished\":\"2024-08-01T17:57:35+00:00\",\"dateModified\":\"2024-08-01T17:57:36+00:00\",\"author\":{\"@id\":\"https:\/\/www.gaveanews.com\/#\/schema\/person\/32fddefab25b466689f181be346cd98c\"},\"breadcrumb\":{\"@id\":\"https:\/\/www.gaveanews.com\/index.php\/2024\/08\/01\/a-declaracao-de-landim-sobre-o-nome-do-estadio-do-flamengo\/#breadcrumb\"},\"inLanguage\":\"pt-BR\",\"potentialAction\":[{\"@type\":\"ReadAction\",\"target\":[\"https:\/\/www.gaveanews.com\/index.php\/2024\/08\/01\/a-declaracao-de-landim-sobre-o-nome-do-estadio-do-flamengo\/\"]}]},{\"@type\":\"ImageObject\",\"inLanguage\":\"pt-BR\",\"@id\":\"https:\/\/www.gaveanews.com\/index.php\/2024\/08\/01\/a-declaracao-de-landim-sobre-o-nome-do-estadio-do-flamengo\/#primaryimage\",\"url\":\"https:\/\/www.gaveanews.com\/wp-content\/uploads\/landim-e-marco-braz.webp\",\"contentUrl\":\"https:\/\/www.gaveanews.com\/wp-content\/uploads\/landim-e-marco-braz.webp\",\"width\":1500,\"height\":844,\"caption\":\"Rodolfo Landim, presidente do Flamengo, e Marcos Braz, vice de futebol do clube (Foto: Reprodu\u00e7\u00e3o\/ Goal)\"},{\"@type\":\"BreadcrumbList\",\"@id\":\"https:\/\/www.gaveanews.com\/index.php\/2024\/08\/01\/a-declaracao-de-landim-sobre-o-nome-do-estadio-do-flamengo\/#breadcrumb\",\"itemListElement\":[{\"@type\":\"ListItem\",\"position\":1,\"name\":\"Home\",\"item\":\"https:\/\/www.gaveanews.com\/\"},{\"@type\":\"ListItem\",\"position\":2,\"name\":\"A declara\u00e7\u00e3o de Landim sobre o nome do est\u00e1dio do Flamengo\"}]},{\"@type\":\"WebSite\",\"@id\":\"https:\/\/www.gaveanews.com\/#website\",\"url\":\"https:\/\/www.gaveanews.com\/\",\"name\":\"G\u00e1vea News\",\"description\":\"Veja todas as not\u00edcias sobre o Flamengo: Contrata\u00e7\u00f5es, categorias de base, resultados das partidas, tabela de classifica\u00e7\u00e3o, pr\u00f3ximos jogos!\",\"potentialAction\":[{\"@type\":\"SearchAction\",\"target\":{\"@type\":\"EntryPoint\",\"urlTemplate\":\"https:\/\/www.gaveanews.com\/?s={search_term_string}\"},\"query-input\":{\"@type\":\"PropertyValueSpecification\",\"valueRequired\":true,\"valueName\":\"search_term_string\"}}],\"inLanguage\":\"pt-BR\"},{\"@type\":\"Person\",\"@id\":\"https:\/\/www.gaveanews.com\/#\/schema\/person\/32fddefab25b466689f181be346cd98c\",\"name\":\"Bruno Zanchetta\",\"image\":{\"@type\":\"ImageObject\",\"inLanguage\":\"pt-BR\",\"@id\":\"https:\/\/www.gaveanews.com\/#\/schema\/person\/image\/\",\"url\":\"https:\/\/secure.gravatar.com\/avatar\/3ba2d39f8a912ad65276975a996d6ad8d9e3dd13448684be8dc4d7c17099d2ee?s=96&d=mm&r=g\",\"contentUrl\":\"https:\/\/secure.gravatar.com\/avatar\/3ba2d39f8a912ad65276975a996d6ad8d9e3dd13448684be8dc4d7c17099d2ee?s=96&d=mm&r=g\",\"caption\":\"Bruno Zanchetta\"}}]}<\/script>\n<!-- \/ Yoast SEO Premium plugin. -->","yoast_head_json":{"title":"A declara\u00e7\u00e3o de Landim sobre o nome do est\u00e1dio do Flamengo","robots":{"index":"index","follow":"follow","max-snippet":"max-snippet:-1","max-image-preview":"max-image-preview:large","max-video-preview":"max-video-preview:-1"},"canonical":"https:\/\/www.gaveanews.com\/index.php\/2024\/08\/01\/a-declaracao-de-landim-sobre-o-nome-do-estadio-do-flamengo\/","og_locale":"pt_BR","og_type":"article","og_title":"A declara\u00e7\u00e3o de Landim sobre o nome do est\u00e1dio do Flamengo","og_description":"O Flamengo conseguiu vencer o leil\u00e3o do gas\u00f4metro, espa\u00e7o abandonado que estava em posse da Prefeitura do Rio de Janeiro e ali ser\u00e1 constru\u00eddo o est\u00e1dio do clube, sonho do torcedor de muitos anos. O Flamengo sempre mandou seus jogos dentro do Maracan\u00e3. Rodolfo Landim, Presidente do Flamengo respons\u00e1vel pelas negocia\u00e7\u00f5es que fez com que [&hellip;]","og_url":"https:\/\/www.gaveanews.com\/index.php\/2024\/08\/01\/a-declaracao-de-landim-sobre-o-nome-do-estadio-do-flamengo\/","og_site_name":"G\u00e1vea News","article_publisher":"https:\/\/facebook.com\/gaveaNews\/","article_published_time":"2024-08-01T17:57:35+00:00","article_modified_time":"2024-08-01T17:57:36+00:00","og_image":[{"width":1500,"height":844,"url":"https:\/\/www.gaveanews.com\/wp-content\/uploads\/landim-e-marco-braz.webp","type":"image\/webp"}],"author":"Bruno Zanchetta","twitter_card":"summary_large_image","twitter_misc":{"Escrito por":"Bruno Zanchetta","Est. tempo de leitura":"3 minutos"},"schema":{"@context":"https:\/\/schema.org","@graph":[{"@type":"NewsArticle","@id":"https:\/\/www.gaveanews.com\/index.php\/2024\/08\/01\/a-declaracao-de-landim-sobre-o-nome-do-estadio-do-flamengo\/#article","isPartOf":{"@id":"https:\/\/www.gaveanews.com\/index.php\/2024\/08\/01\/a-declaracao-de-landim-sobre-o-nome-do-estadio-do-flamengo\/"},"author":{"name":"Bruno Zanchetta","@id":"https:\/\/www.gaveanews.com\/#\/schema\/person\/32fddefab25b466689f181be346cd98c"},"headline":"A declara\u00e7\u00e3o de Landim sobre o nome do est\u00e1dio do Flamengo","datePublished":"2024-08-01T17:57:35+00:00","dateModified":"2024-08-01T17:57:36+00:00","mainEntityOfPage":{"@id":"https:\/\/www.gaveanews.com\/index.php\/2024\/08\/01\/a-declaracao-de-landim-sobre-o-nome-do-estadio-do-flamengo\/"},"wordCount":420,"commentCount":0,"image":{"@id":"https:\/\/www.gaveanews.com\/index.php\/2024\/08\/01\/a-declaracao-de-landim-sobre-o-nome-do-estadio-do-flamengo\/#primaryimage"},"thumbnailUrl":"https:\/\/www.gaveanews.com\/wp-content\/uploads\/landim-e-marco-braz.webp","articleSection":["Flamengo"],"inLanguage":"pt-BR","potentialAction":[{"@type":"CommentAction","name":"Comment","target":["https:\/\/www.gaveanews.com\/index.php\/2024\/08\/01\/a-declaracao-de-landim-sobre-o-nome-do-estadio-do-flamengo\/#respond"]}],"copyrightYear":"2024","copyrightHolder":{"@id":"https:\/\/www.gaveanews.com\/#organization"}},{"@type":"WebPage","@id":"https:\/\/www.gaveanews.com\/index.php\/2024\/08\/01\/a-declaracao-de-landim-sobre-o-nome-do-estadio-do-flamengo\/","url":"https:\/\/www.gaveanews.com\/index.php\/2024\/08\/01\/a-declaracao-de-landim-sobre-o-nome-do-estadio-do-flamengo\/","name":"A declara\u00e7\u00e3o de Landim sobre o nome do est\u00e1dio do Flamengo","isPartOf":{"@id":"https:\/\/www.gaveanews.com\/#website"},"primaryImageOfPage":{"@id":"https:\/\/www.gaveanews.com\/index.php\/2024\/08\/01\/a-declaracao-de-landim-sobre-o-nome-do-estadio-do-flamengo\/#primaryimage"},"image":{"@id":"https:\/\/www.gaveanews.com\/index.php\/2024\/08\/01\/a-declaracao-de-landim-sobre-o-nome-do-estadio-do-flamengo\/#primaryimage"},"thumbnailUrl":"https:\/\/www.gaveanews.com\/wp-content\/uploads\/landim-e-marco-braz.webp","datePublished":"2024-08-01T17:57:35+00:00","dateModified":"2024-08-01T17:57:36+00:00","author":{"@id":"https:\/\/www.gaveanews.com\/#\/schema\/person\/32fddefab25b466689f181be346cd98c"},"breadcrumb":{"@id":"https:\/\/www.gaveanews.com\/index.php\/2024\/08\/01\/a-declaracao-de-landim-sobre-o-nome-do-estadio-do-flamengo\/#breadcrumb"},"inLanguage":"pt-BR","potentialAction":[{"@type":"ReadAction","target":["https:\/\/www.gaveanews.com\/index.php\/2024\/08\/01\/a-declaracao-de-landim-sobre-o-nome-do-estadio-do-flamengo\/"]}]},{"@type":"ImageObject","inLanguage":"pt-BR","@id":"https:\/\/www.gaveanews.com\/index.php\/2024\/08\/01\/a-declaracao-de-landim-sobre-o-nome-do-estadio-do-flamengo\/#primaryimage","url":"https:\/\/www.gaveanews.com\/wp-content\/uploads\/landim-e-marco-braz.webp","contentUrl":"https:\/\/www.gaveanews.com\/wp-content\/uploads\/landim-e-marco-braz.webp","width":1500,"height":844,"caption":"Rodolfo Landim, presidente do Flamengo, e Marcos Braz, vice de futebol do clube (Foto: Reprodu\u00e7\u00e3o\/ Goal)"},{"@type":"BreadcrumbList","@id":"https:\/\/www.gaveanews.com\/index.php\/2024\/08\/01\/a-declaracao-de-landim-sobre-o-nome-do-estadio-do-flamengo\/#breadcrumb","itemListElement":[{"@type":"ListItem","position":1,"name":"Home","item":"https:\/\/www.gaveanews.com\/"},{"@type":"ListItem","position":2,"name":"A declara\u00e7\u00e3o de Landim sobre o nome do est\u00e1dio do Flamengo"}]},{"@type":"WebSite","@id":"https:\/\/www.gaveanews.com\/#website","url":"https:\/\/www.gaveanews.com\/","name":"G\u00e1vea News","description":"Veja todas as not\u00edcias sobre o Flamengo: Contrata\u00e7\u00f5es, categorias de base, resultados das partidas, tabela de classifica\u00e7\u00e3o, pr\u00f3ximos jogos!","potentialAction":[{"@type":"SearchAction","target":{"@type":"EntryPoint","urlTemplate":"https:\/\/www.gaveanews.com\/?s={search_term_string}"},"query-input":{"@type":"PropertyValueSpecification","valueRequired":true,"valueName":"search_term_string"}}],"inLanguage":"pt-BR"},{"@type":"Person","@id":"https:\/\/www.gaveanews.com\/#\/schema\/person\/32fddefab25b466689f181be346cd98c","name":"Bruno Zanchetta","image":{"@type":"ImageObject","inLanguage":"pt-BR","@id":"https:\/\/www.gaveanews.com\/#\/schema\/person\/image\/","url":"https:\/\/secure.gravatar.com\/avatar\/3ba2d39f8a912ad65276975a996d6ad8d9e3dd13448684be8dc4d7c17099d2ee?s=96&d=mm&r=g","contentUrl":"https:\/\/secure.gravatar.com\/avatar\/3ba2d39f8a912ad65276975a996d6ad8d9e3dd13448684be8dc4d7c17099d2ee?s=96&d=mm&r=g","caption":"Bruno Zanchetta"}}]}},"_links":{"self":[{"href":"https:\/\/www.gaveanews.com\/index.php\/wp-json\/wp\/v2\/posts\/155894","targetHints":{"allow":["GET"]}}],"collection":[{"href":"https:\/\/www.gaveanews.com\/index.php\/wp-json\/wp\/v2\/posts"}],"about":[{"href":"https:\/\/www.gaveanews.com\/index.php\/wp-json\/wp\/v2\/types\/post"}],"author":[{"embeddable":true,"href":"https:\/\/www.gaveanews.com\/index.php\/wp-json\/wp\/v2\/users\/19"}],"replies":[{"embeddable":true,"href":"https:\/\/www.gaveanews.com\/index.php\/wp-json\/wp\/v2\/comments?post=155894"}],"version-history":[{"count":1,"href":"https:\/\/www.gaveanews.com\/index.php\/wp-json\/wp\/v2\/posts\/155894\/revisions"}],"predecessor-version":[{"id":155895,"href":"https:\/\/www.gaveanews.com\/index.php\/wp-json\/wp\/v2\/posts\/155894\/revisions\/155895"}],"wp:featuredmedia":[{"embeddable":true,"href":"https:\/\/www.gaveanews.com\/index.php\/wp-json\/wp\/v2\/media\/118011"}],"wp:attachment":[{"href":"https:\/\/www.gaveanews.com\/index.php\/wp-json\/wp\/v2\/media?parent=155894"}],"wp:term":[{"taxonomy":"category","embeddable":true,"href":"https:\/\/www.gaveanews.com\/index.php\/wp-json\/wp\/v2\/categories?post=155894"},{"taxonomy":"post_tag","embeddable":true,"href":"https:\/\/www.gaveanews.com\/index.php\/wp-json\/wp\/v2\/tags?post=155894"}],"curies":[{"name":"wp","href":"https:\/\/api.w.org\/{rel}","templated":true}]}}