{"id":155978,"date":"2024-08-02T12:42:25","date_gmt":"2024-08-02T15:42:25","guid":{"rendered":"https:\/\/www.gaveanews.com\/?p=155978"},"modified":"2024-08-02T12:42:26","modified_gmt":"2024-08-02T15:42:26","slug":"destaque-da-euro-esta-proximo-do-barcelona","status":"publish","type":"post","link":"https:\/\/www.gaveanews.com\/index.php\/2024\/08\/02\/destaque-da-euro-esta-proximo-do-barcelona\/","title":{"rendered":"Destaque da Euro est\u00e1 pr\u00f3ximo do Barcelona"},"content":{"rendered":"\n<p>Segundo o jornalista italiano, Fabrizio Romano, especialista em transfer\u00eancias internacionais, o&nbsp;time do Barcelona&nbsp;est\u00e1 bem pr\u00f3ximo de fechar a contrata\u00e7\u00e3o com o atleta destaque da Eurocopa 2024. Por\u00e9m, Manchester City&nbsp;e&nbsp;Chelsea&nbsp;tamb\u00e9m est\u00e3o na disputa.<\/p>\n\n\n\n<ul class=\"wp-block-list\">\n<li><a href=\"https:\/\/www.gaveanews.com\/index.php\/2024\/07\/26\/vitor-roque-pode-deixar-o-barcelona-para-jogar-em-time-alternativo\/\">Vitor Roque pode deixar o Barcelona para jogar em time \u2018alternativo\u2019<\/a><\/li>\n\n\n\n<li><a href=\"https:\/\/www.gaveanews.com\/index.php\/2024\/07\/21\/santos-faz-publicacao-direcionada-a-lamine-yamal-do-barcelona\/\">Santos faz publica\u00e7\u00e3o direcionada a Lamine Yamal, do Barcelona<\/a><\/li>\n<\/ul>\n\n\n\n<h2 class=\"wp-block-heading\" id=\"h-destaque-da-eurocopa-2024\">Destaque da Eurocopa 2024<\/h2>\n\n\n\n<p>Mais conhecido como Dani Olmo, o jogador da Espanha, atual campe\u00e3o da competi\u00e7\u00e3o, foi um dos destaques da sele\u00e7\u00e3o na campanha do t\u00edtulo. O jogador foi autor de 3 gols, sendo dois deles no mata-mata, ajudando nas classifica\u00e7\u00f5es da Espanha e tamb\u00e9m sendo o respons\u00e1vel de impedir o gol de empate em cima da linha j\u00e1 nos acr\u00e9scimos da decis\u00e3o contra a Inglaterra.<\/p>\n\n\n\n<h2 class=\"wp-block-heading\" id=\"h-quem-e-dani-olmo\">Quem \u00e9 Dani Olmo?<\/h2>\n\n\n\n<p>Daniel Olmo Carvajal, nascido dia 7 de maio de 1998, em Terrassa, munic\u00edpio da Espanha na prov\u00edncia de Barcelona. Hoje em dia tem 26 anos e \u00e9 um futebolista espanhol que atua como meio-campista ou ponta. Suas equipes atuais s\u00e3o a<strong> <\/strong>Sele\u00e7\u00e3o Espanhola de Futebol e o RB Leipzig, clube alem\u00e3o sediado em Leipzig.<\/p>\n\n\n\n<p>Olmo chegou ao RB Leipzig no ano de 2019, quando foi contratado do D\u00ednamo Zagreb, da Cro\u00e1cia, assinando um contrato de quatro anos. De 148 partidas pelo clube alem\u00e3o, o jogador marcou 29 gols e deu 31 assist\u00eancias.<\/p>\n\n\n\n<h2 class=\"wp-block-heading\" id=\"h-principal-proposta\">Principal proposta<\/h2>\n\n\n\n<p>Com o Barcelona a transa\u00e7\u00e3o seria de 55 milh\u00f5es de euros (cerca de R$ 335,6 milh\u00f5es) fixos, mais 4 milh\u00f5es de euros (cerca de R$ 24 milh\u00f5es) em b\u00f4nus por metas simples, al\u00e9m de outros 3 milh\u00f5es de euros (cerca de R$ 18 milh\u00f5es) em b\u00f4nus por metas consideradas dif\u00edceis.<\/p>\n\n\n\n<p>Caso a negocia\u00e7\u00e3o seja concretizada com o clube catal\u00e3o, o espanhol Dani Olmo ir\u00e1 assinar at\u00e9 o ano de 2030, somando seis temporadas com o Barcelona.<\/p>\n","protected":false},"excerpt":{"rendered":"<p>Segundo o jornalista italiano, Fabrizio Romano, especialista em transfer\u00eancias internacionais, o&nbsp;time do Barcelona&nbsp;est\u00e1 bem pr\u00f3ximo de fechar a contrata\u00e7\u00e3o com o atleta destaque da Eurocopa 2024. Por\u00e9m, Manchester City&nbsp;e&nbsp;Chelsea&nbsp;tamb\u00e9m est\u00e3o na disputa. Destaque da Eurocopa 2024 Mais conhecido como Dani Olmo, o jogador da Espanha, atual campe\u00e3o da competi\u00e7\u00e3o, foi um dos destaques da sele\u00e7\u00e3o [&hellip;]<\/p>\n","protected":false},"author":22,"featured_media":126375,"comment_status":"open","ping_status":"closed","sticky":false,"template":"","format":"standard","meta":{"footnotes":""},"categories":[87],"tags":[],"class_list":["post-155978","post","type-post","status-publish","format-standard","has-post-thumbnail","hentry","category-barcelona"],"yoast_head":"<!-- This site is optimized with the Yoast SEO Premium plugin v24.2 (Yoast SEO v26.9) - https:\/\/yoast.com\/product\/yoast-seo-premium-wordpress\/ -->\n<title>Destaque da Euro est\u00e1 pr\u00f3ximo do Barcelona<\/title>\n<meta name=\"robots\" content=\"index, follow, max-snippet:-1, max-image-preview:large, max-video-preview:-1\" \/>\n<link rel=\"canonical\" href=\"https:\/\/www.gaveanews.com\/index.php\/2024\/08\/02\/destaque-da-euro-esta-proximo-do-barcelona\/\" \/>\n<meta property=\"og:locale\" content=\"pt_BR\" \/>\n<meta property=\"og:type\" content=\"article\" \/>\n<meta property=\"og:title\" content=\"Destaque da Euro est\u00e1 pr\u00f3ximo do Barcelona\" \/>\n<meta property=\"og:description\" content=\"Segundo o jornalista italiano, Fabrizio Romano, especialista em transfer\u00eancias internacionais, o&nbsp;time do Barcelona&nbsp;est\u00e1 bem pr\u00f3ximo de fechar a contrata\u00e7\u00e3o com o atleta destaque da Eurocopa 2024. Por\u00e9m, Manchester City&nbsp;e&nbsp;Chelsea&nbsp;tamb\u00e9m est\u00e3o na disputa. Destaque da Eurocopa 2024 Mais conhecido como Dani Olmo, o jogador da Espanha, atual campe\u00e3o da competi\u00e7\u00e3o, foi um dos destaques da sele\u00e7\u00e3o [&hellip;]\" \/>\n<meta property=\"og:url\" content=\"https:\/\/www.gaveanews.com\/index.php\/2024\/08\/02\/destaque-da-euro-esta-proximo-do-barcelona\/\" \/>\n<meta property=\"og:site_name\" content=\"G\u00e1vea News\" \/>\n<meta property=\"article:publisher\" content=\"https:\/\/facebook.com\/gaveaNews\/\" \/>\n<meta property=\"article:published_time\" content=\"2024-08-02T15:42:25+00:00\" \/>\n<meta property=\"article:modified_time\" content=\"2024-08-02T15:42:26+00:00\" \/>\n<meta property=\"og:image\" content=\"https:\/\/www.gaveanews.com\/wp-content\/uploads\/64f1c8f91532e.webp\" \/>\n\t<meta property=\"og:image:width\" content=\"1200\" \/>\n\t<meta property=\"og:image:height\" content=\"675\" \/>\n\t<meta property=\"og:image:type\" content=\"image\/jpeg\" \/>\n<meta name=\"author\" content=\"Emilly Lima\" \/>\n<meta name=\"twitter:card\" content=\"summary_large_image\" \/>\n<meta name=\"twitter:label1\" content=\"Escrito por\" \/>\n\t<meta name=\"twitter:data1\" content=\"Emilly Lima\" \/>\n\t<meta name=\"twitter:label2\" content=\"Est. tempo de leitura\" \/>\n\t<meta name=\"twitter:data2\" content=\"2 minutos\" \/>\n<script type=\"application\/ld+json\" class=\"yoast-schema-graph\">{\"@context\":\"https:\/\/schema.org\",\"@graph\":[{\"@type\":\"NewsArticle\",\"@id\":\"https:\/\/www.gaveanews.com\/index.php\/2024\/08\/02\/destaque-da-euro-esta-proximo-do-barcelona\/#article\",\"isPartOf\":{\"@id\":\"https:\/\/www.gaveanews.com\/index.php\/2024\/08\/02\/destaque-da-euro-esta-proximo-do-barcelona\/\"},\"author\":{\"name\":\"Emilly Lima\",\"@id\":\"https:\/\/www.gaveanews.com\/#\/schema\/person\/8597dbe3f4d8513dd20048ce95a1895b\"},\"headline\":\"Destaque da Euro est\u00e1 pr\u00f3ximo do Barcelona\",\"datePublished\":\"2024-08-02T15:42:25+00:00\",\"dateModified\":\"2024-08-02T15:42:26+00:00\",\"mainEntityOfPage\":{\"@id\":\"https:\/\/www.gaveanews.com\/index.php\/2024\/08\/02\/destaque-da-euro-esta-proximo-do-barcelona\/\"},\"wordCount\":330,\"commentCount\":0,\"image\":{\"@id\":\"https:\/\/www.gaveanews.com\/index.php\/2024\/08\/02\/destaque-da-euro-esta-proximo-do-barcelona\/#primaryimage\"},\"thumbnailUrl\":\"https:\/\/www.gaveanews.com\/wp-content\/uploads\/64f1c8f91532e.webp\",\"articleSection\":[\"Barcelona\"],\"inLanguage\":\"pt-BR\",\"potentialAction\":[{\"@type\":\"CommentAction\",\"name\":\"Comment\",\"target\":[\"https:\/\/www.gaveanews.com\/index.php\/2024\/08\/02\/destaque-da-euro-esta-proximo-do-barcelona\/#respond\"]}],\"copyrightYear\":\"2024\",\"copyrightHolder\":{\"@id\":\"https:\/\/www.gaveanews.com\/#organization\"}},{\"@type\":\"WebPage\",\"@id\":\"https:\/\/www.gaveanews.com\/index.php\/2024\/08\/02\/destaque-da-euro-esta-proximo-do-barcelona\/\",\"url\":\"https:\/\/www.gaveanews.com\/index.php\/2024\/08\/02\/destaque-da-euro-esta-proximo-do-barcelona\/\",\"name\":\"Destaque da Euro est\u00e1 pr\u00f3ximo do Barcelona\",\"isPartOf\":{\"@id\":\"https:\/\/www.gaveanews.com\/#website\"},\"primaryImageOfPage\":{\"@id\":\"https:\/\/www.gaveanews.com\/index.php\/2024\/08\/02\/destaque-da-euro-esta-proximo-do-barcelona\/#primaryimage\"},\"image\":{\"@id\":\"https:\/\/www.gaveanews.com\/index.php\/2024\/08\/02\/destaque-da-euro-esta-proximo-do-barcelona\/#primaryimage\"},\"thumbnailUrl\":\"https:\/\/www.gaveanews.com\/wp-content\/uploads\/64f1c8f91532e.webp\",\"datePublished\":\"2024-08-02T15:42:25+00:00\",\"dateModified\":\"2024-08-02T15:42:26+00:00\",\"author\":{\"@id\":\"https:\/\/www.gaveanews.com\/#\/schema\/person\/8597dbe3f4d8513dd20048ce95a1895b\"},\"breadcrumb\":{\"@id\":\"https:\/\/www.gaveanews.com\/index.php\/2024\/08\/02\/destaque-da-euro-esta-proximo-do-barcelona\/#breadcrumb\"},\"inLanguage\":\"pt-BR\",\"potentialAction\":[{\"@type\":\"ReadAction\",\"target\":[\"https:\/\/www.gaveanews.com\/index.php\/2024\/08\/02\/destaque-da-euro-esta-proximo-do-barcelona\/\"]}]},{\"@type\":\"ImageObject\",\"inLanguage\":\"pt-BR\",\"@id\":\"https:\/\/www.gaveanews.com\/index.php\/2024\/08\/02\/destaque-da-euro-esta-proximo-do-barcelona\/#primaryimage\",\"url\":\"https:\/\/www.gaveanews.com\/wp-content\/uploads\/64f1c8f91532e.webp\",\"contentUrl\":\"https:\/\/www.gaveanews.com\/wp-content\/uploads\/64f1c8f91532e.webp\",\"width\":1200,\"height\":675,\"caption\":\"Escudo do Barcelona (Foto: Reprodu\u00e7\u00e3o)\"},{\"@type\":\"BreadcrumbList\",\"@id\":\"https:\/\/www.gaveanews.com\/index.php\/2024\/08\/02\/destaque-da-euro-esta-proximo-do-barcelona\/#breadcrumb\",\"itemListElement\":[{\"@type\":\"ListItem\",\"position\":1,\"name\":\"Home\",\"item\":\"https:\/\/www.gaveanews.com\/\"},{\"@type\":\"ListItem\",\"position\":2,\"name\":\"Destaque da Euro est\u00e1 pr\u00f3ximo do Barcelona\"}]},{\"@type\":\"WebSite\",\"@id\":\"https:\/\/www.gaveanews.com\/#website\",\"url\":\"https:\/\/www.gaveanews.com\/\",\"name\":\"G\u00e1vea News\",\"description\":\"Veja todas as not\u00edcias sobre o Flamengo: Contrata\u00e7\u00f5es, categorias de base, resultados das partidas, tabela de classifica\u00e7\u00e3o, pr\u00f3ximos jogos!\",\"potentialAction\":[{\"@type\":\"SearchAction\",\"target\":{\"@type\":\"EntryPoint\",\"urlTemplate\":\"https:\/\/www.gaveanews.com\/?s={search_term_string}\"},\"query-input\":{\"@type\":\"PropertyValueSpecification\",\"valueRequired\":true,\"valueName\":\"search_term_string\"}}],\"inLanguage\":\"pt-BR\"},{\"@type\":\"Person\",\"@id\":\"https:\/\/www.gaveanews.com\/#\/schema\/person\/8597dbe3f4d8513dd20048ce95a1895b\",\"name\":\"Emilly Lima\",\"image\":{\"@type\":\"ImageObject\",\"inLanguage\":\"pt-BR\",\"@id\":\"https:\/\/www.gaveanews.com\/#\/schema\/person\/image\/\",\"url\":\"https:\/\/secure.gravatar.com\/avatar\/ddb4d0548bae01de3cb52e0fe30386754e9c41797565aa0a5bf4440ab4f7c0be?s=96&d=mm&r=g\",\"contentUrl\":\"https:\/\/secure.gravatar.com\/avatar\/ddb4d0548bae01de3cb52e0fe30386754e9c41797565aa0a5bf4440ab4f7c0be?s=96&d=mm&r=g\",\"caption\":\"Emilly Lima\"}}]}<\/script>\n<!-- \/ Yoast SEO Premium plugin. -->","yoast_head_json":{"title":"Destaque da Euro est\u00e1 pr\u00f3ximo do Barcelona","robots":{"index":"index","follow":"follow","max-snippet":"max-snippet:-1","max-image-preview":"max-image-preview:large","max-video-preview":"max-video-preview:-1"},"canonical":"https:\/\/www.gaveanews.com\/index.php\/2024\/08\/02\/destaque-da-euro-esta-proximo-do-barcelona\/","og_locale":"pt_BR","og_type":"article","og_title":"Destaque da Euro est\u00e1 pr\u00f3ximo do Barcelona","og_description":"Segundo o jornalista italiano, Fabrizio Romano, especialista em transfer\u00eancias internacionais, o&nbsp;time do Barcelona&nbsp;est\u00e1 bem pr\u00f3ximo de fechar a contrata\u00e7\u00e3o com o atleta destaque da Eurocopa 2024. Por\u00e9m, Manchester City&nbsp;e&nbsp;Chelsea&nbsp;tamb\u00e9m est\u00e3o na disputa. Destaque da Eurocopa 2024 Mais conhecido como Dani Olmo, o jogador da Espanha, atual campe\u00e3o da competi\u00e7\u00e3o, foi um dos destaques da sele\u00e7\u00e3o [&hellip;]","og_url":"https:\/\/www.gaveanews.com\/index.php\/2024\/08\/02\/destaque-da-euro-esta-proximo-do-barcelona\/","og_site_name":"G\u00e1vea News","article_publisher":"https:\/\/facebook.com\/gaveaNews\/","article_published_time":"2024-08-02T15:42:25+00:00","article_modified_time":"2024-08-02T15:42:26+00:00","og_image":[{"width":1200,"height":675,"url":"https:\/\/www.gaveanews.com\/wp-content\/uploads\/64f1c8f91532e.webp","type":"image\/jpeg"}],"author":"Emilly Lima","twitter_card":"summary_large_image","twitter_misc":{"Escrito por":"Emilly Lima","Est. tempo de leitura":"2 minutos"},"schema":{"@context":"https:\/\/schema.org","@graph":[{"@type":"NewsArticle","@id":"https:\/\/www.gaveanews.com\/index.php\/2024\/08\/02\/destaque-da-euro-esta-proximo-do-barcelona\/#article","isPartOf":{"@id":"https:\/\/www.gaveanews.com\/index.php\/2024\/08\/02\/destaque-da-euro-esta-proximo-do-barcelona\/"},"author":{"name":"Emilly Lima","@id":"https:\/\/www.gaveanews.com\/#\/schema\/person\/8597dbe3f4d8513dd20048ce95a1895b"},"headline":"Destaque da Euro est\u00e1 pr\u00f3ximo do Barcelona","datePublished":"2024-08-02T15:42:25+00:00","dateModified":"2024-08-02T15:42:26+00:00","mainEntityOfPage":{"@id":"https:\/\/www.gaveanews.com\/index.php\/2024\/08\/02\/destaque-da-euro-esta-proximo-do-barcelona\/"},"wordCount":330,"commentCount":0,"image":{"@id":"https:\/\/www.gaveanews.com\/index.php\/2024\/08\/02\/destaque-da-euro-esta-proximo-do-barcelona\/#primaryimage"},"thumbnailUrl":"https:\/\/www.gaveanews.com\/wp-content\/uploads\/64f1c8f91532e.webp","articleSection":["Barcelona"],"inLanguage":"pt-BR","potentialAction":[{"@type":"CommentAction","name":"Comment","target":["https:\/\/www.gaveanews.com\/index.php\/2024\/08\/02\/destaque-da-euro-esta-proximo-do-barcelona\/#respond"]}],"copyrightYear":"2024","copyrightHolder":{"@id":"https:\/\/www.gaveanews.com\/#organization"}},{"@type":"WebPage","@id":"https:\/\/www.gaveanews.com\/index.php\/2024\/08\/02\/destaque-da-euro-esta-proximo-do-barcelona\/","url":"https:\/\/www.gaveanews.com\/index.php\/2024\/08\/02\/destaque-da-euro-esta-proximo-do-barcelona\/","name":"Destaque da Euro est\u00e1 pr\u00f3ximo do Barcelona","isPartOf":{"@id":"https:\/\/www.gaveanews.com\/#website"},"primaryImageOfPage":{"@id":"https:\/\/www.gaveanews.com\/index.php\/2024\/08\/02\/destaque-da-euro-esta-proximo-do-barcelona\/#primaryimage"},"image":{"@id":"https:\/\/www.gaveanews.com\/index.php\/2024\/08\/02\/destaque-da-euro-esta-proximo-do-barcelona\/#primaryimage"},"thumbnailUrl":"https:\/\/www.gaveanews.com\/wp-content\/uploads\/64f1c8f91532e.webp","datePublished":"2024-08-02T15:42:25+00:00","dateModified":"2024-08-02T15:42:26+00:00","author":{"@id":"https:\/\/www.gaveanews.com\/#\/schema\/person\/8597dbe3f4d8513dd20048ce95a1895b"},"breadcrumb":{"@id":"https:\/\/www.gaveanews.com\/index.php\/2024\/08\/02\/destaque-da-euro-esta-proximo-do-barcelona\/#breadcrumb"},"inLanguage":"pt-BR","potentialAction":[{"@type":"ReadAction","target":["https:\/\/www.gaveanews.com\/index.php\/2024\/08\/02\/destaque-da-euro-esta-proximo-do-barcelona\/"]}]},{"@type":"ImageObject","inLanguage":"pt-BR","@id":"https:\/\/www.gaveanews.com\/index.php\/2024\/08\/02\/destaque-da-euro-esta-proximo-do-barcelona\/#primaryimage","url":"https:\/\/www.gaveanews.com\/wp-content\/uploads\/64f1c8f91532e.webp","contentUrl":"https:\/\/www.gaveanews.com\/wp-content\/uploads\/64f1c8f91532e.webp","width":1200,"height":675,"caption":"Escudo do Barcelona (Foto: Reprodu\u00e7\u00e3o)"},{"@type":"BreadcrumbList","@id":"https:\/\/www.gaveanews.com\/index.php\/2024\/08\/02\/destaque-da-euro-esta-proximo-do-barcelona\/#breadcrumb","itemListElement":[{"@type":"ListItem","position":1,"name":"Home","item":"https:\/\/www.gaveanews.com\/"},{"@type":"ListItem","position":2,"name":"Destaque da Euro est\u00e1 pr\u00f3ximo do Barcelona"}]},{"@type":"WebSite","@id":"https:\/\/www.gaveanews.com\/#website","url":"https:\/\/www.gaveanews.com\/","name":"G\u00e1vea News","description":"Veja todas as not\u00edcias sobre o Flamengo: Contrata\u00e7\u00f5es, categorias de base, resultados das partidas, tabela de classifica\u00e7\u00e3o, pr\u00f3ximos jogos!","potentialAction":[{"@type":"SearchAction","target":{"@type":"EntryPoint","urlTemplate":"https:\/\/www.gaveanews.com\/?s={search_term_string}"},"query-input":{"@type":"PropertyValueSpecification","valueRequired":true,"valueName":"search_term_string"}}],"inLanguage":"pt-BR"},{"@type":"Person","@id":"https:\/\/www.gaveanews.com\/#\/schema\/person\/8597dbe3f4d8513dd20048ce95a1895b","name":"Emilly Lima","image":{"@type":"ImageObject","inLanguage":"pt-BR","@id":"https:\/\/www.gaveanews.com\/#\/schema\/person\/image\/","url":"https:\/\/secure.gravatar.com\/avatar\/ddb4d0548bae01de3cb52e0fe30386754e9c41797565aa0a5bf4440ab4f7c0be?s=96&d=mm&r=g","contentUrl":"https:\/\/secure.gravatar.com\/avatar\/ddb4d0548bae01de3cb52e0fe30386754e9c41797565aa0a5bf4440ab4f7c0be?s=96&d=mm&r=g","caption":"Emilly Lima"}}]}},"_links":{"self":[{"href":"https:\/\/www.gaveanews.com\/index.php\/wp-json\/wp\/v2\/posts\/155978","targetHints":{"allow":["GET"]}}],"collection":[{"href":"https:\/\/www.gaveanews.com\/index.php\/wp-json\/wp\/v2\/posts"}],"about":[{"href":"https:\/\/www.gaveanews.com\/index.php\/wp-json\/wp\/v2\/types\/post"}],"author":[{"embeddable":true,"href":"https:\/\/www.gaveanews.com\/index.php\/wp-json\/wp\/v2\/users\/22"}],"replies":[{"embeddable":true,"href":"https:\/\/www.gaveanews.com\/index.php\/wp-json\/wp\/v2\/comments?post=155978"}],"version-history":[{"count":2,"href":"https:\/\/www.gaveanews.com\/index.php\/wp-json\/wp\/v2\/posts\/155978\/revisions"}],"predecessor-version":[{"id":156083,"href":"https:\/\/www.gaveanews.com\/index.php\/wp-json\/wp\/v2\/posts\/155978\/revisions\/156083"}],"wp:featuredmedia":[{"embeddable":true,"href":"https:\/\/www.gaveanews.com\/index.php\/wp-json\/wp\/v2\/media\/126375"}],"wp:attachment":[{"href":"https:\/\/www.gaveanews.com\/index.php\/wp-json\/wp\/v2\/media?parent=155978"}],"wp:term":[{"taxonomy":"category","embeddable":true,"href":"https:\/\/www.gaveanews.com\/index.php\/wp-json\/wp\/v2\/categories?post=155978"},{"taxonomy":"post_tag","embeddable":true,"href":"https:\/\/www.gaveanews.com\/index.php\/wp-json\/wp\/v2\/tags?post=155978"}],"curies":[{"name":"wp","href":"https:\/\/api.w.org\/{rel}","templated":true}]}}