{"id":156146,"date":"2024-08-02T18:00:56","date_gmt":"2024-08-02T21:00:56","guid":{"rendered":"https:\/\/www.gaveanews.com\/?p=156146"},"modified":"2024-08-02T18:00:58","modified_gmt":"2024-08-02T21:00:58","slug":"phil-foden-se-envolve-em-polemica-e-policia-e-acionada","status":"publish","type":"post","link":"https:\/\/www.gaveanews.com\/index.php\/2024\/08\/02\/phil-foden-se-envolve-em-polemica-e-policia-e-acionada\/","title":{"rendered":"Phil Foden se envolve em pol\u00eamica e pol\u00edcia \u00e9 acionada"},"content":{"rendered":"\n<h2 class=\"wp-block-heading\" id=\"h-vizinhos-acionaram-as-autoridades-por-conta-de-barulho\">Vizinhos acionaram as autoridades por conta de barulho<\/h2>\n\n\n\n<p>Em sua mans\u00e3o avaliada em 3 milh\u00f5es de euros, o atacante Phil Foden dava uma festa infantil. Mas a festa estava com barulhos muito altos e se estendeu at\u00e9 00h, segundo os vizinhos. A vizinhan\u00e7a n\u00e3o viu outra alternativa a n\u00e3o ser de chamar a pol\u00edcia para resolver o caso. <\/p>\n\n\n\n<ul class=\"wp-block-list\">\n<li><a href=\"https:\/\/www.gaveanews.com\/index.php\/2024\/08\/01\/manchester-city-e-punido-pela-premier-league\/\">Manchester City \u00e9 punido pela Premier League<\/a><\/li>\n\n\n\n<li><a href=\"https:\/\/www.gaveanews.com\/index.php\/2024\/07\/30\/guardiola-responde-as-reclamacoes-de-julian-alvarez-do-manchester-city\/\">Guardiola responde \u00e0s reclama\u00e7\u00f5es de Juli\u00e1n \u00c1lvarez, do Manchester City<\/a><\/li>\n<\/ul>\n\n\n\n<p>O jornal ingl\u00eas The Sun relata que o evento promovido por Foden foi a gota d&#8217;\u00e1gua para os vizinhos que est\u00e3o cansados e se sentem desrespeitados pela fam\u00edlia do jogador. <em>\u201cNingu\u00e9m se importa com uma festa ou com m\u00fasica tocando, mas isso \u00e9 algo comum nos Fodens<\/em>&#8220;, disse um vizinho. Outros vizinhos tamb\u00e9m falaram que \u00e9 um &#8220;inferno&#8221; para quem mora perto da casa de Phil Foden. <\/p>\n\n\n\n<p>Os vizinhos reclamam dizendo que Foden incomoda com m\u00fasicas altas que toca com muita frequ\u00eancia e sempre tarde, al\u00e9m do cachorro que late o dia inteiro e muito alto. Em uma carta aberta, moradores da rua onde o jogador mora, em Prestbury, Cheshire, o chamaram de \u201cego\u00edsta\u201d e solicitaram que a cidade se envolvesse. A pol\u00edcia da cidade de Cheshire reconhece a reclama\u00e7\u00e3o, mas pediu aos vizinhos que entrassem em contato com a prefeitura. <\/p>\n\n\n\n<p>Foden e sua namorada moram com seus tr\u00eas filhos. O \u00faltimo nasceu no m\u00eas passado durante a disputa da Eurocopa e o atacante deixou brevemente a sua sele\u00e7\u00e3o para acompanhar o nascimento de seu terceiro filho. Logo depois, o atacante retornou para a sele\u00e7\u00e3o inglesa para dar continuidade ao sonhado t\u00edtulo in\u00e9dito, que bateu na trave ap\u00f3s a Inglaterra novamente ser vice-campe\u00e3. <\/p>\n\n\n\n<p>O Manchester City, clube de Phil Foden, est\u00e1 nos Estados Unidos fazendo pr\u00e9-temporada, mas como o jogador disputou a Eurocopa, ele ganhou um tempo de descanso, assim como todos os clubes da Europa e do Brasil fizeram com seus atletas que disputaram a Euro ou a Copa Am\u00e9rica 2024. <\/p>\n\n\n\n<p>O Manchester City jogar\u00e1 contra o Chelsea neste s\u00e1bado (3) ainda por amistoso de pr\u00e9-temporada. O primeiro jogo oficial para inaugurar a temporada 2024\/25 e que deve ter a presen\u00e7a de Foden ser\u00e1 contra o Manchester United, pela final da Supercopa Inglesa. A partida est\u00e1 marcada para o s\u00e1bado (10) \u00e0s 11h, no Wembley. <\/p>\n","protected":false},"excerpt":{"rendered":"<p>Vizinhos acionaram as autoridades por conta de barulho Em sua mans\u00e3o avaliada em 3 milh\u00f5es de euros, o atacante Phil Foden dava uma festa infantil. Mas a festa estava com barulhos muito altos e se estendeu at\u00e9 00h, segundo os vizinhos. A vizinhan\u00e7a n\u00e3o viu outra alternativa a n\u00e3o ser de chamar a pol\u00edcia para [&hellip;]<\/p>\n","protected":false},"author":21,"featured_media":117450,"comment_status":"open","ping_status":"closed","sticky":false,"template":"","format":"standard","meta":{"footnotes":""},"categories":[84],"tags":[],"class_list":["post-156146","post","type-post","status-publish","format-standard","has-post-thumbnail","hentry","category-manchester-city"],"yoast_head":"<!-- This site is optimized with the Yoast SEO Premium plugin v24.2 (Yoast SEO v26.9) - https:\/\/yoast.com\/product\/yoast-seo-premium-wordpress\/ -->\n<title>Phil Foden se envolve em pol\u00eamica e pol\u00edcia \u00e9 acionada<\/title>\n<meta name=\"robots\" content=\"index, follow, max-snippet:-1, max-image-preview:large, max-video-preview:-1\" \/>\n<link rel=\"canonical\" href=\"https:\/\/www.gaveanews.com\/index.php\/2024\/08\/02\/phil-foden-se-envolve-em-polemica-e-policia-e-acionada\/\" \/>\n<meta property=\"og:locale\" content=\"pt_BR\" \/>\n<meta property=\"og:type\" content=\"article\" \/>\n<meta property=\"og:title\" content=\"Phil Foden se envolve em pol\u00eamica e pol\u00edcia \u00e9 acionada\" \/>\n<meta property=\"og:description\" content=\"Vizinhos acionaram as autoridades por conta de barulho Em sua mans\u00e3o avaliada em 3 milh\u00f5es de euros, o atacante Phil Foden dava uma festa infantil. Mas a festa estava com barulhos muito altos e se estendeu at\u00e9 00h, segundo os vizinhos. A vizinhan\u00e7a n\u00e3o viu outra alternativa a n\u00e3o ser de chamar a pol\u00edcia para [&hellip;]\" \/>\n<meta property=\"og:url\" content=\"https:\/\/www.gaveanews.com\/index.php\/2024\/08\/02\/phil-foden-se-envolve-em-polemica-e-policia-e-acionada\/\" \/>\n<meta property=\"og:site_name\" content=\"G\u00e1vea News\" \/>\n<meta property=\"article:publisher\" content=\"https:\/\/facebook.com\/gaveaNews\/\" \/>\n<meta property=\"article:published_time\" content=\"2024-08-02T21:00:56+00:00\" \/>\n<meta property=\"article:modified_time\" content=\"2024-08-02T21:00:58+00:00\" \/>\n<meta property=\"og:image\" content=\"https:\/\/www.gaveanews.com\/wp-content\/uploads\/Montiel.webp\" \/>\n\t<meta property=\"og:image:width\" content=\"800\" \/>\n\t<meta property=\"og:image:height\" content=\"517\" \/>\n\t<meta property=\"og:image:type\" content=\"image\/jpeg\" \/>\n<meta name=\"author\" content=\"Andr\u00e9 Serra\" \/>\n<meta name=\"twitter:card\" content=\"summary_large_image\" \/>\n<meta name=\"twitter:label1\" content=\"Escrito por\" \/>\n\t<meta name=\"twitter:data1\" content=\"Andr\u00e9 Serra\" \/>\n\t<meta name=\"twitter:label2\" content=\"Est. tempo de leitura\" \/>\n\t<meta name=\"twitter:data2\" content=\"3 minutos\" \/>\n<script type=\"application\/ld+json\" class=\"yoast-schema-graph\">{\"@context\":\"https:\/\/schema.org\",\"@graph\":[{\"@type\":\"NewsArticle\",\"@id\":\"https:\/\/www.gaveanews.com\/index.php\/2024\/08\/02\/phil-foden-se-envolve-em-polemica-e-policia-e-acionada\/#article\",\"isPartOf\":{\"@id\":\"https:\/\/www.gaveanews.com\/index.php\/2024\/08\/02\/phil-foden-se-envolve-em-polemica-e-policia-e-acionada\/\"},\"author\":{\"name\":\"Andr\u00e9 Serra\",\"@id\":\"https:\/\/www.gaveanews.com\/#\/schema\/person\/0277a79a1289c451c281ec0411d84f0c\"},\"headline\":\"Phil Foden se envolve em pol\u00eamica e pol\u00edcia \u00e9 acionada\",\"datePublished\":\"2024-08-02T21:00:56+00:00\",\"dateModified\":\"2024-08-02T21:00:58+00:00\",\"mainEntityOfPage\":{\"@id\":\"https:\/\/www.gaveanews.com\/index.php\/2024\/08\/02\/phil-foden-se-envolve-em-polemica-e-policia-e-acionada\/\"},\"wordCount\":418,\"commentCount\":0,\"image\":{\"@id\":\"https:\/\/www.gaveanews.com\/index.php\/2024\/08\/02\/phil-foden-se-envolve-em-polemica-e-policia-e-acionada\/#primaryimage\"},\"thumbnailUrl\":\"https:\/\/www.gaveanews.com\/wp-content\/uploads\/Montiel.webp\",\"articleSection\":[\"Manchester City\"],\"inLanguage\":\"pt-BR\",\"potentialAction\":[{\"@type\":\"CommentAction\",\"name\":\"Comment\",\"target\":[\"https:\/\/www.gaveanews.com\/index.php\/2024\/08\/02\/phil-foden-se-envolve-em-polemica-e-policia-e-acionada\/#respond\"]}],\"copyrightYear\":\"2024\",\"copyrightHolder\":{\"@id\":\"https:\/\/www.gaveanews.com\/#organization\"}},{\"@type\":\"WebPage\",\"@id\":\"https:\/\/www.gaveanews.com\/index.php\/2024\/08\/02\/phil-foden-se-envolve-em-polemica-e-policia-e-acionada\/\",\"url\":\"https:\/\/www.gaveanews.com\/index.php\/2024\/08\/02\/phil-foden-se-envolve-em-polemica-e-policia-e-acionada\/\",\"name\":\"Phil Foden se envolve em pol\u00eamica e pol\u00edcia \u00e9 acionada\",\"isPartOf\":{\"@id\":\"https:\/\/www.gaveanews.com\/#website\"},\"primaryImageOfPage\":{\"@id\":\"https:\/\/www.gaveanews.com\/index.php\/2024\/08\/02\/phil-foden-se-envolve-em-polemica-e-policia-e-acionada\/#primaryimage\"},\"image\":{\"@id\":\"https:\/\/www.gaveanews.com\/index.php\/2024\/08\/02\/phil-foden-se-envolve-em-polemica-e-policia-e-acionada\/#primaryimage\"},\"thumbnailUrl\":\"https:\/\/www.gaveanews.com\/wp-content\/uploads\/Montiel.webp\",\"datePublished\":\"2024-08-02T21:00:56+00:00\",\"dateModified\":\"2024-08-02T21:00:58+00:00\",\"author\":{\"@id\":\"https:\/\/www.gaveanews.com\/#\/schema\/person\/0277a79a1289c451c281ec0411d84f0c\"},\"breadcrumb\":{\"@id\":\"https:\/\/www.gaveanews.com\/index.php\/2024\/08\/02\/phil-foden-se-envolve-em-polemica-e-policia-e-acionada\/#breadcrumb\"},\"inLanguage\":\"pt-BR\",\"potentialAction\":[{\"@type\":\"ReadAction\",\"target\":[\"https:\/\/www.gaveanews.com\/index.php\/2024\/08\/02\/phil-foden-se-envolve-em-polemica-e-policia-e-acionada\/\"]}]},{\"@type\":\"ImageObject\",\"inLanguage\":\"pt-BR\",\"@id\":\"https:\/\/www.gaveanews.com\/index.php\/2024\/08\/02\/phil-foden-se-envolve-em-polemica-e-policia-e-acionada\/#primaryimage\",\"url\":\"https:\/\/www.gaveanews.com\/wp-content\/uploads\/Montiel.webp\",\"contentUrl\":\"https:\/\/www.gaveanews.com\/wp-content\/uploads\/Montiel.webp\",\"width\":800,\"height\":517,\"caption\":\"Soccer Football - Premier League - Manchester City v Nottingham Forest - Etihad Stadium, Manchester, Britain - September 23, 2023 Manchester City's Phil Foden in action with Nottingham Forest's Gonzalo Montiel REUTERS\/Phil Noble\"},{\"@type\":\"BreadcrumbList\",\"@id\":\"https:\/\/www.gaveanews.com\/index.php\/2024\/08\/02\/phil-foden-se-envolve-em-polemica-e-policia-e-acionada\/#breadcrumb\",\"itemListElement\":[{\"@type\":\"ListItem\",\"position\":1,\"name\":\"Home\",\"item\":\"https:\/\/www.gaveanews.com\/\"},{\"@type\":\"ListItem\",\"position\":2,\"name\":\"Phil Foden se envolve em pol\u00eamica e pol\u00edcia \u00e9 acionada\"}]},{\"@type\":\"WebSite\",\"@id\":\"https:\/\/www.gaveanews.com\/#website\",\"url\":\"https:\/\/www.gaveanews.com\/\",\"name\":\"G\u00e1vea News\",\"description\":\"Veja todas as not\u00edcias sobre o Flamengo: Contrata\u00e7\u00f5es, categorias de base, resultados das partidas, tabela de classifica\u00e7\u00e3o, pr\u00f3ximos jogos!\",\"potentialAction\":[{\"@type\":\"SearchAction\",\"target\":{\"@type\":\"EntryPoint\",\"urlTemplate\":\"https:\/\/www.gaveanews.com\/?s={search_term_string}\"},\"query-input\":{\"@type\":\"PropertyValueSpecification\",\"valueRequired\":true,\"valueName\":\"search_term_string\"}}],\"inLanguage\":\"pt-BR\"},{\"@type\":\"Person\",\"@id\":\"https:\/\/www.gaveanews.com\/#\/schema\/person\/0277a79a1289c451c281ec0411d84f0c\",\"name\":\"Andr\u00e9 Serra\",\"image\":{\"@type\":\"ImageObject\",\"inLanguage\":\"pt-BR\",\"@id\":\"https:\/\/www.gaveanews.com\/#\/schema\/person\/image\/\",\"url\":\"https:\/\/secure.gravatar.com\/avatar\/d7231369fe48db93292b3e88eb2162dbd9a34a47a8437d9ef3bcaca2a86a83d7?s=96&d=mm&r=g\",\"contentUrl\":\"https:\/\/secure.gravatar.com\/avatar\/d7231369fe48db93292b3e88eb2162dbd9a34a47a8437d9ef3bcaca2a86a83d7?s=96&d=mm&r=g\",\"caption\":\"Andr\u00e9 Serra\"}}]}<\/script>\n<!-- \/ Yoast SEO Premium plugin. -->","yoast_head_json":{"title":"Phil Foden se envolve em pol\u00eamica e pol\u00edcia \u00e9 acionada","robots":{"index":"index","follow":"follow","max-snippet":"max-snippet:-1","max-image-preview":"max-image-preview:large","max-video-preview":"max-video-preview:-1"},"canonical":"https:\/\/www.gaveanews.com\/index.php\/2024\/08\/02\/phil-foden-se-envolve-em-polemica-e-policia-e-acionada\/","og_locale":"pt_BR","og_type":"article","og_title":"Phil Foden se envolve em pol\u00eamica e pol\u00edcia \u00e9 acionada","og_description":"Vizinhos acionaram as autoridades por conta de barulho Em sua mans\u00e3o avaliada em 3 milh\u00f5es de euros, o atacante Phil Foden dava uma festa infantil. Mas a festa estava com barulhos muito altos e se estendeu at\u00e9 00h, segundo os vizinhos. A vizinhan\u00e7a n\u00e3o viu outra alternativa a n\u00e3o ser de chamar a pol\u00edcia para [&hellip;]","og_url":"https:\/\/www.gaveanews.com\/index.php\/2024\/08\/02\/phil-foden-se-envolve-em-polemica-e-policia-e-acionada\/","og_site_name":"G\u00e1vea News","article_publisher":"https:\/\/facebook.com\/gaveaNews\/","article_published_time":"2024-08-02T21:00:56+00:00","article_modified_time":"2024-08-02T21:00:58+00:00","og_image":[{"width":800,"height":517,"url":"https:\/\/www.gaveanews.com\/wp-content\/uploads\/Montiel.webp","type":"image\/jpeg"}],"author":"Andr\u00e9 Serra","twitter_card":"summary_large_image","twitter_misc":{"Escrito por":"Andr\u00e9 Serra","Est. tempo de leitura":"3 minutos"},"schema":{"@context":"https:\/\/schema.org","@graph":[{"@type":"NewsArticle","@id":"https:\/\/www.gaveanews.com\/index.php\/2024\/08\/02\/phil-foden-se-envolve-em-polemica-e-policia-e-acionada\/#article","isPartOf":{"@id":"https:\/\/www.gaveanews.com\/index.php\/2024\/08\/02\/phil-foden-se-envolve-em-polemica-e-policia-e-acionada\/"},"author":{"name":"Andr\u00e9 Serra","@id":"https:\/\/www.gaveanews.com\/#\/schema\/person\/0277a79a1289c451c281ec0411d84f0c"},"headline":"Phil Foden se envolve em pol\u00eamica e pol\u00edcia \u00e9 acionada","datePublished":"2024-08-02T21:00:56+00:00","dateModified":"2024-08-02T21:00:58+00:00","mainEntityOfPage":{"@id":"https:\/\/www.gaveanews.com\/index.php\/2024\/08\/02\/phil-foden-se-envolve-em-polemica-e-policia-e-acionada\/"},"wordCount":418,"commentCount":0,"image":{"@id":"https:\/\/www.gaveanews.com\/index.php\/2024\/08\/02\/phil-foden-se-envolve-em-polemica-e-policia-e-acionada\/#primaryimage"},"thumbnailUrl":"https:\/\/www.gaveanews.com\/wp-content\/uploads\/Montiel.webp","articleSection":["Manchester City"],"inLanguage":"pt-BR","potentialAction":[{"@type":"CommentAction","name":"Comment","target":["https:\/\/www.gaveanews.com\/index.php\/2024\/08\/02\/phil-foden-se-envolve-em-polemica-e-policia-e-acionada\/#respond"]}],"copyrightYear":"2024","copyrightHolder":{"@id":"https:\/\/www.gaveanews.com\/#organization"}},{"@type":"WebPage","@id":"https:\/\/www.gaveanews.com\/index.php\/2024\/08\/02\/phil-foden-se-envolve-em-polemica-e-policia-e-acionada\/","url":"https:\/\/www.gaveanews.com\/index.php\/2024\/08\/02\/phil-foden-se-envolve-em-polemica-e-policia-e-acionada\/","name":"Phil Foden se envolve em pol\u00eamica e pol\u00edcia \u00e9 acionada","isPartOf":{"@id":"https:\/\/www.gaveanews.com\/#website"},"primaryImageOfPage":{"@id":"https:\/\/www.gaveanews.com\/index.php\/2024\/08\/02\/phil-foden-se-envolve-em-polemica-e-policia-e-acionada\/#primaryimage"},"image":{"@id":"https:\/\/www.gaveanews.com\/index.php\/2024\/08\/02\/phil-foden-se-envolve-em-polemica-e-policia-e-acionada\/#primaryimage"},"thumbnailUrl":"https:\/\/www.gaveanews.com\/wp-content\/uploads\/Montiel.webp","datePublished":"2024-08-02T21:00:56+00:00","dateModified":"2024-08-02T21:00:58+00:00","author":{"@id":"https:\/\/www.gaveanews.com\/#\/schema\/person\/0277a79a1289c451c281ec0411d84f0c"},"breadcrumb":{"@id":"https:\/\/www.gaveanews.com\/index.php\/2024\/08\/02\/phil-foden-se-envolve-em-polemica-e-policia-e-acionada\/#breadcrumb"},"inLanguage":"pt-BR","potentialAction":[{"@type":"ReadAction","target":["https:\/\/www.gaveanews.com\/index.php\/2024\/08\/02\/phil-foden-se-envolve-em-polemica-e-policia-e-acionada\/"]}]},{"@type":"ImageObject","inLanguage":"pt-BR","@id":"https:\/\/www.gaveanews.com\/index.php\/2024\/08\/02\/phil-foden-se-envolve-em-polemica-e-policia-e-acionada\/#primaryimage","url":"https:\/\/www.gaveanews.com\/wp-content\/uploads\/Montiel.webp","contentUrl":"https:\/\/www.gaveanews.com\/wp-content\/uploads\/Montiel.webp","width":800,"height":517,"caption":"Soccer Football - Premier League - Manchester City v Nottingham Forest - Etihad Stadium, Manchester, Britain - September 23, 2023 Manchester City's Phil Foden in action with Nottingham Forest's Gonzalo Montiel REUTERS\/Phil Noble"},{"@type":"BreadcrumbList","@id":"https:\/\/www.gaveanews.com\/index.php\/2024\/08\/02\/phil-foden-se-envolve-em-polemica-e-policia-e-acionada\/#breadcrumb","itemListElement":[{"@type":"ListItem","position":1,"name":"Home","item":"https:\/\/www.gaveanews.com\/"},{"@type":"ListItem","position":2,"name":"Phil Foden se envolve em pol\u00eamica e pol\u00edcia \u00e9 acionada"}]},{"@type":"WebSite","@id":"https:\/\/www.gaveanews.com\/#website","url":"https:\/\/www.gaveanews.com\/","name":"G\u00e1vea News","description":"Veja todas as not\u00edcias sobre o Flamengo: Contrata\u00e7\u00f5es, categorias de base, resultados das partidas, tabela de classifica\u00e7\u00e3o, pr\u00f3ximos jogos!","potentialAction":[{"@type":"SearchAction","target":{"@type":"EntryPoint","urlTemplate":"https:\/\/www.gaveanews.com\/?s={search_term_string}"},"query-input":{"@type":"PropertyValueSpecification","valueRequired":true,"valueName":"search_term_string"}}],"inLanguage":"pt-BR"},{"@type":"Person","@id":"https:\/\/www.gaveanews.com\/#\/schema\/person\/0277a79a1289c451c281ec0411d84f0c","name":"Andr\u00e9 Serra","image":{"@type":"ImageObject","inLanguage":"pt-BR","@id":"https:\/\/www.gaveanews.com\/#\/schema\/person\/image\/","url":"https:\/\/secure.gravatar.com\/avatar\/d7231369fe48db93292b3e88eb2162dbd9a34a47a8437d9ef3bcaca2a86a83d7?s=96&d=mm&r=g","contentUrl":"https:\/\/secure.gravatar.com\/avatar\/d7231369fe48db93292b3e88eb2162dbd9a34a47a8437d9ef3bcaca2a86a83d7?s=96&d=mm&r=g","caption":"Andr\u00e9 Serra"}}]}},"_links":{"self":[{"href":"https:\/\/www.gaveanews.com\/index.php\/wp-json\/wp\/v2\/posts\/156146","targetHints":{"allow":["GET"]}}],"collection":[{"href":"https:\/\/www.gaveanews.com\/index.php\/wp-json\/wp\/v2\/posts"}],"about":[{"href":"https:\/\/www.gaveanews.com\/index.php\/wp-json\/wp\/v2\/types\/post"}],"author":[{"embeddable":true,"href":"https:\/\/www.gaveanews.com\/index.php\/wp-json\/wp\/v2\/users\/21"}],"replies":[{"embeddable":true,"href":"https:\/\/www.gaveanews.com\/index.php\/wp-json\/wp\/v2\/comments?post=156146"}],"version-history":[{"count":2,"href":"https:\/\/www.gaveanews.com\/index.php\/wp-json\/wp\/v2\/posts\/156146\/revisions"}],"predecessor-version":[{"id":156206,"href":"https:\/\/www.gaveanews.com\/index.php\/wp-json\/wp\/v2\/posts\/156146\/revisions\/156206"}],"wp:featuredmedia":[{"embeddable":true,"href":"https:\/\/www.gaveanews.com\/index.php\/wp-json\/wp\/v2\/media\/117450"}],"wp:attachment":[{"href":"https:\/\/www.gaveanews.com\/index.php\/wp-json\/wp\/v2\/media?parent=156146"}],"wp:term":[{"taxonomy":"category","embeddable":true,"href":"https:\/\/www.gaveanews.com\/index.php\/wp-json\/wp\/v2\/categories?post=156146"},{"taxonomy":"post_tag","embeddable":true,"href":"https:\/\/www.gaveanews.com\/index.php\/wp-json\/wp\/v2\/tags?post=156146"}],"curies":[{"name":"wp","href":"https:\/\/api.w.org\/{rel}","templated":true}]}}