{"id":156258,"date":"2024-08-03T05:45:00","date_gmt":"2024-08-03T08:45:00","guid":{"rendered":"https:\/\/www.gaveanews.com\/?p=156258"},"modified":"2024-08-02T20:31:08","modified_gmt":"2024-08-02T23:31:08","slug":"everton-cebolinha-se-envolve-em-polemica-diretoria-fecha-acordo-no-exterior-e-fla-emite-nota-oficial-veja-as-ultimas-noticias-do-flamengo","status":"publish","type":"post","link":"https:\/\/www.gaveanews.com\/index.php\/2024\/08\/03\/everton-cebolinha-se-envolve-em-polemica-diretoria-fecha-acordo-no-exterior-e-fla-emite-nota-oficial-veja-as-ultimas-noticias-do-flamengo\/","title":{"rendered":"Everton Cebolinha se envolve em pol\u00eamica, diretoria fecha acordo no exterior e Fla emite nota sobre o est\u00e1dio: veja as \u00faltimas not\u00edcias do Flamengo"},"content":{"rendered":"\n<p>Nas \u00faltimas horas, o foco das not\u00edcias sobre o Flamengo se concentra nos bastidores do clube, com destaques como Everton Cebolinha se envolvendo em pol\u00eamica e o Flamengo emitindo nota oficial.<\/p>\n\n\n\n<p>Por conta deste contexto, leia abaixo um resumo preparado pela equipe do portal G\u00e1vea News para lhe manter muito bem informado!<\/p>\n\n\n\n<h2 class=\"wp-block-heading\" id=\"h-diretoria-fecha-acordo-no-exterior\">Diretoria fecha acordo no exterior<\/h2>\n\n\n\n<figure class=\"wp-block-image size-full\"><img loading=\"lazy\" decoding=\"async\" width=\"860\" height=\"484\" src=\"https:\/\/www.gaveanews.com\/wp-content\/uploads\/kelly-key-flamengo-angola-860x484-1.webp\" alt=\"\" class=\"wp-image-156062\" srcset=\"https:\/\/www.gaveanews.com\/wp-content\/uploads\/kelly-key-flamengo-angola-860x484-1.webp 860w, https:\/\/www.gaveanews.com\/wp-content\/uploads\/kelly-key-flamengo-angola-860x484-1-300x169.webp 300w, https:\/\/www.gaveanews.com\/wp-content\/uploads\/kelly-key-flamengo-angola-860x484-1-768x432.webp 768w, https:\/\/www.gaveanews.com\/wp-content\/uploads\/kelly-key-flamengo-angola-860x484-1-746x420.webp 746w, https:\/\/www.gaveanews.com\/wp-content\/uploads\/kelly-key-flamengo-angola-860x484-1-640x360.webp 640w, https:\/\/www.gaveanews.com\/wp-content\/uploads\/kelly-key-flamengo-angola-860x484-1-681x383.webp 681w, https:\/\/www.gaveanews.com\/wp-content\/uploads\/kelly-key-flamengo-angola-860x484-1-100x56.webp 100w\" sizes=\"auto, (max-width: 860px) 100vw, 860px\" \/><figcaption class=\"wp-element-caption\">Foto: Reprodu\u00e7\u00e3o\/ FlaZoeiro\n<\/figcaption><\/figure>\n\n\n\n<p>Nos anos 90, a cantora Kelly Key, conhecida por sucessos como \u201cBaba, Baby\u201d e \u201cPor causa de voc\u00ea\u201d, ganhou destaque na m\u00fasica. Agora, ela est\u00e1 se aventurando no futebol ao fundar o Kiala FC em Angola, ao lado de seu marido Mico Freitas. O time angolano se tornou um aliado do Flamengo na busca por jovens talentos africanos. O Flamengo planeja enviar olheiros para avaliar jogadores do Kiala FC, oferecendo a oportunidade de testes no Brasil, o que \u00e9 facilitado pela l\u00edngua portuguesa, que \u00e9 oficial em Angola.<\/p>\n\n\n\n<p>Nos \u00faltimos anos, o Flamengo tem intensificado a busca por talentos no continente africano. Um exemplo recente \u00e9 Shola, um jogador nigeriano que foi crucial na conquista da Libertadores Sub-20 pelo Flamengo. Devido ao seu desempenho, a diretoria decidiu contrat\u00e1-lo em definitivo ap\u00f3s seu empr\u00e9stimo. Shola assinou um contrato de tr\u00eas anos com o clube e teve a oportunidade de treinar com o time principal.<\/p>\n\n\n\n<p>No entanto, nem todos os nigerianos est\u00e3o permanecendo no Flamengo. Hassan Haruna, que chegou por empr\u00e9stimo do XV de Piracicaba, impressionou e atraiu interesse do Al-Bateh, dos Emirados \u00c1rabes Unidos. A transfer\u00eancia est\u00e1 em fase final, destacando o impacto dos atletas africanos no futebol internacional e a estrat\u00e9gia do Flamengo em expandir sua presen\u00e7a na \u00c1frica.<\/p>\n\n\n\n<h2 class=\"wp-block-heading\" id=\"h-everton-cebolinha-se-envolve-em-polemica\">Everton Cebolinha se envolve em pol\u00eamica<\/h2>\n\n\n\n<figure class=\"wp-block-image size-full\"><img loading=\"lazy\" decoding=\"async\" width=\"900\" height=\"600\" src=\"https:\/\/www.gaveanews.com\/wp-content\/uploads\/everton-cebolinha-matheus-cunha-treino-flamengo.webp\" alt=\"\" class=\"wp-image-96301\" srcset=\"https:\/\/www.gaveanews.com\/wp-content\/uploads\/everton-cebolinha-matheus-cunha-treino-flamengo.webp 900w, https:\/\/www.gaveanews.com\/wp-content\/uploads\/everton-cebolinha-matheus-cunha-treino-flamengo-300x200.webp 300w, https:\/\/www.gaveanews.com\/wp-content\/uploads\/everton-cebolinha-matheus-cunha-treino-flamengo-768x512.webp 768w, https:\/\/www.gaveanews.com\/wp-content\/uploads\/everton-cebolinha-matheus-cunha-treino-flamengo-630x420.webp 630w, https:\/\/www.gaveanews.com\/wp-content\/uploads\/everton-cebolinha-matheus-cunha-treino-flamengo-640x427.webp 640w, https:\/\/www.gaveanews.com\/wp-content\/uploads\/everton-cebolinha-matheus-cunha-treino-flamengo-681x454.webp 681w, https:\/\/www.gaveanews.com\/wp-content\/uploads\/everton-cebolinha-matheus-cunha-treino-flamengo-100x67.webp 100w\" sizes=\"auto, (max-width: 900px) 100vw, 900px\" \/><figcaption class=\"wp-element-caption\">Everton Cebolinha e Matheus Cunha em treino do Flamengo no Ninho do Urubu (Foto: Gilvan de Souza\/Flamengo)<\/figcaption><\/figure>\n\n\n\n<p>Na quinta-feira (1), Everton Cebolinha usou suas redes sociais para refutar uma publica\u00e7\u00e3o do portal \u2018Coluna do Fla\u2019 que atribu\u00eda suas recentes les\u00f5es ao uso de fisioterapia particular. O portal havia sugerido que Cebolinha, que desfalca o Flamengo devido a les\u00f5es, come\u00e7ou a ter problemas ap\u00f3s buscar atendimento individual fora da estrutura do clube. A mat\u00e9ria indicava que o atacante estava afastado dos jogos por quest\u00f5es relacionadas a essas les\u00f5es.<\/p>\n\n\n\n<p>O \u2018Coluna do Fla\u2019 creditou a informa\u00e7\u00e3o ao \u2018GE\u2019, que, por sua vez, apresentava um relato diferente. O \u2018GE\u2019 afirmou que Cebolinha havia investido em fisioterapia particular como um esfor\u00e7o para evitar les\u00f5es e manter a boa fase na temporada, destacando que esse atendimento era voltado para a recupera\u00e7\u00e3o e n\u00e3o para performance direta.<\/p>\n\n\n\n<p>Rebatendo as alega\u00e7\u00f5es, Cebolinha compartilhou o post do \u2018Coluna do Fla\u2019 e criticou a mat\u00e9ria, chamando-a de &#8220;rid\u00edcula&#8221; e &#8220;tendenciosa&#8221;. Ele explicou que seu fisioterapeuta particular \u00e9 parte fundamental de sua rotina de recupera\u00e7\u00e3o e n\u00e3o de desempenho, e enfatizou que les\u00f5es s\u00e3o uma parte normal da vida de um atleta, especialmente com o calend\u00e1rio exigente.<\/p>\n\n\n\n<h2 class=\"wp-block-heading\" id=\"h-fla-emite-nota-sobre-estadio\">Fla emite nota sobre est\u00e1dio<\/h2>\n\n\n\n<figure class=\"wp-block-image size-large\"><img loading=\"lazy\" decoding=\"async\" width=\"1024\" height=\"576\" src=\"https:\/\/www.gaveanews.com\/wp-content\/uploads\/landim-e-marco-braz-1024x576.webp\" alt=\"\" class=\"wp-image-118011\" srcset=\"https:\/\/www.gaveanews.com\/wp-content\/uploads\/landim-e-marco-braz-1024x576.webp 1024w, https:\/\/www.gaveanews.com\/wp-content\/uploads\/landim-e-marco-braz-300x169.webp 300w, https:\/\/www.gaveanews.com\/wp-content\/uploads\/landim-e-marco-braz-768x432.webp 768w, https:\/\/www.gaveanews.com\/wp-content\/uploads\/landim-e-marco-braz-746x420.webp 746w, https:\/\/www.gaveanews.com\/wp-content\/uploads\/landim-e-marco-braz-1493x840.webp 1493w, https:\/\/www.gaveanews.com\/wp-content\/uploads\/landim-e-marco-braz-640x360.webp 640w, https:\/\/www.gaveanews.com\/wp-content\/uploads\/landim-e-marco-braz-1280x720.webp 1280w, https:\/\/www.gaveanews.com\/wp-content\/uploads\/landim-e-marco-braz-681x383.webp 681w, https:\/\/www.gaveanews.com\/wp-content\/uploads\/landim-e-marco-braz-1362x766.webp 1362w, https:\/\/www.gaveanews.com\/wp-content\/uploads\/landim-e-marco-braz-100x56.webp 100w, https:\/\/www.gaveanews.com\/wp-content\/uploads\/landim-e-marco-braz.webp 1500w\" sizes=\"auto, (max-width: 1024px) 100vw, 1024px\" \/><figcaption class=\"wp-element-caption\">Rodolfo Landim, presidente do Flamengo, e Marcos Braz, vice de futebol do clube (Foto: Reprodu\u00e7\u00e3o\/ Goal)<\/figcaption><\/figure>\n\n\n\n<p>O Flamengo anunciou nesta sexta-feira (2) que concluiu o pagamento do terreno do Gas\u00f4metro, adquirido em leil\u00e3o na \u00faltima quarta-feira (31). O valor de R$ 138.195.000,00 foi pago integralmente ao Munic\u00edpio do Rio de Janeiro. A confirma\u00e7\u00e3o do pagamento e o dep\u00f3sito em ju\u00edzo foram divulgados pelo clube nas redes sociais, conforme as diretrizes do edital do leil\u00e3o.<\/p>\n\n\n\n<p>A decis\u00e3o de participar do leil\u00e3o foi aprovada pelo Conselho Deliberativo do Flamengo no in\u00edcio da semana. A proposta para adquirir o terreno foi bem recebida e contou com o apoio da maioria dos conselheiros. O terreno desapropriado pelo Munic\u00edpio do Rio de Janeiro agora faz parte dos ativos do clube.<\/p>\n\n\n\n<p>Al\u00e9m disso, Marcos Bodin, novo vice-presidente de Patrim\u00f4nio do Flamengo, revelou que o clube planeja inaugurar o novo est\u00e1dio no dia 15 de novembro de 2029, data que marca o 134\u00ba anivers\u00e1rio do Flamengo.<\/p>\n","protected":false},"excerpt":{"rendered":"<p>Nas \u00faltimas horas, o foco das not\u00edcias sobre o Flamengo se concentra nos bastidores do clube, com destaques como Everton Cebolinha se envolvendo em pol\u00eamica e o Flamengo emitindo nota oficial. Por conta deste contexto, leia abaixo um resumo preparado pela equipe do portal G\u00e1vea News para lhe manter muito bem informado! Diretoria fecha acordo [&hellip;]<\/p>\n","protected":false},"author":15,"featured_media":142098,"comment_status":"open","ping_status":"closed","sticky":false,"template":"","format":"standard","meta":{"footnotes":""},"categories":[1],"tags":[],"class_list":["post-156258","post","type-post","status-publish","format-standard","has-post-thumbnail","hentry","category-flamengo"],"yoast_head":"<!-- This site is optimized with the Yoast SEO Premium plugin v24.2 (Yoast SEO v26.9) - https:\/\/yoast.com\/product\/yoast-seo-premium-wordpress\/ -->\n<title>Everton Cebolinha se envolve em pol\u00eamica, diretoria fecha acordo no exterior e Fla emite nota sobre o est\u00e1dio: veja as \u00faltimas not\u00edcias do Flamengo<\/title>\n<meta name=\"robots\" content=\"index, follow, max-snippet:-1, max-image-preview:large, max-video-preview:-1\" \/>\n<link rel=\"canonical\" href=\"https:\/\/www.gaveanews.com\/index.php\/2024\/08\/03\/everton-cebolinha-se-envolve-em-polemica-diretoria-fecha-acordo-no-exterior-e-fla-emite-nota-oficial-veja-as-ultimas-noticias-do-flamengo\/\" \/>\n<meta property=\"og:locale\" content=\"pt_BR\" \/>\n<meta property=\"og:type\" content=\"article\" \/>\n<meta property=\"og:title\" content=\"Everton Cebolinha se envolve em pol\u00eamica, diretoria fecha acordo no exterior e Fla emite nota sobre o est\u00e1dio: veja as \u00faltimas not\u00edcias do Flamengo\" \/>\n<meta property=\"og:description\" content=\"Nas \u00faltimas horas, o foco das not\u00edcias sobre o Flamengo se concentra nos bastidores do clube, com destaques como Everton Cebolinha se envolvendo em pol\u00eamica e o Flamengo emitindo nota oficial. Por conta deste contexto, leia abaixo um resumo preparado pela equipe do portal G\u00e1vea News para lhe manter muito bem informado! Diretoria fecha acordo [&hellip;]\" \/>\n<meta property=\"og:url\" content=\"https:\/\/www.gaveanews.com\/index.php\/2024\/08\/03\/everton-cebolinha-se-envolve-em-polemica-diretoria-fecha-acordo-no-exterior-e-fla-emite-nota-oficial-veja-as-ultimas-noticias-do-flamengo\/\" \/>\n<meta property=\"og:site_name\" content=\"G\u00e1vea News\" \/>\n<meta property=\"article:publisher\" content=\"https:\/\/facebook.com\/gaveaNews\/\" \/>\n<meta property=\"article:published_time\" content=\"2024-08-03T08:45:00+00:00\" \/>\n<meta property=\"og:image\" content=\"https:\/\/www.gaveanews.com\/wp-content\/uploads\/everton-cebolinha.webp\" \/>\n\t<meta property=\"og:image:width\" content=\"640\" \/>\n\t<meta property=\"og:image:height\" content=\"400\" \/>\n\t<meta property=\"og:image:type\" content=\"image\/jpeg\" \/>\n<meta name=\"author\" content=\"Henrique Machado\" \/>\n<meta name=\"twitter:card\" content=\"summary_large_image\" \/>\n<meta name=\"twitter:label1\" content=\"Escrito por\" \/>\n\t<meta name=\"twitter:data1\" content=\"Henrique Machado\" \/>\n\t<meta name=\"twitter:label2\" content=\"Est. tempo de leitura\" \/>\n\t<meta name=\"twitter:data2\" content=\"5 minutos\" \/>\n<script type=\"application\/ld+json\" class=\"yoast-schema-graph\">{\"@context\":\"https:\/\/schema.org\",\"@graph\":[{\"@type\":\"NewsArticle\",\"@id\":\"https:\/\/www.gaveanews.com\/index.php\/2024\/08\/03\/everton-cebolinha-se-envolve-em-polemica-diretoria-fecha-acordo-no-exterior-e-fla-emite-nota-oficial-veja-as-ultimas-noticias-do-flamengo\/#article\",\"isPartOf\":{\"@id\":\"https:\/\/www.gaveanews.com\/index.php\/2024\/08\/03\/everton-cebolinha-se-envolve-em-polemica-diretoria-fecha-acordo-no-exterior-e-fla-emite-nota-oficial-veja-as-ultimas-noticias-do-flamengo\/\"},\"author\":{\"name\":\"Henrique Machado\",\"@id\":\"https:\/\/www.gaveanews.com\/#\/schema\/person\/fd07635ec039ec3ba74ad18ec8a6dbd6\"},\"headline\":\"Everton Cebolinha se envolve em pol\u00eamica, diretoria fecha acordo no exterior e Fla emite nota sobre o est\u00e1dio: veja as \u00faltimas not\u00edcias do Flamengo\",\"datePublished\":\"2024-08-03T08:45:00+00:00\",\"mainEntityOfPage\":{\"@id\":\"https:\/\/www.gaveanews.com\/index.php\/2024\/08\/03\/everton-cebolinha-se-envolve-em-polemica-diretoria-fecha-acordo-no-exterior-e-fla-emite-nota-oficial-veja-as-ultimas-noticias-do-flamengo\/\"},\"wordCount\":707,\"commentCount\":0,\"image\":{\"@id\":\"https:\/\/www.gaveanews.com\/index.php\/2024\/08\/03\/everton-cebolinha-se-envolve-em-polemica-diretoria-fecha-acordo-no-exterior-e-fla-emite-nota-oficial-veja-as-ultimas-noticias-do-flamengo\/#primaryimage\"},\"thumbnailUrl\":\"https:\/\/www.gaveanews.com\/wp-content\/uploads\/everton-cebolinha.webp\",\"articleSection\":[\"Flamengo\"],\"inLanguage\":\"pt-BR\",\"potentialAction\":[{\"@type\":\"CommentAction\",\"name\":\"Comment\",\"target\":[\"https:\/\/www.gaveanews.com\/index.php\/2024\/08\/03\/everton-cebolinha-se-envolve-em-polemica-diretoria-fecha-acordo-no-exterior-e-fla-emite-nota-oficial-veja-as-ultimas-noticias-do-flamengo\/#respond\"]}],\"copyrightYear\":\"2024\",\"copyrightHolder\":{\"@id\":\"https:\/\/www.gaveanews.com\/#organization\"}},{\"@type\":\"WebPage\",\"@id\":\"https:\/\/www.gaveanews.com\/index.php\/2024\/08\/03\/everton-cebolinha-se-envolve-em-polemica-diretoria-fecha-acordo-no-exterior-e-fla-emite-nota-oficial-veja-as-ultimas-noticias-do-flamengo\/\",\"url\":\"https:\/\/www.gaveanews.com\/index.php\/2024\/08\/03\/everton-cebolinha-se-envolve-em-polemica-diretoria-fecha-acordo-no-exterior-e-fla-emite-nota-oficial-veja-as-ultimas-noticias-do-flamengo\/\",\"name\":\"Everton Cebolinha se envolve em pol\u00eamica, diretoria fecha acordo no exterior e Fla emite nota sobre o est\u00e1dio: veja as \u00faltimas not\u00edcias do Flamengo\",\"isPartOf\":{\"@id\":\"https:\/\/www.gaveanews.com\/#website\"},\"primaryImageOfPage\":{\"@id\":\"https:\/\/www.gaveanews.com\/index.php\/2024\/08\/03\/everton-cebolinha-se-envolve-em-polemica-diretoria-fecha-acordo-no-exterior-e-fla-emite-nota-oficial-veja-as-ultimas-noticias-do-flamengo\/#primaryimage\"},\"image\":{\"@id\":\"https:\/\/www.gaveanews.com\/index.php\/2024\/08\/03\/everton-cebolinha-se-envolve-em-polemica-diretoria-fecha-acordo-no-exterior-e-fla-emite-nota-oficial-veja-as-ultimas-noticias-do-flamengo\/#primaryimage\"},\"thumbnailUrl\":\"https:\/\/www.gaveanews.com\/wp-content\/uploads\/everton-cebolinha.webp\",\"datePublished\":\"2024-08-03T08:45:00+00:00\",\"author\":{\"@id\":\"https:\/\/www.gaveanews.com\/#\/schema\/person\/fd07635ec039ec3ba74ad18ec8a6dbd6\"},\"breadcrumb\":{\"@id\":\"https:\/\/www.gaveanews.com\/index.php\/2024\/08\/03\/everton-cebolinha-se-envolve-em-polemica-diretoria-fecha-acordo-no-exterior-e-fla-emite-nota-oficial-veja-as-ultimas-noticias-do-flamengo\/#breadcrumb\"},\"inLanguage\":\"pt-BR\",\"potentialAction\":[{\"@type\":\"ReadAction\",\"target\":[\"https:\/\/www.gaveanews.com\/index.php\/2024\/08\/03\/everton-cebolinha-se-envolve-em-polemica-diretoria-fecha-acordo-no-exterior-e-fla-emite-nota-oficial-veja-as-ultimas-noticias-do-flamengo\/\"]}]},{\"@type\":\"ImageObject\",\"inLanguage\":\"pt-BR\",\"@id\":\"https:\/\/www.gaveanews.com\/index.php\/2024\/08\/03\/everton-cebolinha-se-envolve-em-polemica-diretoria-fecha-acordo-no-exterior-e-fla-emite-nota-oficial-veja-as-ultimas-noticias-do-flamengo\/#primaryimage\",\"url\":\"https:\/\/www.gaveanews.com\/wp-content\/uploads\/everton-cebolinha.webp\",\"contentUrl\":\"https:\/\/www.gaveanews.com\/wp-content\/uploads\/everton-cebolinha.webp\",\"width\":640,\"height\":400,\"caption\":\"Foto: Vitor Beloti\/Coluna do Fla\"},{\"@type\":\"BreadcrumbList\",\"@id\":\"https:\/\/www.gaveanews.com\/index.php\/2024\/08\/03\/everton-cebolinha-se-envolve-em-polemica-diretoria-fecha-acordo-no-exterior-e-fla-emite-nota-oficial-veja-as-ultimas-noticias-do-flamengo\/#breadcrumb\",\"itemListElement\":[{\"@type\":\"ListItem\",\"position\":1,\"name\":\"Home\",\"item\":\"https:\/\/www.gaveanews.com\/\"},{\"@type\":\"ListItem\",\"position\":2,\"name\":\"Everton Cebolinha se envolve em pol\u00eamica, diretoria fecha acordo no exterior e Fla emite nota sobre o est\u00e1dio: veja as \u00faltimas not\u00edcias do Flamengo\"}]},{\"@type\":\"WebSite\",\"@id\":\"https:\/\/www.gaveanews.com\/#website\",\"url\":\"https:\/\/www.gaveanews.com\/\",\"name\":\"G\u00e1vea News\",\"description\":\"Veja todas as not\u00edcias sobre o Flamengo: Contrata\u00e7\u00f5es, categorias de base, resultados das partidas, tabela de classifica\u00e7\u00e3o, pr\u00f3ximos jogos!\",\"potentialAction\":[{\"@type\":\"SearchAction\",\"target\":{\"@type\":\"EntryPoint\",\"urlTemplate\":\"https:\/\/www.gaveanews.com\/?s={search_term_string}\"},\"query-input\":{\"@type\":\"PropertyValueSpecification\",\"valueRequired\":true,\"valueName\":\"search_term_string\"}}],\"inLanguage\":\"pt-BR\"},{\"@type\":\"Person\",\"@id\":\"https:\/\/www.gaveanews.com\/#\/schema\/person\/fd07635ec039ec3ba74ad18ec8a6dbd6\",\"name\":\"Henrique Machado\",\"image\":{\"@type\":\"ImageObject\",\"inLanguage\":\"pt-BR\",\"@id\":\"https:\/\/www.gaveanews.com\/#\/schema\/person\/image\/\",\"url\":\"https:\/\/secure.gravatar.com\/avatar\/b95e35997e01d9800c1b6184bd79d4d898d370a3fce2584f5c77b907d5c7d9e9?s=96&d=mm&r=g\",\"contentUrl\":\"https:\/\/secure.gravatar.com\/avatar\/b95e35997e01d9800c1b6184bd79d4d898d370a3fce2584f5c77b907d5c7d9e9?s=96&d=mm&r=g\",\"caption\":\"Henrique Machado\"}}]}<\/script>\n<!-- \/ Yoast SEO Premium plugin. -->","yoast_head_json":{"title":"Everton Cebolinha se envolve em pol\u00eamica, diretoria fecha acordo no exterior e Fla emite nota sobre o est\u00e1dio: veja as \u00faltimas not\u00edcias do Flamengo","robots":{"index":"index","follow":"follow","max-snippet":"max-snippet:-1","max-image-preview":"max-image-preview:large","max-video-preview":"max-video-preview:-1"},"canonical":"https:\/\/www.gaveanews.com\/index.php\/2024\/08\/03\/everton-cebolinha-se-envolve-em-polemica-diretoria-fecha-acordo-no-exterior-e-fla-emite-nota-oficial-veja-as-ultimas-noticias-do-flamengo\/","og_locale":"pt_BR","og_type":"article","og_title":"Everton Cebolinha se envolve em pol\u00eamica, diretoria fecha acordo no exterior e Fla emite nota sobre o est\u00e1dio: veja as \u00faltimas not\u00edcias do Flamengo","og_description":"Nas \u00faltimas horas, o foco das not\u00edcias sobre o Flamengo se concentra nos bastidores do clube, com destaques como Everton Cebolinha se envolvendo em pol\u00eamica e o Flamengo emitindo nota oficial. Por conta deste contexto, leia abaixo um resumo preparado pela equipe do portal G\u00e1vea News para lhe manter muito bem informado! Diretoria fecha acordo [&hellip;]","og_url":"https:\/\/www.gaveanews.com\/index.php\/2024\/08\/03\/everton-cebolinha-se-envolve-em-polemica-diretoria-fecha-acordo-no-exterior-e-fla-emite-nota-oficial-veja-as-ultimas-noticias-do-flamengo\/","og_site_name":"G\u00e1vea News","article_publisher":"https:\/\/facebook.com\/gaveaNews\/","article_published_time":"2024-08-03T08:45:00+00:00","og_image":[{"width":640,"height":400,"url":"https:\/\/www.gaveanews.com\/wp-content\/uploads\/everton-cebolinha.webp","type":"image\/jpeg"}],"author":"Henrique Machado","twitter_card":"summary_large_image","twitter_misc":{"Escrito por":"Henrique Machado","Est. tempo de leitura":"5 minutos"},"schema":{"@context":"https:\/\/schema.org","@graph":[{"@type":"NewsArticle","@id":"https:\/\/www.gaveanews.com\/index.php\/2024\/08\/03\/everton-cebolinha-se-envolve-em-polemica-diretoria-fecha-acordo-no-exterior-e-fla-emite-nota-oficial-veja-as-ultimas-noticias-do-flamengo\/#article","isPartOf":{"@id":"https:\/\/www.gaveanews.com\/index.php\/2024\/08\/03\/everton-cebolinha-se-envolve-em-polemica-diretoria-fecha-acordo-no-exterior-e-fla-emite-nota-oficial-veja-as-ultimas-noticias-do-flamengo\/"},"author":{"name":"Henrique Machado","@id":"https:\/\/www.gaveanews.com\/#\/schema\/person\/fd07635ec039ec3ba74ad18ec8a6dbd6"},"headline":"Everton Cebolinha se envolve em pol\u00eamica, diretoria fecha acordo no exterior e Fla emite nota sobre o est\u00e1dio: veja as \u00faltimas not\u00edcias do Flamengo","datePublished":"2024-08-03T08:45:00+00:00","mainEntityOfPage":{"@id":"https:\/\/www.gaveanews.com\/index.php\/2024\/08\/03\/everton-cebolinha-se-envolve-em-polemica-diretoria-fecha-acordo-no-exterior-e-fla-emite-nota-oficial-veja-as-ultimas-noticias-do-flamengo\/"},"wordCount":707,"commentCount":0,"image":{"@id":"https:\/\/www.gaveanews.com\/index.php\/2024\/08\/03\/everton-cebolinha-se-envolve-em-polemica-diretoria-fecha-acordo-no-exterior-e-fla-emite-nota-oficial-veja-as-ultimas-noticias-do-flamengo\/#primaryimage"},"thumbnailUrl":"https:\/\/www.gaveanews.com\/wp-content\/uploads\/everton-cebolinha.webp","articleSection":["Flamengo"],"inLanguage":"pt-BR","potentialAction":[{"@type":"CommentAction","name":"Comment","target":["https:\/\/www.gaveanews.com\/index.php\/2024\/08\/03\/everton-cebolinha-se-envolve-em-polemica-diretoria-fecha-acordo-no-exterior-e-fla-emite-nota-oficial-veja-as-ultimas-noticias-do-flamengo\/#respond"]}],"copyrightYear":"2024","copyrightHolder":{"@id":"https:\/\/www.gaveanews.com\/#organization"}},{"@type":"WebPage","@id":"https:\/\/www.gaveanews.com\/index.php\/2024\/08\/03\/everton-cebolinha-se-envolve-em-polemica-diretoria-fecha-acordo-no-exterior-e-fla-emite-nota-oficial-veja-as-ultimas-noticias-do-flamengo\/","url":"https:\/\/www.gaveanews.com\/index.php\/2024\/08\/03\/everton-cebolinha-se-envolve-em-polemica-diretoria-fecha-acordo-no-exterior-e-fla-emite-nota-oficial-veja-as-ultimas-noticias-do-flamengo\/","name":"Everton Cebolinha se envolve em pol\u00eamica, diretoria fecha acordo no exterior e Fla emite nota sobre o est\u00e1dio: veja as \u00faltimas not\u00edcias do Flamengo","isPartOf":{"@id":"https:\/\/www.gaveanews.com\/#website"},"primaryImageOfPage":{"@id":"https:\/\/www.gaveanews.com\/index.php\/2024\/08\/03\/everton-cebolinha-se-envolve-em-polemica-diretoria-fecha-acordo-no-exterior-e-fla-emite-nota-oficial-veja-as-ultimas-noticias-do-flamengo\/#primaryimage"},"image":{"@id":"https:\/\/www.gaveanews.com\/index.php\/2024\/08\/03\/everton-cebolinha-se-envolve-em-polemica-diretoria-fecha-acordo-no-exterior-e-fla-emite-nota-oficial-veja-as-ultimas-noticias-do-flamengo\/#primaryimage"},"thumbnailUrl":"https:\/\/www.gaveanews.com\/wp-content\/uploads\/everton-cebolinha.webp","datePublished":"2024-08-03T08:45:00+00:00","author":{"@id":"https:\/\/www.gaveanews.com\/#\/schema\/person\/fd07635ec039ec3ba74ad18ec8a6dbd6"},"breadcrumb":{"@id":"https:\/\/www.gaveanews.com\/index.php\/2024\/08\/03\/everton-cebolinha-se-envolve-em-polemica-diretoria-fecha-acordo-no-exterior-e-fla-emite-nota-oficial-veja-as-ultimas-noticias-do-flamengo\/#breadcrumb"},"inLanguage":"pt-BR","potentialAction":[{"@type":"ReadAction","target":["https:\/\/www.gaveanews.com\/index.php\/2024\/08\/03\/everton-cebolinha-se-envolve-em-polemica-diretoria-fecha-acordo-no-exterior-e-fla-emite-nota-oficial-veja-as-ultimas-noticias-do-flamengo\/"]}]},{"@type":"ImageObject","inLanguage":"pt-BR","@id":"https:\/\/www.gaveanews.com\/index.php\/2024\/08\/03\/everton-cebolinha-se-envolve-em-polemica-diretoria-fecha-acordo-no-exterior-e-fla-emite-nota-oficial-veja-as-ultimas-noticias-do-flamengo\/#primaryimage","url":"https:\/\/www.gaveanews.com\/wp-content\/uploads\/everton-cebolinha.webp","contentUrl":"https:\/\/www.gaveanews.com\/wp-content\/uploads\/everton-cebolinha.webp","width":640,"height":400,"caption":"Foto: Vitor Beloti\/Coluna do Fla"},{"@type":"BreadcrumbList","@id":"https:\/\/www.gaveanews.com\/index.php\/2024\/08\/03\/everton-cebolinha-se-envolve-em-polemica-diretoria-fecha-acordo-no-exterior-e-fla-emite-nota-oficial-veja-as-ultimas-noticias-do-flamengo\/#breadcrumb","itemListElement":[{"@type":"ListItem","position":1,"name":"Home","item":"https:\/\/www.gaveanews.com\/"},{"@type":"ListItem","position":2,"name":"Everton Cebolinha se envolve em pol\u00eamica, diretoria fecha acordo no exterior e Fla emite nota sobre o est\u00e1dio: veja as \u00faltimas not\u00edcias do Flamengo"}]},{"@type":"WebSite","@id":"https:\/\/www.gaveanews.com\/#website","url":"https:\/\/www.gaveanews.com\/","name":"G\u00e1vea News","description":"Veja todas as not\u00edcias sobre o Flamengo: Contrata\u00e7\u00f5es, categorias de base, resultados das partidas, tabela de classifica\u00e7\u00e3o, pr\u00f3ximos jogos!","potentialAction":[{"@type":"SearchAction","target":{"@type":"EntryPoint","urlTemplate":"https:\/\/www.gaveanews.com\/?s={search_term_string}"},"query-input":{"@type":"PropertyValueSpecification","valueRequired":true,"valueName":"search_term_string"}}],"inLanguage":"pt-BR"},{"@type":"Person","@id":"https:\/\/www.gaveanews.com\/#\/schema\/person\/fd07635ec039ec3ba74ad18ec8a6dbd6","name":"Henrique Machado","image":{"@type":"ImageObject","inLanguage":"pt-BR","@id":"https:\/\/www.gaveanews.com\/#\/schema\/person\/image\/","url":"https:\/\/secure.gravatar.com\/avatar\/b95e35997e01d9800c1b6184bd79d4d898d370a3fce2584f5c77b907d5c7d9e9?s=96&d=mm&r=g","contentUrl":"https:\/\/secure.gravatar.com\/avatar\/b95e35997e01d9800c1b6184bd79d4d898d370a3fce2584f5c77b907d5c7d9e9?s=96&d=mm&r=g","caption":"Henrique Machado"}}]}},"_links":{"self":[{"href":"https:\/\/www.gaveanews.com\/index.php\/wp-json\/wp\/v2\/posts\/156258","targetHints":{"allow":["GET"]}}],"collection":[{"href":"https:\/\/www.gaveanews.com\/index.php\/wp-json\/wp\/v2\/posts"}],"about":[{"href":"https:\/\/www.gaveanews.com\/index.php\/wp-json\/wp\/v2\/types\/post"}],"author":[{"embeddable":true,"href":"https:\/\/www.gaveanews.com\/index.php\/wp-json\/wp\/v2\/users\/15"}],"replies":[{"embeddable":true,"href":"https:\/\/www.gaveanews.com\/index.php\/wp-json\/wp\/v2\/comments?post=156258"}],"version-history":[{"count":4,"href":"https:\/\/www.gaveanews.com\/index.php\/wp-json\/wp\/v2\/posts\/156258\/revisions"}],"predecessor-version":[{"id":156263,"href":"https:\/\/www.gaveanews.com\/index.php\/wp-json\/wp\/v2\/posts\/156258\/revisions\/156263"}],"wp:featuredmedia":[{"embeddable":true,"href":"https:\/\/www.gaveanews.com\/index.php\/wp-json\/wp\/v2\/media\/142098"}],"wp:attachment":[{"href":"https:\/\/www.gaveanews.com\/index.php\/wp-json\/wp\/v2\/media?parent=156258"}],"wp:term":[{"taxonomy":"category","embeddable":true,"href":"https:\/\/www.gaveanews.com\/index.php\/wp-json\/wp\/v2\/categories?post=156258"},{"taxonomy":"post_tag","embeddable":true,"href":"https:\/\/www.gaveanews.com\/index.php\/wp-json\/wp\/v2\/tags?post=156258"}],"curies":[{"name":"wp","href":"https:\/\/api.w.org\/{rel}","templated":true}]}}