{"id":156386,"date":"2024-08-04T17:23:30","date_gmt":"2024-08-04T20:23:30","guid":{"rendered":"https:\/\/www.gaveanews.com\/?p=156386"},"modified":"2024-08-04T17:23:37","modified_gmt":"2024-08-04T20:23:37","slug":"time-da-europa-vai-oferecer-100-milhoes-para-contratar-titular-do-flamengo","status":"publish","type":"post","link":"https:\/\/www.gaveanews.com\/index.php\/2024\/08\/04\/time-da-europa-vai-oferecer-100-milhoes-para-contratar-titular-do-flamengo\/","title":{"rendered":"Time da Europa vai oferecer 100 milh\u00f5es para contratar titular do Flamengo"},"content":{"rendered":"\n<p>Fabr\u00edcio Bruno est\u00e1 valorizado no mercado. Ap\u00f3s negociar com o West Ham, agora \u00e9 a vez do Rennes insistir pelo zagueiro do Flamengo. Depois de ter a primeira proposta recusada, o time franc\u00eas enviar\u00e1 nova oferta para ter o camisa 15 do Meng\u00e3o.<\/p>\n\n\n\n<p>Anteriormente, o Rennes havia oferecido 14 milh\u00f5es de euros (R$ 85,7 milh\u00f5es) ao Flamengo para contratar Fabr\u00edcio Bruno. Contudo, os valores n\u00e3o agradaram ao presidente Rodolfo Landim. O Rubro-Negro j\u00e1 foi comunicado que uma nova proposta dos franceses ser\u00e1 oficializada nos pr\u00f3ximos dias. O G\u00e1vea News apurou que a pr\u00f3xima oferta deve chegar a 100 milh\u00f5es de reais.<\/p>\n\n\n\n<p>Em entrevista concedida \u00e0 \u2018ESPN\u2019, Rodolfo Landim foi claro sobre a primeira proposta do Rennes. O mandat\u00e1rio ressaltou que o valor foi abaixo do oferecido pelo West Ham meses atr\u00e1s. Na ocasi\u00e3o, o Flamengo at\u00e9 aceitou, mas Fabr\u00edcio Bruno n\u00e3o entrou em acordo com o time ingl\u00eas na quest\u00e3o salarial.<\/p>\n\n\n\n<p><em>\u2014 Existiu uma proposta para ele sair, n\u00f3s deixamos ele muito \u00e0 vontade. Ele entendia que pelo momento da vida, ele escolheu seguir no Flamengo. N\u00e3o fizemos nenhum esfor\u00e7o para que ele sa\u00edsse, eu particularmente pelo contr\u00e1rio. Surgiu uma outra proposta, mas o que chegou para mim foi inferior ao que o futebol ingl\u00eas fez. Pelo amor de Deus\u2026 N\u00e3o tem como aceitar essa proposta e a gente recusou. Foi isso o que aconteceu. N\u00e3o temos o m\u00ednimo interesse de abrir m\u00e3o dele. Estamos muito felizes com a participa\u00e7\u00e3o dele no grupo<\/em>, afirmou o presidente.<\/p>\n\n\n\n<p>Duas situa\u00e7\u00f5es pesam a favor da perman\u00eancia de Fabr\u00edcio Bruno no Flamengo. O primeiro ponto \u00e9 a quest\u00e3o familiar, j\u00e1 que a esposa do zagueiro, Ana Clara, est\u00e1 em reta final de gesta\u00e7\u00e3o e, em breve, nascer\u00e1 o segundo filho do jogador. Al\u00e9m disso, o Rubro-Negro n\u00e3o quer \u2018tirar o foco\u2019, j\u00e1 que faz jogos decisivos neste m\u00eas de agosto, como as oitavas da Libertadores e da Copa do Brasil.<\/p>\n\n\n\n<p>Inclusive, Fabr\u00edcio Bruno deve ser titular na quarta-feira (07), quando o Flamengo encara o Palmeiras, no Allianz Parque, pela volta das oitavas de final da Copa do Brasil. A bola rola a partir das 20h (hor\u00e1rio de Bras\u00edlia), e o Meng\u00e3o pode at\u00e9 perder por um gol de diferen\u00e7a para avan\u00e7ar \u00e0s quartas de final.<\/p>\n","protected":false},"excerpt":{"rendered":"<p>Fabr\u00edcio Bruno est\u00e1 valorizado no mercado. Ap\u00f3s negociar com o West Ham, agora \u00e9 a vez do Rennes insistir pelo zagueiro do Flamengo. Depois de ter a primeira proposta recusada, o time franc\u00eas enviar\u00e1 nova oferta para ter o camisa 15 do Meng\u00e3o. Anteriormente, o Rennes havia oferecido 14 milh\u00f5es de euros (R$ 85,7 milh\u00f5es) [&hellip;]<\/p>\n","protected":false},"author":1,"featured_media":119279,"comment_status":"open","ping_status":"closed","sticky":false,"template":"","format":"standard","meta":{"footnotes":""},"categories":[1],"tags":[],"class_list":["post-156386","post","type-post","status-publish","format-standard","has-post-thumbnail","hentry","category-flamengo"],"yoast_head":"<!-- This site is optimized with the Yoast SEO Premium plugin v24.2 (Yoast SEO v26.9) - https:\/\/yoast.com\/product\/yoast-seo-premium-wordpress\/ -->\n<title>Time da Europa vai oferecer 100 milh\u00f5es para contratar titular do Flamengo<\/title>\n<meta name=\"description\" content=\"Segundo apurou a equipe do portal G\u00e1vea News, a pr\u00f3xima oferta deve chegar a casa dos 100 milh\u00f5es de reais.\" \/>\n<meta name=\"robots\" content=\"index, follow, max-snippet:-1, max-image-preview:large, max-video-preview:-1\" \/>\n<link rel=\"canonical\" href=\"https:\/\/www.gaveanews.com\/index.php\/2024\/08\/04\/time-da-europa-vai-oferecer-100-milhoes-para-contratar-titular-do-flamengo\/\" \/>\n<meta property=\"og:locale\" content=\"pt_BR\" \/>\n<meta property=\"og:type\" content=\"article\" \/>\n<meta property=\"og:title\" content=\"Time da Europa vai oferecer 100 milh\u00f5es para contratar titular do Flamengo\" \/>\n<meta property=\"og:description\" content=\"Segundo apurou a equipe do portal G\u00e1vea News, a pr\u00f3xima oferta deve chegar a casa dos 100 milh\u00f5es de reais.\" \/>\n<meta property=\"og:url\" content=\"https:\/\/www.gaveanews.com\/index.php\/2024\/08\/04\/time-da-europa-vai-oferecer-100-milhoes-para-contratar-titular-do-flamengo\/\" \/>\n<meta property=\"og:site_name\" content=\"G\u00e1vea News\" \/>\n<meta property=\"article:publisher\" content=\"https:\/\/facebook.com\/gaveaNews\/\" \/>\n<meta property=\"article:published_time\" content=\"2024-08-04T20:23:30+00:00\" \/>\n<meta property=\"article:modified_time\" content=\"2024-08-04T20:23:37+00:00\" \/>\n<meta property=\"og:image\" content=\"https:\/\/www.gaveanews.com\/wp-content\/uploads\/chrome_nmAv2fdsxS.webp\" \/>\n\t<meta property=\"og:image:width\" content=\"798\" \/>\n\t<meta property=\"og:image:height\" content=\"529\" \/>\n\t<meta property=\"og:image:type\" content=\"image\/png\" \/>\n<meta name=\"author\" content=\"Equipe G\u00e1vea News\" \/>\n<meta name=\"twitter:card\" content=\"summary_large_image\" \/>\n<meta name=\"twitter:label1\" content=\"Escrito por\" \/>\n\t<meta name=\"twitter:data1\" content=\"Equipe G\u00e1vea News\" \/>\n\t<meta name=\"twitter:label2\" content=\"Est. tempo de leitura\" \/>\n\t<meta name=\"twitter:data2\" content=\"3 minutos\" \/>\n<script type=\"application\/ld+json\" class=\"yoast-schema-graph\">{\"@context\":\"https:\/\/schema.org\",\"@graph\":[{\"@type\":\"NewsArticle\",\"@id\":\"https:\/\/www.gaveanews.com\/index.php\/2024\/08\/04\/time-da-europa-vai-oferecer-100-milhoes-para-contratar-titular-do-flamengo\/#article\",\"isPartOf\":{\"@id\":\"https:\/\/www.gaveanews.com\/index.php\/2024\/08\/04\/time-da-europa-vai-oferecer-100-milhoes-para-contratar-titular-do-flamengo\/\"},\"author\":{\"name\":\"Equipe G\u00e1vea News\",\"@id\":\"https:\/\/www.gaveanews.com\/#\/schema\/person\/2ec14f73fb96be2caf28f91afb14749d\"},\"headline\":\"Time da Europa vai oferecer 100 milh\u00f5es para contratar titular do Flamengo\",\"datePublished\":\"2024-08-04T20:23:30+00:00\",\"dateModified\":\"2024-08-04T20:23:37+00:00\",\"mainEntityOfPage\":{\"@id\":\"https:\/\/www.gaveanews.com\/index.php\/2024\/08\/04\/time-da-europa-vai-oferecer-100-milhoes-para-contratar-titular-do-flamengo\/\"},\"wordCount\":417,\"commentCount\":0,\"image\":{\"@id\":\"https:\/\/www.gaveanews.com\/index.php\/2024\/08\/04\/time-da-europa-vai-oferecer-100-milhoes-para-contratar-titular-do-flamengo\/#primaryimage\"},\"thumbnailUrl\":\"https:\/\/www.gaveanews.com\/wp-content\/uploads\/chrome_nmAv2fdsxS.webp\",\"articleSection\":[\"Flamengo\"],\"inLanguage\":\"pt-BR\",\"potentialAction\":[{\"@type\":\"CommentAction\",\"name\":\"Comment\",\"target\":[\"https:\/\/www.gaveanews.com\/index.php\/2024\/08\/04\/time-da-europa-vai-oferecer-100-milhoes-para-contratar-titular-do-flamengo\/#respond\"]}],\"copyrightYear\":\"2024\",\"copyrightHolder\":{\"@id\":\"https:\/\/www.gaveanews.com\/#organization\"}},{\"@type\":\"WebPage\",\"@id\":\"https:\/\/www.gaveanews.com\/index.php\/2024\/08\/04\/time-da-europa-vai-oferecer-100-milhoes-para-contratar-titular-do-flamengo\/\",\"url\":\"https:\/\/www.gaveanews.com\/index.php\/2024\/08\/04\/time-da-europa-vai-oferecer-100-milhoes-para-contratar-titular-do-flamengo\/\",\"name\":\"Time da Europa vai oferecer 100 milh\u00f5es para contratar titular do Flamengo\",\"isPartOf\":{\"@id\":\"https:\/\/www.gaveanews.com\/#website\"},\"primaryImageOfPage\":{\"@id\":\"https:\/\/www.gaveanews.com\/index.php\/2024\/08\/04\/time-da-europa-vai-oferecer-100-milhoes-para-contratar-titular-do-flamengo\/#primaryimage\"},\"image\":{\"@id\":\"https:\/\/www.gaveanews.com\/index.php\/2024\/08\/04\/time-da-europa-vai-oferecer-100-milhoes-para-contratar-titular-do-flamengo\/#primaryimage\"},\"thumbnailUrl\":\"https:\/\/www.gaveanews.com\/wp-content\/uploads\/chrome_nmAv2fdsxS.webp\",\"datePublished\":\"2024-08-04T20:23:30+00:00\",\"dateModified\":\"2024-08-04T20:23:37+00:00\",\"author\":{\"@id\":\"https:\/\/www.gaveanews.com\/#\/schema\/person\/2ec14f73fb96be2caf28f91afb14749d\"},\"description\":\"Segundo apurou a equipe do portal G\u00e1vea News, a pr\u00f3xima oferta deve chegar a casa dos 100 milh\u00f5es de reais.\",\"breadcrumb\":{\"@id\":\"https:\/\/www.gaveanews.com\/index.php\/2024\/08\/04\/time-da-europa-vai-oferecer-100-milhoes-para-contratar-titular-do-flamengo\/#breadcrumb\"},\"inLanguage\":\"pt-BR\",\"potentialAction\":[{\"@type\":\"ReadAction\",\"target\":[\"https:\/\/www.gaveanews.com\/index.php\/2024\/08\/04\/time-da-europa-vai-oferecer-100-milhoes-para-contratar-titular-do-flamengo\/\"]}]},{\"@type\":\"ImageObject\",\"inLanguage\":\"pt-BR\",\"@id\":\"https:\/\/www.gaveanews.com\/index.php\/2024\/08\/04\/time-da-europa-vai-oferecer-100-milhoes-para-contratar-titular-do-flamengo\/#primaryimage\",\"url\":\"https:\/\/www.gaveanews.com\/wp-content\/uploads\/chrome_nmAv2fdsxS.webp\",\"contentUrl\":\"https:\/\/www.gaveanews.com\/wp-content\/uploads\/chrome_nmAv2fdsxS.webp\",\"width\":798,\"height\":529,\"caption\":\"Marcos Braz \u2014 Foto: Alexandre Vidal\/Flamengo\"},{\"@type\":\"BreadcrumbList\",\"@id\":\"https:\/\/www.gaveanews.com\/index.php\/2024\/08\/04\/time-da-europa-vai-oferecer-100-milhoes-para-contratar-titular-do-flamengo\/#breadcrumb\",\"itemListElement\":[{\"@type\":\"ListItem\",\"position\":1,\"name\":\"Home\",\"item\":\"https:\/\/www.gaveanews.com\/\"},{\"@type\":\"ListItem\",\"position\":2,\"name\":\"Time da Europa vai oferecer 100 milh\u00f5es para contratar titular do Flamengo\"}]},{\"@type\":\"WebSite\",\"@id\":\"https:\/\/www.gaveanews.com\/#website\",\"url\":\"https:\/\/www.gaveanews.com\/\",\"name\":\"G\u00e1vea News\",\"description\":\"Veja todas as not\u00edcias sobre o Flamengo: Contrata\u00e7\u00f5es, categorias de base, resultados das partidas, tabela de classifica\u00e7\u00e3o, pr\u00f3ximos jogos!\",\"potentialAction\":[{\"@type\":\"SearchAction\",\"target\":{\"@type\":\"EntryPoint\",\"urlTemplate\":\"https:\/\/www.gaveanews.com\/?s={search_term_string}\"},\"query-input\":{\"@type\":\"PropertyValueSpecification\",\"valueRequired\":true,\"valueName\":\"search_term_string\"}}],\"inLanguage\":\"pt-BR\"},{\"@type\":\"Person\",\"@id\":\"https:\/\/www.gaveanews.com\/#\/schema\/person\/2ec14f73fb96be2caf28f91afb14749d\",\"name\":\"Equipe G\u00e1vea News\",\"image\":{\"@type\":\"ImageObject\",\"inLanguage\":\"pt-BR\",\"@id\":\"https:\/\/www.gaveanews.com\/#\/schema\/person\/image\/\",\"url\":\"https:\/\/secure.gravatar.com\/avatar\/1e1956f1facbffd3f8fa53a326721950116b3b9dc9bd44939c01180fd4a745a9?s=96&d=mm&r=g\",\"contentUrl\":\"https:\/\/secure.gravatar.com\/avatar\/1e1956f1facbffd3f8fa53a326721950116b3b9dc9bd44939c01180fd4a745a9?s=96&d=mm&r=g\",\"caption\":\"Equipe G\u00e1vea News\"}}]}<\/script>\n<!-- \/ Yoast SEO Premium plugin. -->","yoast_head_json":{"title":"Time da Europa vai oferecer 100 milh\u00f5es para contratar titular do Flamengo","description":"Segundo apurou a equipe do portal G\u00e1vea News, a pr\u00f3xima oferta deve chegar a casa dos 100 milh\u00f5es de reais.","robots":{"index":"index","follow":"follow","max-snippet":"max-snippet:-1","max-image-preview":"max-image-preview:large","max-video-preview":"max-video-preview:-1"},"canonical":"https:\/\/www.gaveanews.com\/index.php\/2024\/08\/04\/time-da-europa-vai-oferecer-100-milhoes-para-contratar-titular-do-flamengo\/","og_locale":"pt_BR","og_type":"article","og_title":"Time da Europa vai oferecer 100 milh\u00f5es para contratar titular do Flamengo","og_description":"Segundo apurou a equipe do portal G\u00e1vea News, a pr\u00f3xima oferta deve chegar a casa dos 100 milh\u00f5es de reais.","og_url":"https:\/\/www.gaveanews.com\/index.php\/2024\/08\/04\/time-da-europa-vai-oferecer-100-milhoes-para-contratar-titular-do-flamengo\/","og_site_name":"G\u00e1vea News","article_publisher":"https:\/\/facebook.com\/gaveaNews\/","article_published_time":"2024-08-04T20:23:30+00:00","article_modified_time":"2024-08-04T20:23:37+00:00","og_image":[{"width":798,"height":529,"url":"https:\/\/www.gaveanews.com\/wp-content\/uploads\/chrome_nmAv2fdsxS.webp","type":"image\/png"}],"author":"Equipe G\u00e1vea News","twitter_card":"summary_large_image","twitter_misc":{"Escrito por":"Equipe G\u00e1vea News","Est. tempo de leitura":"3 minutos"},"schema":{"@context":"https:\/\/schema.org","@graph":[{"@type":"NewsArticle","@id":"https:\/\/www.gaveanews.com\/index.php\/2024\/08\/04\/time-da-europa-vai-oferecer-100-milhoes-para-contratar-titular-do-flamengo\/#article","isPartOf":{"@id":"https:\/\/www.gaveanews.com\/index.php\/2024\/08\/04\/time-da-europa-vai-oferecer-100-milhoes-para-contratar-titular-do-flamengo\/"},"author":{"name":"Equipe G\u00e1vea News","@id":"https:\/\/www.gaveanews.com\/#\/schema\/person\/2ec14f73fb96be2caf28f91afb14749d"},"headline":"Time da Europa vai oferecer 100 milh\u00f5es para contratar titular do Flamengo","datePublished":"2024-08-04T20:23:30+00:00","dateModified":"2024-08-04T20:23:37+00:00","mainEntityOfPage":{"@id":"https:\/\/www.gaveanews.com\/index.php\/2024\/08\/04\/time-da-europa-vai-oferecer-100-milhoes-para-contratar-titular-do-flamengo\/"},"wordCount":417,"commentCount":0,"image":{"@id":"https:\/\/www.gaveanews.com\/index.php\/2024\/08\/04\/time-da-europa-vai-oferecer-100-milhoes-para-contratar-titular-do-flamengo\/#primaryimage"},"thumbnailUrl":"https:\/\/www.gaveanews.com\/wp-content\/uploads\/chrome_nmAv2fdsxS.webp","articleSection":["Flamengo"],"inLanguage":"pt-BR","potentialAction":[{"@type":"CommentAction","name":"Comment","target":["https:\/\/www.gaveanews.com\/index.php\/2024\/08\/04\/time-da-europa-vai-oferecer-100-milhoes-para-contratar-titular-do-flamengo\/#respond"]}],"copyrightYear":"2024","copyrightHolder":{"@id":"https:\/\/www.gaveanews.com\/#organization"}},{"@type":"WebPage","@id":"https:\/\/www.gaveanews.com\/index.php\/2024\/08\/04\/time-da-europa-vai-oferecer-100-milhoes-para-contratar-titular-do-flamengo\/","url":"https:\/\/www.gaveanews.com\/index.php\/2024\/08\/04\/time-da-europa-vai-oferecer-100-milhoes-para-contratar-titular-do-flamengo\/","name":"Time da Europa vai oferecer 100 milh\u00f5es para contratar titular do Flamengo","isPartOf":{"@id":"https:\/\/www.gaveanews.com\/#website"},"primaryImageOfPage":{"@id":"https:\/\/www.gaveanews.com\/index.php\/2024\/08\/04\/time-da-europa-vai-oferecer-100-milhoes-para-contratar-titular-do-flamengo\/#primaryimage"},"image":{"@id":"https:\/\/www.gaveanews.com\/index.php\/2024\/08\/04\/time-da-europa-vai-oferecer-100-milhoes-para-contratar-titular-do-flamengo\/#primaryimage"},"thumbnailUrl":"https:\/\/www.gaveanews.com\/wp-content\/uploads\/chrome_nmAv2fdsxS.webp","datePublished":"2024-08-04T20:23:30+00:00","dateModified":"2024-08-04T20:23:37+00:00","author":{"@id":"https:\/\/www.gaveanews.com\/#\/schema\/person\/2ec14f73fb96be2caf28f91afb14749d"},"description":"Segundo apurou a equipe do portal G\u00e1vea News, a pr\u00f3xima oferta deve chegar a casa dos 100 milh\u00f5es de reais.","breadcrumb":{"@id":"https:\/\/www.gaveanews.com\/index.php\/2024\/08\/04\/time-da-europa-vai-oferecer-100-milhoes-para-contratar-titular-do-flamengo\/#breadcrumb"},"inLanguage":"pt-BR","potentialAction":[{"@type":"ReadAction","target":["https:\/\/www.gaveanews.com\/index.php\/2024\/08\/04\/time-da-europa-vai-oferecer-100-milhoes-para-contratar-titular-do-flamengo\/"]}]},{"@type":"ImageObject","inLanguage":"pt-BR","@id":"https:\/\/www.gaveanews.com\/index.php\/2024\/08\/04\/time-da-europa-vai-oferecer-100-milhoes-para-contratar-titular-do-flamengo\/#primaryimage","url":"https:\/\/www.gaveanews.com\/wp-content\/uploads\/chrome_nmAv2fdsxS.webp","contentUrl":"https:\/\/www.gaveanews.com\/wp-content\/uploads\/chrome_nmAv2fdsxS.webp","width":798,"height":529,"caption":"Marcos Braz \u2014 Foto: Alexandre Vidal\/Flamengo"},{"@type":"BreadcrumbList","@id":"https:\/\/www.gaveanews.com\/index.php\/2024\/08\/04\/time-da-europa-vai-oferecer-100-milhoes-para-contratar-titular-do-flamengo\/#breadcrumb","itemListElement":[{"@type":"ListItem","position":1,"name":"Home","item":"https:\/\/www.gaveanews.com\/"},{"@type":"ListItem","position":2,"name":"Time da Europa vai oferecer 100 milh\u00f5es para contratar titular do Flamengo"}]},{"@type":"WebSite","@id":"https:\/\/www.gaveanews.com\/#website","url":"https:\/\/www.gaveanews.com\/","name":"G\u00e1vea News","description":"Veja todas as not\u00edcias sobre o Flamengo: Contrata\u00e7\u00f5es, categorias de base, resultados das partidas, tabela de classifica\u00e7\u00e3o, pr\u00f3ximos jogos!","potentialAction":[{"@type":"SearchAction","target":{"@type":"EntryPoint","urlTemplate":"https:\/\/www.gaveanews.com\/?s={search_term_string}"},"query-input":{"@type":"PropertyValueSpecification","valueRequired":true,"valueName":"search_term_string"}}],"inLanguage":"pt-BR"},{"@type":"Person","@id":"https:\/\/www.gaveanews.com\/#\/schema\/person\/2ec14f73fb96be2caf28f91afb14749d","name":"Equipe G\u00e1vea News","image":{"@type":"ImageObject","inLanguage":"pt-BR","@id":"https:\/\/www.gaveanews.com\/#\/schema\/person\/image\/","url":"https:\/\/secure.gravatar.com\/avatar\/1e1956f1facbffd3f8fa53a326721950116b3b9dc9bd44939c01180fd4a745a9?s=96&d=mm&r=g","contentUrl":"https:\/\/secure.gravatar.com\/avatar\/1e1956f1facbffd3f8fa53a326721950116b3b9dc9bd44939c01180fd4a745a9?s=96&d=mm&r=g","caption":"Equipe G\u00e1vea News"}}]}},"_links":{"self":[{"href":"https:\/\/www.gaveanews.com\/index.php\/wp-json\/wp\/v2\/posts\/156386","targetHints":{"allow":["GET"]}}],"collection":[{"href":"https:\/\/www.gaveanews.com\/index.php\/wp-json\/wp\/v2\/posts"}],"about":[{"href":"https:\/\/www.gaveanews.com\/index.php\/wp-json\/wp\/v2\/types\/post"}],"author":[{"embeddable":true,"href":"https:\/\/www.gaveanews.com\/index.php\/wp-json\/wp\/v2\/users\/1"}],"replies":[{"embeddable":true,"href":"https:\/\/www.gaveanews.com\/index.php\/wp-json\/wp\/v2\/comments?post=156386"}],"version-history":[{"count":1,"href":"https:\/\/www.gaveanews.com\/index.php\/wp-json\/wp\/v2\/posts\/156386\/revisions"}],"predecessor-version":[{"id":156396,"href":"https:\/\/www.gaveanews.com\/index.php\/wp-json\/wp\/v2\/posts\/156386\/revisions\/156396"}],"wp:featuredmedia":[{"embeddable":true,"href":"https:\/\/www.gaveanews.com\/index.php\/wp-json\/wp\/v2\/media\/119279"}],"wp:attachment":[{"href":"https:\/\/www.gaveanews.com\/index.php\/wp-json\/wp\/v2\/media?parent=156386"}],"wp:term":[{"taxonomy":"category","embeddable":true,"href":"https:\/\/www.gaveanews.com\/index.php\/wp-json\/wp\/v2\/categories?post=156386"},{"taxonomy":"post_tag","embeddable":true,"href":"https:\/\/www.gaveanews.com\/index.php\/wp-json\/wp\/v2\/tags?post=156386"}],"curies":[{"name":"wp","href":"https:\/\/api.w.org\/{rel}","templated":true}]}}