{"id":156430,"date":"2024-08-04T22:24:02","date_gmt":"2024-08-05T01:24:02","guid":{"rendered":"https:\/\/www.gaveanews.com\/?p=156430"},"modified":"2024-08-04T22:24:04","modified_gmt":"2024-08-05T01:24:04","slug":"a-declaracao-de-james-rodriguez-sobre-o-sao-paulo","status":"publish","type":"post","link":"https:\/\/www.gaveanews.com\/index.php\/2024\/08\/04\/a-declaracao-de-james-rodriguez-sobre-o-sao-paulo\/","title":{"rendered":"A declara\u00e7\u00e3o de James Rodriguez sobre o S\u00e3o Paulo"},"content":{"rendered":"\n<h2 class=\"wp-block-heading\" id=\"h-o-jogador-falou-sobre-o-ex-clube-pela-primeira-vez-apos-a-rescisao\">O jogador falou sobre o ex-clube pela primeira vez ap\u00f3s a rescis\u00e3o <\/h2>\n\n\n\n<p>James Rodriguez, agora ex jogador do S\u00e3o Paulo Futebol Clube, falou sobre o momento que viveu no clube paulista. O colombiano assinou a rescis\u00e3o nesta sexta-feira (2), chegando em um acordo com o Tricolor, onde o atleta abre m\u00e3o de 75% do que tinha para receber.<\/p>\n\n\n\n<p>A passagem da estrela pelo clube durou apenas um ano e ficou marcado por dois p\u00eanaltis perdidos, um contra o Fortaleza pelo Campeonato Brasileiro e um contra a LDU, que resultou na elimina\u00e7\u00e3o do S\u00e3o Paulo na Sul-Americana. <\/p>\n\n\n\n<p>Al\u00e9m das penalidades m\u00e1ximas, a sua passagem pelo clube ficou marcada por diversos jogos onde o jogador alegava les\u00e3o e ficava de fora de diversas partidas. <\/p>\n\n\n\n<p>Em uma live recentemente divulgada, James falou que foi uma experi\u00eancia boa e que deixou diversos aprendizados. O jogador reconheceu que os torcedores queriam o ver jogar, mas que ele n\u00e3o correspondeu. <\/p>\n\n\n\n<p>&#8220;De tudo se aprende, sempre. Foi uma experi\u00eancia boa porque me deixou muitos aprendizados. No final, eles (torcedores) queriam me ver jogar e \u00e9 a coisa mais normal que existe&#8221;, disse James. <\/p>\n\n\n\n<p>A decis\u00e3o pela rescis\u00e3o surgiu quando James n\u00e3o se reapresentou ap\u00f3s a Copa Am\u00e9rica, o colombiano ficou em seu pa\u00eds natal para a comemora\u00e7\u00e3o de seu anivers\u00e1rio. <\/p>\n\n\n\n<p>Houve rumores sobre uma poss\u00edvel oferta da Lazio, por\u00e9m o diretor do clube negou qualquer possibilidade de contrata\u00e7\u00e3o.  <\/p>\n\n\n\n<p>\u201cEu nunca contrataria James Rodriguez. Imposs\u00edvel. Os rumores s\u00e3o falsos. Ele tem 33 anos e nunca disputou mais de 12\/13 jogos nos \u00faltimos anos\u201d, disse o diretor \u00e0 Radio Sei, da It\u00e1lia.<\/p>\n\n\n\n<p>&#8220;Ele se saiu bem na Copa Am\u00e9rica, mas n\u00e3o temos interesse em contratar\u201d, finalizou.<\/p>\n","protected":false},"excerpt":{"rendered":"<p>O jogador falou sobre o ex-clube pela primeira vez ap\u00f3s a rescis\u00e3o James Rodriguez, agora ex jogador do S\u00e3o Paulo Futebol Clube, falou sobre o momento que viveu no clube paulista. O colombiano assinou a rescis\u00e3o nesta sexta-feira (2), chegando em um acordo com o Tricolor, onde o atleta abre m\u00e3o de 75% do que [&hellip;]<\/p>\n","protected":false},"author":17,"featured_media":27969,"comment_status":"open","ping_status":"closed","sticky":false,"template":"","format":"standard","meta":{"footnotes":""},"categories":[151],"tags":[],"class_list":["post-156430","post","type-post","status-publish","format-standard","has-post-thumbnail","hentry","category-sao-paulo"],"yoast_head":"<!-- This site is optimized with the Yoast SEO Premium plugin v24.2 (Yoast SEO v26.9) - https:\/\/yoast.com\/product\/yoast-seo-premium-wordpress\/ -->\n<title>A declara\u00e7\u00e3o de James Rodriguez sobre o S\u00e3o Paulo<\/title>\n<meta name=\"robots\" content=\"index, follow, max-snippet:-1, max-image-preview:large, max-video-preview:-1\" \/>\n<link rel=\"canonical\" href=\"https:\/\/www.gaveanews.com\/index.php\/2024\/08\/04\/a-declaracao-de-james-rodriguez-sobre-o-sao-paulo\/\" \/>\n<meta property=\"og:locale\" content=\"pt_BR\" \/>\n<meta property=\"og:type\" content=\"article\" \/>\n<meta property=\"og:title\" content=\"A declara\u00e7\u00e3o de James Rodriguez sobre o S\u00e3o Paulo\" \/>\n<meta property=\"og:description\" content=\"O jogador falou sobre o ex-clube pela primeira vez ap\u00f3s a rescis\u00e3o James Rodriguez, agora ex jogador do S\u00e3o Paulo Futebol Clube, falou sobre o momento que viveu no clube paulista. O colombiano assinou a rescis\u00e3o nesta sexta-feira (2), chegando em um acordo com o Tricolor, onde o atleta abre m\u00e3o de 75% do que [&hellip;]\" \/>\n<meta property=\"og:url\" content=\"https:\/\/www.gaveanews.com\/index.php\/2024\/08\/04\/a-declaracao-de-james-rodriguez-sobre-o-sao-paulo\/\" \/>\n<meta property=\"og:site_name\" content=\"G\u00e1vea News\" \/>\n<meta property=\"article:publisher\" content=\"https:\/\/facebook.com\/gaveaNews\/\" \/>\n<meta property=\"article:published_time\" content=\"2024-08-05T01:24:02+00:00\" \/>\n<meta property=\"article:modified_time\" content=\"2024-08-05T01:24:04+00:00\" \/>\n<meta property=\"og:image\" content=\"https:\/\/www.gaveanews.com\/wp-content\/uploads\/James-Rodriguez-em-acao-pela-Colombia.webp\" \/>\n\t<meta property=\"og:image:width\" content=\"1\" \/>\n\t<meta property=\"og:image:height\" content=\"1\" \/>\n\t<meta property=\"og:image:type\" content=\"image\/jpeg\" \/>\n<meta name=\"author\" content=\"Geovanna Thomaz\" \/>\n<meta name=\"twitter:card\" content=\"summary_large_image\" \/>\n<meta name=\"twitter:label1\" content=\"Escrito por\" \/>\n\t<meta name=\"twitter:data1\" content=\"Geovanna Thomaz\" \/>\n\t<meta name=\"twitter:label2\" content=\"Est. tempo de leitura\" \/>\n\t<meta name=\"twitter:data2\" content=\"2 minutos\" \/>\n<script type=\"application\/ld+json\" class=\"yoast-schema-graph\">{\"@context\":\"https:\/\/schema.org\",\"@graph\":[{\"@type\":\"NewsArticle\",\"@id\":\"https:\/\/www.gaveanews.com\/index.php\/2024\/08\/04\/a-declaracao-de-james-rodriguez-sobre-o-sao-paulo\/#article\",\"isPartOf\":{\"@id\":\"https:\/\/www.gaveanews.com\/index.php\/2024\/08\/04\/a-declaracao-de-james-rodriguez-sobre-o-sao-paulo\/\"},\"author\":{\"name\":\"Geovanna Thomaz\",\"@id\":\"https:\/\/www.gaveanews.com\/#\/schema\/person\/f42654babcd2b2014a1a65af82b081f1\"},\"headline\":\"A declara\u00e7\u00e3o de James Rodriguez sobre o S\u00e3o Paulo\",\"datePublished\":\"2024-08-05T01:24:02+00:00\",\"dateModified\":\"2024-08-05T01:24:04+00:00\",\"mainEntityOfPage\":{\"@id\":\"https:\/\/www.gaveanews.com\/index.php\/2024\/08\/04\/a-declaracao-de-james-rodriguez-sobre-o-sao-paulo\/\"},\"wordCount\":312,\"commentCount\":0,\"image\":{\"@id\":\"https:\/\/www.gaveanews.com\/index.php\/2024\/08\/04\/a-declaracao-de-james-rodriguez-sobre-o-sao-paulo\/#primaryimage\"},\"thumbnailUrl\":\"https:\/\/www.gaveanews.com\/wp-content\/uploads\/James-Rodriguez-em-acao-pela-Colombia.webp\",\"articleSection\":[\"S\u00e3o Paulo\"],\"inLanguage\":\"pt-BR\",\"potentialAction\":[{\"@type\":\"CommentAction\",\"name\":\"Comment\",\"target\":[\"https:\/\/www.gaveanews.com\/index.php\/2024\/08\/04\/a-declaracao-de-james-rodriguez-sobre-o-sao-paulo\/#respond\"]}],\"copyrightYear\":\"2024\",\"copyrightHolder\":{\"@id\":\"https:\/\/www.gaveanews.com\/#organization\"}},{\"@type\":\"WebPage\",\"@id\":\"https:\/\/www.gaveanews.com\/index.php\/2024\/08\/04\/a-declaracao-de-james-rodriguez-sobre-o-sao-paulo\/\",\"url\":\"https:\/\/www.gaveanews.com\/index.php\/2024\/08\/04\/a-declaracao-de-james-rodriguez-sobre-o-sao-paulo\/\",\"name\":\"A declara\u00e7\u00e3o de James Rodriguez sobre o S\u00e3o Paulo\",\"isPartOf\":{\"@id\":\"https:\/\/www.gaveanews.com\/#website\"},\"primaryImageOfPage\":{\"@id\":\"https:\/\/www.gaveanews.com\/index.php\/2024\/08\/04\/a-declaracao-de-james-rodriguez-sobre-o-sao-paulo\/#primaryimage\"},\"image\":{\"@id\":\"https:\/\/www.gaveanews.com\/index.php\/2024\/08\/04\/a-declaracao-de-james-rodriguez-sobre-o-sao-paulo\/#primaryimage\"},\"thumbnailUrl\":\"https:\/\/www.gaveanews.com\/wp-content\/uploads\/James-Rodriguez-em-acao-pela-Colombia.webp\",\"datePublished\":\"2024-08-05T01:24:02+00:00\",\"dateModified\":\"2024-08-05T01:24:04+00:00\",\"author\":{\"@id\":\"https:\/\/www.gaveanews.com\/#\/schema\/person\/f42654babcd2b2014a1a65af82b081f1\"},\"breadcrumb\":{\"@id\":\"https:\/\/www.gaveanews.com\/index.php\/2024\/08\/04\/a-declaracao-de-james-rodriguez-sobre-o-sao-paulo\/#breadcrumb\"},\"inLanguage\":\"pt-BR\",\"potentialAction\":[{\"@type\":\"ReadAction\",\"target\":[\"https:\/\/www.gaveanews.com\/index.php\/2024\/08\/04\/a-declaracao-de-james-rodriguez-sobre-o-sao-paulo\/\"]}]},{\"@type\":\"ImageObject\",\"inLanguage\":\"pt-BR\",\"@id\":\"https:\/\/www.gaveanews.com\/index.php\/2024\/08\/04\/a-declaracao-de-james-rodriguez-sobre-o-sao-paulo\/#primaryimage\",\"url\":\"https:\/\/www.gaveanews.com\/wp-content\/uploads\/James-Rodriguez-em-acao-pela-Colombia.webp\",\"contentUrl\":\"https:\/\/www.gaveanews.com\/wp-content\/uploads\/James-Rodriguez-em-acao-pela-Colombia.webp\",\"caption\":\"James Rodriguez em a\u00e7\u00e3o pela Col\u00f4mbia (Foto: Divulga\u00e7\u00e3o\/FCF)\"},{\"@type\":\"BreadcrumbList\",\"@id\":\"https:\/\/www.gaveanews.com\/index.php\/2024\/08\/04\/a-declaracao-de-james-rodriguez-sobre-o-sao-paulo\/#breadcrumb\",\"itemListElement\":[{\"@type\":\"ListItem\",\"position\":1,\"name\":\"Home\",\"item\":\"https:\/\/www.gaveanews.com\/\"},{\"@type\":\"ListItem\",\"position\":2,\"name\":\"A declara\u00e7\u00e3o de James Rodriguez sobre o S\u00e3o Paulo\"}]},{\"@type\":\"WebSite\",\"@id\":\"https:\/\/www.gaveanews.com\/#website\",\"url\":\"https:\/\/www.gaveanews.com\/\",\"name\":\"G\u00e1vea News\",\"description\":\"Veja todas as not\u00edcias sobre o Flamengo: Contrata\u00e7\u00f5es, categorias de base, resultados das partidas, tabela de classifica\u00e7\u00e3o, pr\u00f3ximos jogos!\",\"potentialAction\":[{\"@type\":\"SearchAction\",\"target\":{\"@type\":\"EntryPoint\",\"urlTemplate\":\"https:\/\/www.gaveanews.com\/?s={search_term_string}\"},\"query-input\":{\"@type\":\"PropertyValueSpecification\",\"valueRequired\":true,\"valueName\":\"search_term_string\"}}],\"inLanguage\":\"pt-BR\"},{\"@type\":\"Person\",\"@id\":\"https:\/\/www.gaveanews.com\/#\/schema\/person\/f42654babcd2b2014a1a65af82b081f1\",\"name\":\"Geovanna Thomaz\",\"image\":{\"@type\":\"ImageObject\",\"inLanguage\":\"pt-BR\",\"@id\":\"https:\/\/www.gaveanews.com\/#\/schema\/person\/image\/\",\"url\":\"https:\/\/secure.gravatar.com\/avatar\/4092073255489533afb558984b49b64268c47198af8623cc82a925ae9fb7118a?s=96&d=mm&r=g\",\"contentUrl\":\"https:\/\/secure.gravatar.com\/avatar\/4092073255489533afb558984b49b64268c47198af8623cc82a925ae9fb7118a?s=96&d=mm&r=g\",\"caption\":\"Geovanna Thomaz\"}}]}<\/script>\n<!-- \/ Yoast SEO Premium plugin. -->","yoast_head_json":{"title":"A declara\u00e7\u00e3o de James Rodriguez sobre o S\u00e3o Paulo","robots":{"index":"index","follow":"follow","max-snippet":"max-snippet:-1","max-image-preview":"max-image-preview:large","max-video-preview":"max-video-preview:-1"},"canonical":"https:\/\/www.gaveanews.com\/index.php\/2024\/08\/04\/a-declaracao-de-james-rodriguez-sobre-o-sao-paulo\/","og_locale":"pt_BR","og_type":"article","og_title":"A declara\u00e7\u00e3o de James Rodriguez sobre o S\u00e3o Paulo","og_description":"O jogador falou sobre o ex-clube pela primeira vez ap\u00f3s a rescis\u00e3o James Rodriguez, agora ex jogador do S\u00e3o Paulo Futebol Clube, falou sobre o momento que viveu no clube paulista. O colombiano assinou a rescis\u00e3o nesta sexta-feira (2), chegando em um acordo com o Tricolor, onde o atleta abre m\u00e3o de 75% do que [&hellip;]","og_url":"https:\/\/www.gaveanews.com\/index.php\/2024\/08\/04\/a-declaracao-de-james-rodriguez-sobre-o-sao-paulo\/","og_site_name":"G\u00e1vea News","article_publisher":"https:\/\/facebook.com\/gaveaNews\/","article_published_time":"2024-08-05T01:24:02+00:00","article_modified_time":"2024-08-05T01:24:04+00:00","og_image":[{"url":"https:\/\/www.gaveanews.com\/wp-content\/uploads\/James-Rodriguez-em-acao-pela-Colombia.webp","width":1,"height":1,"type":"image\/jpeg"}],"author":"Geovanna Thomaz","twitter_card":"summary_large_image","twitter_misc":{"Escrito por":"Geovanna Thomaz","Est. tempo de leitura":"2 minutos"},"schema":{"@context":"https:\/\/schema.org","@graph":[{"@type":"NewsArticle","@id":"https:\/\/www.gaveanews.com\/index.php\/2024\/08\/04\/a-declaracao-de-james-rodriguez-sobre-o-sao-paulo\/#article","isPartOf":{"@id":"https:\/\/www.gaveanews.com\/index.php\/2024\/08\/04\/a-declaracao-de-james-rodriguez-sobre-o-sao-paulo\/"},"author":{"name":"Geovanna Thomaz","@id":"https:\/\/www.gaveanews.com\/#\/schema\/person\/f42654babcd2b2014a1a65af82b081f1"},"headline":"A declara\u00e7\u00e3o de James Rodriguez sobre o S\u00e3o Paulo","datePublished":"2024-08-05T01:24:02+00:00","dateModified":"2024-08-05T01:24:04+00:00","mainEntityOfPage":{"@id":"https:\/\/www.gaveanews.com\/index.php\/2024\/08\/04\/a-declaracao-de-james-rodriguez-sobre-o-sao-paulo\/"},"wordCount":312,"commentCount":0,"image":{"@id":"https:\/\/www.gaveanews.com\/index.php\/2024\/08\/04\/a-declaracao-de-james-rodriguez-sobre-o-sao-paulo\/#primaryimage"},"thumbnailUrl":"https:\/\/www.gaveanews.com\/wp-content\/uploads\/James-Rodriguez-em-acao-pela-Colombia.webp","articleSection":["S\u00e3o Paulo"],"inLanguage":"pt-BR","potentialAction":[{"@type":"CommentAction","name":"Comment","target":["https:\/\/www.gaveanews.com\/index.php\/2024\/08\/04\/a-declaracao-de-james-rodriguez-sobre-o-sao-paulo\/#respond"]}],"copyrightYear":"2024","copyrightHolder":{"@id":"https:\/\/www.gaveanews.com\/#organization"}},{"@type":"WebPage","@id":"https:\/\/www.gaveanews.com\/index.php\/2024\/08\/04\/a-declaracao-de-james-rodriguez-sobre-o-sao-paulo\/","url":"https:\/\/www.gaveanews.com\/index.php\/2024\/08\/04\/a-declaracao-de-james-rodriguez-sobre-o-sao-paulo\/","name":"A declara\u00e7\u00e3o de James Rodriguez sobre o S\u00e3o Paulo","isPartOf":{"@id":"https:\/\/www.gaveanews.com\/#website"},"primaryImageOfPage":{"@id":"https:\/\/www.gaveanews.com\/index.php\/2024\/08\/04\/a-declaracao-de-james-rodriguez-sobre-o-sao-paulo\/#primaryimage"},"image":{"@id":"https:\/\/www.gaveanews.com\/index.php\/2024\/08\/04\/a-declaracao-de-james-rodriguez-sobre-o-sao-paulo\/#primaryimage"},"thumbnailUrl":"https:\/\/www.gaveanews.com\/wp-content\/uploads\/James-Rodriguez-em-acao-pela-Colombia.webp","datePublished":"2024-08-05T01:24:02+00:00","dateModified":"2024-08-05T01:24:04+00:00","author":{"@id":"https:\/\/www.gaveanews.com\/#\/schema\/person\/f42654babcd2b2014a1a65af82b081f1"},"breadcrumb":{"@id":"https:\/\/www.gaveanews.com\/index.php\/2024\/08\/04\/a-declaracao-de-james-rodriguez-sobre-o-sao-paulo\/#breadcrumb"},"inLanguage":"pt-BR","potentialAction":[{"@type":"ReadAction","target":["https:\/\/www.gaveanews.com\/index.php\/2024\/08\/04\/a-declaracao-de-james-rodriguez-sobre-o-sao-paulo\/"]}]},{"@type":"ImageObject","inLanguage":"pt-BR","@id":"https:\/\/www.gaveanews.com\/index.php\/2024\/08\/04\/a-declaracao-de-james-rodriguez-sobre-o-sao-paulo\/#primaryimage","url":"https:\/\/www.gaveanews.com\/wp-content\/uploads\/James-Rodriguez-em-acao-pela-Colombia.webp","contentUrl":"https:\/\/www.gaveanews.com\/wp-content\/uploads\/James-Rodriguez-em-acao-pela-Colombia.webp","caption":"James Rodriguez em a\u00e7\u00e3o pela Col\u00f4mbia (Foto: Divulga\u00e7\u00e3o\/FCF)"},{"@type":"BreadcrumbList","@id":"https:\/\/www.gaveanews.com\/index.php\/2024\/08\/04\/a-declaracao-de-james-rodriguez-sobre-o-sao-paulo\/#breadcrumb","itemListElement":[{"@type":"ListItem","position":1,"name":"Home","item":"https:\/\/www.gaveanews.com\/"},{"@type":"ListItem","position":2,"name":"A declara\u00e7\u00e3o de James Rodriguez sobre o S\u00e3o Paulo"}]},{"@type":"WebSite","@id":"https:\/\/www.gaveanews.com\/#website","url":"https:\/\/www.gaveanews.com\/","name":"G\u00e1vea News","description":"Veja todas as not\u00edcias sobre o Flamengo: Contrata\u00e7\u00f5es, categorias de base, resultados das partidas, tabela de classifica\u00e7\u00e3o, pr\u00f3ximos jogos!","potentialAction":[{"@type":"SearchAction","target":{"@type":"EntryPoint","urlTemplate":"https:\/\/www.gaveanews.com\/?s={search_term_string}"},"query-input":{"@type":"PropertyValueSpecification","valueRequired":true,"valueName":"search_term_string"}}],"inLanguage":"pt-BR"},{"@type":"Person","@id":"https:\/\/www.gaveanews.com\/#\/schema\/person\/f42654babcd2b2014a1a65af82b081f1","name":"Geovanna Thomaz","image":{"@type":"ImageObject","inLanguage":"pt-BR","@id":"https:\/\/www.gaveanews.com\/#\/schema\/person\/image\/","url":"https:\/\/secure.gravatar.com\/avatar\/4092073255489533afb558984b49b64268c47198af8623cc82a925ae9fb7118a?s=96&d=mm&r=g","contentUrl":"https:\/\/secure.gravatar.com\/avatar\/4092073255489533afb558984b49b64268c47198af8623cc82a925ae9fb7118a?s=96&d=mm&r=g","caption":"Geovanna Thomaz"}}]}},"_links":{"self":[{"href":"https:\/\/www.gaveanews.com\/index.php\/wp-json\/wp\/v2\/posts\/156430","targetHints":{"allow":["GET"]}}],"collection":[{"href":"https:\/\/www.gaveanews.com\/index.php\/wp-json\/wp\/v2\/posts"}],"about":[{"href":"https:\/\/www.gaveanews.com\/index.php\/wp-json\/wp\/v2\/types\/post"}],"author":[{"embeddable":true,"href":"https:\/\/www.gaveanews.com\/index.php\/wp-json\/wp\/v2\/users\/17"}],"replies":[{"embeddable":true,"href":"https:\/\/www.gaveanews.com\/index.php\/wp-json\/wp\/v2\/comments?post=156430"}],"version-history":[{"count":1,"href":"https:\/\/www.gaveanews.com\/index.php\/wp-json\/wp\/v2\/posts\/156430\/revisions"}],"predecessor-version":[{"id":156437,"href":"https:\/\/www.gaveanews.com\/index.php\/wp-json\/wp\/v2\/posts\/156430\/revisions\/156437"}],"wp:featuredmedia":[{"embeddable":true,"href":"https:\/\/www.gaveanews.com\/index.php\/wp-json\/wp\/v2\/media\/27969"}],"wp:attachment":[{"href":"https:\/\/www.gaveanews.com\/index.php\/wp-json\/wp\/v2\/media?parent=156430"}],"wp:term":[{"taxonomy":"category","embeddable":true,"href":"https:\/\/www.gaveanews.com\/index.php\/wp-json\/wp\/v2\/categories?post=156430"},{"taxonomy":"post_tag","embeddable":true,"href":"https:\/\/www.gaveanews.com\/index.php\/wp-json\/wp\/v2\/tags?post=156430"}],"curies":[{"name":"wp","href":"https:\/\/api.w.org\/{rel}","templated":true}]}}