{"id":156495,"date":"2024-08-05T15:17:07","date_gmt":"2024-08-05T18:17:07","guid":{"rendered":"https:\/\/www.gaveanews.com\/?p=156495"},"modified":"2024-08-05T15:17:09","modified_gmt":"2024-08-05T18:17:09","slug":"vasco-fluminense-e-botafogo-fazem-publicacoes-direcionadas-a-adilio-ex-jogador-do-flamengo","status":"publish","type":"post","link":"https:\/\/www.gaveanews.com\/index.php\/2024\/08\/05\/vasco-fluminense-e-botafogo-fazem-publicacoes-direcionadas-a-adilio-ex-jogador-do-flamengo\/","title":{"rendered":"Vasco, Fluminense e Botafogo fazem publica\u00e7\u00f5es direcionadas a Ad\u00edlio, ex-jogador do Flamengo"},"content":{"rendered":"\n<p>\u00cddolo atemporal do Flamengo, Ad\u00edlio faleceu nesta segunda-feira (5), aos 68 anos. O ex-jogador estava internado em um hospital na Freguesia de Jacarepagu\u00e1, na Zona Oeste do Rio de Janeiro, onde lutava contra um c\u00e2ncer no p\u00e2ncreas.<\/p>\n\n\n\n<p>Ad\u00edlio foi o terceiro atleta que mais defendeu o Manto Sagrado na hist\u00f3ria, com 617 partidas na carreira. Mesmo ap\u00f3s pendurar as chuteiras, o ex-jogador se manteve ligado ao Flamengo, time do cora\u00e7\u00e3o, atuando como treinador das categorias de base. Nos \u00faltimos anos era o l\u00edder do Fla Master, que faz jogos no Brasil inteiro.<\/p>\n\n\n\n<p>Reconhecendo a import\u00e2ncia do ex-jogador na hist\u00f3ria do Flamengo e do futebol carioca, os demais clubes de maior express\u00e3o do Rio de Janeiro se manifestaram nas redes sociais. Em nota, eles lamentaram a perda e desejaram for\u00e7as a fam\u00edlia, amigos e torcedores rubro-negros.<\/p>\n\n\n\n<h2 class=\"wp-block-heading\" id=\"h-confira-as-publicacoes\">Confira as publica\u00e7\u00f5es:<\/h2>\n\n\n\n<figure class=\"wp-block-embed is-type-rich is-provider-twitter wp-block-embed-twitter\"><div class=\"wp-block-embed__wrapper\">\n<blockquote class=\"twitter-tweet\" data-width=\"550\" data-dnt=\"true\"><p lang=\"pt\" dir=\"ltr\">Lamentamos profundamente o falecimento do ex-jogador Ad\u00edlio, \u00eddolo do nosso rival.<br><br>Descanse em paz! \ud83d\udda4<br>Muita for\u00e7a aos familiares, amigos e f\u00e3s neste triste momento.<a href=\"https:\/\/twitter.com\/hashtag\/VascoDaGama?src=hash&amp;ref_src=twsrc%5Etfw\">#VascoDaGama<\/a><\/p>&mdash; Vasco da Gama (@VascodaGama) <a href=\"https:\/\/twitter.com\/VascodaGama\/status\/1820496042812674537?ref_src=twsrc%5Etfw\">August 5, 2024<\/a><\/blockquote><script async src=\"https:\/\/platform.twitter.com\/widgets.js\" charset=\"utf-8\"><\/script>\n<\/div><\/figure>\n\n\n\n<figure class=\"wp-block-embed is-type-rich is-provider-twitter wp-block-embed-twitter\"><div class=\"wp-block-embed__wrapper\">\n<blockquote class=\"twitter-tweet\" data-width=\"550\" data-dnt=\"true\"><p lang=\"pt\" dir=\"ltr\">O Botafogo de Futebol e Regatas lamenta o falecimento de Ad\u00edlio, grande jogador do futebol brasileiro e \u00eddolo do <a href=\"https:\/\/twitter.com\/Flamengo?ref_src=twsrc%5Etfw\">@Flamengo<\/a>. O Clube deseja for\u00e7a aos familiares, amigos e torcedores neste momento dif\u00edcil.<\/p>&mdash; Botafogo F.R. (@Botafogo) <a href=\"https:\/\/twitter.com\/Botafogo\/status\/1820490590779556261?ref_src=twsrc%5Etfw\">August 5, 2024<\/a><\/blockquote><script async src=\"https:\/\/platform.twitter.com\/widgets.js\" charset=\"utf-8\"><\/script>\n<\/div><\/figure>\n\n\n\n<figure class=\"wp-block-embed is-type-rich is-provider-twitter wp-block-embed-twitter\"><div class=\"wp-block-embed__wrapper\">\n<blockquote class=\"twitter-tweet\" data-width=\"550\" data-dnt=\"true\"><p lang=\"pt\" dir=\"ltr\">Ad\u00edlio, um dos grandes talentos da hist\u00f3ria do futebol carioca, nos deixou nesta segunda-feira.<br><br>\u00cddolo do nosso rival Flamengo, Ad\u00edlio foi um advers\u00e1rio leal durante tantos Fla-Flus. Hoje, fica nossa solidariedade a familares, amigos e \u00e0 torcida rubro-negra. <a href=\"https:\/\/t.co\/O51ehCVy7T\">pic.twitter.com\/O51ehCVy7T<\/a><\/p>&mdash; Fluminense F.C. (@FluminenseFC) <a href=\"https:\/\/twitter.com\/FluminenseFC\/status\/1820489835788095556?ref_src=twsrc%5Etfw\">August 5, 2024<\/a><\/blockquote><script async src=\"https:\/\/platform.twitter.com\/widgets.js\" charset=\"utf-8\"><\/script>\n<\/div><\/figure>\n\n\n\n<p>Al\u00e9m do Flamengo, clube que o formou e o revelou para o futebol profissional, Ad\u00edlio tamb\u00e9m defendeu Coritiba, Barcelona de Guayaquil (Equador), Alianza Lima (Peru) e, no fim da carreira, times do interior carioca, como Am\u00e9rica de Tr\u00eas Rios, Friburguense e Barreira.<\/p>\n\n\n\n<p>Em sua passagem como profissional do Flamengo, Ad\u00edlio marcou 129 gols, atualmente figurando como 14\u00ba maior artilheiro do clube. Embora muitos destes gols tenham sido memor\u00e1veis, um dos principais dele foi marcado contra o Liverpool, na conquista rubro-negra do Mundial de Clubes 1981.<\/p>\n\n\n\n<h2 class=\"wp-block-heading\" id=\"h-agenda-do-flamengo-para-o-mes-de-agosto\">Agenda do Flamengo para o m\u00eas de agosto<\/h2>\n\n\n\n<ul class=\"wp-block-list\">\n<li>03\/08 S\u00e3o Paulo 1 x 0 Flamengo &#8211; 21h30 &#8211; Morumbis &#8211; Brasileir\u00e3o<\/li>\n\n\n\n<li><strong>07\/08 Palmeiras x Flamengo &#8211; 20h &#8211; Allianz Parque &#8211; Copa do Brasil<\/strong><\/li>\n\n\n\n<li>11\/08 Flamengo x Palmeiras &#8211; 16h &#8211; Maracan\u00e3 &#8211; Brasileir\u00e3o<\/li>\n\n\n\n<li>15\/08 Flamengo x Bol\u00edvar &#8211; 21h30 &#8211; Maracan\u00e3 &#8211; Libertadores<\/li>\n\n\n\n<li>18\/08 Botafogo x Flamengo &#8211; 18h30 &#8211; Nilton Santos (Engenh\u00e3o) &#8211; Brasileir\u00e3o<\/li>\n\n\n\n<li>22\/08 Bol\u00edvar x Flamengo &#8211; 21h30 &#8211; Hernando Siles &#8211; Libertadores<\/li>\n\n\n\n<li>25\/08 Flamengo x Bragantino &#8211; 20h Maracan\u00e3 &#8211; Brasileir\u00e3o<br><em>Obs.: todos os hor\u00e1rios est\u00e3o alinhados ao fuso de Bras\u00edlia.<\/em><\/li>\n<\/ul>\n","protected":false},"excerpt":{"rendered":"<p>\u00cddolo atemporal do Flamengo, Ad\u00edlio faleceu nesta segunda-feira (5), aos 68 anos. O ex-jogador estava internado em um hospital na Freguesia de Jacarepagu\u00e1, na Zona Oeste do Rio de Janeiro, onde lutava contra um c\u00e2ncer no p\u00e2ncreas. Ad\u00edlio foi o terceiro atleta que mais defendeu o Manto Sagrado na hist\u00f3ria, com 617 partidas na carreira. [&hellip;]<\/p>\n","protected":false},"author":4,"featured_media":131493,"comment_status":"open","ping_status":"closed","sticky":false,"template":"","format":"standard","meta":{"footnotes":""},"categories":[1],"tags":[],"class_list":["post-156495","post","type-post","status-publish","format-standard","has-post-thumbnail","hentry","category-flamengo"],"yoast_head":"<!-- This site is optimized with the Yoast SEO Premium plugin v24.2 (Yoast SEO v26.9) - https:\/\/yoast.com\/product\/yoast-seo-premium-wordpress\/ -->\n<title>Vasco, Fluminense e Botafogo fazem publica\u00e7\u00f5es direcionadas a Ad\u00edlio, ex-jogador do Flamengo<\/title>\n<meta name=\"robots\" content=\"index, follow, max-snippet:-1, max-image-preview:large, max-video-preview:-1\" \/>\n<link rel=\"canonical\" href=\"https:\/\/www.gaveanews.com\/index.php\/2024\/08\/05\/vasco-fluminense-e-botafogo-fazem-publicacoes-direcionadas-a-adilio-ex-jogador-do-flamengo\/\" \/>\n<meta property=\"og:locale\" content=\"pt_BR\" \/>\n<meta property=\"og:type\" content=\"article\" \/>\n<meta property=\"og:title\" content=\"Vasco, Fluminense e Botafogo fazem publica\u00e7\u00f5es direcionadas a Ad\u00edlio, ex-jogador do Flamengo\" \/>\n<meta property=\"og:description\" content=\"\u00cddolo atemporal do Flamengo, Ad\u00edlio faleceu nesta segunda-feira (5), aos 68 anos. O ex-jogador estava internado em um hospital na Freguesia de Jacarepagu\u00e1, na Zona Oeste do Rio de Janeiro, onde lutava contra um c\u00e2ncer no p\u00e2ncreas. Ad\u00edlio foi o terceiro atleta que mais defendeu o Manto Sagrado na hist\u00f3ria, com 617 partidas na carreira. [&hellip;]\" \/>\n<meta property=\"og:url\" content=\"https:\/\/www.gaveanews.com\/index.php\/2024\/08\/05\/vasco-fluminense-e-botafogo-fazem-publicacoes-direcionadas-a-adilio-ex-jogador-do-flamengo\/\" \/>\n<meta property=\"og:site_name\" content=\"G\u00e1vea News\" \/>\n<meta property=\"article:publisher\" content=\"https:\/\/facebook.com\/gaveaNews\/\" \/>\n<meta property=\"article:published_time\" content=\"2024-08-05T18:17:07+00:00\" \/>\n<meta property=\"article:modified_time\" content=\"2024-08-05T18:17:09+00:00\" \/>\n<meta property=\"og:image\" content=\"https:\/\/www.gaveanews.com\/wp-content\/uploads\/Adilio-idolo-do-Flamengo.webp\" \/>\n\t<meta property=\"og:image:width\" content=\"984\" \/>\n\t<meta property=\"og:image:height\" content=\"567\" \/>\n\t<meta property=\"og:image:type\" content=\"image\/webp\" \/>\n<meta name=\"author\" content=\"Let\u00edcia Gerheim\" \/>\n<meta name=\"twitter:card\" content=\"summary_large_image\" \/>\n<meta name=\"twitter:label1\" content=\"Escrito por\" \/>\n\t<meta name=\"twitter:data1\" content=\"Let\u00edcia Gerheim\" \/>\n\t<meta name=\"twitter:label2\" content=\"Est. tempo de leitura\" \/>\n\t<meta name=\"twitter:data2\" content=\"2 minutos\" \/>\n<script type=\"application\/ld+json\" class=\"yoast-schema-graph\">{\"@context\":\"https:\/\/schema.org\",\"@graph\":[{\"@type\":\"NewsArticle\",\"@id\":\"https:\/\/www.gaveanews.com\/index.php\/2024\/08\/05\/vasco-fluminense-e-botafogo-fazem-publicacoes-direcionadas-a-adilio-ex-jogador-do-flamengo\/#article\",\"isPartOf\":{\"@id\":\"https:\/\/www.gaveanews.com\/index.php\/2024\/08\/05\/vasco-fluminense-e-botafogo-fazem-publicacoes-direcionadas-a-adilio-ex-jogador-do-flamengo\/\"},\"author\":{\"name\":\"Let\u00edcia Gerheim\",\"@id\":\"https:\/\/www.gaveanews.com\/#\/schema\/person\/714c67050b836198af2450ba1c142a67\"},\"headline\":\"Vasco, Fluminense e Botafogo fazem publica\u00e7\u00f5es direcionadas a Ad\u00edlio, ex-jogador do Flamengo\",\"datePublished\":\"2024-08-05T18:17:07+00:00\",\"dateModified\":\"2024-08-05T18:17:09+00:00\",\"mainEntityOfPage\":{\"@id\":\"https:\/\/www.gaveanews.com\/index.php\/2024\/08\/05\/vasco-fluminense-e-botafogo-fazem-publicacoes-direcionadas-a-adilio-ex-jogador-do-flamengo\/\"},\"wordCount\":366,\"commentCount\":0,\"image\":{\"@id\":\"https:\/\/www.gaveanews.com\/index.php\/2024\/08\/05\/vasco-fluminense-e-botafogo-fazem-publicacoes-direcionadas-a-adilio-ex-jogador-do-flamengo\/#primaryimage\"},\"thumbnailUrl\":\"https:\/\/www.gaveanews.com\/wp-content\/uploads\/Adilio-idolo-do-Flamengo.webp\",\"articleSection\":[\"Flamengo\"],\"inLanguage\":\"pt-BR\",\"potentialAction\":[{\"@type\":\"CommentAction\",\"name\":\"Comment\",\"target\":[\"https:\/\/www.gaveanews.com\/index.php\/2024\/08\/05\/vasco-fluminense-e-botafogo-fazem-publicacoes-direcionadas-a-adilio-ex-jogador-do-flamengo\/#respond\"]}],\"copyrightYear\":\"2024\",\"copyrightHolder\":{\"@id\":\"https:\/\/www.gaveanews.com\/#organization\"}},{\"@type\":\"WebPage\",\"@id\":\"https:\/\/www.gaveanews.com\/index.php\/2024\/08\/05\/vasco-fluminense-e-botafogo-fazem-publicacoes-direcionadas-a-adilio-ex-jogador-do-flamengo\/\",\"url\":\"https:\/\/www.gaveanews.com\/index.php\/2024\/08\/05\/vasco-fluminense-e-botafogo-fazem-publicacoes-direcionadas-a-adilio-ex-jogador-do-flamengo\/\",\"name\":\"Vasco, Fluminense e Botafogo fazem publica\u00e7\u00f5es direcionadas a Ad\u00edlio, ex-jogador do Flamengo\",\"isPartOf\":{\"@id\":\"https:\/\/www.gaveanews.com\/#website\"},\"primaryImageOfPage\":{\"@id\":\"https:\/\/www.gaveanews.com\/index.php\/2024\/08\/05\/vasco-fluminense-e-botafogo-fazem-publicacoes-direcionadas-a-adilio-ex-jogador-do-flamengo\/#primaryimage\"},\"image\":{\"@id\":\"https:\/\/www.gaveanews.com\/index.php\/2024\/08\/05\/vasco-fluminense-e-botafogo-fazem-publicacoes-direcionadas-a-adilio-ex-jogador-do-flamengo\/#primaryimage\"},\"thumbnailUrl\":\"https:\/\/www.gaveanews.com\/wp-content\/uploads\/Adilio-idolo-do-Flamengo.webp\",\"datePublished\":\"2024-08-05T18:17:07+00:00\",\"dateModified\":\"2024-08-05T18:17:09+00:00\",\"author\":{\"@id\":\"https:\/\/www.gaveanews.com\/#\/schema\/person\/714c67050b836198af2450ba1c142a67\"},\"breadcrumb\":{\"@id\":\"https:\/\/www.gaveanews.com\/index.php\/2024\/08\/05\/vasco-fluminense-e-botafogo-fazem-publicacoes-direcionadas-a-adilio-ex-jogador-do-flamengo\/#breadcrumb\"},\"inLanguage\":\"pt-BR\",\"potentialAction\":[{\"@type\":\"ReadAction\",\"target\":[\"https:\/\/www.gaveanews.com\/index.php\/2024\/08\/05\/vasco-fluminense-e-botafogo-fazem-publicacoes-direcionadas-a-adilio-ex-jogador-do-flamengo\/\"]}]},{\"@type\":\"ImageObject\",\"inLanguage\":\"pt-BR\",\"@id\":\"https:\/\/www.gaveanews.com\/index.php\/2024\/08\/05\/vasco-fluminense-e-botafogo-fazem-publicacoes-direcionadas-a-adilio-ex-jogador-do-flamengo\/#primaryimage\",\"url\":\"https:\/\/www.gaveanews.com\/wp-content\/uploads\/Adilio-idolo-do-Flamengo.webp\",\"contentUrl\":\"https:\/\/www.gaveanews.com\/wp-content\/uploads\/Adilio-idolo-do-Flamengo.webp\",\"width\":984,\"height\":567,\"caption\":\"Ad\u00edlio, \u00eddolo do Flamengo (Foto: Viviane Le\u00e3o\/GloboEsporte.com)\"},{\"@type\":\"BreadcrumbList\",\"@id\":\"https:\/\/www.gaveanews.com\/index.php\/2024\/08\/05\/vasco-fluminense-e-botafogo-fazem-publicacoes-direcionadas-a-adilio-ex-jogador-do-flamengo\/#breadcrumb\",\"itemListElement\":[{\"@type\":\"ListItem\",\"position\":1,\"name\":\"Home\",\"item\":\"https:\/\/www.gaveanews.com\/\"},{\"@type\":\"ListItem\",\"position\":2,\"name\":\"Vasco, Fluminense e Botafogo fazem publica\u00e7\u00f5es direcionadas a Ad\u00edlio, ex-jogador do Flamengo\"}]},{\"@type\":\"WebSite\",\"@id\":\"https:\/\/www.gaveanews.com\/#website\",\"url\":\"https:\/\/www.gaveanews.com\/\",\"name\":\"G\u00e1vea News\",\"description\":\"Veja todas as not\u00edcias sobre o Flamengo: Contrata\u00e7\u00f5es, categorias de base, resultados das partidas, tabela de classifica\u00e7\u00e3o, pr\u00f3ximos jogos!\",\"potentialAction\":[{\"@type\":\"SearchAction\",\"target\":{\"@type\":\"EntryPoint\",\"urlTemplate\":\"https:\/\/www.gaveanews.com\/?s={search_term_string}\"},\"query-input\":{\"@type\":\"PropertyValueSpecification\",\"valueRequired\":true,\"valueName\":\"search_term_string\"}}],\"inLanguage\":\"pt-BR\"},{\"@type\":\"Person\",\"@id\":\"https:\/\/www.gaveanews.com\/#\/schema\/person\/714c67050b836198af2450ba1c142a67\",\"name\":\"Let\u00edcia Gerheim\",\"image\":{\"@type\":\"ImageObject\",\"inLanguage\":\"pt-BR\",\"@id\":\"https:\/\/www.gaveanews.com\/#\/schema\/person\/image\/\",\"url\":\"https:\/\/secure.gravatar.com\/avatar\/60734739c50fcebfbac509e2a826ccd0ff405c019bc73aab9354f19ecad1dcb4?s=96&d=mm&r=g\",\"contentUrl\":\"https:\/\/secure.gravatar.com\/avatar\/60734739c50fcebfbac509e2a826ccd0ff405c019bc73aab9354f19ecad1dcb4?s=96&d=mm&r=g\",\"caption\":\"Let\u00edcia Gerheim\"}}]}<\/script>\n<!-- \/ Yoast SEO Premium plugin. -->","yoast_head_json":{"title":"Vasco, Fluminense e Botafogo fazem publica\u00e7\u00f5es direcionadas a Ad\u00edlio, ex-jogador do Flamengo","robots":{"index":"index","follow":"follow","max-snippet":"max-snippet:-1","max-image-preview":"max-image-preview:large","max-video-preview":"max-video-preview:-1"},"canonical":"https:\/\/www.gaveanews.com\/index.php\/2024\/08\/05\/vasco-fluminense-e-botafogo-fazem-publicacoes-direcionadas-a-adilio-ex-jogador-do-flamengo\/","og_locale":"pt_BR","og_type":"article","og_title":"Vasco, Fluminense e Botafogo fazem publica\u00e7\u00f5es direcionadas a Ad\u00edlio, ex-jogador do Flamengo","og_description":"\u00cddolo atemporal do Flamengo, Ad\u00edlio faleceu nesta segunda-feira (5), aos 68 anos. O ex-jogador estava internado em um hospital na Freguesia de Jacarepagu\u00e1, na Zona Oeste do Rio de Janeiro, onde lutava contra um c\u00e2ncer no p\u00e2ncreas. Ad\u00edlio foi o terceiro atleta que mais defendeu o Manto Sagrado na hist\u00f3ria, com 617 partidas na carreira. [&hellip;]","og_url":"https:\/\/www.gaveanews.com\/index.php\/2024\/08\/05\/vasco-fluminense-e-botafogo-fazem-publicacoes-direcionadas-a-adilio-ex-jogador-do-flamengo\/","og_site_name":"G\u00e1vea News","article_publisher":"https:\/\/facebook.com\/gaveaNews\/","article_published_time":"2024-08-05T18:17:07+00:00","article_modified_time":"2024-08-05T18:17:09+00:00","og_image":[{"width":984,"height":567,"url":"https:\/\/www.gaveanews.com\/wp-content\/uploads\/Adilio-idolo-do-Flamengo.webp","type":"image\/webp"}],"author":"Let\u00edcia Gerheim","twitter_card":"summary_large_image","twitter_misc":{"Escrito por":"Let\u00edcia Gerheim","Est. tempo de leitura":"2 minutos"},"schema":{"@context":"https:\/\/schema.org","@graph":[{"@type":"NewsArticle","@id":"https:\/\/www.gaveanews.com\/index.php\/2024\/08\/05\/vasco-fluminense-e-botafogo-fazem-publicacoes-direcionadas-a-adilio-ex-jogador-do-flamengo\/#article","isPartOf":{"@id":"https:\/\/www.gaveanews.com\/index.php\/2024\/08\/05\/vasco-fluminense-e-botafogo-fazem-publicacoes-direcionadas-a-adilio-ex-jogador-do-flamengo\/"},"author":{"name":"Let\u00edcia Gerheim","@id":"https:\/\/www.gaveanews.com\/#\/schema\/person\/714c67050b836198af2450ba1c142a67"},"headline":"Vasco, Fluminense e Botafogo fazem publica\u00e7\u00f5es direcionadas a Ad\u00edlio, ex-jogador do Flamengo","datePublished":"2024-08-05T18:17:07+00:00","dateModified":"2024-08-05T18:17:09+00:00","mainEntityOfPage":{"@id":"https:\/\/www.gaveanews.com\/index.php\/2024\/08\/05\/vasco-fluminense-e-botafogo-fazem-publicacoes-direcionadas-a-adilio-ex-jogador-do-flamengo\/"},"wordCount":366,"commentCount":0,"image":{"@id":"https:\/\/www.gaveanews.com\/index.php\/2024\/08\/05\/vasco-fluminense-e-botafogo-fazem-publicacoes-direcionadas-a-adilio-ex-jogador-do-flamengo\/#primaryimage"},"thumbnailUrl":"https:\/\/www.gaveanews.com\/wp-content\/uploads\/Adilio-idolo-do-Flamengo.webp","articleSection":["Flamengo"],"inLanguage":"pt-BR","potentialAction":[{"@type":"CommentAction","name":"Comment","target":["https:\/\/www.gaveanews.com\/index.php\/2024\/08\/05\/vasco-fluminense-e-botafogo-fazem-publicacoes-direcionadas-a-adilio-ex-jogador-do-flamengo\/#respond"]}],"copyrightYear":"2024","copyrightHolder":{"@id":"https:\/\/www.gaveanews.com\/#organization"}},{"@type":"WebPage","@id":"https:\/\/www.gaveanews.com\/index.php\/2024\/08\/05\/vasco-fluminense-e-botafogo-fazem-publicacoes-direcionadas-a-adilio-ex-jogador-do-flamengo\/","url":"https:\/\/www.gaveanews.com\/index.php\/2024\/08\/05\/vasco-fluminense-e-botafogo-fazem-publicacoes-direcionadas-a-adilio-ex-jogador-do-flamengo\/","name":"Vasco, Fluminense e Botafogo fazem publica\u00e7\u00f5es direcionadas a Ad\u00edlio, ex-jogador do Flamengo","isPartOf":{"@id":"https:\/\/www.gaveanews.com\/#website"},"primaryImageOfPage":{"@id":"https:\/\/www.gaveanews.com\/index.php\/2024\/08\/05\/vasco-fluminense-e-botafogo-fazem-publicacoes-direcionadas-a-adilio-ex-jogador-do-flamengo\/#primaryimage"},"image":{"@id":"https:\/\/www.gaveanews.com\/index.php\/2024\/08\/05\/vasco-fluminense-e-botafogo-fazem-publicacoes-direcionadas-a-adilio-ex-jogador-do-flamengo\/#primaryimage"},"thumbnailUrl":"https:\/\/www.gaveanews.com\/wp-content\/uploads\/Adilio-idolo-do-Flamengo.webp","datePublished":"2024-08-05T18:17:07+00:00","dateModified":"2024-08-05T18:17:09+00:00","author":{"@id":"https:\/\/www.gaveanews.com\/#\/schema\/person\/714c67050b836198af2450ba1c142a67"},"breadcrumb":{"@id":"https:\/\/www.gaveanews.com\/index.php\/2024\/08\/05\/vasco-fluminense-e-botafogo-fazem-publicacoes-direcionadas-a-adilio-ex-jogador-do-flamengo\/#breadcrumb"},"inLanguage":"pt-BR","potentialAction":[{"@type":"ReadAction","target":["https:\/\/www.gaveanews.com\/index.php\/2024\/08\/05\/vasco-fluminense-e-botafogo-fazem-publicacoes-direcionadas-a-adilio-ex-jogador-do-flamengo\/"]}]},{"@type":"ImageObject","inLanguage":"pt-BR","@id":"https:\/\/www.gaveanews.com\/index.php\/2024\/08\/05\/vasco-fluminense-e-botafogo-fazem-publicacoes-direcionadas-a-adilio-ex-jogador-do-flamengo\/#primaryimage","url":"https:\/\/www.gaveanews.com\/wp-content\/uploads\/Adilio-idolo-do-Flamengo.webp","contentUrl":"https:\/\/www.gaveanews.com\/wp-content\/uploads\/Adilio-idolo-do-Flamengo.webp","width":984,"height":567,"caption":"Ad\u00edlio, \u00eddolo do Flamengo (Foto: Viviane Le\u00e3o\/GloboEsporte.com)"},{"@type":"BreadcrumbList","@id":"https:\/\/www.gaveanews.com\/index.php\/2024\/08\/05\/vasco-fluminense-e-botafogo-fazem-publicacoes-direcionadas-a-adilio-ex-jogador-do-flamengo\/#breadcrumb","itemListElement":[{"@type":"ListItem","position":1,"name":"Home","item":"https:\/\/www.gaveanews.com\/"},{"@type":"ListItem","position":2,"name":"Vasco, Fluminense e Botafogo fazem publica\u00e7\u00f5es direcionadas a Ad\u00edlio, ex-jogador do Flamengo"}]},{"@type":"WebSite","@id":"https:\/\/www.gaveanews.com\/#website","url":"https:\/\/www.gaveanews.com\/","name":"G\u00e1vea News","description":"Veja todas as not\u00edcias sobre o Flamengo: Contrata\u00e7\u00f5es, categorias de base, resultados das partidas, tabela de classifica\u00e7\u00e3o, pr\u00f3ximos jogos!","potentialAction":[{"@type":"SearchAction","target":{"@type":"EntryPoint","urlTemplate":"https:\/\/www.gaveanews.com\/?s={search_term_string}"},"query-input":{"@type":"PropertyValueSpecification","valueRequired":true,"valueName":"search_term_string"}}],"inLanguage":"pt-BR"},{"@type":"Person","@id":"https:\/\/www.gaveanews.com\/#\/schema\/person\/714c67050b836198af2450ba1c142a67","name":"Let\u00edcia Gerheim","image":{"@type":"ImageObject","inLanguage":"pt-BR","@id":"https:\/\/www.gaveanews.com\/#\/schema\/person\/image\/","url":"https:\/\/secure.gravatar.com\/avatar\/60734739c50fcebfbac509e2a826ccd0ff405c019bc73aab9354f19ecad1dcb4?s=96&d=mm&r=g","contentUrl":"https:\/\/secure.gravatar.com\/avatar\/60734739c50fcebfbac509e2a826ccd0ff405c019bc73aab9354f19ecad1dcb4?s=96&d=mm&r=g","caption":"Let\u00edcia Gerheim"}}]}},"_links":{"self":[{"href":"https:\/\/www.gaveanews.com\/index.php\/wp-json\/wp\/v2\/posts\/156495","targetHints":{"allow":["GET"]}}],"collection":[{"href":"https:\/\/www.gaveanews.com\/index.php\/wp-json\/wp\/v2\/posts"}],"about":[{"href":"https:\/\/www.gaveanews.com\/index.php\/wp-json\/wp\/v2\/types\/post"}],"author":[{"embeddable":true,"href":"https:\/\/www.gaveanews.com\/index.php\/wp-json\/wp\/v2\/users\/4"}],"replies":[{"embeddable":true,"href":"https:\/\/www.gaveanews.com\/index.php\/wp-json\/wp\/v2\/comments?post=156495"}],"version-history":[{"count":1,"href":"https:\/\/www.gaveanews.com\/index.php\/wp-json\/wp\/v2\/posts\/156495\/revisions"}],"predecessor-version":[{"id":156551,"href":"https:\/\/www.gaveanews.com\/index.php\/wp-json\/wp\/v2\/posts\/156495\/revisions\/156551"}],"wp:featuredmedia":[{"embeddable":true,"href":"https:\/\/www.gaveanews.com\/index.php\/wp-json\/wp\/v2\/media\/131493"}],"wp:attachment":[{"href":"https:\/\/www.gaveanews.com\/index.php\/wp-json\/wp\/v2\/media?parent=156495"}],"wp:term":[{"taxonomy":"category","embeddable":true,"href":"https:\/\/www.gaveanews.com\/index.php\/wp-json\/wp\/v2\/categories?post=156495"},{"taxonomy":"post_tag","embeddable":true,"href":"https:\/\/www.gaveanews.com\/index.php\/wp-json\/wp\/v2\/tags?post=156495"}],"curies":[{"name":"wp","href":"https:\/\/api.w.org\/{rel}","templated":true}]}}