{"id":156546,"date":"2024-08-05T15:30:00","date_gmt":"2024-08-05T18:30:00","guid":{"rendered":"https:\/\/www.gaveanews.com\/?p=156546"},"modified":"2024-08-05T15:06:26","modified_gmt":"2024-08-05T18:06:26","slug":"claudinho-flamengo-e-zenit-atualizacao-sobre-a-negociacao","status":"publish","type":"post","link":"https:\/\/www.gaveanews.com\/index.php\/2024\/08\/05\/claudinho-flamengo-e-zenit-atualizacao-sobre-a-negociacao\/","title":{"rendered":"Claudinho, Flamengo e Zenit: atualiza\u00e7\u00e3o sobre a negocia\u00e7\u00e3o"},"content":{"rendered":"\n<h2 class=\"wp-block-heading\" id=\"h-claudinho-nao-deve-jogar-no-flamengo\">Claudinho n\u00e3o deve jogar no Flamengo<\/h2>\n\n\n\n<p>O portal RIA Novosti, da R\u00fassia, anunciou nesta segunda-feira (5) que o Zenit de S\u00e3o Petersburgo decidiu encerrar as negocia\u00e7\u00f5es referentes a Wendel e Claudinho. Com o Flamengo como o principal interessado na contrata\u00e7\u00e3o do meia Claudinho, o clube carioca precisar\u00e1 buscar alternativas para fortalecer a equipe sob a dire\u00e7\u00e3o de Tite. O Meng\u00e3o iniciou di\u00e1logos com os russos e chegou a apresentar uma proposta perto de 18 milh\u00f5es de euros pelo jogador.<\/p>\n\n\n\n<ul class=\"wp-block-list\">\n<li><a href=\"https:\/\/www.gaveanews.com\/index.php\/2024\/08\/05\/ele-deixou-o-flamengo-sendo-questionado-mas-agora-e-capitao-de-seu-time-na-europa\/\">Ele deixou o Flamengo sendo questionado mas agora \u00e9 capit\u00e3o de seu time na Europa<\/a><\/li>\n\n\n\n<li><a href=\"https:\/\/www.gaveanews.com\/index.php\/2024\/08\/04\/flamengo-quer-contratar-rayssa-leal-e-italo-ferreira\/\">Flamengo quer contratar Rayssa Leal e Italo Ferreira<br><\/a><\/li>\n<\/ul>\n\n\n\n<p><em>-Alexey Miller, Ministro de Energia e VP do conselho do Gazprom, nome pesado da pol\u00edtica de transfer\u00eancias do Zenit, n\u00e3o quer mais a venda do jogador, afirmou o portal russo nesta manh\u00e3<\/em><\/p>\n\n\n\n<p>Claudinho j\u00e1 comunicou \u00e0 diretoria russa que n\u00e3o renovar\u00e1 o seu v\u00ednculo que vai at\u00e9 junho de 2027. O jogador tinha a op\u00e7\u00e3o de renovar por um per\u00edodo maior, mas j\u00e1 deixou claro que ap\u00f3s o t\u00e9rmino do contrato, ele terminar\u00e1 sua hist\u00f3ria no Zenit.<\/p>\n\n\n\n<figure class=\"wp-block-image size-full\"><img loading=\"lazy\" decoding=\"async\" width=\"984\" height=\"656\" src=\"https:\/\/www.gaveanews.com\/wp-content\/uploads\/claudinho-zenit.webp\" alt=\"\" class=\"wp-image-90253\" srcset=\"https:\/\/www.gaveanews.com\/wp-content\/uploads\/claudinho-zenit.webp 984w, https:\/\/www.gaveanews.com\/wp-content\/uploads\/claudinho-zenit-300x200.webp 300w, https:\/\/www.gaveanews.com\/wp-content\/uploads\/claudinho-zenit-768x512.webp 768w, https:\/\/www.gaveanews.com\/wp-content\/uploads\/claudinho-zenit-630x420.webp 630w, https:\/\/www.gaveanews.com\/wp-content\/uploads\/claudinho-zenit-640x427.webp 640w, https:\/\/www.gaveanews.com\/wp-content\/uploads\/claudinho-zenit-681x454.webp 681w, https:\/\/www.gaveanews.com\/wp-content\/uploads\/claudinho-zenit-100x67.webp 100w\" sizes=\"auto, (max-width: 984px) 100vw, 984px\" \/><figcaption class=\"wp-element-caption\">Claudinho, meia do Zenit (Foto: Igor Russak\/Anadolu Agency via Getty Images)<\/figcaption><\/figure>\n\n\n\n<p>Claudinho est\u00e1 avaliado em R$ 119 milh\u00f5es de reais. O Zenit, todavia para come\u00e7ar a negociar o atleta pedia mais de R$ 150 milh\u00f5es de reais e gostaria de receber o montante a vista. Mesmo com todas as dificuldades, Landim mantinha a esperan\u00e7a de ter o brasileiro no elenco.<\/p>\n\n\n\n<p>Ap\u00f3s realizar investimentos significativos na janela de janeiro, o clube adotou uma postura mais cautelosa em rela\u00e7\u00e3o \u00e0 janela europeia e ainda n\u00e3o confirmou nenhuma nova aquisi\u00e7\u00e3o. At\u00e9 agora, as especula\u00e7\u00f5es giraram em torno de Claudinho, um antigo desejo do Flamengo, e Marcos Ant\u00f4nio, que acabou se transferindo para o S\u00e3o Paulo.<\/p>\n\n\n\n<p>\u00c9 interessante notar que em uma coletiva de imprensa, o t\u00e9cnico Tite mencionou que os dirigentes teriam duas contrata\u00e7\u00f5es quase concretizadas para essa janela.<\/p>\n\n\n\n<p>O Rubro-Negro se encontra num momento decisivo da sua temporada e, por isso, refor\u00e7os s\u00e3o considerados essenciais. Para competir nas tr\u00eas principais competi\u00e7\u00f5es do ano , Campeonato Brasileiro, Copa do Brasil e Libertadores  \u00e9 necess\u00e1rio contar com um elenco maior e com jogadores de alto n\u00edvel.<\/p>\n","protected":false},"excerpt":{"rendered":"<p>Claudinho, Flamengo e Zenit: atualiza\u00e7\u00e3o sobre a negocia\u00e7\u00e3o<\/p>\n","protected":false},"author":16,"featured_media":103007,"comment_status":"open","ping_status":"closed","sticky":false,"template":"","format":"standard","meta":{"footnotes":""},"categories":[1],"tags":[],"class_list":["post-156546","post","type-post","status-publish","format-standard","has-post-thumbnail","hentry","category-flamengo"],"yoast_head":"<!-- This site is optimized with the Yoast SEO Premium plugin v24.2 (Yoast SEO v26.9) - https:\/\/yoast.com\/product\/yoast-seo-premium-wordpress\/ -->\n<title>Claudinho, Flamengo e Zenit: atualiza\u00e7\u00e3o sobre a negocia\u00e7\u00e3o<\/title>\n<meta name=\"robots\" content=\"index, follow, max-snippet:-1, max-image-preview:large, max-video-preview:-1\" \/>\n<link rel=\"canonical\" href=\"https:\/\/www.gaveanews.com\/index.php\/2024\/08\/05\/claudinho-flamengo-e-zenit-atualizacao-sobre-a-negociacao\/\" \/>\n<meta property=\"og:locale\" content=\"pt_BR\" \/>\n<meta property=\"og:type\" content=\"article\" \/>\n<meta property=\"og:title\" content=\"Claudinho, Flamengo e Zenit: atualiza\u00e7\u00e3o sobre a negocia\u00e7\u00e3o\" \/>\n<meta property=\"og:description\" content=\"Claudinho, Flamengo e Zenit: atualiza\u00e7\u00e3o sobre a negocia\u00e7\u00e3o\" \/>\n<meta property=\"og:url\" content=\"https:\/\/www.gaveanews.com\/index.php\/2024\/08\/05\/claudinho-flamengo-e-zenit-atualizacao-sobre-a-negociacao\/\" \/>\n<meta property=\"og:site_name\" content=\"G\u00e1vea News\" \/>\n<meta property=\"article:publisher\" content=\"https:\/\/facebook.com\/gaveaNews\/\" \/>\n<meta property=\"article:published_time\" content=\"2024-08-05T18:30:00+00:00\" \/>\n<meta property=\"og:image\" content=\"https:\/\/www.gaveanews.com\/wp-content\/uploads\/chrome_3N2hqI23Ew.webp\" \/>\n\t<meta property=\"og:image:width\" content=\"777\" \/>\n\t<meta property=\"og:image:height\" content=\"522\" \/>\n\t<meta property=\"og:image:type\" content=\"image\/png\" \/>\n<meta name=\"author\" content=\"D\u00e9bora Figueiredo\" \/>\n<meta name=\"twitter:card\" content=\"summary_large_image\" \/>\n<meta name=\"twitter:label1\" content=\"Escrito por\" \/>\n\t<meta name=\"twitter:data1\" content=\"D\u00e9bora Figueiredo\" \/>\n\t<meta name=\"twitter:label2\" content=\"Est. tempo de leitura\" \/>\n\t<meta name=\"twitter:data2\" content=\"3 minutos\" \/>\n<script type=\"application\/ld+json\" class=\"yoast-schema-graph\">{\"@context\":\"https:\/\/schema.org\",\"@graph\":[{\"@type\":\"NewsArticle\",\"@id\":\"https:\/\/www.gaveanews.com\/index.php\/2024\/08\/05\/claudinho-flamengo-e-zenit-atualizacao-sobre-a-negociacao\/#article\",\"isPartOf\":{\"@id\":\"https:\/\/www.gaveanews.com\/index.php\/2024\/08\/05\/claudinho-flamengo-e-zenit-atualizacao-sobre-a-negociacao\/\"},\"author\":{\"name\":\"D\u00e9bora Figueiredo\",\"@id\":\"https:\/\/www.gaveanews.com\/#\/schema\/person\/37122681a8575a5c8db05a56f099a5e4\"},\"headline\":\"Claudinho, Flamengo e Zenit: atualiza\u00e7\u00e3o sobre a negocia\u00e7\u00e3o\",\"datePublished\":\"2024-08-05T18:30:00+00:00\",\"mainEntityOfPage\":{\"@id\":\"https:\/\/www.gaveanews.com\/index.php\/2024\/08\/05\/claudinho-flamengo-e-zenit-atualizacao-sobre-a-negociacao\/\"},\"wordCount\":400,\"commentCount\":0,\"image\":{\"@id\":\"https:\/\/www.gaveanews.com\/index.php\/2024\/08\/05\/claudinho-flamengo-e-zenit-atualizacao-sobre-a-negociacao\/#primaryimage\"},\"thumbnailUrl\":\"https:\/\/www.gaveanews.com\/wp-content\/uploads\/chrome_3N2hqI23Ew.webp\",\"articleSection\":[\"Flamengo\"],\"inLanguage\":\"pt-BR\",\"potentialAction\":[{\"@type\":\"CommentAction\",\"name\":\"Comment\",\"target\":[\"https:\/\/www.gaveanews.com\/index.php\/2024\/08\/05\/claudinho-flamengo-e-zenit-atualizacao-sobre-a-negociacao\/#respond\"]}],\"copyrightYear\":\"2024\",\"copyrightHolder\":{\"@id\":\"https:\/\/www.gaveanews.com\/#organization\"}},{\"@type\":\"WebPage\",\"@id\":\"https:\/\/www.gaveanews.com\/index.php\/2024\/08\/05\/claudinho-flamengo-e-zenit-atualizacao-sobre-a-negociacao\/\",\"url\":\"https:\/\/www.gaveanews.com\/index.php\/2024\/08\/05\/claudinho-flamengo-e-zenit-atualizacao-sobre-a-negociacao\/\",\"name\":\"Claudinho, Flamengo e Zenit: atualiza\u00e7\u00e3o sobre a negocia\u00e7\u00e3o\",\"isPartOf\":{\"@id\":\"https:\/\/www.gaveanews.com\/#website\"},\"primaryImageOfPage\":{\"@id\":\"https:\/\/www.gaveanews.com\/index.php\/2024\/08\/05\/claudinho-flamengo-e-zenit-atualizacao-sobre-a-negociacao\/#primaryimage\"},\"image\":{\"@id\":\"https:\/\/www.gaveanews.com\/index.php\/2024\/08\/05\/claudinho-flamengo-e-zenit-atualizacao-sobre-a-negociacao\/#primaryimage\"},\"thumbnailUrl\":\"https:\/\/www.gaveanews.com\/wp-content\/uploads\/chrome_3N2hqI23Ew.webp\",\"datePublished\":\"2024-08-05T18:30:00+00:00\",\"author\":{\"@id\":\"https:\/\/www.gaveanews.com\/#\/schema\/person\/37122681a8575a5c8db05a56f099a5e4\"},\"breadcrumb\":{\"@id\":\"https:\/\/www.gaveanews.com\/index.php\/2024\/08\/05\/claudinho-flamengo-e-zenit-atualizacao-sobre-a-negociacao\/#breadcrumb\"},\"inLanguage\":\"pt-BR\",\"potentialAction\":[{\"@type\":\"ReadAction\",\"target\":[\"https:\/\/www.gaveanews.com\/index.php\/2024\/08\/05\/claudinho-flamengo-e-zenit-atualizacao-sobre-a-negociacao\/\"]}]},{\"@type\":\"ImageObject\",\"inLanguage\":\"pt-BR\",\"@id\":\"https:\/\/www.gaveanews.com\/index.php\/2024\/08\/05\/claudinho-flamengo-e-zenit-atualizacao-sobre-a-negociacao\/#primaryimage\",\"url\":\"https:\/\/www.gaveanews.com\/wp-content\/uploads\/chrome_3N2hqI23Ew.webp\",\"contentUrl\":\"https:\/\/www.gaveanews.com\/wp-content\/uploads\/chrome_3N2hqI23Ew.webp\",\"width\":777,\"height\":522,\"caption\":\"Claudinho em jogo pelo Zenit (Foto: Reprodu\u00e7\u00e3o)\"},{\"@type\":\"BreadcrumbList\",\"@id\":\"https:\/\/www.gaveanews.com\/index.php\/2024\/08\/05\/claudinho-flamengo-e-zenit-atualizacao-sobre-a-negociacao\/#breadcrumb\",\"itemListElement\":[{\"@type\":\"ListItem\",\"position\":1,\"name\":\"Home\",\"item\":\"https:\/\/www.gaveanews.com\/\"},{\"@type\":\"ListItem\",\"position\":2,\"name\":\"Claudinho, Flamengo e Zenit: atualiza\u00e7\u00e3o sobre a negocia\u00e7\u00e3o\"}]},{\"@type\":\"WebSite\",\"@id\":\"https:\/\/www.gaveanews.com\/#website\",\"url\":\"https:\/\/www.gaveanews.com\/\",\"name\":\"G\u00e1vea News\",\"description\":\"Veja todas as not\u00edcias sobre o Flamengo: Contrata\u00e7\u00f5es, categorias de base, resultados das partidas, tabela de classifica\u00e7\u00e3o, pr\u00f3ximos jogos!\",\"potentialAction\":[{\"@type\":\"SearchAction\",\"target\":{\"@type\":\"EntryPoint\",\"urlTemplate\":\"https:\/\/www.gaveanews.com\/?s={search_term_string}\"},\"query-input\":{\"@type\":\"PropertyValueSpecification\",\"valueRequired\":true,\"valueName\":\"search_term_string\"}}],\"inLanguage\":\"pt-BR\"},{\"@type\":\"Person\",\"@id\":\"https:\/\/www.gaveanews.com\/#\/schema\/person\/37122681a8575a5c8db05a56f099a5e4\",\"name\":\"D\u00e9bora Figueiredo\",\"image\":{\"@type\":\"ImageObject\",\"inLanguage\":\"pt-BR\",\"@id\":\"https:\/\/www.gaveanews.com\/#\/schema\/person\/image\/\",\"url\":\"https:\/\/secure.gravatar.com\/avatar\/1f44802859351588499d26f52aed1d15796ce17e67602895b72837c08018868d?s=96&d=mm&r=g\",\"contentUrl\":\"https:\/\/secure.gravatar.com\/avatar\/1f44802859351588499d26f52aed1d15796ce17e67602895b72837c08018868d?s=96&d=mm&r=g\",\"caption\":\"D\u00e9bora Figueiredo\"}}]}<\/script>\n<!-- \/ Yoast SEO Premium plugin. -->","yoast_head_json":{"title":"Claudinho, Flamengo e Zenit: atualiza\u00e7\u00e3o sobre a negocia\u00e7\u00e3o","robots":{"index":"index","follow":"follow","max-snippet":"max-snippet:-1","max-image-preview":"max-image-preview:large","max-video-preview":"max-video-preview:-1"},"canonical":"https:\/\/www.gaveanews.com\/index.php\/2024\/08\/05\/claudinho-flamengo-e-zenit-atualizacao-sobre-a-negociacao\/","og_locale":"pt_BR","og_type":"article","og_title":"Claudinho, Flamengo e Zenit: atualiza\u00e7\u00e3o sobre a negocia\u00e7\u00e3o","og_description":"Claudinho, Flamengo e Zenit: atualiza\u00e7\u00e3o sobre a negocia\u00e7\u00e3o","og_url":"https:\/\/www.gaveanews.com\/index.php\/2024\/08\/05\/claudinho-flamengo-e-zenit-atualizacao-sobre-a-negociacao\/","og_site_name":"G\u00e1vea News","article_publisher":"https:\/\/facebook.com\/gaveaNews\/","article_published_time":"2024-08-05T18:30:00+00:00","og_image":[{"width":777,"height":522,"url":"https:\/\/www.gaveanews.com\/wp-content\/uploads\/chrome_3N2hqI23Ew.webp","type":"image\/png"}],"author":"D\u00e9bora Figueiredo","twitter_card":"summary_large_image","twitter_misc":{"Escrito por":"D\u00e9bora Figueiredo","Est. tempo de leitura":"3 minutos"},"schema":{"@context":"https:\/\/schema.org","@graph":[{"@type":"NewsArticle","@id":"https:\/\/www.gaveanews.com\/index.php\/2024\/08\/05\/claudinho-flamengo-e-zenit-atualizacao-sobre-a-negociacao\/#article","isPartOf":{"@id":"https:\/\/www.gaveanews.com\/index.php\/2024\/08\/05\/claudinho-flamengo-e-zenit-atualizacao-sobre-a-negociacao\/"},"author":{"name":"D\u00e9bora Figueiredo","@id":"https:\/\/www.gaveanews.com\/#\/schema\/person\/37122681a8575a5c8db05a56f099a5e4"},"headline":"Claudinho, Flamengo e Zenit: atualiza\u00e7\u00e3o sobre a negocia\u00e7\u00e3o","datePublished":"2024-08-05T18:30:00+00:00","mainEntityOfPage":{"@id":"https:\/\/www.gaveanews.com\/index.php\/2024\/08\/05\/claudinho-flamengo-e-zenit-atualizacao-sobre-a-negociacao\/"},"wordCount":400,"commentCount":0,"image":{"@id":"https:\/\/www.gaveanews.com\/index.php\/2024\/08\/05\/claudinho-flamengo-e-zenit-atualizacao-sobre-a-negociacao\/#primaryimage"},"thumbnailUrl":"https:\/\/www.gaveanews.com\/wp-content\/uploads\/chrome_3N2hqI23Ew.webp","articleSection":["Flamengo"],"inLanguage":"pt-BR","potentialAction":[{"@type":"CommentAction","name":"Comment","target":["https:\/\/www.gaveanews.com\/index.php\/2024\/08\/05\/claudinho-flamengo-e-zenit-atualizacao-sobre-a-negociacao\/#respond"]}],"copyrightYear":"2024","copyrightHolder":{"@id":"https:\/\/www.gaveanews.com\/#organization"}},{"@type":"WebPage","@id":"https:\/\/www.gaveanews.com\/index.php\/2024\/08\/05\/claudinho-flamengo-e-zenit-atualizacao-sobre-a-negociacao\/","url":"https:\/\/www.gaveanews.com\/index.php\/2024\/08\/05\/claudinho-flamengo-e-zenit-atualizacao-sobre-a-negociacao\/","name":"Claudinho, Flamengo e Zenit: atualiza\u00e7\u00e3o sobre a negocia\u00e7\u00e3o","isPartOf":{"@id":"https:\/\/www.gaveanews.com\/#website"},"primaryImageOfPage":{"@id":"https:\/\/www.gaveanews.com\/index.php\/2024\/08\/05\/claudinho-flamengo-e-zenit-atualizacao-sobre-a-negociacao\/#primaryimage"},"image":{"@id":"https:\/\/www.gaveanews.com\/index.php\/2024\/08\/05\/claudinho-flamengo-e-zenit-atualizacao-sobre-a-negociacao\/#primaryimage"},"thumbnailUrl":"https:\/\/www.gaveanews.com\/wp-content\/uploads\/chrome_3N2hqI23Ew.webp","datePublished":"2024-08-05T18:30:00+00:00","author":{"@id":"https:\/\/www.gaveanews.com\/#\/schema\/person\/37122681a8575a5c8db05a56f099a5e4"},"breadcrumb":{"@id":"https:\/\/www.gaveanews.com\/index.php\/2024\/08\/05\/claudinho-flamengo-e-zenit-atualizacao-sobre-a-negociacao\/#breadcrumb"},"inLanguage":"pt-BR","potentialAction":[{"@type":"ReadAction","target":["https:\/\/www.gaveanews.com\/index.php\/2024\/08\/05\/claudinho-flamengo-e-zenit-atualizacao-sobre-a-negociacao\/"]}]},{"@type":"ImageObject","inLanguage":"pt-BR","@id":"https:\/\/www.gaveanews.com\/index.php\/2024\/08\/05\/claudinho-flamengo-e-zenit-atualizacao-sobre-a-negociacao\/#primaryimage","url":"https:\/\/www.gaveanews.com\/wp-content\/uploads\/chrome_3N2hqI23Ew.webp","contentUrl":"https:\/\/www.gaveanews.com\/wp-content\/uploads\/chrome_3N2hqI23Ew.webp","width":777,"height":522,"caption":"Claudinho em jogo pelo Zenit (Foto: Reprodu\u00e7\u00e3o)"},{"@type":"BreadcrumbList","@id":"https:\/\/www.gaveanews.com\/index.php\/2024\/08\/05\/claudinho-flamengo-e-zenit-atualizacao-sobre-a-negociacao\/#breadcrumb","itemListElement":[{"@type":"ListItem","position":1,"name":"Home","item":"https:\/\/www.gaveanews.com\/"},{"@type":"ListItem","position":2,"name":"Claudinho, Flamengo e Zenit: atualiza\u00e7\u00e3o sobre a negocia\u00e7\u00e3o"}]},{"@type":"WebSite","@id":"https:\/\/www.gaveanews.com\/#website","url":"https:\/\/www.gaveanews.com\/","name":"G\u00e1vea News","description":"Veja todas as not\u00edcias sobre o Flamengo: Contrata\u00e7\u00f5es, categorias de base, resultados das partidas, tabela de classifica\u00e7\u00e3o, pr\u00f3ximos jogos!","potentialAction":[{"@type":"SearchAction","target":{"@type":"EntryPoint","urlTemplate":"https:\/\/www.gaveanews.com\/?s={search_term_string}"},"query-input":{"@type":"PropertyValueSpecification","valueRequired":true,"valueName":"search_term_string"}}],"inLanguage":"pt-BR"},{"@type":"Person","@id":"https:\/\/www.gaveanews.com\/#\/schema\/person\/37122681a8575a5c8db05a56f099a5e4","name":"D\u00e9bora Figueiredo","image":{"@type":"ImageObject","inLanguage":"pt-BR","@id":"https:\/\/www.gaveanews.com\/#\/schema\/person\/image\/","url":"https:\/\/secure.gravatar.com\/avatar\/1f44802859351588499d26f52aed1d15796ce17e67602895b72837c08018868d?s=96&d=mm&r=g","contentUrl":"https:\/\/secure.gravatar.com\/avatar\/1f44802859351588499d26f52aed1d15796ce17e67602895b72837c08018868d?s=96&d=mm&r=g","caption":"D\u00e9bora Figueiredo"}}]}},"_links":{"self":[{"href":"https:\/\/www.gaveanews.com\/index.php\/wp-json\/wp\/v2\/posts\/156546","targetHints":{"allow":["GET"]}}],"collection":[{"href":"https:\/\/www.gaveanews.com\/index.php\/wp-json\/wp\/v2\/posts"}],"about":[{"href":"https:\/\/www.gaveanews.com\/index.php\/wp-json\/wp\/v2\/types\/post"}],"author":[{"embeddable":true,"href":"https:\/\/www.gaveanews.com\/index.php\/wp-json\/wp\/v2\/users\/16"}],"replies":[{"embeddable":true,"href":"https:\/\/www.gaveanews.com\/index.php\/wp-json\/wp\/v2\/comments?post=156546"}],"version-history":[{"count":1,"href":"https:\/\/www.gaveanews.com\/index.php\/wp-json\/wp\/v2\/posts\/156546\/revisions"}],"predecessor-version":[{"id":156548,"href":"https:\/\/www.gaveanews.com\/index.php\/wp-json\/wp\/v2\/posts\/156546\/revisions\/156548"}],"wp:featuredmedia":[{"embeddable":true,"href":"https:\/\/www.gaveanews.com\/index.php\/wp-json\/wp\/v2\/media\/103007"}],"wp:attachment":[{"href":"https:\/\/www.gaveanews.com\/index.php\/wp-json\/wp\/v2\/media?parent=156546"}],"wp:term":[{"taxonomy":"category","embeddable":true,"href":"https:\/\/www.gaveanews.com\/index.php\/wp-json\/wp\/v2\/categories?post=156546"},{"taxonomy":"post_tag","embeddable":true,"href":"https:\/\/www.gaveanews.com\/index.php\/wp-json\/wp\/v2\/tags?post=156546"}],"curies":[{"name":"wp","href":"https:\/\/api.w.org\/{rel}","templated":true}]}}