{"id":156552,"date":"2024-08-05T16:18:05","date_gmt":"2024-08-05T19:18:05","guid":{"rendered":"https:\/\/www.gaveanews.com\/?p=156552"},"modified":"2024-08-05T16:18:07","modified_gmt":"2024-08-05T19:18:07","slug":"a-declaracao-de-simone-biles-apos-rebeca-andrade-conquistar-o-ouro","status":"publish","type":"post","link":"https:\/\/www.gaveanews.com\/index.php\/2024\/08\/05\/a-declaracao-de-simone-biles-apos-rebeca-andrade-conquistar-o-ouro\/","title":{"rendered":"A declara\u00e7\u00e3o de Simone Biles ap\u00f3s Rebeca Andrade conquistar o ouro"},"content":{"rendered":"\n<p>Maior medalhista brasileira da hist\u00f3ria das Olimp\u00edadas, Rebeca Andrade \u00e9 fen\u00f4meno mundial da gin\u00e1stica art\u00edstica. A brasileira compete lado a lado com a norte-americana Simone Biles, tida por muitos como melhor ginasta da hist\u00f3ria.<\/p>\n\n\n\n<p>A final por aparelhos aconteceu na manh\u00e3 desta segunda-feira (5), com o solo sendo o \u00faltimo equipamento da disputa. Foi neste momento que a nossa brasileira brilhou. Rebeca Andrade fez uma excelente apresenta\u00e7\u00e3o e conquistou o ouro ol\u00edmpico, deixando Biles com a prata.<\/p>\n\n\n\n<p>A brasileira foi ovacionada por todo o gin\u00e1sio na entrega das medalhas. Al\u00e9m disso, as estadunidenses Simone Biles e Jordan Chiles, medalhistas de prata e bronze, respectivamente, ainda reverenciaram Rebeca.<\/p>\n\n\n\n<p>Ap\u00f3s a premia\u00e7\u00e3o, Simone Biles falou sobre a atitude. A ginasta rasgou elogios \u00e0 colega de profiss\u00e3o, exaltando a qualidade t\u00e9cnica de Rebeca.<\/p>\n\n\n\n<p>\u2014\u00a0<em>A Rebeca \u00e9 t\u00e3o incr\u00edvel. Ela \u00e9 uma rainha. Primeiro de tudo, \u00e9 um p\u00f3dio s\u00f3 com mulheres negras, o que \u00e9 muito empolgante para n\u00f3s. A\u00ed a Jordan disse: \u2018Dever\u00edamos reverenciar ela? E eu fiquei tipo: com certeza. A\u00ed ela disse: vamos fazer isso agora?\u2019 E \u00e9 por isso que n\u00f3s fizemos.<\/em><\/p>\n\n\n\n<figure class=\"wp-block-image size-large\"><img decoding=\"async\" src=\"https:\/\/pbs.twimg.com\/media\/GUOTqVnXwAAFrJY?format=jpg\" alt=\"\" \/><\/figure>\n\n\n\n<h2 class=\"wp-block-heading\" id=\"h-medalhas-de-rebeca-andrade-nas-olimpiadas\">Medalhas de Rebeca Andrade nas Olimp\u00edadas<\/h2>\n\n\n\n<ul class=\"wp-block-list\">\n<li>Ouro no salto em T\u00f3quio 2020 \ud83e\udd47<\/li>\n\n\n\n<li>Prata no individual geral em T\u00f3quio 2020\ud83e\udd48<\/li>\n\n\n\n<li>Prata no individual geral em Paris 2024 \ud83e\udd48<\/li>\n\n\n\n<li>Prata no salto em Paris 2024 \ud83e\udd48<\/li>\n\n\n\n<li>Bronze por equipes em Paris 2024 \ud83e\udd49<\/li>\n\n\n\n<li>Ouro no salto em Paris 2024 \ud83e\udd47<\/li>\n<\/ul>\n\n\n\n<h2 class=\"wp-block-heading\" id=\"h-agenda-do-flamengo-para-o-mes-de-agosto\">Agenda do Flamengo para o m\u00eas de agosto<\/h2>\n\n\n\n<ul class=\"wp-block-list\">\n<li>03\/08 S\u00e3o Paulo 1 x 0 Flamengo &#8211; 21h30 &#8211; Morumbis &#8211; Brasileir\u00e3o<\/li>\n\n\n\n<li><strong>07\/08 Palmeiras x Flamengo &#8211; 20h &#8211; Allianz Parque &#8211; Copa do Brasil<\/strong><\/li>\n\n\n\n<li>11\/08 Flamengo x Palmeiras &#8211; 16h &#8211; Maracan\u00e3 &#8211; Brasileir\u00e3o<\/li>\n\n\n\n<li>15\/08 Flamengo x Bol\u00edvar &#8211; 21h30 &#8211; Maracan\u00e3 &#8211; Libertadores<\/li>\n\n\n\n<li>18\/08 Botafogo x Flamengo &#8211; 18h30 &#8211; Nilton Santos (Engenh\u00e3o) &#8211; Brasileir\u00e3o<\/li>\n\n\n\n<li>22\/08 Bol\u00edvar x Flamengo &#8211; 21h30 &#8211; Hernando Siles &#8211; Libertadores<\/li>\n\n\n\n<li>25\/08 Flamengo x Bragantino &#8211; 20h Maracan\u00e3 &#8211; Brasileir\u00e3o<br><em>Obs.: todos os hor\u00e1rios est\u00e3o alinhados ao fuso de Bras\u00edlia.<\/em><\/li>\n<\/ul>\n","protected":false},"excerpt":{"rendered":"<p>Maior medalhista brasileira da hist\u00f3ria das Olimp\u00edadas, Rebeca Andrade \u00e9 fen\u00f4meno mundial da gin\u00e1stica art\u00edstica. A brasileira compete lado a lado com a norte-americana Simone Biles, tida por muitos como melhor ginasta da hist\u00f3ria. A final por aparelhos aconteceu na manh\u00e3 desta segunda-feira (5), com o solo sendo o \u00faltimo equipamento da disputa. Foi neste [&hellip;]<\/p>\n","protected":false},"author":4,"featured_media":156570,"comment_status":"open","ping_status":"closed","sticky":false,"template":"","format":"standard","meta":{"footnotes":""},"categories":[1],"tags":[],"class_list":["post-156552","post","type-post","status-publish","format-standard","has-post-thumbnail","hentry","category-flamengo"],"yoast_head":"<!-- This site is optimized with the Yoast SEO Premium plugin v24.2 (Yoast SEO v26.9) - https:\/\/yoast.com\/product\/yoast-seo-premium-wordpress\/ -->\n<title>A declara\u00e7\u00e3o de Simone Biles ap\u00f3s Rebeca Andrade conquistar o ouro<\/title>\n<meta name=\"robots\" content=\"index, follow, max-snippet:-1, max-image-preview:large, max-video-preview:-1\" \/>\n<link rel=\"canonical\" href=\"https:\/\/www.gaveanews.com\/index.php\/2024\/08\/05\/a-declaracao-de-simone-biles-apos-rebeca-andrade-conquistar-o-ouro\/\" \/>\n<meta property=\"og:locale\" content=\"pt_BR\" \/>\n<meta property=\"og:type\" content=\"article\" \/>\n<meta property=\"og:title\" content=\"A declara\u00e7\u00e3o de Simone Biles ap\u00f3s Rebeca Andrade conquistar o ouro\" \/>\n<meta property=\"og:description\" content=\"Maior medalhista brasileira da hist\u00f3ria das Olimp\u00edadas, Rebeca Andrade \u00e9 fen\u00f4meno mundial da gin\u00e1stica art\u00edstica. A brasileira compete lado a lado com a norte-americana Simone Biles, tida por muitos como melhor ginasta da hist\u00f3ria. A final por aparelhos aconteceu na manh\u00e3 desta segunda-feira (5), com o solo sendo o \u00faltimo equipamento da disputa. Foi neste [&hellip;]\" \/>\n<meta property=\"og:url\" content=\"https:\/\/www.gaveanews.com\/index.php\/2024\/08\/05\/a-declaracao-de-simone-biles-apos-rebeca-andrade-conquistar-o-ouro\/\" \/>\n<meta property=\"og:site_name\" content=\"G\u00e1vea News\" \/>\n<meta property=\"article:publisher\" content=\"https:\/\/facebook.com\/gaveaNews\/\" \/>\n<meta property=\"article:published_time\" content=\"2024-08-05T19:18:05+00:00\" \/>\n<meta property=\"article:modified_time\" content=\"2024-08-05T19:18:07+00:00\" \/>\n<meta property=\"og:image\" content=\"https:\/\/www.gaveanews.com\/wp-content\/uploads\/Rebeca-Andrade-sorri-apos-conquistar-sua-medalha-de-ouro-em-Paris-2024.webp\" \/>\n\t<meta property=\"og:image:width\" content=\"1080\" \/>\n\t<meta property=\"og:image:height\" content=\"719\" \/>\n\t<meta property=\"og:image:type\" content=\"image\/jpeg\" \/>\n<meta name=\"author\" content=\"Let\u00edcia Gerheim\" \/>\n<meta name=\"twitter:card\" content=\"summary_large_image\" \/>\n<meta name=\"twitter:label1\" content=\"Escrito por\" \/>\n\t<meta name=\"twitter:data1\" content=\"Let\u00edcia Gerheim\" \/>\n\t<meta name=\"twitter:label2\" content=\"Est. tempo de leitura\" \/>\n\t<meta name=\"twitter:data2\" content=\"2 minutos\" \/>\n<script type=\"application\/ld+json\" class=\"yoast-schema-graph\">{\"@context\":\"https:\/\/schema.org\",\"@graph\":[{\"@type\":\"NewsArticle\",\"@id\":\"https:\/\/www.gaveanews.com\/index.php\/2024\/08\/05\/a-declaracao-de-simone-biles-apos-rebeca-andrade-conquistar-o-ouro\/#article\",\"isPartOf\":{\"@id\":\"https:\/\/www.gaveanews.com\/index.php\/2024\/08\/05\/a-declaracao-de-simone-biles-apos-rebeca-andrade-conquistar-o-ouro\/\"},\"author\":{\"name\":\"Let\u00edcia Gerheim\",\"@id\":\"https:\/\/www.gaveanews.com\/#\/schema\/person\/714c67050b836198af2450ba1c142a67\"},\"headline\":\"A declara\u00e7\u00e3o de Simone Biles ap\u00f3s Rebeca Andrade conquistar o ouro\",\"datePublished\":\"2024-08-05T19:18:05+00:00\",\"dateModified\":\"2024-08-05T19:18:07+00:00\",\"mainEntityOfPage\":{\"@id\":\"https:\/\/www.gaveanews.com\/index.php\/2024\/08\/05\/a-declaracao-de-simone-biles-apos-rebeca-andrade-conquistar-o-ouro\/\"},\"wordCount\":348,\"commentCount\":0,\"image\":{\"@id\":\"https:\/\/www.gaveanews.com\/index.php\/2024\/08\/05\/a-declaracao-de-simone-biles-apos-rebeca-andrade-conquistar-o-ouro\/#primaryimage\"},\"thumbnailUrl\":\"https:\/\/www.gaveanews.com\/wp-content\/uploads\/Rebeca-Andrade-sorri-apos-conquistar-sua-medalha-de-ouro-em-Paris-2024.webp\",\"articleSection\":[\"Flamengo\"],\"inLanguage\":\"pt-BR\",\"potentialAction\":[{\"@type\":\"CommentAction\",\"name\":\"Comment\",\"target\":[\"https:\/\/www.gaveanews.com\/index.php\/2024\/08\/05\/a-declaracao-de-simone-biles-apos-rebeca-andrade-conquistar-o-ouro\/#respond\"]}],\"copyrightYear\":\"2024\",\"copyrightHolder\":{\"@id\":\"https:\/\/www.gaveanews.com\/#organization\"}},{\"@type\":\"WebPage\",\"@id\":\"https:\/\/www.gaveanews.com\/index.php\/2024\/08\/05\/a-declaracao-de-simone-biles-apos-rebeca-andrade-conquistar-o-ouro\/\",\"url\":\"https:\/\/www.gaveanews.com\/index.php\/2024\/08\/05\/a-declaracao-de-simone-biles-apos-rebeca-andrade-conquistar-o-ouro\/\",\"name\":\"A declara\u00e7\u00e3o de Simone Biles ap\u00f3s Rebeca Andrade conquistar o ouro\",\"isPartOf\":{\"@id\":\"https:\/\/www.gaveanews.com\/#website\"},\"primaryImageOfPage\":{\"@id\":\"https:\/\/www.gaveanews.com\/index.php\/2024\/08\/05\/a-declaracao-de-simone-biles-apos-rebeca-andrade-conquistar-o-ouro\/#primaryimage\"},\"image\":{\"@id\":\"https:\/\/www.gaveanews.com\/index.php\/2024\/08\/05\/a-declaracao-de-simone-biles-apos-rebeca-andrade-conquistar-o-ouro\/#primaryimage\"},\"thumbnailUrl\":\"https:\/\/www.gaveanews.com\/wp-content\/uploads\/Rebeca-Andrade-sorri-apos-conquistar-sua-medalha-de-ouro-em-Paris-2024.webp\",\"datePublished\":\"2024-08-05T19:18:05+00:00\",\"dateModified\":\"2024-08-05T19:18:07+00:00\",\"author\":{\"@id\":\"https:\/\/www.gaveanews.com\/#\/schema\/person\/714c67050b836198af2450ba1c142a67\"},\"breadcrumb\":{\"@id\":\"https:\/\/www.gaveanews.com\/index.php\/2024\/08\/05\/a-declaracao-de-simone-biles-apos-rebeca-andrade-conquistar-o-ouro\/#breadcrumb\"},\"inLanguage\":\"pt-BR\",\"potentialAction\":[{\"@type\":\"ReadAction\",\"target\":[\"https:\/\/www.gaveanews.com\/index.php\/2024\/08\/05\/a-declaracao-de-simone-biles-apos-rebeca-andrade-conquistar-o-ouro\/\"]}]},{\"@type\":\"ImageObject\",\"inLanguage\":\"pt-BR\",\"@id\":\"https:\/\/www.gaveanews.com\/index.php\/2024\/08\/05\/a-declaracao-de-simone-biles-apos-rebeca-andrade-conquistar-o-ouro\/#primaryimage\",\"url\":\"https:\/\/www.gaveanews.com\/wp-content\/uploads\/Rebeca-Andrade-sorri-apos-conquistar-sua-medalha-de-ouro-em-Paris-2024.webp\",\"contentUrl\":\"https:\/\/www.gaveanews.com\/wp-content\/uploads\/Rebeca-Andrade-sorri-apos-conquistar-sua-medalha-de-ouro-em-Paris-2024.webp\",\"width\":1080,\"height\":719,\"caption\":\"Rebeca Andrade sorri ap\u00f3s conquistar sua medalha de ouro em Paris 2024 (Foto: Reprodu\u00e7\u00e3o\/Instagram)\"},{\"@type\":\"BreadcrumbList\",\"@id\":\"https:\/\/www.gaveanews.com\/index.php\/2024\/08\/05\/a-declaracao-de-simone-biles-apos-rebeca-andrade-conquistar-o-ouro\/#breadcrumb\",\"itemListElement\":[{\"@type\":\"ListItem\",\"position\":1,\"name\":\"Home\",\"item\":\"https:\/\/www.gaveanews.com\/\"},{\"@type\":\"ListItem\",\"position\":2,\"name\":\"A declara\u00e7\u00e3o de Simone Biles ap\u00f3s Rebeca Andrade conquistar o ouro\"}]},{\"@type\":\"WebSite\",\"@id\":\"https:\/\/www.gaveanews.com\/#website\",\"url\":\"https:\/\/www.gaveanews.com\/\",\"name\":\"G\u00e1vea News\",\"description\":\"Veja todas as not\u00edcias sobre o Flamengo: Contrata\u00e7\u00f5es, categorias de base, resultados das partidas, tabela de classifica\u00e7\u00e3o, pr\u00f3ximos jogos!\",\"potentialAction\":[{\"@type\":\"SearchAction\",\"target\":{\"@type\":\"EntryPoint\",\"urlTemplate\":\"https:\/\/www.gaveanews.com\/?s={search_term_string}\"},\"query-input\":{\"@type\":\"PropertyValueSpecification\",\"valueRequired\":true,\"valueName\":\"search_term_string\"}}],\"inLanguage\":\"pt-BR\"},{\"@type\":\"Person\",\"@id\":\"https:\/\/www.gaveanews.com\/#\/schema\/person\/714c67050b836198af2450ba1c142a67\",\"name\":\"Let\u00edcia Gerheim\",\"image\":{\"@type\":\"ImageObject\",\"inLanguage\":\"pt-BR\",\"@id\":\"https:\/\/www.gaveanews.com\/#\/schema\/person\/image\/\",\"url\":\"https:\/\/secure.gravatar.com\/avatar\/60734739c50fcebfbac509e2a826ccd0ff405c019bc73aab9354f19ecad1dcb4?s=96&d=mm&r=g\",\"contentUrl\":\"https:\/\/secure.gravatar.com\/avatar\/60734739c50fcebfbac509e2a826ccd0ff405c019bc73aab9354f19ecad1dcb4?s=96&d=mm&r=g\",\"caption\":\"Let\u00edcia Gerheim\"}}]}<\/script>\n<!-- \/ Yoast SEO Premium plugin. -->","yoast_head_json":{"title":"A declara\u00e7\u00e3o de Simone Biles ap\u00f3s Rebeca Andrade conquistar o ouro","robots":{"index":"index","follow":"follow","max-snippet":"max-snippet:-1","max-image-preview":"max-image-preview:large","max-video-preview":"max-video-preview:-1"},"canonical":"https:\/\/www.gaveanews.com\/index.php\/2024\/08\/05\/a-declaracao-de-simone-biles-apos-rebeca-andrade-conquistar-o-ouro\/","og_locale":"pt_BR","og_type":"article","og_title":"A declara\u00e7\u00e3o de Simone Biles ap\u00f3s Rebeca Andrade conquistar o ouro","og_description":"Maior medalhista brasileira da hist\u00f3ria das Olimp\u00edadas, Rebeca Andrade \u00e9 fen\u00f4meno mundial da gin\u00e1stica art\u00edstica. A brasileira compete lado a lado com a norte-americana Simone Biles, tida por muitos como melhor ginasta da hist\u00f3ria. A final por aparelhos aconteceu na manh\u00e3 desta segunda-feira (5), com o solo sendo o \u00faltimo equipamento da disputa. Foi neste [&hellip;]","og_url":"https:\/\/www.gaveanews.com\/index.php\/2024\/08\/05\/a-declaracao-de-simone-biles-apos-rebeca-andrade-conquistar-o-ouro\/","og_site_name":"G\u00e1vea News","article_publisher":"https:\/\/facebook.com\/gaveaNews\/","article_published_time":"2024-08-05T19:18:05+00:00","article_modified_time":"2024-08-05T19:18:07+00:00","og_image":[{"width":1080,"height":719,"url":"https:\/\/www.gaveanews.com\/wp-content\/uploads\/Rebeca-Andrade-sorri-apos-conquistar-sua-medalha-de-ouro-em-Paris-2024.webp","type":"image\/jpeg"}],"author":"Let\u00edcia Gerheim","twitter_card":"summary_large_image","twitter_misc":{"Escrito por":"Let\u00edcia Gerheim","Est. tempo de leitura":"2 minutos"},"schema":{"@context":"https:\/\/schema.org","@graph":[{"@type":"NewsArticle","@id":"https:\/\/www.gaveanews.com\/index.php\/2024\/08\/05\/a-declaracao-de-simone-biles-apos-rebeca-andrade-conquistar-o-ouro\/#article","isPartOf":{"@id":"https:\/\/www.gaveanews.com\/index.php\/2024\/08\/05\/a-declaracao-de-simone-biles-apos-rebeca-andrade-conquistar-o-ouro\/"},"author":{"name":"Let\u00edcia Gerheim","@id":"https:\/\/www.gaveanews.com\/#\/schema\/person\/714c67050b836198af2450ba1c142a67"},"headline":"A declara\u00e7\u00e3o de Simone Biles ap\u00f3s Rebeca Andrade conquistar o ouro","datePublished":"2024-08-05T19:18:05+00:00","dateModified":"2024-08-05T19:18:07+00:00","mainEntityOfPage":{"@id":"https:\/\/www.gaveanews.com\/index.php\/2024\/08\/05\/a-declaracao-de-simone-biles-apos-rebeca-andrade-conquistar-o-ouro\/"},"wordCount":348,"commentCount":0,"image":{"@id":"https:\/\/www.gaveanews.com\/index.php\/2024\/08\/05\/a-declaracao-de-simone-biles-apos-rebeca-andrade-conquistar-o-ouro\/#primaryimage"},"thumbnailUrl":"https:\/\/www.gaveanews.com\/wp-content\/uploads\/Rebeca-Andrade-sorri-apos-conquistar-sua-medalha-de-ouro-em-Paris-2024.webp","articleSection":["Flamengo"],"inLanguage":"pt-BR","potentialAction":[{"@type":"CommentAction","name":"Comment","target":["https:\/\/www.gaveanews.com\/index.php\/2024\/08\/05\/a-declaracao-de-simone-biles-apos-rebeca-andrade-conquistar-o-ouro\/#respond"]}],"copyrightYear":"2024","copyrightHolder":{"@id":"https:\/\/www.gaveanews.com\/#organization"}},{"@type":"WebPage","@id":"https:\/\/www.gaveanews.com\/index.php\/2024\/08\/05\/a-declaracao-de-simone-biles-apos-rebeca-andrade-conquistar-o-ouro\/","url":"https:\/\/www.gaveanews.com\/index.php\/2024\/08\/05\/a-declaracao-de-simone-biles-apos-rebeca-andrade-conquistar-o-ouro\/","name":"A declara\u00e7\u00e3o de Simone Biles ap\u00f3s Rebeca Andrade conquistar o ouro","isPartOf":{"@id":"https:\/\/www.gaveanews.com\/#website"},"primaryImageOfPage":{"@id":"https:\/\/www.gaveanews.com\/index.php\/2024\/08\/05\/a-declaracao-de-simone-biles-apos-rebeca-andrade-conquistar-o-ouro\/#primaryimage"},"image":{"@id":"https:\/\/www.gaveanews.com\/index.php\/2024\/08\/05\/a-declaracao-de-simone-biles-apos-rebeca-andrade-conquistar-o-ouro\/#primaryimage"},"thumbnailUrl":"https:\/\/www.gaveanews.com\/wp-content\/uploads\/Rebeca-Andrade-sorri-apos-conquistar-sua-medalha-de-ouro-em-Paris-2024.webp","datePublished":"2024-08-05T19:18:05+00:00","dateModified":"2024-08-05T19:18:07+00:00","author":{"@id":"https:\/\/www.gaveanews.com\/#\/schema\/person\/714c67050b836198af2450ba1c142a67"},"breadcrumb":{"@id":"https:\/\/www.gaveanews.com\/index.php\/2024\/08\/05\/a-declaracao-de-simone-biles-apos-rebeca-andrade-conquistar-o-ouro\/#breadcrumb"},"inLanguage":"pt-BR","potentialAction":[{"@type":"ReadAction","target":["https:\/\/www.gaveanews.com\/index.php\/2024\/08\/05\/a-declaracao-de-simone-biles-apos-rebeca-andrade-conquistar-o-ouro\/"]}]},{"@type":"ImageObject","inLanguage":"pt-BR","@id":"https:\/\/www.gaveanews.com\/index.php\/2024\/08\/05\/a-declaracao-de-simone-biles-apos-rebeca-andrade-conquistar-o-ouro\/#primaryimage","url":"https:\/\/www.gaveanews.com\/wp-content\/uploads\/Rebeca-Andrade-sorri-apos-conquistar-sua-medalha-de-ouro-em-Paris-2024.webp","contentUrl":"https:\/\/www.gaveanews.com\/wp-content\/uploads\/Rebeca-Andrade-sorri-apos-conquistar-sua-medalha-de-ouro-em-Paris-2024.webp","width":1080,"height":719,"caption":"Rebeca Andrade sorri ap\u00f3s conquistar sua medalha de ouro em Paris 2024 (Foto: Reprodu\u00e7\u00e3o\/Instagram)"},{"@type":"BreadcrumbList","@id":"https:\/\/www.gaveanews.com\/index.php\/2024\/08\/05\/a-declaracao-de-simone-biles-apos-rebeca-andrade-conquistar-o-ouro\/#breadcrumb","itemListElement":[{"@type":"ListItem","position":1,"name":"Home","item":"https:\/\/www.gaveanews.com\/"},{"@type":"ListItem","position":2,"name":"A declara\u00e7\u00e3o de Simone Biles ap\u00f3s Rebeca Andrade conquistar o ouro"}]},{"@type":"WebSite","@id":"https:\/\/www.gaveanews.com\/#website","url":"https:\/\/www.gaveanews.com\/","name":"G\u00e1vea News","description":"Veja todas as not\u00edcias sobre o Flamengo: Contrata\u00e7\u00f5es, categorias de base, resultados das partidas, tabela de classifica\u00e7\u00e3o, pr\u00f3ximos jogos!","potentialAction":[{"@type":"SearchAction","target":{"@type":"EntryPoint","urlTemplate":"https:\/\/www.gaveanews.com\/?s={search_term_string}"},"query-input":{"@type":"PropertyValueSpecification","valueRequired":true,"valueName":"search_term_string"}}],"inLanguage":"pt-BR"},{"@type":"Person","@id":"https:\/\/www.gaveanews.com\/#\/schema\/person\/714c67050b836198af2450ba1c142a67","name":"Let\u00edcia Gerheim","image":{"@type":"ImageObject","inLanguage":"pt-BR","@id":"https:\/\/www.gaveanews.com\/#\/schema\/person\/image\/","url":"https:\/\/secure.gravatar.com\/avatar\/60734739c50fcebfbac509e2a826ccd0ff405c019bc73aab9354f19ecad1dcb4?s=96&d=mm&r=g","contentUrl":"https:\/\/secure.gravatar.com\/avatar\/60734739c50fcebfbac509e2a826ccd0ff405c019bc73aab9354f19ecad1dcb4?s=96&d=mm&r=g","caption":"Let\u00edcia Gerheim"}}]}},"_links":{"self":[{"href":"https:\/\/www.gaveanews.com\/index.php\/wp-json\/wp\/v2\/posts\/156552","targetHints":{"allow":["GET"]}}],"collection":[{"href":"https:\/\/www.gaveanews.com\/index.php\/wp-json\/wp\/v2\/posts"}],"about":[{"href":"https:\/\/www.gaveanews.com\/index.php\/wp-json\/wp\/v2\/types\/post"}],"author":[{"embeddable":true,"href":"https:\/\/www.gaveanews.com\/index.php\/wp-json\/wp\/v2\/users\/4"}],"replies":[{"embeddable":true,"href":"https:\/\/www.gaveanews.com\/index.php\/wp-json\/wp\/v2\/comments?post=156552"}],"version-history":[{"count":1,"href":"https:\/\/www.gaveanews.com\/index.php\/wp-json\/wp\/v2\/posts\/156552\/revisions"}],"predecessor-version":[{"id":156576,"href":"https:\/\/www.gaveanews.com\/index.php\/wp-json\/wp\/v2\/posts\/156552\/revisions\/156576"}],"wp:featuredmedia":[{"embeddable":true,"href":"https:\/\/www.gaveanews.com\/index.php\/wp-json\/wp\/v2\/media\/156570"}],"wp:attachment":[{"href":"https:\/\/www.gaveanews.com\/index.php\/wp-json\/wp\/v2\/media?parent=156552"}],"wp:term":[{"taxonomy":"category","embeddable":true,"href":"https:\/\/www.gaveanews.com\/index.php\/wp-json\/wp\/v2\/categories?post=156552"},{"taxonomy":"post_tag","embeddable":true,"href":"https:\/\/www.gaveanews.com\/index.php\/wp-json\/wp\/v2\/tags?post=156552"}],"curies":[{"name":"wp","href":"https:\/\/api.w.org\/{rel}","templated":true}]}}