{"id":156558,"date":"2024-08-05T16:00:56","date_gmt":"2024-08-05T19:00:56","guid":{"rendered":"https:\/\/www.gaveanews.com\/?p=156558"},"modified":"2024-08-05T16:01:00","modified_gmt":"2024-08-05T19:01:00","slug":"a-gravidade-da-lesao-de-phillipe-coutinho-do-vasco","status":"publish","type":"post","link":"https:\/\/www.gaveanews.com\/index.php\/2024\/08\/05\/a-gravidade-da-lesao-de-phillipe-coutinho-do-vasco\/","title":{"rendered":"A gravidade da les\u00e3o de Phillipe Coutinho, do Vasco"},"content":{"rendered":"\n<p>Philippe Coutinho sofreu uma les\u00e3o na regi\u00e3o posterior da coxa durante o treino do \u00faltimo domingo (05). A confirma\u00e7\u00e3o veio ap\u00f3s exames realizados na manh\u00e3 desta segunda-feira (06). Como resultado, o jogador desfalcar\u00e1 o Vasco nos pr\u00f3ximos jogos do Brasileir\u00e3o Betano. A informa\u00e7\u00e3o foi divulgada pela jornalista da TNT Sports, Aline Nastari.<\/p>\n\n\n\n<p>A aus\u00eancia de Coutinho \u00e9 um golpe significativo para o Vasco, especialmente no confronto decisivo contra o Atl\u00e9tico-GO pela Copa do Brasil. O jogo de volta das oitavas de final ocorrer\u00e1 nesta ter\u00e7a-feira (06) em S\u00e3o Janu\u00e1rio. No primeiro duelo, as equipes empataram em 1 a 1 no est\u00e1dio do Drag\u00e3o. A aus\u00eancia de Coutinho for\u00e7a o t\u00e9cnico Rafael Paiva a reavaliar suas op\u00e7\u00f5es t\u00e1ticas para a partida.<\/p>\n\n\n\n<p>Coutinho voltou ao Vasco em 13 de julho de 2024, ap\u00f3s 14 anos atuando na Europa, onde teve destaque pelo Liverpool da Inglaterra. Para a vaga de Coutinho, a tend\u00eancia \u00e9 que Payet retorne ao time titular. O franc\u00eas come\u00e7ou como titular na partida contra o Bragantino, no \u00faltimo s\u00e1bado, quando Coutinho foi poupado. <\/p>\n\n\n\n<p>Apesar da aus\u00eancia de Coutinho, o t\u00e9cnico Rafael Paiva ter\u00e1 refor\u00e7os importantes para o duelo. O volante Mateus Carvalho e o lateral-direito Paulo Henrique est\u00e3o dispon\u00edveis novamente ap\u00f3s cumprirem suspens\u00e3o pelo terceiro cart\u00e3o amarelo. Isso deve trazer mais estabilidade defensiva \u00e0 equipe.<\/p>\n\n\n\n<p>O jogo entre Vasco e Atl\u00e9tico-GO est\u00e1 marcado para as 21h45 (hor\u00e1rio de Bras\u00edlia) desta ter\u00e7a-feira, em S\u00e3o Janu\u00e1rio. Com o empate no primeiro confronto, quem vencer avan\u00e7a para a pr\u00f3xima fase da Copa do Brasil. Em caso de um novo empate, a decis\u00e3o ser\u00e1 nos p\u00eanaltis.<\/p>\n\n\n\n<p>A prov\u00e1vel escala\u00e7\u00e3o do Vasco \u00e9 formada por: L\u00e9o Jardim, Paulo Henrique, Maicon, L\u00e9o, Lucas Piton, Hugo Moura, Mateus Coc\u00e3o, Payet, Adson, David e Vegetti.<\/p>\n","protected":false},"excerpt":{"rendered":"<p>Philippe Coutinho sofreu uma les\u00e3o na regi\u00e3o posterior da coxa durante o treino do \u00faltimo domingo (05). A confirma\u00e7\u00e3o veio ap\u00f3s exames realizados na manh\u00e3 desta segunda-feira (06). Como resultado, o jogador desfalcar\u00e1 o Vasco nos pr\u00f3ximos jogos do Brasileir\u00e3o Betano. A informa\u00e7\u00e3o foi divulgada pela jornalista da TNT Sports, Aline Nastari. A aus\u00eancia de [&hellip;]<\/p>\n","protected":false},"author":1,"featured_media":153524,"comment_status":"open","ping_status":"closed","sticky":false,"template":"","format":"standard","meta":{"footnotes":""},"categories":[152],"tags":[],"class_list":["post-156558","post","type-post","status-publish","format-standard","has-post-thumbnail","hentry","category-vasco"],"yoast_head":"<!-- This site is optimized with the Yoast SEO Premium plugin v24.2 (Yoast SEO v26.9) - https:\/\/yoast.com\/product\/yoast-seo-premium-wordpress\/ -->\n<title>A gravidade da les\u00e3o de Phillipe Coutinho, do Vasco<\/title>\n<meta name=\"robots\" content=\"index, follow, max-snippet:-1, max-image-preview:large, max-video-preview:-1\" \/>\n<link rel=\"canonical\" href=\"https:\/\/www.gaveanews.com\/index.php\/2024\/08\/05\/a-gravidade-da-lesao-de-phillipe-coutinho-do-vasco\/\" \/>\n<meta property=\"og:locale\" content=\"pt_BR\" \/>\n<meta property=\"og:type\" content=\"article\" \/>\n<meta property=\"og:title\" content=\"A gravidade da les\u00e3o de Phillipe Coutinho, do Vasco\" \/>\n<meta property=\"og:description\" content=\"Philippe Coutinho sofreu uma les\u00e3o na regi\u00e3o posterior da coxa durante o treino do \u00faltimo domingo (05). A confirma\u00e7\u00e3o veio ap\u00f3s exames realizados na manh\u00e3 desta segunda-feira (06). Como resultado, o jogador desfalcar\u00e1 o Vasco nos pr\u00f3ximos jogos do Brasileir\u00e3o Betano. A informa\u00e7\u00e3o foi divulgada pela jornalista da TNT Sports, Aline Nastari. A aus\u00eancia de [&hellip;]\" \/>\n<meta property=\"og:url\" content=\"https:\/\/www.gaveanews.com\/index.php\/2024\/08\/05\/a-gravidade-da-lesao-de-phillipe-coutinho-do-vasco\/\" \/>\n<meta property=\"og:site_name\" content=\"G\u00e1vea News\" \/>\n<meta property=\"article:publisher\" content=\"https:\/\/facebook.com\/gaveaNews\/\" \/>\n<meta property=\"article:published_time\" content=\"2024-08-05T19:00:56+00:00\" \/>\n<meta property=\"article:modified_time\" content=\"2024-08-05T19:01:00+00:00\" \/>\n<meta property=\"og:image\" content=\"https:\/\/www.gaveanews.com\/wp-content\/uploads\/Philippe-Coutinho-durante-sua-chegada-a-Arena-MRV-para-o-jogo-entre-Atletico-MG-x-Vasco-pelo-Brasileirao-2024.webp\" \/>\n\t<meta property=\"og:image:width\" content=\"640\" \/>\n\t<meta property=\"og:image:height\" content=\"800\" \/>\n\t<meta property=\"og:image:type\" content=\"image\/jpeg\" \/>\n<meta name=\"author\" content=\"Equipe G\u00e1vea News\" \/>\n<meta name=\"twitter:card\" content=\"summary_large_image\" \/>\n<meta name=\"twitter:label1\" content=\"Escrito por\" \/>\n\t<meta name=\"twitter:data1\" content=\"Equipe G\u00e1vea News\" \/>\n\t<meta name=\"twitter:label2\" content=\"Est. tempo de leitura\" \/>\n\t<meta name=\"twitter:data2\" content=\"2 minutos\" \/>\n<script type=\"application\/ld+json\" class=\"yoast-schema-graph\">{\"@context\":\"https:\/\/schema.org\",\"@graph\":[{\"@type\":\"NewsArticle\",\"@id\":\"https:\/\/www.gaveanews.com\/index.php\/2024\/08\/05\/a-gravidade-da-lesao-de-phillipe-coutinho-do-vasco\/#article\",\"isPartOf\":{\"@id\":\"https:\/\/www.gaveanews.com\/index.php\/2024\/08\/05\/a-gravidade-da-lesao-de-phillipe-coutinho-do-vasco\/\"},\"author\":{\"name\":\"Equipe G\u00e1vea News\",\"@id\":\"https:\/\/www.gaveanews.com\/#\/schema\/person\/2ec14f73fb96be2caf28f91afb14749d\"},\"headline\":\"A gravidade da les\u00e3o de Phillipe Coutinho, do Vasco\",\"datePublished\":\"2024-08-05T19:00:56+00:00\",\"dateModified\":\"2024-08-05T19:01:00+00:00\",\"mainEntityOfPage\":{\"@id\":\"https:\/\/www.gaveanews.com\/index.php\/2024\/08\/05\/a-gravidade-da-lesao-de-phillipe-coutinho-do-vasco\/\"},\"wordCount\":333,\"commentCount\":0,\"image\":{\"@id\":\"https:\/\/www.gaveanews.com\/index.php\/2024\/08\/05\/a-gravidade-da-lesao-de-phillipe-coutinho-do-vasco\/#primaryimage\"},\"thumbnailUrl\":\"https:\/\/www.gaveanews.com\/wp-content\/uploads\/Philippe-Coutinho-durante-sua-chegada-a-Arena-MRV-para-o-jogo-entre-Atletico-MG-x-Vasco-pelo-Brasileirao-2024.webp\",\"articleSection\":[\"Vasco\"],\"inLanguage\":\"pt-BR\",\"potentialAction\":[{\"@type\":\"CommentAction\",\"name\":\"Comment\",\"target\":[\"https:\/\/www.gaveanews.com\/index.php\/2024\/08\/05\/a-gravidade-da-lesao-de-phillipe-coutinho-do-vasco\/#respond\"]}],\"copyrightYear\":\"2024\",\"copyrightHolder\":{\"@id\":\"https:\/\/www.gaveanews.com\/#organization\"}},{\"@type\":\"WebPage\",\"@id\":\"https:\/\/www.gaveanews.com\/index.php\/2024\/08\/05\/a-gravidade-da-lesao-de-phillipe-coutinho-do-vasco\/\",\"url\":\"https:\/\/www.gaveanews.com\/index.php\/2024\/08\/05\/a-gravidade-da-lesao-de-phillipe-coutinho-do-vasco\/\",\"name\":\"A gravidade da les\u00e3o de Phillipe Coutinho, do Vasco\",\"isPartOf\":{\"@id\":\"https:\/\/www.gaveanews.com\/#website\"},\"primaryImageOfPage\":{\"@id\":\"https:\/\/www.gaveanews.com\/index.php\/2024\/08\/05\/a-gravidade-da-lesao-de-phillipe-coutinho-do-vasco\/#primaryimage\"},\"image\":{\"@id\":\"https:\/\/www.gaveanews.com\/index.php\/2024\/08\/05\/a-gravidade-da-lesao-de-phillipe-coutinho-do-vasco\/#primaryimage\"},\"thumbnailUrl\":\"https:\/\/www.gaveanews.com\/wp-content\/uploads\/Philippe-Coutinho-durante-sua-chegada-a-Arena-MRV-para-o-jogo-entre-Atletico-MG-x-Vasco-pelo-Brasileirao-2024.webp\",\"datePublished\":\"2024-08-05T19:00:56+00:00\",\"dateModified\":\"2024-08-05T19:01:00+00:00\",\"author\":{\"@id\":\"https:\/\/www.gaveanews.com\/#\/schema\/person\/2ec14f73fb96be2caf28f91afb14749d\"},\"breadcrumb\":{\"@id\":\"https:\/\/www.gaveanews.com\/index.php\/2024\/08\/05\/a-gravidade-da-lesao-de-phillipe-coutinho-do-vasco\/#breadcrumb\"},\"inLanguage\":\"pt-BR\",\"potentialAction\":[{\"@type\":\"ReadAction\",\"target\":[\"https:\/\/www.gaveanews.com\/index.php\/2024\/08\/05\/a-gravidade-da-lesao-de-phillipe-coutinho-do-vasco\/\"]}]},{\"@type\":\"ImageObject\",\"inLanguage\":\"pt-BR\",\"@id\":\"https:\/\/www.gaveanews.com\/index.php\/2024\/08\/05\/a-gravidade-da-lesao-de-phillipe-coutinho-do-vasco\/#primaryimage\",\"url\":\"https:\/\/www.gaveanews.com\/wp-content\/uploads\/Philippe-Coutinho-durante-sua-chegada-a-Arena-MRV-para-o-jogo-entre-Atletico-MG-x-Vasco-pelo-Brasileirao-2024.webp\",\"contentUrl\":\"https:\/\/www.gaveanews.com\/wp-content\/uploads\/Philippe-Coutinho-durante-sua-chegada-a-Arena-MRV-para-o-jogo-entre-Atletico-MG-x-Vasco-pelo-Brasileirao-2024.webp\",\"width\":640,\"height\":800,\"caption\":\"Philippe Coutinho durante sua chegada a Arena MRV para o jogo entre Atl\u00e9tico-MG x Vasco pelo Brasileir\u00e3o 2024 (Foto: Leandro Amorim\/Vasco)\"},{\"@type\":\"BreadcrumbList\",\"@id\":\"https:\/\/www.gaveanews.com\/index.php\/2024\/08\/05\/a-gravidade-da-lesao-de-phillipe-coutinho-do-vasco\/#breadcrumb\",\"itemListElement\":[{\"@type\":\"ListItem\",\"position\":1,\"name\":\"Home\",\"item\":\"https:\/\/www.gaveanews.com\/\"},{\"@type\":\"ListItem\",\"position\":2,\"name\":\"A gravidade da les\u00e3o de Phillipe Coutinho, do Vasco\"}]},{\"@type\":\"WebSite\",\"@id\":\"https:\/\/www.gaveanews.com\/#website\",\"url\":\"https:\/\/www.gaveanews.com\/\",\"name\":\"G\u00e1vea News\",\"description\":\"Veja todas as not\u00edcias sobre o Flamengo: Contrata\u00e7\u00f5es, categorias de base, resultados das partidas, tabela de classifica\u00e7\u00e3o, pr\u00f3ximos jogos!\",\"potentialAction\":[{\"@type\":\"SearchAction\",\"target\":{\"@type\":\"EntryPoint\",\"urlTemplate\":\"https:\/\/www.gaveanews.com\/?s={search_term_string}\"},\"query-input\":{\"@type\":\"PropertyValueSpecification\",\"valueRequired\":true,\"valueName\":\"search_term_string\"}}],\"inLanguage\":\"pt-BR\"},{\"@type\":\"Person\",\"@id\":\"https:\/\/www.gaveanews.com\/#\/schema\/person\/2ec14f73fb96be2caf28f91afb14749d\",\"name\":\"Equipe G\u00e1vea News\",\"image\":{\"@type\":\"ImageObject\",\"inLanguage\":\"pt-BR\",\"@id\":\"https:\/\/www.gaveanews.com\/#\/schema\/person\/image\/\",\"url\":\"https:\/\/secure.gravatar.com\/avatar\/1e1956f1facbffd3f8fa53a326721950116b3b9dc9bd44939c01180fd4a745a9?s=96&d=mm&r=g\",\"contentUrl\":\"https:\/\/secure.gravatar.com\/avatar\/1e1956f1facbffd3f8fa53a326721950116b3b9dc9bd44939c01180fd4a745a9?s=96&d=mm&r=g\",\"caption\":\"Equipe G\u00e1vea News\"}}]}<\/script>\n<!-- \/ Yoast SEO Premium plugin. -->","yoast_head_json":{"title":"A gravidade da les\u00e3o de Phillipe Coutinho, do Vasco","robots":{"index":"index","follow":"follow","max-snippet":"max-snippet:-1","max-image-preview":"max-image-preview:large","max-video-preview":"max-video-preview:-1"},"canonical":"https:\/\/www.gaveanews.com\/index.php\/2024\/08\/05\/a-gravidade-da-lesao-de-phillipe-coutinho-do-vasco\/","og_locale":"pt_BR","og_type":"article","og_title":"A gravidade da les\u00e3o de Phillipe Coutinho, do Vasco","og_description":"Philippe Coutinho sofreu uma les\u00e3o na regi\u00e3o posterior da coxa durante o treino do \u00faltimo domingo (05). A confirma\u00e7\u00e3o veio ap\u00f3s exames realizados na manh\u00e3 desta segunda-feira (06). Como resultado, o jogador desfalcar\u00e1 o Vasco nos pr\u00f3ximos jogos do Brasileir\u00e3o Betano. A informa\u00e7\u00e3o foi divulgada pela jornalista da TNT Sports, Aline Nastari. A aus\u00eancia de [&hellip;]","og_url":"https:\/\/www.gaveanews.com\/index.php\/2024\/08\/05\/a-gravidade-da-lesao-de-phillipe-coutinho-do-vasco\/","og_site_name":"G\u00e1vea News","article_publisher":"https:\/\/facebook.com\/gaveaNews\/","article_published_time":"2024-08-05T19:00:56+00:00","article_modified_time":"2024-08-05T19:01:00+00:00","og_image":[{"width":640,"height":800,"url":"https:\/\/www.gaveanews.com\/wp-content\/uploads\/Philippe-Coutinho-durante-sua-chegada-a-Arena-MRV-para-o-jogo-entre-Atletico-MG-x-Vasco-pelo-Brasileirao-2024.webp","type":"image\/jpeg"}],"author":"Equipe G\u00e1vea News","twitter_card":"summary_large_image","twitter_misc":{"Escrito por":"Equipe G\u00e1vea News","Est. tempo de leitura":"2 minutos"},"schema":{"@context":"https:\/\/schema.org","@graph":[{"@type":"NewsArticle","@id":"https:\/\/www.gaveanews.com\/index.php\/2024\/08\/05\/a-gravidade-da-lesao-de-phillipe-coutinho-do-vasco\/#article","isPartOf":{"@id":"https:\/\/www.gaveanews.com\/index.php\/2024\/08\/05\/a-gravidade-da-lesao-de-phillipe-coutinho-do-vasco\/"},"author":{"name":"Equipe G\u00e1vea News","@id":"https:\/\/www.gaveanews.com\/#\/schema\/person\/2ec14f73fb96be2caf28f91afb14749d"},"headline":"A gravidade da les\u00e3o de Phillipe Coutinho, do Vasco","datePublished":"2024-08-05T19:00:56+00:00","dateModified":"2024-08-05T19:01:00+00:00","mainEntityOfPage":{"@id":"https:\/\/www.gaveanews.com\/index.php\/2024\/08\/05\/a-gravidade-da-lesao-de-phillipe-coutinho-do-vasco\/"},"wordCount":333,"commentCount":0,"image":{"@id":"https:\/\/www.gaveanews.com\/index.php\/2024\/08\/05\/a-gravidade-da-lesao-de-phillipe-coutinho-do-vasco\/#primaryimage"},"thumbnailUrl":"https:\/\/www.gaveanews.com\/wp-content\/uploads\/Philippe-Coutinho-durante-sua-chegada-a-Arena-MRV-para-o-jogo-entre-Atletico-MG-x-Vasco-pelo-Brasileirao-2024.webp","articleSection":["Vasco"],"inLanguage":"pt-BR","potentialAction":[{"@type":"CommentAction","name":"Comment","target":["https:\/\/www.gaveanews.com\/index.php\/2024\/08\/05\/a-gravidade-da-lesao-de-phillipe-coutinho-do-vasco\/#respond"]}],"copyrightYear":"2024","copyrightHolder":{"@id":"https:\/\/www.gaveanews.com\/#organization"}},{"@type":"WebPage","@id":"https:\/\/www.gaveanews.com\/index.php\/2024\/08\/05\/a-gravidade-da-lesao-de-phillipe-coutinho-do-vasco\/","url":"https:\/\/www.gaveanews.com\/index.php\/2024\/08\/05\/a-gravidade-da-lesao-de-phillipe-coutinho-do-vasco\/","name":"A gravidade da les\u00e3o de Phillipe Coutinho, do Vasco","isPartOf":{"@id":"https:\/\/www.gaveanews.com\/#website"},"primaryImageOfPage":{"@id":"https:\/\/www.gaveanews.com\/index.php\/2024\/08\/05\/a-gravidade-da-lesao-de-phillipe-coutinho-do-vasco\/#primaryimage"},"image":{"@id":"https:\/\/www.gaveanews.com\/index.php\/2024\/08\/05\/a-gravidade-da-lesao-de-phillipe-coutinho-do-vasco\/#primaryimage"},"thumbnailUrl":"https:\/\/www.gaveanews.com\/wp-content\/uploads\/Philippe-Coutinho-durante-sua-chegada-a-Arena-MRV-para-o-jogo-entre-Atletico-MG-x-Vasco-pelo-Brasileirao-2024.webp","datePublished":"2024-08-05T19:00:56+00:00","dateModified":"2024-08-05T19:01:00+00:00","author":{"@id":"https:\/\/www.gaveanews.com\/#\/schema\/person\/2ec14f73fb96be2caf28f91afb14749d"},"breadcrumb":{"@id":"https:\/\/www.gaveanews.com\/index.php\/2024\/08\/05\/a-gravidade-da-lesao-de-phillipe-coutinho-do-vasco\/#breadcrumb"},"inLanguage":"pt-BR","potentialAction":[{"@type":"ReadAction","target":["https:\/\/www.gaveanews.com\/index.php\/2024\/08\/05\/a-gravidade-da-lesao-de-phillipe-coutinho-do-vasco\/"]}]},{"@type":"ImageObject","inLanguage":"pt-BR","@id":"https:\/\/www.gaveanews.com\/index.php\/2024\/08\/05\/a-gravidade-da-lesao-de-phillipe-coutinho-do-vasco\/#primaryimage","url":"https:\/\/www.gaveanews.com\/wp-content\/uploads\/Philippe-Coutinho-durante-sua-chegada-a-Arena-MRV-para-o-jogo-entre-Atletico-MG-x-Vasco-pelo-Brasileirao-2024.webp","contentUrl":"https:\/\/www.gaveanews.com\/wp-content\/uploads\/Philippe-Coutinho-durante-sua-chegada-a-Arena-MRV-para-o-jogo-entre-Atletico-MG-x-Vasco-pelo-Brasileirao-2024.webp","width":640,"height":800,"caption":"Philippe Coutinho durante sua chegada a Arena MRV para o jogo entre Atl\u00e9tico-MG x Vasco pelo Brasileir\u00e3o 2024 (Foto: Leandro Amorim\/Vasco)"},{"@type":"BreadcrumbList","@id":"https:\/\/www.gaveanews.com\/index.php\/2024\/08\/05\/a-gravidade-da-lesao-de-phillipe-coutinho-do-vasco\/#breadcrumb","itemListElement":[{"@type":"ListItem","position":1,"name":"Home","item":"https:\/\/www.gaveanews.com\/"},{"@type":"ListItem","position":2,"name":"A gravidade da les\u00e3o de Phillipe Coutinho, do Vasco"}]},{"@type":"WebSite","@id":"https:\/\/www.gaveanews.com\/#website","url":"https:\/\/www.gaveanews.com\/","name":"G\u00e1vea News","description":"Veja todas as not\u00edcias sobre o Flamengo: Contrata\u00e7\u00f5es, categorias de base, resultados das partidas, tabela de classifica\u00e7\u00e3o, pr\u00f3ximos jogos!","potentialAction":[{"@type":"SearchAction","target":{"@type":"EntryPoint","urlTemplate":"https:\/\/www.gaveanews.com\/?s={search_term_string}"},"query-input":{"@type":"PropertyValueSpecification","valueRequired":true,"valueName":"search_term_string"}}],"inLanguage":"pt-BR"},{"@type":"Person","@id":"https:\/\/www.gaveanews.com\/#\/schema\/person\/2ec14f73fb96be2caf28f91afb14749d","name":"Equipe G\u00e1vea News","image":{"@type":"ImageObject","inLanguage":"pt-BR","@id":"https:\/\/www.gaveanews.com\/#\/schema\/person\/image\/","url":"https:\/\/secure.gravatar.com\/avatar\/1e1956f1facbffd3f8fa53a326721950116b3b9dc9bd44939c01180fd4a745a9?s=96&d=mm&r=g","contentUrl":"https:\/\/secure.gravatar.com\/avatar\/1e1956f1facbffd3f8fa53a326721950116b3b9dc9bd44939c01180fd4a745a9?s=96&d=mm&r=g","caption":"Equipe G\u00e1vea News"}}]}},"_links":{"self":[{"href":"https:\/\/www.gaveanews.com\/index.php\/wp-json\/wp\/v2\/posts\/156558","targetHints":{"allow":["GET"]}}],"collection":[{"href":"https:\/\/www.gaveanews.com\/index.php\/wp-json\/wp\/v2\/posts"}],"about":[{"href":"https:\/\/www.gaveanews.com\/index.php\/wp-json\/wp\/v2\/types\/post"}],"author":[{"embeddable":true,"href":"https:\/\/www.gaveanews.com\/index.php\/wp-json\/wp\/v2\/users\/1"}],"replies":[{"embeddable":true,"href":"https:\/\/www.gaveanews.com\/index.php\/wp-json\/wp\/v2\/comments?post=156558"}],"version-history":[{"count":1,"href":"https:\/\/www.gaveanews.com\/index.php\/wp-json\/wp\/v2\/posts\/156558\/revisions"}],"predecessor-version":[{"id":156565,"href":"https:\/\/www.gaveanews.com\/index.php\/wp-json\/wp\/v2\/posts\/156558\/revisions\/156565"}],"wp:featuredmedia":[{"embeddable":true,"href":"https:\/\/www.gaveanews.com\/index.php\/wp-json\/wp\/v2\/media\/153524"}],"wp:attachment":[{"href":"https:\/\/www.gaveanews.com\/index.php\/wp-json\/wp\/v2\/media?parent=156558"}],"wp:term":[{"taxonomy":"category","embeddable":true,"href":"https:\/\/www.gaveanews.com\/index.php\/wp-json\/wp\/v2\/categories?post=156558"},{"taxonomy":"post_tag","embeddable":true,"href":"https:\/\/www.gaveanews.com\/index.php\/wp-json\/wp\/v2\/tags?post=156558"}],"curies":[{"name":"wp","href":"https:\/\/api.w.org\/{rel}","templated":true}]}}