{"id":156747,"date":"2024-08-06T13:39:04","date_gmt":"2024-08-06T16:39:04","guid":{"rendered":"https:\/\/www.gaveanews.com\/?p=156747"},"modified":"2024-08-06T13:39:05","modified_gmt":"2024-08-06T16:39:05","slug":"a-declaracao-de-ramon-diaz-sobre-a-cobranca-da-torcida","status":"publish","type":"post","link":"https:\/\/www.gaveanews.com\/index.php\/2024\/08\/06\/a-declaracao-de-ramon-diaz-sobre-a-cobranca-da-torcida\/","title":{"rendered":"A declara\u00e7\u00e3o de Ram\u00f3n Diaz sobre a cobran\u00e7a da torcida"},"content":{"rendered":"\n<h2 class=\"wp-block-heading\" id=\"h-ramon-diaz-agradece-o-apoio-da-torcida-e-pede-paciencia\">Ramon Diaz agradece o apoio da torcida e pede paci\u00eancia<\/h2>\n\n\n\n<p>Em meio \u00e0 frustra\u00e7\u00e3o pela falta de vit\u00f3rias que impede o time de subir na tabela, o t\u00e9cnico Ramon Diaz fez quest\u00e3o de agradecer \u00e0 torcida pelo apoio cont\u00ednuo desde o in\u00edcio da temporada. Em sua declara\u00e7\u00e3o, ele reconheceu o sentimento de frustra\u00e7\u00e3o compartilhado por todos e destacou a import\u00e2ncia de manter a tranquilidade e o apoio aos jogadores.<\/p>\n\n\n\n<ul class=\"wp-block-list\">\n<li><a href=\"https:\/\/www.gaveanews.com\/index.php\/2024\/08\/04\/corinthians-x-juventude-a-declaracao-de-ramon-diaz\/\">Corinthians x Juventude: A declara\u00e7\u00e3o de R\u00e1mon Diaz<\/a><\/li>\n\n\n\n<li><a href=\"https:\/\/www.gaveanews.com\/index.php\/2024\/08\/04\/corinthians-x-juventude-a-declaracao-de-igor-coronado\/\">Corinthians x Juventude: A declara\u00e7\u00e3o de Igor Coronado<\/a><\/li>\n<\/ul>\n\n\n\n<p>\u201cTodos estamos frustrados por n\u00e3o conseguir a vit\u00f3ria para subir mais na tabela. Neste momento tem muita apreens\u00e3o por uma parte da torcida. Mas \u00e9 preciso manter a tranquilidade, seguir apoiando aos jogadores e tentar trabalhar para concretizar as situa\u00e7\u00f5es que criamos,\u201d afirmou.<\/p>\n\n\n\n<p>O t\u00e9cnico ressaltou que, desde sua chegada, a equipe tem criado oportunidades, mas tem faltado efic\u00e1cia na finaliza\u00e7\u00e3o. Ele mencionou que a equipe est\u00e1 ciente da press\u00e3o que existe em um clube de grande porte e que a solu\u00e7\u00e3o para a falta de gols \u00e9 uma prioridade.<\/p>\n\n\n\n<p>\u201cDesde que chegamos, constru\u00edmos situa\u00e7\u00f5es, mas na hora de concretizar, falta. Todos estamos com raiva porque n\u00e3o \u00e9 normal que uma equipe grande n\u00e3o ganhe em uma situa\u00e7\u00e3o de 11 contra 9. Mais do que a m\u00e3o que poderia ser p\u00eanalti, as finaliza\u00e7\u00f5es n\u00e3o foram claras. Essa \u00e9 a nossa preocupa\u00e7\u00e3o e que vamos tentar solucionar o mais r\u00e1pido poss\u00edvel&#8221;, disse. <\/p>\n\n\n\n<p>O t\u00e9cnico reconheceu a press\u00e3o que vem das arquibancadas, mas pediu que a torcida continue apoiando a equipe, mesmo que seja dif\u00edcil manter a calma. Ele acredita que, com apoio, os jogadores poder\u00e3o render mais e superar as dificuldades atuais do clube.<\/p>\n\n\n\n<p>\u201cQueremos que sigam apoiando, n\u00e3o com tranquilidade porque \u00e9 uma equipe grande e a press\u00e3o existe. Sabemos que a press\u00e3o existe, mas \u00e9 preciso dar tranquilidade aos jogadores para render mais do que est\u00e3o dando agora. Vimos que a equipe tenta, mas falta a finaliza\u00e7\u00e3o que isso ir\u00e1 chegar. Agradecer a torcida,\u201d concluiu.<\/p>\n","protected":false},"excerpt":{"rendered":"<p>Ramon Diaz agradece o apoio da torcida e pede paci\u00eancia Em meio \u00e0 frustra\u00e7\u00e3o pela falta de vit\u00f3rias que impede o time de subir na tabela, o t\u00e9cnico Ramon Diaz fez quest\u00e3o de agradecer \u00e0 torcida pelo apoio cont\u00ednuo desde o in\u00edcio da temporada. Em sua declara\u00e7\u00e3o, ele reconheceu o sentimento de frustra\u00e7\u00e3o compartilhado por [&hellip;]<\/p>\n","protected":false},"author":17,"featured_media":152536,"comment_status":"open","ping_status":"closed","sticky":false,"template":"","format":"standard","meta":{"footnotes":""},"categories":[141],"tags":[],"class_list":["post-156747","post","type-post","status-publish","format-standard","has-post-thumbnail","hentry","category-corinthians"],"yoast_head":"<!-- This site is optimized with the Yoast SEO Premium plugin v24.2 (Yoast SEO v26.9) - https:\/\/yoast.com\/product\/yoast-seo-premium-wordpress\/ -->\n<title>A declara\u00e7\u00e3o de Ram\u00f3n Diaz sobre a cobran\u00e7a da torcida<\/title>\n<meta name=\"robots\" content=\"index, follow, max-snippet:-1, max-image-preview:large, max-video-preview:-1\" \/>\n<link rel=\"canonical\" href=\"https:\/\/www.gaveanews.com\/index.php\/2024\/08\/06\/a-declaracao-de-ramon-diaz-sobre-a-cobranca-da-torcida\/\" \/>\n<meta property=\"og:locale\" content=\"pt_BR\" \/>\n<meta property=\"og:type\" content=\"article\" \/>\n<meta property=\"og:title\" content=\"A declara\u00e7\u00e3o de Ram\u00f3n Diaz sobre a cobran\u00e7a da torcida\" \/>\n<meta property=\"og:description\" content=\"Ramon Diaz agradece o apoio da torcida e pede paci\u00eancia Em meio \u00e0 frustra\u00e7\u00e3o pela falta de vit\u00f3rias que impede o time de subir na tabela, o t\u00e9cnico Ramon Diaz fez quest\u00e3o de agradecer \u00e0 torcida pelo apoio cont\u00ednuo desde o in\u00edcio da temporada. Em sua declara\u00e7\u00e3o, ele reconheceu o sentimento de frustra\u00e7\u00e3o compartilhado por [&hellip;]\" \/>\n<meta property=\"og:url\" content=\"https:\/\/www.gaveanews.com\/index.php\/2024\/08\/06\/a-declaracao-de-ramon-diaz-sobre-a-cobranca-da-torcida\/\" \/>\n<meta property=\"og:site_name\" content=\"G\u00e1vea News\" \/>\n<meta property=\"article:publisher\" content=\"https:\/\/facebook.com\/gaveaNews\/\" \/>\n<meta property=\"article:published_time\" content=\"2024-08-06T16:39:04+00:00\" \/>\n<meta property=\"article:modified_time\" content=\"2024-08-06T16:39:05+00:00\" \/>\n<meta property=\"og:image\" content=\"https:\/\/www.gaveanews.com\/wp-content\/uploads\/Ramon-Diaz-pelo-Corinthians-em-2024.webp\" \/>\n\t<meta property=\"og:image:width\" content=\"1346\" \/>\n\t<meta property=\"og:image:height\" content=\"1009\" \/>\n\t<meta property=\"og:image:type\" content=\"image\/webp\" \/>\n<meta name=\"author\" content=\"Geovanna Thomaz\" \/>\n<meta name=\"twitter:card\" content=\"summary_large_image\" \/>\n<meta name=\"twitter:label1\" content=\"Escrito por\" \/>\n\t<meta name=\"twitter:data1\" content=\"Geovanna Thomaz\" \/>\n\t<meta name=\"twitter:label2\" content=\"Est. tempo de leitura\" \/>\n\t<meta name=\"twitter:data2\" content=\"3 minutos\" \/>\n<script type=\"application\/ld+json\" class=\"yoast-schema-graph\">{\"@context\":\"https:\/\/schema.org\",\"@graph\":[{\"@type\":\"NewsArticle\",\"@id\":\"https:\/\/www.gaveanews.com\/index.php\/2024\/08\/06\/a-declaracao-de-ramon-diaz-sobre-a-cobranca-da-torcida\/#article\",\"isPartOf\":{\"@id\":\"https:\/\/www.gaveanews.com\/index.php\/2024\/08\/06\/a-declaracao-de-ramon-diaz-sobre-a-cobranca-da-torcida\/\"},\"author\":{\"name\":\"Geovanna Thomaz\",\"@id\":\"https:\/\/www.gaveanews.com\/#\/schema\/person\/f42654babcd2b2014a1a65af82b081f1\"},\"headline\":\"A declara\u00e7\u00e3o de Ram\u00f3n Diaz sobre a cobran\u00e7a da torcida\",\"datePublished\":\"2024-08-06T16:39:04+00:00\",\"dateModified\":\"2024-08-06T16:39:05+00:00\",\"mainEntityOfPage\":{\"@id\":\"https:\/\/www.gaveanews.com\/index.php\/2024\/08\/06\/a-declaracao-de-ramon-diaz-sobre-a-cobranca-da-torcida\/\"},\"wordCount\":377,\"commentCount\":0,\"image\":{\"@id\":\"https:\/\/www.gaveanews.com\/index.php\/2024\/08\/06\/a-declaracao-de-ramon-diaz-sobre-a-cobranca-da-torcida\/#primaryimage\"},\"thumbnailUrl\":\"https:\/\/www.gaveanews.com\/wp-content\/uploads\/Ramon-Diaz-pelo-Corinthians-em-2024.webp\",\"articleSection\":[\"Corinthians\"],\"inLanguage\":\"pt-BR\",\"potentialAction\":[{\"@type\":\"CommentAction\",\"name\":\"Comment\",\"target\":[\"https:\/\/www.gaveanews.com\/index.php\/2024\/08\/06\/a-declaracao-de-ramon-diaz-sobre-a-cobranca-da-torcida\/#respond\"]}],\"copyrightYear\":\"2024\",\"copyrightHolder\":{\"@id\":\"https:\/\/www.gaveanews.com\/#organization\"}},{\"@type\":\"WebPage\",\"@id\":\"https:\/\/www.gaveanews.com\/index.php\/2024\/08\/06\/a-declaracao-de-ramon-diaz-sobre-a-cobranca-da-torcida\/\",\"url\":\"https:\/\/www.gaveanews.com\/index.php\/2024\/08\/06\/a-declaracao-de-ramon-diaz-sobre-a-cobranca-da-torcida\/\",\"name\":\"A declara\u00e7\u00e3o de Ram\u00f3n Diaz sobre a cobran\u00e7a da torcida\",\"isPartOf\":{\"@id\":\"https:\/\/www.gaveanews.com\/#website\"},\"primaryImageOfPage\":{\"@id\":\"https:\/\/www.gaveanews.com\/index.php\/2024\/08\/06\/a-declaracao-de-ramon-diaz-sobre-a-cobranca-da-torcida\/#primaryimage\"},\"image\":{\"@id\":\"https:\/\/www.gaveanews.com\/index.php\/2024\/08\/06\/a-declaracao-de-ramon-diaz-sobre-a-cobranca-da-torcida\/#primaryimage\"},\"thumbnailUrl\":\"https:\/\/www.gaveanews.com\/wp-content\/uploads\/Ramon-Diaz-pelo-Corinthians-em-2024.webp\",\"datePublished\":\"2024-08-06T16:39:04+00:00\",\"dateModified\":\"2024-08-06T16:39:05+00:00\",\"author\":{\"@id\":\"https:\/\/www.gaveanews.com\/#\/schema\/person\/f42654babcd2b2014a1a65af82b081f1\"},\"breadcrumb\":{\"@id\":\"https:\/\/www.gaveanews.com\/index.php\/2024\/08\/06\/a-declaracao-de-ramon-diaz-sobre-a-cobranca-da-torcida\/#breadcrumb\"},\"inLanguage\":\"pt-BR\",\"potentialAction\":[{\"@type\":\"ReadAction\",\"target\":[\"https:\/\/www.gaveanews.com\/index.php\/2024\/08\/06\/a-declaracao-de-ramon-diaz-sobre-a-cobranca-da-torcida\/\"]}]},{\"@type\":\"ImageObject\",\"inLanguage\":\"pt-BR\",\"@id\":\"https:\/\/www.gaveanews.com\/index.php\/2024\/08\/06\/a-declaracao-de-ramon-diaz-sobre-a-cobranca-da-torcida\/#primaryimage\",\"url\":\"https:\/\/www.gaveanews.com\/wp-content\/uploads\/Ramon-Diaz-pelo-Corinthians-em-2024.webp\",\"contentUrl\":\"https:\/\/www.gaveanews.com\/wp-content\/uploads\/Ramon-Diaz-pelo-Corinthians-em-2024.webp\",\"width\":1346,\"height\":1009,\"caption\":\"Ram\u00f3n D\u00edaz pelo Corinthians em 2024 (Foto: Reprodu\u00e7\u00e3o\/Corinthians)\"},{\"@type\":\"BreadcrumbList\",\"@id\":\"https:\/\/www.gaveanews.com\/index.php\/2024\/08\/06\/a-declaracao-de-ramon-diaz-sobre-a-cobranca-da-torcida\/#breadcrumb\",\"itemListElement\":[{\"@type\":\"ListItem\",\"position\":1,\"name\":\"Home\",\"item\":\"https:\/\/www.gaveanews.com\/\"},{\"@type\":\"ListItem\",\"position\":2,\"name\":\"A declara\u00e7\u00e3o de Ram\u00f3n Diaz sobre a cobran\u00e7a da torcida\"}]},{\"@type\":\"WebSite\",\"@id\":\"https:\/\/www.gaveanews.com\/#website\",\"url\":\"https:\/\/www.gaveanews.com\/\",\"name\":\"G\u00e1vea News\",\"description\":\"Veja todas as not\u00edcias sobre o Flamengo: Contrata\u00e7\u00f5es, categorias de base, resultados das partidas, tabela de classifica\u00e7\u00e3o, pr\u00f3ximos jogos!\",\"potentialAction\":[{\"@type\":\"SearchAction\",\"target\":{\"@type\":\"EntryPoint\",\"urlTemplate\":\"https:\/\/www.gaveanews.com\/?s={search_term_string}\"},\"query-input\":{\"@type\":\"PropertyValueSpecification\",\"valueRequired\":true,\"valueName\":\"search_term_string\"}}],\"inLanguage\":\"pt-BR\"},{\"@type\":\"Person\",\"@id\":\"https:\/\/www.gaveanews.com\/#\/schema\/person\/f42654babcd2b2014a1a65af82b081f1\",\"name\":\"Geovanna Thomaz\",\"image\":{\"@type\":\"ImageObject\",\"inLanguage\":\"pt-BR\",\"@id\":\"https:\/\/www.gaveanews.com\/#\/schema\/person\/image\/\",\"url\":\"https:\/\/secure.gravatar.com\/avatar\/4092073255489533afb558984b49b64268c47198af8623cc82a925ae9fb7118a?s=96&d=mm&r=g\",\"contentUrl\":\"https:\/\/secure.gravatar.com\/avatar\/4092073255489533afb558984b49b64268c47198af8623cc82a925ae9fb7118a?s=96&d=mm&r=g\",\"caption\":\"Geovanna Thomaz\"}}]}<\/script>\n<!-- \/ Yoast SEO Premium plugin. -->","yoast_head_json":{"title":"A declara\u00e7\u00e3o de Ram\u00f3n Diaz sobre a cobran\u00e7a da torcida","robots":{"index":"index","follow":"follow","max-snippet":"max-snippet:-1","max-image-preview":"max-image-preview:large","max-video-preview":"max-video-preview:-1"},"canonical":"https:\/\/www.gaveanews.com\/index.php\/2024\/08\/06\/a-declaracao-de-ramon-diaz-sobre-a-cobranca-da-torcida\/","og_locale":"pt_BR","og_type":"article","og_title":"A declara\u00e7\u00e3o de Ram\u00f3n Diaz sobre a cobran\u00e7a da torcida","og_description":"Ramon Diaz agradece o apoio da torcida e pede paci\u00eancia Em meio \u00e0 frustra\u00e7\u00e3o pela falta de vit\u00f3rias que impede o time de subir na tabela, o t\u00e9cnico Ramon Diaz fez quest\u00e3o de agradecer \u00e0 torcida pelo apoio cont\u00ednuo desde o in\u00edcio da temporada. Em sua declara\u00e7\u00e3o, ele reconheceu o sentimento de frustra\u00e7\u00e3o compartilhado por [&hellip;]","og_url":"https:\/\/www.gaveanews.com\/index.php\/2024\/08\/06\/a-declaracao-de-ramon-diaz-sobre-a-cobranca-da-torcida\/","og_site_name":"G\u00e1vea News","article_publisher":"https:\/\/facebook.com\/gaveaNews\/","article_published_time":"2024-08-06T16:39:04+00:00","article_modified_time":"2024-08-06T16:39:05+00:00","og_image":[{"width":1346,"height":1009,"url":"https:\/\/www.gaveanews.com\/wp-content\/uploads\/Ramon-Diaz-pelo-Corinthians-em-2024.webp","type":"image\/webp"}],"author":"Geovanna Thomaz","twitter_card":"summary_large_image","twitter_misc":{"Escrito por":"Geovanna Thomaz","Est. tempo de leitura":"3 minutos"},"schema":{"@context":"https:\/\/schema.org","@graph":[{"@type":"NewsArticle","@id":"https:\/\/www.gaveanews.com\/index.php\/2024\/08\/06\/a-declaracao-de-ramon-diaz-sobre-a-cobranca-da-torcida\/#article","isPartOf":{"@id":"https:\/\/www.gaveanews.com\/index.php\/2024\/08\/06\/a-declaracao-de-ramon-diaz-sobre-a-cobranca-da-torcida\/"},"author":{"name":"Geovanna Thomaz","@id":"https:\/\/www.gaveanews.com\/#\/schema\/person\/f42654babcd2b2014a1a65af82b081f1"},"headline":"A declara\u00e7\u00e3o de Ram\u00f3n Diaz sobre a cobran\u00e7a da torcida","datePublished":"2024-08-06T16:39:04+00:00","dateModified":"2024-08-06T16:39:05+00:00","mainEntityOfPage":{"@id":"https:\/\/www.gaveanews.com\/index.php\/2024\/08\/06\/a-declaracao-de-ramon-diaz-sobre-a-cobranca-da-torcida\/"},"wordCount":377,"commentCount":0,"image":{"@id":"https:\/\/www.gaveanews.com\/index.php\/2024\/08\/06\/a-declaracao-de-ramon-diaz-sobre-a-cobranca-da-torcida\/#primaryimage"},"thumbnailUrl":"https:\/\/www.gaveanews.com\/wp-content\/uploads\/Ramon-Diaz-pelo-Corinthians-em-2024.webp","articleSection":["Corinthians"],"inLanguage":"pt-BR","potentialAction":[{"@type":"CommentAction","name":"Comment","target":["https:\/\/www.gaveanews.com\/index.php\/2024\/08\/06\/a-declaracao-de-ramon-diaz-sobre-a-cobranca-da-torcida\/#respond"]}],"copyrightYear":"2024","copyrightHolder":{"@id":"https:\/\/www.gaveanews.com\/#organization"}},{"@type":"WebPage","@id":"https:\/\/www.gaveanews.com\/index.php\/2024\/08\/06\/a-declaracao-de-ramon-diaz-sobre-a-cobranca-da-torcida\/","url":"https:\/\/www.gaveanews.com\/index.php\/2024\/08\/06\/a-declaracao-de-ramon-diaz-sobre-a-cobranca-da-torcida\/","name":"A declara\u00e7\u00e3o de Ram\u00f3n Diaz sobre a cobran\u00e7a da torcida","isPartOf":{"@id":"https:\/\/www.gaveanews.com\/#website"},"primaryImageOfPage":{"@id":"https:\/\/www.gaveanews.com\/index.php\/2024\/08\/06\/a-declaracao-de-ramon-diaz-sobre-a-cobranca-da-torcida\/#primaryimage"},"image":{"@id":"https:\/\/www.gaveanews.com\/index.php\/2024\/08\/06\/a-declaracao-de-ramon-diaz-sobre-a-cobranca-da-torcida\/#primaryimage"},"thumbnailUrl":"https:\/\/www.gaveanews.com\/wp-content\/uploads\/Ramon-Diaz-pelo-Corinthians-em-2024.webp","datePublished":"2024-08-06T16:39:04+00:00","dateModified":"2024-08-06T16:39:05+00:00","author":{"@id":"https:\/\/www.gaveanews.com\/#\/schema\/person\/f42654babcd2b2014a1a65af82b081f1"},"breadcrumb":{"@id":"https:\/\/www.gaveanews.com\/index.php\/2024\/08\/06\/a-declaracao-de-ramon-diaz-sobre-a-cobranca-da-torcida\/#breadcrumb"},"inLanguage":"pt-BR","potentialAction":[{"@type":"ReadAction","target":["https:\/\/www.gaveanews.com\/index.php\/2024\/08\/06\/a-declaracao-de-ramon-diaz-sobre-a-cobranca-da-torcida\/"]}]},{"@type":"ImageObject","inLanguage":"pt-BR","@id":"https:\/\/www.gaveanews.com\/index.php\/2024\/08\/06\/a-declaracao-de-ramon-diaz-sobre-a-cobranca-da-torcida\/#primaryimage","url":"https:\/\/www.gaveanews.com\/wp-content\/uploads\/Ramon-Diaz-pelo-Corinthians-em-2024.webp","contentUrl":"https:\/\/www.gaveanews.com\/wp-content\/uploads\/Ramon-Diaz-pelo-Corinthians-em-2024.webp","width":1346,"height":1009,"caption":"Ram\u00f3n D\u00edaz pelo Corinthians em 2024 (Foto: Reprodu\u00e7\u00e3o\/Corinthians)"},{"@type":"BreadcrumbList","@id":"https:\/\/www.gaveanews.com\/index.php\/2024\/08\/06\/a-declaracao-de-ramon-diaz-sobre-a-cobranca-da-torcida\/#breadcrumb","itemListElement":[{"@type":"ListItem","position":1,"name":"Home","item":"https:\/\/www.gaveanews.com\/"},{"@type":"ListItem","position":2,"name":"A declara\u00e7\u00e3o de Ram\u00f3n Diaz sobre a cobran\u00e7a da torcida"}]},{"@type":"WebSite","@id":"https:\/\/www.gaveanews.com\/#website","url":"https:\/\/www.gaveanews.com\/","name":"G\u00e1vea News","description":"Veja todas as not\u00edcias sobre o Flamengo: Contrata\u00e7\u00f5es, categorias de base, resultados das partidas, tabela de classifica\u00e7\u00e3o, pr\u00f3ximos jogos!","potentialAction":[{"@type":"SearchAction","target":{"@type":"EntryPoint","urlTemplate":"https:\/\/www.gaveanews.com\/?s={search_term_string}"},"query-input":{"@type":"PropertyValueSpecification","valueRequired":true,"valueName":"search_term_string"}}],"inLanguage":"pt-BR"},{"@type":"Person","@id":"https:\/\/www.gaveanews.com\/#\/schema\/person\/f42654babcd2b2014a1a65af82b081f1","name":"Geovanna Thomaz","image":{"@type":"ImageObject","inLanguage":"pt-BR","@id":"https:\/\/www.gaveanews.com\/#\/schema\/person\/image\/","url":"https:\/\/secure.gravatar.com\/avatar\/4092073255489533afb558984b49b64268c47198af8623cc82a925ae9fb7118a?s=96&d=mm&r=g","contentUrl":"https:\/\/secure.gravatar.com\/avatar\/4092073255489533afb558984b49b64268c47198af8623cc82a925ae9fb7118a?s=96&d=mm&r=g","caption":"Geovanna Thomaz"}}]}},"_links":{"self":[{"href":"https:\/\/www.gaveanews.com\/index.php\/wp-json\/wp\/v2\/posts\/156747","targetHints":{"allow":["GET"]}}],"collection":[{"href":"https:\/\/www.gaveanews.com\/index.php\/wp-json\/wp\/v2\/posts"}],"about":[{"href":"https:\/\/www.gaveanews.com\/index.php\/wp-json\/wp\/v2\/types\/post"}],"author":[{"embeddable":true,"href":"https:\/\/www.gaveanews.com\/index.php\/wp-json\/wp\/v2\/users\/17"}],"replies":[{"embeddable":true,"href":"https:\/\/www.gaveanews.com\/index.php\/wp-json\/wp\/v2\/comments?post=156747"}],"version-history":[{"count":1,"href":"https:\/\/www.gaveanews.com\/index.php\/wp-json\/wp\/v2\/posts\/156747\/revisions"}],"predecessor-version":[{"id":156752,"href":"https:\/\/www.gaveanews.com\/index.php\/wp-json\/wp\/v2\/posts\/156747\/revisions\/156752"}],"wp:featuredmedia":[{"embeddable":true,"href":"https:\/\/www.gaveanews.com\/index.php\/wp-json\/wp\/v2\/media\/152536"}],"wp:attachment":[{"href":"https:\/\/www.gaveanews.com\/index.php\/wp-json\/wp\/v2\/media?parent=156747"}],"wp:term":[{"taxonomy":"category","embeddable":true,"href":"https:\/\/www.gaveanews.com\/index.php\/wp-json\/wp\/v2\/categories?post=156747"},{"taxonomy":"post_tag","embeddable":true,"href":"https:\/\/www.gaveanews.com\/index.php\/wp-json\/wp\/v2\/tags?post=156747"}],"curies":[{"name":"wp","href":"https:\/\/api.w.org\/{rel}","templated":true}]}}