{"id":156757,"date":"2024-08-06T16:08:16","date_gmt":"2024-08-06T19:08:16","guid":{"rendered":"https:\/\/www.gaveanews.com\/?p=156757"},"modified":"2024-08-06T16:08:17","modified_gmt":"2024-08-06T19:08:17","slug":"cruzeiro-x-fortaleza-a-declaracao-do-lateral-marlon","status":"publish","type":"post","link":"https:\/\/www.gaveanews.com\/index.php\/2024\/08\/06\/cruzeiro-x-fortaleza-a-declaracao-do-lateral-marlon\/","title":{"rendered":"Cruzeiro x Fortaleza: a declara\u00e7\u00e3o do lateral Marlon"},"content":{"rendered":"\n<p>O Cruzeiro perdeu para o Fortaleza no jogo que fechou a \u00faltima rodada do Brasileir\u00e3o, no \u00faltimo dia 5. O jogo foi em Santa Catarina j\u00e1 que o Cruzeiro vendeu alguns mandos de campo no in\u00edcio da competi\u00e7\u00e3o ainda quando era gerido por Ronaldo Fen\u00f4meno.<\/p>\n\n\n\n<p>O lateral Marlon n\u00e3o gostou nada da atua\u00e7\u00e3o do Cruzeiro na partida, e ficou na bronca com seus companheiros de equipe. O jogador, ap\u00f3s o final da partida, comentou o que prejudicou o Cruzeiro na partida.<\/p>\n\n\n\n<ul class=\"wp-block-list\">\n<li><a href=\"https:\/\/www.gaveanews.com\/index.php\/2024\/08\/02\/cruzeiro-pode-ganhar-ate-8-desfalques-para-o-jogo-contra-o-atletico-mg\/\">Cruzeiro pode ganhar at\u00e9 8 desfalques para o jogo contra o Atl\u00e9tico-MG<\/a><\/li>\n\n\n\n<li><a href=\"https:\/\/www.gaveanews.com\/index.php\/2024\/08\/01\/cruzeiro-faz-barca-e-mais-jogadores-estao-de-saida\/\">Cruzeiro faz barca e mais jogadores est\u00e3o de sa\u00edda<\/a><\/li>\n<\/ul>\n\n\n\n<p>Ap\u00f3s a derrota por 2 a 1, o lateral citou os fatores que na opini\u00e3o dele atrapalharam a atua\u00e7\u00e3o do Cruzeiro. Para ele, o gramado ruim do est\u00e1dio em Cariacica foi um fator fundamental para o mal desempenho da equipe.<\/p>\n\n\n\n<p><em>&#8211; A gente lamenta a derrota, era uma partida crucial para a gente subir na tabela, somar pontos e continuar com a nossa sequ\u00eancia de vit\u00f3rias em casa, entre aspas, porque a gente jogou fora. A gente perdeu para um advers\u00e1rio qualificado. Tentamos impor o nosso jogo, mas alguns fatores atrapalharam um pouquinho hoje. O campo estava ruim para ambas as equipes. Estava complicado com o gramado pesado<\/em>.<\/p>\n\n\n\n<p>Marlon criticou o lance decisivo do jogo quando C\u00e1ssio escorregou na pequena \u00e1rea para defender o chute de Breno Lopes e n\u00e3o conseguiu alcan\u00e7ar a bola no primeiro gol do Fortaleza.<\/p>\n\n\n\n<p>Matheus Henrique empatou o jogo em seguida pegando um rebote dentro da \u00e1rea, mas, Renato Kayzer cravou a derrota do Cruzeiro em mais um gol do Fortaleza.<\/p>\n\n\n\n<p>Marlon tamb\u00e9m disse que a derrota ser\u00e1 de motiva\u00e7\u00e3o para tentar vencer o Atl\u00e9tico Mineiro no cl\u00e1ssico na pr\u00f3xima rodada do Brasileir\u00e3o.<\/p>\n\n\n\n<p>&#8211;<em> O Fortaleza foi mais eficaz nas \u00fanicas duas bolas que chegaram com perigo. Levo como aprendizado, porque a gente vinha em uma levada muito boa e n\u00e3o vai ser um acidente de percurso que vai atrapalhar o que a gente vem fazendo. Agora \u00e9 ter cabe\u00e7a boa para se preparar durante a semana para o cl\u00e1ssico, que \u00e9 muito importante,<\/em> completou.<\/p>\n\n\n\n<h2 class=\"wp-block-heading\" id=\"h-qual-a-proxima-partida-do-cruzeiro\">Qual a pr\u00f3xima partida do Cruzeiro?<\/h2>\n\n\n\n<p>O Cruzeiro enfrenta o Atl\u00e9tico Mineiro neste s\u00e1bado (10\/8), \u00e0s 21h30, no Mineir\u00e3o, pela 22\u00aa rodada da S\u00e9rie A.\u00a0<br><\/p>\n","protected":false},"excerpt":{"rendered":"<p>O Cruzeiro perdeu para o Fortaleza no jogo que fechou a \u00faltima rodada do Brasileir\u00e3o, no \u00faltimo dia 5. O jogo foi em Santa Catarina j\u00e1 que o Cruzeiro vendeu alguns mandos de campo no in\u00edcio da competi\u00e7\u00e3o ainda quando era gerido por Ronaldo Fen\u00f4meno. O lateral Marlon n\u00e3o gostou nada da atua\u00e7\u00e3o do Cruzeiro [&hellip;]<\/p>\n","protected":false},"author":19,"featured_media":143443,"comment_status":"open","ping_status":"closed","sticky":false,"template":"","format":"standard","meta":{"footnotes":""},"categories":[143],"tags":[],"class_list":["post-156757","post","type-post","status-publish","format-standard","has-post-thumbnail","hentry","category-cruzeiro"],"yoast_head":"<!-- This site is optimized with the Yoast SEO Premium plugin v24.2 (Yoast SEO v26.9) - https:\/\/yoast.com\/product\/yoast-seo-premium-wordpress\/ -->\n<title>Cruzeiro x Fortaleza: a declara\u00e7\u00e3o do lateral Marlon<\/title>\n<meta name=\"robots\" content=\"index, follow, max-snippet:-1, max-image-preview:large, max-video-preview:-1\" \/>\n<link rel=\"canonical\" href=\"https:\/\/www.gaveanews.com\/index.php\/2024\/08\/06\/cruzeiro-x-fortaleza-a-declaracao-do-lateral-marlon\/\" \/>\n<meta property=\"og:locale\" content=\"pt_BR\" \/>\n<meta property=\"og:type\" content=\"article\" \/>\n<meta property=\"og:title\" content=\"Cruzeiro x Fortaleza: a declara\u00e7\u00e3o do lateral Marlon\" \/>\n<meta property=\"og:description\" content=\"O Cruzeiro perdeu para o Fortaleza no jogo que fechou a \u00faltima rodada do Brasileir\u00e3o, no \u00faltimo dia 5. O jogo foi em Santa Catarina j\u00e1 que o Cruzeiro vendeu alguns mandos de campo no in\u00edcio da competi\u00e7\u00e3o ainda quando era gerido por Ronaldo Fen\u00f4meno. O lateral Marlon n\u00e3o gostou nada da atua\u00e7\u00e3o do Cruzeiro [&hellip;]\" \/>\n<meta property=\"og:url\" content=\"https:\/\/www.gaveanews.com\/index.php\/2024\/08\/06\/cruzeiro-x-fortaleza-a-declaracao-do-lateral-marlon\/\" \/>\n<meta property=\"og:site_name\" content=\"G\u00e1vea News\" \/>\n<meta property=\"article:publisher\" content=\"https:\/\/facebook.com\/gaveaNews\/\" \/>\n<meta property=\"article:published_time\" content=\"2024-08-06T19:08:16+00:00\" \/>\n<meta property=\"article:modified_time\" content=\"2024-08-06T19:08:17+00:00\" \/>\n<meta property=\"og:image\" content=\"https:\/\/www.gaveanews.com\/wp-content\/uploads\/Elenco-do-Cruzeiro-comemorando-um-gol.webp\" \/>\n\t<meta property=\"og:image:width\" content=\"999\" \/>\n\t<meta property=\"og:image:height\" content=\"666\" \/>\n\t<meta property=\"og:image:type\" content=\"image\/webp\" \/>\n<meta name=\"author\" content=\"Bruno Zanchetta\" \/>\n<meta name=\"twitter:card\" content=\"summary_large_image\" \/>\n<meta name=\"twitter:label1\" content=\"Escrito por\" \/>\n\t<meta name=\"twitter:data1\" content=\"Bruno Zanchetta\" \/>\n\t<meta name=\"twitter:label2\" content=\"Est. tempo de leitura\" \/>\n\t<meta name=\"twitter:data2\" content=\"3 minutos\" \/>\n<script type=\"application\/ld+json\" class=\"yoast-schema-graph\">{\"@context\":\"https:\/\/schema.org\",\"@graph\":[{\"@type\":\"NewsArticle\",\"@id\":\"https:\/\/www.gaveanews.com\/index.php\/2024\/08\/06\/cruzeiro-x-fortaleza-a-declaracao-do-lateral-marlon\/#article\",\"isPartOf\":{\"@id\":\"https:\/\/www.gaveanews.com\/index.php\/2024\/08\/06\/cruzeiro-x-fortaleza-a-declaracao-do-lateral-marlon\/\"},\"author\":{\"name\":\"Bruno Zanchetta\",\"@id\":\"https:\/\/www.gaveanews.com\/#\/schema\/person\/32fddefab25b466689f181be346cd98c\"},\"headline\":\"Cruzeiro x Fortaleza: a declara\u00e7\u00e3o do lateral Marlon\",\"datePublished\":\"2024-08-06T19:08:16+00:00\",\"dateModified\":\"2024-08-06T19:08:17+00:00\",\"mainEntityOfPage\":{\"@id\":\"https:\/\/www.gaveanews.com\/index.php\/2024\/08\/06\/cruzeiro-x-fortaleza-a-declaracao-do-lateral-marlon\/\"},\"wordCount\":412,\"commentCount\":0,\"image\":{\"@id\":\"https:\/\/www.gaveanews.com\/index.php\/2024\/08\/06\/cruzeiro-x-fortaleza-a-declaracao-do-lateral-marlon\/#primaryimage\"},\"thumbnailUrl\":\"https:\/\/www.gaveanews.com\/wp-content\/uploads\/Elenco-do-Cruzeiro-comemorando-um-gol.webp\",\"articleSection\":[\"Cruzeiro\"],\"inLanguage\":\"pt-BR\",\"potentialAction\":[{\"@type\":\"CommentAction\",\"name\":\"Comment\",\"target\":[\"https:\/\/www.gaveanews.com\/index.php\/2024\/08\/06\/cruzeiro-x-fortaleza-a-declaracao-do-lateral-marlon\/#respond\"]}],\"copyrightYear\":\"2024\",\"copyrightHolder\":{\"@id\":\"https:\/\/www.gaveanews.com\/#organization\"}},{\"@type\":\"WebPage\",\"@id\":\"https:\/\/www.gaveanews.com\/index.php\/2024\/08\/06\/cruzeiro-x-fortaleza-a-declaracao-do-lateral-marlon\/\",\"url\":\"https:\/\/www.gaveanews.com\/index.php\/2024\/08\/06\/cruzeiro-x-fortaleza-a-declaracao-do-lateral-marlon\/\",\"name\":\"Cruzeiro x Fortaleza: a declara\u00e7\u00e3o do lateral Marlon\",\"isPartOf\":{\"@id\":\"https:\/\/www.gaveanews.com\/#website\"},\"primaryImageOfPage\":{\"@id\":\"https:\/\/www.gaveanews.com\/index.php\/2024\/08\/06\/cruzeiro-x-fortaleza-a-declaracao-do-lateral-marlon\/#primaryimage\"},\"image\":{\"@id\":\"https:\/\/www.gaveanews.com\/index.php\/2024\/08\/06\/cruzeiro-x-fortaleza-a-declaracao-do-lateral-marlon\/#primaryimage\"},\"thumbnailUrl\":\"https:\/\/www.gaveanews.com\/wp-content\/uploads\/Elenco-do-Cruzeiro-comemorando-um-gol.webp\",\"datePublished\":\"2024-08-06T19:08:16+00:00\",\"dateModified\":\"2024-08-06T19:08:17+00:00\",\"author\":{\"@id\":\"https:\/\/www.gaveanews.com\/#\/schema\/person\/32fddefab25b466689f181be346cd98c\"},\"breadcrumb\":{\"@id\":\"https:\/\/www.gaveanews.com\/index.php\/2024\/08\/06\/cruzeiro-x-fortaleza-a-declaracao-do-lateral-marlon\/#breadcrumb\"},\"inLanguage\":\"pt-BR\",\"potentialAction\":[{\"@type\":\"ReadAction\",\"target\":[\"https:\/\/www.gaveanews.com\/index.php\/2024\/08\/06\/cruzeiro-x-fortaleza-a-declaracao-do-lateral-marlon\/\"]}]},{\"@type\":\"ImageObject\",\"inLanguage\":\"pt-BR\",\"@id\":\"https:\/\/www.gaveanews.com\/index.php\/2024\/08\/06\/cruzeiro-x-fortaleza-a-declaracao-do-lateral-marlon\/#primaryimage\",\"url\":\"https:\/\/www.gaveanews.com\/wp-content\/uploads\/Elenco-do-Cruzeiro-comemorando-um-gol.webp\",\"contentUrl\":\"https:\/\/www.gaveanews.com\/wp-content\/uploads\/Elenco-do-Cruzeiro-comemorando-um-gol.webp\",\"width\":999,\"height\":666,\"caption\":\"Elenco do Cruzeiro comemorando um gol (Foto Reprodu\u00e7\u00e3o\/Instagram)\"},{\"@type\":\"BreadcrumbList\",\"@id\":\"https:\/\/www.gaveanews.com\/index.php\/2024\/08\/06\/cruzeiro-x-fortaleza-a-declaracao-do-lateral-marlon\/#breadcrumb\",\"itemListElement\":[{\"@type\":\"ListItem\",\"position\":1,\"name\":\"Home\",\"item\":\"https:\/\/www.gaveanews.com\/\"},{\"@type\":\"ListItem\",\"position\":2,\"name\":\"Cruzeiro x Fortaleza: a declara\u00e7\u00e3o do lateral Marlon\"}]},{\"@type\":\"WebSite\",\"@id\":\"https:\/\/www.gaveanews.com\/#website\",\"url\":\"https:\/\/www.gaveanews.com\/\",\"name\":\"G\u00e1vea News\",\"description\":\"Veja todas as not\u00edcias sobre o Flamengo: Contrata\u00e7\u00f5es, categorias de base, resultados das partidas, tabela de classifica\u00e7\u00e3o, pr\u00f3ximos jogos!\",\"potentialAction\":[{\"@type\":\"SearchAction\",\"target\":{\"@type\":\"EntryPoint\",\"urlTemplate\":\"https:\/\/www.gaveanews.com\/?s={search_term_string}\"},\"query-input\":{\"@type\":\"PropertyValueSpecification\",\"valueRequired\":true,\"valueName\":\"search_term_string\"}}],\"inLanguage\":\"pt-BR\"},{\"@type\":\"Person\",\"@id\":\"https:\/\/www.gaveanews.com\/#\/schema\/person\/32fddefab25b466689f181be346cd98c\",\"name\":\"Bruno Zanchetta\",\"image\":{\"@type\":\"ImageObject\",\"inLanguage\":\"pt-BR\",\"@id\":\"https:\/\/www.gaveanews.com\/#\/schema\/person\/image\/\",\"url\":\"https:\/\/secure.gravatar.com\/avatar\/3ba2d39f8a912ad65276975a996d6ad8d9e3dd13448684be8dc4d7c17099d2ee?s=96&d=mm&r=g\",\"contentUrl\":\"https:\/\/secure.gravatar.com\/avatar\/3ba2d39f8a912ad65276975a996d6ad8d9e3dd13448684be8dc4d7c17099d2ee?s=96&d=mm&r=g\",\"caption\":\"Bruno Zanchetta\"}}]}<\/script>\n<!-- \/ Yoast SEO Premium plugin. -->","yoast_head_json":{"title":"Cruzeiro x Fortaleza: a declara\u00e7\u00e3o do lateral Marlon","robots":{"index":"index","follow":"follow","max-snippet":"max-snippet:-1","max-image-preview":"max-image-preview:large","max-video-preview":"max-video-preview:-1"},"canonical":"https:\/\/www.gaveanews.com\/index.php\/2024\/08\/06\/cruzeiro-x-fortaleza-a-declaracao-do-lateral-marlon\/","og_locale":"pt_BR","og_type":"article","og_title":"Cruzeiro x Fortaleza: a declara\u00e7\u00e3o do lateral Marlon","og_description":"O Cruzeiro perdeu para o Fortaleza no jogo que fechou a \u00faltima rodada do Brasileir\u00e3o, no \u00faltimo dia 5. O jogo foi em Santa Catarina j\u00e1 que o Cruzeiro vendeu alguns mandos de campo no in\u00edcio da competi\u00e7\u00e3o ainda quando era gerido por Ronaldo Fen\u00f4meno. O lateral Marlon n\u00e3o gostou nada da atua\u00e7\u00e3o do Cruzeiro [&hellip;]","og_url":"https:\/\/www.gaveanews.com\/index.php\/2024\/08\/06\/cruzeiro-x-fortaleza-a-declaracao-do-lateral-marlon\/","og_site_name":"G\u00e1vea News","article_publisher":"https:\/\/facebook.com\/gaveaNews\/","article_published_time":"2024-08-06T19:08:16+00:00","article_modified_time":"2024-08-06T19:08:17+00:00","og_image":[{"width":999,"height":666,"url":"https:\/\/www.gaveanews.com\/wp-content\/uploads\/Elenco-do-Cruzeiro-comemorando-um-gol.webp","type":"image\/webp"}],"author":"Bruno Zanchetta","twitter_card":"summary_large_image","twitter_misc":{"Escrito por":"Bruno Zanchetta","Est. tempo de leitura":"3 minutos"},"schema":{"@context":"https:\/\/schema.org","@graph":[{"@type":"NewsArticle","@id":"https:\/\/www.gaveanews.com\/index.php\/2024\/08\/06\/cruzeiro-x-fortaleza-a-declaracao-do-lateral-marlon\/#article","isPartOf":{"@id":"https:\/\/www.gaveanews.com\/index.php\/2024\/08\/06\/cruzeiro-x-fortaleza-a-declaracao-do-lateral-marlon\/"},"author":{"name":"Bruno Zanchetta","@id":"https:\/\/www.gaveanews.com\/#\/schema\/person\/32fddefab25b466689f181be346cd98c"},"headline":"Cruzeiro x Fortaleza: a declara\u00e7\u00e3o do lateral Marlon","datePublished":"2024-08-06T19:08:16+00:00","dateModified":"2024-08-06T19:08:17+00:00","mainEntityOfPage":{"@id":"https:\/\/www.gaveanews.com\/index.php\/2024\/08\/06\/cruzeiro-x-fortaleza-a-declaracao-do-lateral-marlon\/"},"wordCount":412,"commentCount":0,"image":{"@id":"https:\/\/www.gaveanews.com\/index.php\/2024\/08\/06\/cruzeiro-x-fortaleza-a-declaracao-do-lateral-marlon\/#primaryimage"},"thumbnailUrl":"https:\/\/www.gaveanews.com\/wp-content\/uploads\/Elenco-do-Cruzeiro-comemorando-um-gol.webp","articleSection":["Cruzeiro"],"inLanguage":"pt-BR","potentialAction":[{"@type":"CommentAction","name":"Comment","target":["https:\/\/www.gaveanews.com\/index.php\/2024\/08\/06\/cruzeiro-x-fortaleza-a-declaracao-do-lateral-marlon\/#respond"]}],"copyrightYear":"2024","copyrightHolder":{"@id":"https:\/\/www.gaveanews.com\/#organization"}},{"@type":"WebPage","@id":"https:\/\/www.gaveanews.com\/index.php\/2024\/08\/06\/cruzeiro-x-fortaleza-a-declaracao-do-lateral-marlon\/","url":"https:\/\/www.gaveanews.com\/index.php\/2024\/08\/06\/cruzeiro-x-fortaleza-a-declaracao-do-lateral-marlon\/","name":"Cruzeiro x Fortaleza: a declara\u00e7\u00e3o do lateral Marlon","isPartOf":{"@id":"https:\/\/www.gaveanews.com\/#website"},"primaryImageOfPage":{"@id":"https:\/\/www.gaveanews.com\/index.php\/2024\/08\/06\/cruzeiro-x-fortaleza-a-declaracao-do-lateral-marlon\/#primaryimage"},"image":{"@id":"https:\/\/www.gaveanews.com\/index.php\/2024\/08\/06\/cruzeiro-x-fortaleza-a-declaracao-do-lateral-marlon\/#primaryimage"},"thumbnailUrl":"https:\/\/www.gaveanews.com\/wp-content\/uploads\/Elenco-do-Cruzeiro-comemorando-um-gol.webp","datePublished":"2024-08-06T19:08:16+00:00","dateModified":"2024-08-06T19:08:17+00:00","author":{"@id":"https:\/\/www.gaveanews.com\/#\/schema\/person\/32fddefab25b466689f181be346cd98c"},"breadcrumb":{"@id":"https:\/\/www.gaveanews.com\/index.php\/2024\/08\/06\/cruzeiro-x-fortaleza-a-declaracao-do-lateral-marlon\/#breadcrumb"},"inLanguage":"pt-BR","potentialAction":[{"@type":"ReadAction","target":["https:\/\/www.gaveanews.com\/index.php\/2024\/08\/06\/cruzeiro-x-fortaleza-a-declaracao-do-lateral-marlon\/"]}]},{"@type":"ImageObject","inLanguage":"pt-BR","@id":"https:\/\/www.gaveanews.com\/index.php\/2024\/08\/06\/cruzeiro-x-fortaleza-a-declaracao-do-lateral-marlon\/#primaryimage","url":"https:\/\/www.gaveanews.com\/wp-content\/uploads\/Elenco-do-Cruzeiro-comemorando-um-gol.webp","contentUrl":"https:\/\/www.gaveanews.com\/wp-content\/uploads\/Elenco-do-Cruzeiro-comemorando-um-gol.webp","width":999,"height":666,"caption":"Elenco do Cruzeiro comemorando um gol (Foto Reprodu\u00e7\u00e3o\/Instagram)"},{"@type":"BreadcrumbList","@id":"https:\/\/www.gaveanews.com\/index.php\/2024\/08\/06\/cruzeiro-x-fortaleza-a-declaracao-do-lateral-marlon\/#breadcrumb","itemListElement":[{"@type":"ListItem","position":1,"name":"Home","item":"https:\/\/www.gaveanews.com\/"},{"@type":"ListItem","position":2,"name":"Cruzeiro x Fortaleza: a declara\u00e7\u00e3o do lateral Marlon"}]},{"@type":"WebSite","@id":"https:\/\/www.gaveanews.com\/#website","url":"https:\/\/www.gaveanews.com\/","name":"G\u00e1vea News","description":"Veja todas as not\u00edcias sobre o Flamengo: Contrata\u00e7\u00f5es, categorias de base, resultados das partidas, tabela de classifica\u00e7\u00e3o, pr\u00f3ximos jogos!","potentialAction":[{"@type":"SearchAction","target":{"@type":"EntryPoint","urlTemplate":"https:\/\/www.gaveanews.com\/?s={search_term_string}"},"query-input":{"@type":"PropertyValueSpecification","valueRequired":true,"valueName":"search_term_string"}}],"inLanguage":"pt-BR"},{"@type":"Person","@id":"https:\/\/www.gaveanews.com\/#\/schema\/person\/32fddefab25b466689f181be346cd98c","name":"Bruno Zanchetta","image":{"@type":"ImageObject","inLanguage":"pt-BR","@id":"https:\/\/www.gaveanews.com\/#\/schema\/person\/image\/","url":"https:\/\/secure.gravatar.com\/avatar\/3ba2d39f8a912ad65276975a996d6ad8d9e3dd13448684be8dc4d7c17099d2ee?s=96&d=mm&r=g","contentUrl":"https:\/\/secure.gravatar.com\/avatar\/3ba2d39f8a912ad65276975a996d6ad8d9e3dd13448684be8dc4d7c17099d2ee?s=96&d=mm&r=g","caption":"Bruno Zanchetta"}}]}},"_links":{"self":[{"href":"https:\/\/www.gaveanews.com\/index.php\/wp-json\/wp\/v2\/posts\/156757","targetHints":{"allow":["GET"]}}],"collection":[{"href":"https:\/\/www.gaveanews.com\/index.php\/wp-json\/wp\/v2\/posts"}],"about":[{"href":"https:\/\/www.gaveanews.com\/index.php\/wp-json\/wp\/v2\/types\/post"}],"author":[{"embeddable":true,"href":"https:\/\/www.gaveanews.com\/index.php\/wp-json\/wp\/v2\/users\/19"}],"replies":[{"embeddable":true,"href":"https:\/\/www.gaveanews.com\/index.php\/wp-json\/wp\/v2\/comments?post=156757"}],"version-history":[{"count":1,"href":"https:\/\/www.gaveanews.com\/index.php\/wp-json\/wp\/v2\/posts\/156757\/revisions"}],"predecessor-version":[{"id":156795,"href":"https:\/\/www.gaveanews.com\/index.php\/wp-json\/wp\/v2\/posts\/156757\/revisions\/156795"}],"wp:featuredmedia":[{"embeddable":true,"href":"https:\/\/www.gaveanews.com\/index.php\/wp-json\/wp\/v2\/media\/143443"}],"wp:attachment":[{"href":"https:\/\/www.gaveanews.com\/index.php\/wp-json\/wp\/v2\/media?parent=156757"}],"wp:term":[{"taxonomy":"category","embeddable":true,"href":"https:\/\/www.gaveanews.com\/index.php\/wp-json\/wp\/v2\/categories?post=156757"},{"taxonomy":"post_tag","embeddable":true,"href":"https:\/\/www.gaveanews.com\/index.php\/wp-json\/wp\/v2\/tags?post=156757"}],"curies":[{"name":"wp","href":"https:\/\/api.w.org\/{rel}","templated":true}]}}