{"id":156772,"date":"2024-08-06T14:30:21","date_gmt":"2024-08-06T17:30:21","guid":{"rendered":"https:\/\/www.gaveanews.com\/?p=156772"},"modified":"2024-08-06T14:05:25","modified_gmt":"2024-08-06T17:05:25","slug":"a-declaracao-de-guilherme-sobre-o-atual-momento-do-santos","status":"publish","type":"post","link":"https:\/\/www.gaveanews.com\/index.php\/2024\/08\/06\/a-declaracao-de-guilherme-sobre-o-atual-momento-do-santos\/","title":{"rendered":"A declara\u00e7\u00e3o de Guilherme sobre o atual momento do Santos"},"content":{"rendered":"\n<h2 class=\"wp-block-heading\" id=\"h-guilherme-celebra-momento-especial-e-destaca-evolucao-do-santos\">Guilherme celebra momento especial e destaca evolu\u00e7\u00e3o do Santos<\/h2>\n\n\n\n<p>O atacante Guilherme, do Santos, expressou sua alegria e gratid\u00e3o pelo bom momento que vive no clube, destacando o apoio que tem recebido e a evolu\u00e7\u00e3o da equipe ao longo da competi\u00e7\u00e3o.<\/p>\n\n\n\n<ul class=\"wp-block-list\">\n<li><a href=\"https:\/\/www.gaveanews.com\/index.php\/2024\/08\/04\/tecnico-do-santos-garante-o-clube-trara-reforcos-nos-proximos-dias\/\">T\u00e9cnico do Santos garante o clube trar\u00e1 refor\u00e7os nos pr\u00f3ximos dias<\/a><\/li>\n\n\n\n<li><a href=\"https:\/\/www.gaveanews.com\/index.php\/2024\/08\/02\/a-declaracao-de-diego-pituca-apos-o-empate-do-santos\/\">A declara\u00e7\u00e3o de Diego Pituca ap\u00f3s o empate do Santos<\/a><\/li>\n<\/ul>\n\n\n\n<p>&#8220;Feliz por mais um gol e muito grato a Deus por esse momento. Desde a minha chegada as coisas t\u00eam acontecido e estou feliz demais. Eu tenho o apoio tamb\u00e9m de todos os atletas, comiss\u00e3o, torcedores e funcion\u00e1rios. Mesmo trabalhando todos os dias para fazer o melhor, confesso que n\u00e3o esperava que seria t\u00e3o bom. Estou muito feliz pelo momento e espero dar continuidade&#8221;, falou Guilherme.<\/p>\n\n\n\n<p>Desde sua chegada ao Santos, Guilherme tem sido uma pe\u00e7a fundamental no ataque, contribuindo com gols e ajudando na reconstru\u00e7\u00e3o da equipe. Ele destacou a import\u00e2ncia do apoio recebido dentro e fora de campo, que tem sido importante para seu desempenho.<\/p>\n\n\n\n<p>Falando sobre a evolu\u00e7\u00e3o do time, Guilherme mencionou o trabalho da equipe t\u00e9cnica, especialmente do treinador Fabio Carille, na prepara\u00e7\u00e3o para os pr\u00f3ximos desafios. Ele fez uma an\u00e1lise sobre o pr\u00f3ximo advers\u00e1rio, o Paysandu, reconhecendo as dificuldades que a equipe enfrentar\u00e1.<\/p>\n\n\n\n<p>&#8220;L\u00e1 foi o come\u00e7o da reconstru\u00e7\u00e3o, que a gente tem falado desde o in\u00edcio da competi\u00e7\u00e3o e eu acredito que a gente j\u00e1 evoluiu muito de l\u00e1 para c\u00e1. J\u00e1 come\u00e7amos a analisar o Paysandu hoje de manh\u00e3 antes do treino, com o professor Carille mostrando o v\u00eddeo e passando alguns detalhes. Eles se refor\u00e7aram bem recentemente e acredito que est\u00e3o com um time melhor do que do in\u00edcio do campeonato. Ent\u00e3o com certeza ser\u00e1 um jogo muito complicado, mas a gente est\u00e1 pronto para fazer um grande jogo l\u00e1 e voltar para Santos com a vit\u00f3ria&#8221;, finalizou.<\/p>\n\n\n\n<h2 class=\"wp-block-heading\" id=\"h-fusca-chines-sera-vendido-no-brasil\">Fusca chin\u00eas ser\u00e1 vendido no Brasil<\/h2>\n\n\n\n<p>Al\u00e9m disso, o portal G\u00e1vea News tamb\u00e9m est\u00e1 produzindo conte\u00fados relacionados ao setor automotivo. Em outras palavras, se voc\u00ea deseja se manter bem informado sobre esse assunto,&nbsp;<a href=\"https:\/\/www.gaveanews.com\/index.php\/carros\/\">clique aqui para acessar exclusivamente as not\u00edcias dessa categoria.<\/a>&nbsp;Assim sendo, n\u00f3s publicamos duas not\u00edcias de destaque:&nbsp;<a href=\"https:\/\/www.gaveanews.com\/index.php\/2024\/04\/20\/carros-populares-com-manutencao-cara-e-complicada?utm_source=Recirculacao&amp;utm_medium=SubtituloFinalDaMateria&amp;utm_campaign=SubtituloFinalDaMateria\" target=\"_blank\" rel=\"noreferrer noopener\">Carros populares com manuten\u00e7\u00e3o cara e complicada<\/a>, e&nbsp;<a href=\"https:\/\/www.gaveanews.com\/index.php\/2024\/04\/19\/muito-moderno-fusca-alternativo-comecara-a-ser-vendido-no-brasil\/?utm_source=Recirculacao&amp;utm_medium=SubtituloFinalDaMateria&amp;utm_campaign=SubtituloFinalDaMateria\" target=\"_blank\" rel=\"noreferrer noopener\">Fusca \u2018alternativo\u2019 come\u00e7ar\u00e1 a ser vendido no Brasil (veja fotos).<\/a><\/p>\n","protected":false},"excerpt":{"rendered":"<p>Guilherme celebra momento especial e destaca evolu\u00e7\u00e3o do Santos O atacante Guilherme, do Santos, expressou sua alegria e gratid\u00e3o pelo bom momento que vive no clube, destacando o apoio que tem recebido e a evolu\u00e7\u00e3o da equipe ao longo da competi\u00e7\u00e3o. &#8220;Feliz por mais um gol e muito grato a Deus por esse momento. Desde [&hellip;]<\/p>\n","protected":false},"author":17,"featured_media":153905,"comment_status":"open","ping_status":"closed","sticky":false,"template":"","format":"standard","meta":{"footnotes":""},"categories":[139],"tags":[],"class_list":["post-156772","post","type-post","status-publish","format-standard","has-post-thumbnail","hentry","category-santos"],"yoast_head":"<!-- This site is optimized with the Yoast SEO Premium plugin v24.2 (Yoast SEO v26.9) - https:\/\/yoast.com\/product\/yoast-seo-premium-wordpress\/ -->\n<title>A declara\u00e7\u00e3o de Guilherme sobre o atual momento do Santos<\/title>\n<meta name=\"robots\" content=\"index, follow, max-snippet:-1, max-image-preview:large, max-video-preview:-1\" \/>\n<link rel=\"canonical\" href=\"https:\/\/www.gaveanews.com\/index.php\/2024\/08\/06\/a-declaracao-de-guilherme-sobre-o-atual-momento-do-santos\/\" \/>\n<meta property=\"og:locale\" content=\"pt_BR\" \/>\n<meta property=\"og:type\" content=\"article\" \/>\n<meta property=\"og:title\" content=\"A declara\u00e7\u00e3o de Guilherme sobre o atual momento do Santos\" \/>\n<meta property=\"og:description\" content=\"Guilherme celebra momento especial e destaca evolu\u00e7\u00e3o do Santos O atacante Guilherme, do Santos, expressou sua alegria e gratid\u00e3o pelo bom momento que vive no clube, destacando o apoio que tem recebido e a evolu\u00e7\u00e3o da equipe ao longo da competi\u00e7\u00e3o. &#8220;Feliz por mais um gol e muito grato a Deus por esse momento. Desde [&hellip;]\" \/>\n<meta property=\"og:url\" content=\"https:\/\/www.gaveanews.com\/index.php\/2024\/08\/06\/a-declaracao-de-guilherme-sobre-o-atual-momento-do-santos\/\" \/>\n<meta property=\"og:site_name\" content=\"G\u00e1vea News\" \/>\n<meta property=\"article:publisher\" content=\"https:\/\/facebook.com\/gaveaNews\/\" \/>\n<meta property=\"article:published_time\" content=\"2024-08-06T17:30:21+00:00\" \/>\n<meta property=\"og:image\" content=\"https:\/\/www.gaveanews.com\/wp-content\/uploads\/Guilherme-com-a-camisa-do-Santos.webp\" \/>\n\t<meta property=\"og:image:width\" content=\"1280\" \/>\n\t<meta property=\"og:image:height\" content=\"1600\" \/>\n\t<meta property=\"og:image:type\" content=\"image\/jpeg\" \/>\n<meta name=\"author\" content=\"Geovanna Thomaz\" \/>\n<meta name=\"twitter:card\" content=\"summary_large_image\" \/>\n<meta name=\"twitter:label1\" content=\"Escrito por\" \/>\n\t<meta name=\"twitter:data1\" content=\"Geovanna Thomaz\" \/>\n\t<meta name=\"twitter:label2\" content=\"Est. tempo de leitura\" \/>\n\t<meta name=\"twitter:data2\" content=\"3 minutos\" \/>\n<script type=\"application\/ld+json\" class=\"yoast-schema-graph\">{\"@context\":\"https:\/\/schema.org\",\"@graph\":[{\"@type\":\"NewsArticle\",\"@id\":\"https:\/\/www.gaveanews.com\/index.php\/2024\/08\/06\/a-declaracao-de-guilherme-sobre-o-atual-momento-do-santos\/#article\",\"isPartOf\":{\"@id\":\"https:\/\/www.gaveanews.com\/index.php\/2024\/08\/06\/a-declaracao-de-guilherme-sobre-o-atual-momento-do-santos\/\"},\"author\":{\"name\":\"Geovanna Thomaz\",\"@id\":\"https:\/\/www.gaveanews.com\/#\/schema\/person\/f42654babcd2b2014a1a65af82b081f1\"},\"headline\":\"A declara\u00e7\u00e3o de Guilherme sobre o atual momento do Santos\",\"datePublished\":\"2024-08-06T17:30:21+00:00\",\"mainEntityOfPage\":{\"@id\":\"https:\/\/www.gaveanews.com\/index.php\/2024\/08\/06\/a-declaracao-de-guilherme-sobre-o-atual-momento-do-santos\/\"},\"wordCount\":437,\"commentCount\":0,\"image\":{\"@id\":\"https:\/\/www.gaveanews.com\/index.php\/2024\/08\/06\/a-declaracao-de-guilherme-sobre-o-atual-momento-do-santos\/#primaryimage\"},\"thumbnailUrl\":\"https:\/\/www.gaveanews.com\/wp-content\/uploads\/Guilherme-com-a-camisa-do-Santos.webp\",\"articleSection\":[\"Santos\"],\"inLanguage\":\"pt-BR\",\"potentialAction\":[{\"@type\":\"CommentAction\",\"name\":\"Comment\",\"target\":[\"https:\/\/www.gaveanews.com\/index.php\/2024\/08\/06\/a-declaracao-de-guilherme-sobre-o-atual-momento-do-santos\/#respond\"]}],\"copyrightYear\":\"2024\",\"copyrightHolder\":{\"@id\":\"https:\/\/www.gaveanews.com\/#organization\"}},{\"@type\":\"WebPage\",\"@id\":\"https:\/\/www.gaveanews.com\/index.php\/2024\/08\/06\/a-declaracao-de-guilherme-sobre-o-atual-momento-do-santos\/\",\"url\":\"https:\/\/www.gaveanews.com\/index.php\/2024\/08\/06\/a-declaracao-de-guilherme-sobre-o-atual-momento-do-santos\/\",\"name\":\"A declara\u00e7\u00e3o de Guilherme sobre o atual momento do Santos\",\"isPartOf\":{\"@id\":\"https:\/\/www.gaveanews.com\/#website\"},\"primaryImageOfPage\":{\"@id\":\"https:\/\/www.gaveanews.com\/index.php\/2024\/08\/06\/a-declaracao-de-guilherme-sobre-o-atual-momento-do-santos\/#primaryimage\"},\"image\":{\"@id\":\"https:\/\/www.gaveanews.com\/index.php\/2024\/08\/06\/a-declaracao-de-guilherme-sobre-o-atual-momento-do-santos\/#primaryimage\"},\"thumbnailUrl\":\"https:\/\/www.gaveanews.com\/wp-content\/uploads\/Guilherme-com-a-camisa-do-Santos.webp\",\"datePublished\":\"2024-08-06T17:30:21+00:00\",\"author\":{\"@id\":\"https:\/\/www.gaveanews.com\/#\/schema\/person\/f42654babcd2b2014a1a65af82b081f1\"},\"breadcrumb\":{\"@id\":\"https:\/\/www.gaveanews.com\/index.php\/2024\/08\/06\/a-declaracao-de-guilherme-sobre-o-atual-momento-do-santos\/#breadcrumb\"},\"inLanguage\":\"pt-BR\",\"potentialAction\":[{\"@type\":\"ReadAction\",\"target\":[\"https:\/\/www.gaveanews.com\/index.php\/2024\/08\/06\/a-declaracao-de-guilherme-sobre-o-atual-momento-do-santos\/\"]}]},{\"@type\":\"ImageObject\",\"inLanguage\":\"pt-BR\",\"@id\":\"https:\/\/www.gaveanews.com\/index.php\/2024\/08\/06\/a-declaracao-de-guilherme-sobre-o-atual-momento-do-santos\/#primaryimage\",\"url\":\"https:\/\/www.gaveanews.com\/wp-content\/uploads\/Guilherme-com-a-camisa-do-Santos.webp\",\"contentUrl\":\"https:\/\/www.gaveanews.com\/wp-content\/uploads\/Guilherme-com-a-camisa-do-Santos.webp\",\"width\":1280,\"height\":1600,\"caption\":\"Guilherme Augusto Vieira com a camisa do Santos (Foto: Reprodu\u00e7\u00e3o\/Santos)\"},{\"@type\":\"BreadcrumbList\",\"@id\":\"https:\/\/www.gaveanews.com\/index.php\/2024\/08\/06\/a-declaracao-de-guilherme-sobre-o-atual-momento-do-santos\/#breadcrumb\",\"itemListElement\":[{\"@type\":\"ListItem\",\"position\":1,\"name\":\"Home\",\"item\":\"https:\/\/www.gaveanews.com\/\"},{\"@type\":\"ListItem\",\"position\":2,\"name\":\"A declara\u00e7\u00e3o de Guilherme sobre o atual momento do Santos\"}]},{\"@type\":\"WebSite\",\"@id\":\"https:\/\/www.gaveanews.com\/#website\",\"url\":\"https:\/\/www.gaveanews.com\/\",\"name\":\"G\u00e1vea News\",\"description\":\"Veja todas as not\u00edcias sobre o Flamengo: Contrata\u00e7\u00f5es, categorias de base, resultados das partidas, tabela de classifica\u00e7\u00e3o, pr\u00f3ximos jogos!\",\"potentialAction\":[{\"@type\":\"SearchAction\",\"target\":{\"@type\":\"EntryPoint\",\"urlTemplate\":\"https:\/\/www.gaveanews.com\/?s={search_term_string}\"},\"query-input\":{\"@type\":\"PropertyValueSpecification\",\"valueRequired\":true,\"valueName\":\"search_term_string\"}}],\"inLanguage\":\"pt-BR\"},{\"@type\":\"Person\",\"@id\":\"https:\/\/www.gaveanews.com\/#\/schema\/person\/f42654babcd2b2014a1a65af82b081f1\",\"name\":\"Geovanna Thomaz\",\"image\":{\"@type\":\"ImageObject\",\"inLanguage\":\"pt-BR\",\"@id\":\"https:\/\/www.gaveanews.com\/#\/schema\/person\/image\/\",\"url\":\"https:\/\/secure.gravatar.com\/avatar\/4092073255489533afb558984b49b64268c47198af8623cc82a925ae9fb7118a?s=96&d=mm&r=g\",\"contentUrl\":\"https:\/\/secure.gravatar.com\/avatar\/4092073255489533afb558984b49b64268c47198af8623cc82a925ae9fb7118a?s=96&d=mm&r=g\",\"caption\":\"Geovanna Thomaz\"}}]}<\/script>\n<!-- \/ Yoast SEO Premium plugin. -->","yoast_head_json":{"title":"A declara\u00e7\u00e3o de Guilherme sobre o atual momento do Santos","robots":{"index":"index","follow":"follow","max-snippet":"max-snippet:-1","max-image-preview":"max-image-preview:large","max-video-preview":"max-video-preview:-1"},"canonical":"https:\/\/www.gaveanews.com\/index.php\/2024\/08\/06\/a-declaracao-de-guilherme-sobre-o-atual-momento-do-santos\/","og_locale":"pt_BR","og_type":"article","og_title":"A declara\u00e7\u00e3o de Guilherme sobre o atual momento do Santos","og_description":"Guilherme celebra momento especial e destaca evolu\u00e7\u00e3o do Santos O atacante Guilherme, do Santos, expressou sua alegria e gratid\u00e3o pelo bom momento que vive no clube, destacando o apoio que tem recebido e a evolu\u00e7\u00e3o da equipe ao longo da competi\u00e7\u00e3o. &#8220;Feliz por mais um gol e muito grato a Deus por esse momento. Desde [&hellip;]","og_url":"https:\/\/www.gaveanews.com\/index.php\/2024\/08\/06\/a-declaracao-de-guilherme-sobre-o-atual-momento-do-santos\/","og_site_name":"G\u00e1vea News","article_publisher":"https:\/\/facebook.com\/gaveaNews\/","article_published_time":"2024-08-06T17:30:21+00:00","og_image":[{"width":1280,"height":1600,"url":"https:\/\/www.gaveanews.com\/wp-content\/uploads\/Guilherme-com-a-camisa-do-Santos.webp","type":"image\/jpeg"}],"author":"Geovanna Thomaz","twitter_card":"summary_large_image","twitter_misc":{"Escrito por":"Geovanna Thomaz","Est. tempo de leitura":"3 minutos"},"schema":{"@context":"https:\/\/schema.org","@graph":[{"@type":"NewsArticle","@id":"https:\/\/www.gaveanews.com\/index.php\/2024\/08\/06\/a-declaracao-de-guilherme-sobre-o-atual-momento-do-santos\/#article","isPartOf":{"@id":"https:\/\/www.gaveanews.com\/index.php\/2024\/08\/06\/a-declaracao-de-guilherme-sobre-o-atual-momento-do-santos\/"},"author":{"name":"Geovanna Thomaz","@id":"https:\/\/www.gaveanews.com\/#\/schema\/person\/f42654babcd2b2014a1a65af82b081f1"},"headline":"A declara\u00e7\u00e3o de Guilherme sobre o atual momento do Santos","datePublished":"2024-08-06T17:30:21+00:00","mainEntityOfPage":{"@id":"https:\/\/www.gaveanews.com\/index.php\/2024\/08\/06\/a-declaracao-de-guilherme-sobre-o-atual-momento-do-santos\/"},"wordCount":437,"commentCount":0,"image":{"@id":"https:\/\/www.gaveanews.com\/index.php\/2024\/08\/06\/a-declaracao-de-guilherme-sobre-o-atual-momento-do-santos\/#primaryimage"},"thumbnailUrl":"https:\/\/www.gaveanews.com\/wp-content\/uploads\/Guilherme-com-a-camisa-do-Santos.webp","articleSection":["Santos"],"inLanguage":"pt-BR","potentialAction":[{"@type":"CommentAction","name":"Comment","target":["https:\/\/www.gaveanews.com\/index.php\/2024\/08\/06\/a-declaracao-de-guilherme-sobre-o-atual-momento-do-santos\/#respond"]}],"copyrightYear":"2024","copyrightHolder":{"@id":"https:\/\/www.gaveanews.com\/#organization"}},{"@type":"WebPage","@id":"https:\/\/www.gaveanews.com\/index.php\/2024\/08\/06\/a-declaracao-de-guilherme-sobre-o-atual-momento-do-santos\/","url":"https:\/\/www.gaveanews.com\/index.php\/2024\/08\/06\/a-declaracao-de-guilherme-sobre-o-atual-momento-do-santos\/","name":"A declara\u00e7\u00e3o de Guilherme sobre o atual momento do Santos","isPartOf":{"@id":"https:\/\/www.gaveanews.com\/#website"},"primaryImageOfPage":{"@id":"https:\/\/www.gaveanews.com\/index.php\/2024\/08\/06\/a-declaracao-de-guilherme-sobre-o-atual-momento-do-santos\/#primaryimage"},"image":{"@id":"https:\/\/www.gaveanews.com\/index.php\/2024\/08\/06\/a-declaracao-de-guilherme-sobre-o-atual-momento-do-santos\/#primaryimage"},"thumbnailUrl":"https:\/\/www.gaveanews.com\/wp-content\/uploads\/Guilherme-com-a-camisa-do-Santos.webp","datePublished":"2024-08-06T17:30:21+00:00","author":{"@id":"https:\/\/www.gaveanews.com\/#\/schema\/person\/f42654babcd2b2014a1a65af82b081f1"},"breadcrumb":{"@id":"https:\/\/www.gaveanews.com\/index.php\/2024\/08\/06\/a-declaracao-de-guilherme-sobre-o-atual-momento-do-santos\/#breadcrumb"},"inLanguage":"pt-BR","potentialAction":[{"@type":"ReadAction","target":["https:\/\/www.gaveanews.com\/index.php\/2024\/08\/06\/a-declaracao-de-guilherme-sobre-o-atual-momento-do-santos\/"]}]},{"@type":"ImageObject","inLanguage":"pt-BR","@id":"https:\/\/www.gaveanews.com\/index.php\/2024\/08\/06\/a-declaracao-de-guilherme-sobre-o-atual-momento-do-santos\/#primaryimage","url":"https:\/\/www.gaveanews.com\/wp-content\/uploads\/Guilherme-com-a-camisa-do-Santos.webp","contentUrl":"https:\/\/www.gaveanews.com\/wp-content\/uploads\/Guilherme-com-a-camisa-do-Santos.webp","width":1280,"height":1600,"caption":"Guilherme Augusto Vieira com a camisa do Santos (Foto: Reprodu\u00e7\u00e3o\/Santos)"},{"@type":"BreadcrumbList","@id":"https:\/\/www.gaveanews.com\/index.php\/2024\/08\/06\/a-declaracao-de-guilherme-sobre-o-atual-momento-do-santos\/#breadcrumb","itemListElement":[{"@type":"ListItem","position":1,"name":"Home","item":"https:\/\/www.gaveanews.com\/"},{"@type":"ListItem","position":2,"name":"A declara\u00e7\u00e3o de Guilherme sobre o atual momento do Santos"}]},{"@type":"WebSite","@id":"https:\/\/www.gaveanews.com\/#website","url":"https:\/\/www.gaveanews.com\/","name":"G\u00e1vea News","description":"Veja todas as not\u00edcias sobre o Flamengo: Contrata\u00e7\u00f5es, categorias de base, resultados das partidas, tabela de classifica\u00e7\u00e3o, pr\u00f3ximos jogos!","potentialAction":[{"@type":"SearchAction","target":{"@type":"EntryPoint","urlTemplate":"https:\/\/www.gaveanews.com\/?s={search_term_string}"},"query-input":{"@type":"PropertyValueSpecification","valueRequired":true,"valueName":"search_term_string"}}],"inLanguage":"pt-BR"},{"@type":"Person","@id":"https:\/\/www.gaveanews.com\/#\/schema\/person\/f42654babcd2b2014a1a65af82b081f1","name":"Geovanna Thomaz","image":{"@type":"ImageObject","inLanguage":"pt-BR","@id":"https:\/\/www.gaveanews.com\/#\/schema\/person\/image\/","url":"https:\/\/secure.gravatar.com\/avatar\/4092073255489533afb558984b49b64268c47198af8623cc82a925ae9fb7118a?s=96&d=mm&r=g","contentUrl":"https:\/\/secure.gravatar.com\/avatar\/4092073255489533afb558984b49b64268c47198af8623cc82a925ae9fb7118a?s=96&d=mm&r=g","caption":"Geovanna Thomaz"}}]}},"_links":{"self":[{"href":"https:\/\/www.gaveanews.com\/index.php\/wp-json\/wp\/v2\/posts\/156772","targetHints":{"allow":["GET"]}}],"collection":[{"href":"https:\/\/www.gaveanews.com\/index.php\/wp-json\/wp\/v2\/posts"}],"about":[{"href":"https:\/\/www.gaveanews.com\/index.php\/wp-json\/wp\/v2\/types\/post"}],"author":[{"embeddable":true,"href":"https:\/\/www.gaveanews.com\/index.php\/wp-json\/wp\/v2\/users\/17"}],"replies":[{"embeddable":true,"href":"https:\/\/www.gaveanews.com\/index.php\/wp-json\/wp\/v2\/comments?post=156772"}],"version-history":[{"count":3,"href":"https:\/\/www.gaveanews.com\/index.php\/wp-json\/wp\/v2\/posts\/156772\/revisions"}],"predecessor-version":[{"id":156798,"href":"https:\/\/www.gaveanews.com\/index.php\/wp-json\/wp\/v2\/posts\/156772\/revisions\/156798"}],"wp:featuredmedia":[{"embeddable":true,"href":"https:\/\/www.gaveanews.com\/index.php\/wp-json\/wp\/v2\/media\/153905"}],"wp:attachment":[{"href":"https:\/\/www.gaveanews.com\/index.php\/wp-json\/wp\/v2\/media?parent=156772"}],"wp:term":[{"taxonomy":"category","embeddable":true,"href":"https:\/\/www.gaveanews.com\/index.php\/wp-json\/wp\/v2\/categories?post=156772"},{"taxonomy":"post_tag","embeddable":true,"href":"https:\/\/www.gaveanews.com\/index.php\/wp-json\/wp\/v2\/tags?post=156772"}],"curies":[{"name":"wp","href":"https:\/\/api.w.org\/{rel}","templated":true}]}}