{"id":156801,"date":"2024-08-06T16:24:12","date_gmt":"2024-08-06T19:24:12","guid":{"rendered":"https:\/\/www.gaveanews.com\/?p=156801"},"modified":"2024-08-06T16:24:15","modified_gmt":"2024-08-06T19:24:15","slug":"cruzeiro-x-fortaleza-a-declaracao-de-fernando-seabra","status":"publish","type":"post","link":"https:\/\/www.gaveanews.com\/index.php\/2024\/08\/06\/cruzeiro-x-fortaleza-a-declaracao-de-fernando-seabra\/","title":{"rendered":"Cruzeiro x Fortaleza: a declara\u00e7\u00e3o de Fernando Seabra"},"content":{"rendered":"\n<p>A partida entre Cruzeiro x Fortaleza na noite de ontem (6) rendeu a equipe do Cruzeiro verdadeiras cr\u00edticas, principalmente dos pr\u00f3prios atletas e dos pr\u00f3prios pertencentes da comiss\u00e3o t\u00e9cnica.<\/p>\n\n\n\n<p>O jogo foi em Cariacica, no Esp\u00edrito Santos, pois o Ronaldo, na \u00e9poca o dono da SAF do Cruzeiro, vendeu 4 mandos de campo e um deles foi justamente nessa partida contra o Fortaleza.<\/p>\n\n\n\n<ul class=\"wp-block-list\">\n<li><a href=\"https:\/\/www.gaveanews.com\/index.php\/2024\/08\/02\/cruzeiro-pode-ganhar-ate-8-desfalques-para-o-jogo-contra-o-atletico-mg\/\">Cruzeiro pode ganhar at\u00e9 8 desfalques para o jogo contra o Atl\u00e9tico-MG<\/a><\/li>\n\n\n\n<li><a href=\"https:\/\/www.gaveanews.com\/index.php\/2024\/08\/01\/cruzeiro-faz-barca-e-mais-jogadores-estao-de-saida\/\">Cruzeiro faz barca e mais jogadores est\u00e3o de sa\u00edda<\/a><\/li>\n<\/ul>\n\n\n\n<p>Ap\u00f3s o t\u00e9rmino da partida, Seabra ressaltou o que ele acha que prejudicou o Cruzeiro na partida e comentou, por exemplo, sobre a m\u00e1 condi\u00e7\u00e3o do gramado, que com certeza freou os ataques da equipe mineira.<\/p>\n\n\n\n<p><em>&#8211; No primeiro tempo, conseguimos criar chances e amea\u00e7ar o gol do Fortaleza. No segundo tempo, n\u00e3o fomos efetivos, insistimos demais pelo mesmo lado. Trabalhamos pouco a bola para atacar do lado contr\u00e1rio e chegamos pouco ao gol do advers\u00e1rio. E o gramado foi piorando muito \u00e0 medida que o jogo foi passando. Entendo que eles conseguiram se adaptar melhor ao campo. N\u00f3s n\u00e3o soubemos nos adaptar t\u00e3o bem ao gramado quanto o Fortaleza, foi um m\u00e9rito deles.<\/em><\/p>\n\n\n\n<p>O t\u00e9cnico do Fortaleza tamb\u00e9m comentou sobre o poder defensivo do Fortaleza, que sofreu 19 gols em 20 jogos tendo a terceira melhor defesa do Brasileir\u00e3o. <\/p>\n\n\n\n<p><em>&#8211; Enfrentamos uma equipe que defende muito bem em bloco baixo e \u00e9 muito efetiva em transi\u00e7\u00e3o ofensiva (contra-ataque). Quando n\u00f3s encontramos dificuldades contra um advers\u00e1rio com essas caracter\u00edsticas fica um aprendizado de que nesse cen\u00e1rio n\u00f3s precisamos melhorar em alguns pontos. Precisamos tirar li\u00e7\u00f5es porque esse \u00e9 um cen\u00e1rio que pode se repetir, o que o Fortaleza fez. Ent\u00e3o, temos que ser mais eficazes e ter mais repert\u00f3rio para impor o nosso jogo ofensivo contra equipes que nos obriguem a jogar em espa\u00e7o reduzido no campo de ataque.<\/em><\/p>\n\n\n\n<h2 class=\"wp-block-heading\" id=\"h-qual-a-proxima-partida-do-cruzeiro\">Qual a pr\u00f3xima partida do Cruzeiro?<\/h2>\n\n\n\n<blockquote class=\"wp-block-quote is-layout-flow wp-block-quote-is-layout-flow\">\n<p>O&nbsp;Cruzeiro&nbsp;agora volta a campo no pr\u00f3ximo s\u00e1bado contra o Atl\u00e9tico-MG. O cl\u00e1ssico mineiro acontece \u00e0s 21h30 no mineir\u00e3o, pela 22\u00aa rodada do Brasileir\u00e3o.<\/p>\n<\/blockquote>\n","protected":false},"excerpt":{"rendered":"<p>A partida entre Cruzeiro x Fortaleza na noite de ontem (6) rendeu a equipe do Cruzeiro verdadeiras cr\u00edticas, principalmente dos pr\u00f3prios atletas e dos pr\u00f3prios pertencentes da comiss\u00e3o t\u00e9cnica. O jogo foi em Cariacica, no Esp\u00edrito Santos, pois o Ronaldo, na \u00e9poca o dono da SAF do Cruzeiro, vendeu 4 mandos de campo e um [&hellip;]<\/p>\n","protected":false},"author":19,"featured_media":149930,"comment_status":"open","ping_status":"closed","sticky":false,"template":"","format":"standard","meta":{"footnotes":""},"categories":[143],"tags":[],"class_list":["post-156801","post","type-post","status-publish","format-standard","has-post-thumbnail","hentry","category-cruzeiro"],"yoast_head":"<!-- This site is optimized with the Yoast SEO Premium plugin v24.2 (Yoast SEO v26.9) - https:\/\/yoast.com\/product\/yoast-seo-premium-wordpress\/ -->\n<title>Cruzeiro x Fortaleza: a declara\u00e7\u00e3o de Fernando Seabra<\/title>\n<meta name=\"robots\" content=\"index, follow, max-snippet:-1, max-image-preview:large, max-video-preview:-1\" \/>\n<link rel=\"canonical\" href=\"https:\/\/www.gaveanews.com\/index.php\/2024\/08\/06\/cruzeiro-x-fortaleza-a-declaracao-de-fernando-seabra\/\" \/>\n<meta property=\"og:locale\" content=\"pt_BR\" \/>\n<meta property=\"og:type\" content=\"article\" \/>\n<meta property=\"og:title\" content=\"Cruzeiro x Fortaleza: a declara\u00e7\u00e3o de Fernando Seabra\" \/>\n<meta property=\"og:description\" content=\"A partida entre Cruzeiro x Fortaleza na noite de ontem (6) rendeu a equipe do Cruzeiro verdadeiras cr\u00edticas, principalmente dos pr\u00f3prios atletas e dos pr\u00f3prios pertencentes da comiss\u00e3o t\u00e9cnica. O jogo foi em Cariacica, no Esp\u00edrito Santos, pois o Ronaldo, na \u00e9poca o dono da SAF do Cruzeiro, vendeu 4 mandos de campo e um [&hellip;]\" \/>\n<meta property=\"og:url\" content=\"https:\/\/www.gaveanews.com\/index.php\/2024\/08\/06\/cruzeiro-x-fortaleza-a-declaracao-de-fernando-seabra\/\" \/>\n<meta property=\"og:site_name\" content=\"G\u00e1vea News\" \/>\n<meta property=\"article:publisher\" content=\"https:\/\/facebook.com\/gaveaNews\/\" \/>\n<meta property=\"article:published_time\" content=\"2024-08-06T19:24:12+00:00\" \/>\n<meta property=\"article:modified_time\" content=\"2024-08-06T19:24:15+00:00\" \/>\n<meta property=\"og:image\" content=\"https:\/\/www.gaveanews.com\/wp-content\/uploads\/Fernando-Seabra-durante-jogo-do-Cruzeiro-no-Mineirao.webp\" \/>\n\t<meta property=\"og:image:width\" content=\"1440\" \/>\n\t<meta property=\"og:image:height\" content=\"810\" \/>\n\t<meta property=\"og:image:type\" content=\"image\/jpeg\" \/>\n<meta name=\"author\" content=\"Bruno Zanchetta\" \/>\n<meta name=\"twitter:card\" content=\"summary_large_image\" \/>\n<meta name=\"twitter:label1\" content=\"Escrito por\" \/>\n\t<meta name=\"twitter:data1\" content=\"Bruno Zanchetta\" \/>\n\t<meta name=\"twitter:label2\" content=\"Est. tempo de leitura\" \/>\n\t<meta name=\"twitter:data2\" content=\"2 minutos\" \/>\n<script type=\"application\/ld+json\" class=\"yoast-schema-graph\">{\"@context\":\"https:\/\/schema.org\",\"@graph\":[{\"@type\":\"NewsArticle\",\"@id\":\"https:\/\/www.gaveanews.com\/index.php\/2024\/08\/06\/cruzeiro-x-fortaleza-a-declaracao-de-fernando-seabra\/#article\",\"isPartOf\":{\"@id\":\"https:\/\/www.gaveanews.com\/index.php\/2024\/08\/06\/cruzeiro-x-fortaleza-a-declaracao-de-fernando-seabra\/\"},\"author\":{\"name\":\"Bruno Zanchetta\",\"@id\":\"https:\/\/www.gaveanews.com\/#\/schema\/person\/32fddefab25b466689f181be346cd98c\"},\"headline\":\"Cruzeiro x Fortaleza: a declara\u00e7\u00e3o de Fernando Seabra\",\"datePublished\":\"2024-08-06T19:24:12+00:00\",\"dateModified\":\"2024-08-06T19:24:15+00:00\",\"mainEntityOfPage\":{\"@id\":\"https:\/\/www.gaveanews.com\/index.php\/2024\/08\/06\/cruzeiro-x-fortaleza-a-declaracao-de-fernando-seabra\/\"},\"wordCount\":387,\"commentCount\":0,\"image\":{\"@id\":\"https:\/\/www.gaveanews.com\/index.php\/2024\/08\/06\/cruzeiro-x-fortaleza-a-declaracao-de-fernando-seabra\/#primaryimage\"},\"thumbnailUrl\":\"https:\/\/www.gaveanews.com\/wp-content\/uploads\/Fernando-Seabra-durante-jogo-do-Cruzeiro-no-Mineirao.webp\",\"articleSection\":[\"Cruzeiro\"],\"inLanguage\":\"pt-BR\",\"potentialAction\":[{\"@type\":\"CommentAction\",\"name\":\"Comment\",\"target\":[\"https:\/\/www.gaveanews.com\/index.php\/2024\/08\/06\/cruzeiro-x-fortaleza-a-declaracao-de-fernando-seabra\/#respond\"]}],\"copyrightYear\":\"2024\",\"copyrightHolder\":{\"@id\":\"https:\/\/www.gaveanews.com\/#organization\"}},{\"@type\":\"WebPage\",\"@id\":\"https:\/\/www.gaveanews.com\/index.php\/2024\/08\/06\/cruzeiro-x-fortaleza-a-declaracao-de-fernando-seabra\/\",\"url\":\"https:\/\/www.gaveanews.com\/index.php\/2024\/08\/06\/cruzeiro-x-fortaleza-a-declaracao-de-fernando-seabra\/\",\"name\":\"Cruzeiro x Fortaleza: a declara\u00e7\u00e3o de Fernando Seabra\",\"isPartOf\":{\"@id\":\"https:\/\/www.gaveanews.com\/#website\"},\"primaryImageOfPage\":{\"@id\":\"https:\/\/www.gaveanews.com\/index.php\/2024\/08\/06\/cruzeiro-x-fortaleza-a-declaracao-de-fernando-seabra\/#primaryimage\"},\"image\":{\"@id\":\"https:\/\/www.gaveanews.com\/index.php\/2024\/08\/06\/cruzeiro-x-fortaleza-a-declaracao-de-fernando-seabra\/#primaryimage\"},\"thumbnailUrl\":\"https:\/\/www.gaveanews.com\/wp-content\/uploads\/Fernando-Seabra-durante-jogo-do-Cruzeiro-no-Mineirao.webp\",\"datePublished\":\"2024-08-06T19:24:12+00:00\",\"dateModified\":\"2024-08-06T19:24:15+00:00\",\"author\":{\"@id\":\"https:\/\/www.gaveanews.com\/#\/schema\/person\/32fddefab25b466689f181be346cd98c\"},\"breadcrumb\":{\"@id\":\"https:\/\/www.gaveanews.com\/index.php\/2024\/08\/06\/cruzeiro-x-fortaleza-a-declaracao-de-fernando-seabra\/#breadcrumb\"},\"inLanguage\":\"pt-BR\",\"potentialAction\":[{\"@type\":\"ReadAction\",\"target\":[\"https:\/\/www.gaveanews.com\/index.php\/2024\/08\/06\/cruzeiro-x-fortaleza-a-declaracao-de-fernando-seabra\/\"]}]},{\"@type\":\"ImageObject\",\"inLanguage\":\"pt-BR\",\"@id\":\"https:\/\/www.gaveanews.com\/index.php\/2024\/08\/06\/cruzeiro-x-fortaleza-a-declaracao-de-fernando-seabra\/#primaryimage\",\"url\":\"https:\/\/www.gaveanews.com\/wp-content\/uploads\/Fernando-Seabra-durante-jogo-do-Cruzeiro-no-Mineirao.webp\",\"contentUrl\":\"https:\/\/www.gaveanews.com\/wp-content\/uploads\/Fernando-Seabra-durante-jogo-do-Cruzeiro-no-Mineirao.webp\",\"width\":1440,\"height\":810,\"caption\":\"Fernando Seabra durante jogo do Cruzeiro no Mineir\u00e3o (Foto: Reprodu\u00e7\u00e3o\/Cruzeiro)\"},{\"@type\":\"BreadcrumbList\",\"@id\":\"https:\/\/www.gaveanews.com\/index.php\/2024\/08\/06\/cruzeiro-x-fortaleza-a-declaracao-de-fernando-seabra\/#breadcrumb\",\"itemListElement\":[{\"@type\":\"ListItem\",\"position\":1,\"name\":\"Home\",\"item\":\"https:\/\/www.gaveanews.com\/\"},{\"@type\":\"ListItem\",\"position\":2,\"name\":\"Cruzeiro x Fortaleza: a declara\u00e7\u00e3o de Fernando Seabra\"}]},{\"@type\":\"WebSite\",\"@id\":\"https:\/\/www.gaveanews.com\/#website\",\"url\":\"https:\/\/www.gaveanews.com\/\",\"name\":\"G\u00e1vea News\",\"description\":\"Veja todas as not\u00edcias sobre o Flamengo: Contrata\u00e7\u00f5es, categorias de base, resultados das partidas, tabela de classifica\u00e7\u00e3o, pr\u00f3ximos jogos!\",\"potentialAction\":[{\"@type\":\"SearchAction\",\"target\":{\"@type\":\"EntryPoint\",\"urlTemplate\":\"https:\/\/www.gaveanews.com\/?s={search_term_string}\"},\"query-input\":{\"@type\":\"PropertyValueSpecification\",\"valueRequired\":true,\"valueName\":\"search_term_string\"}}],\"inLanguage\":\"pt-BR\"},{\"@type\":\"Person\",\"@id\":\"https:\/\/www.gaveanews.com\/#\/schema\/person\/32fddefab25b466689f181be346cd98c\",\"name\":\"Bruno Zanchetta\",\"image\":{\"@type\":\"ImageObject\",\"inLanguage\":\"pt-BR\",\"@id\":\"https:\/\/www.gaveanews.com\/#\/schema\/person\/image\/\",\"url\":\"https:\/\/secure.gravatar.com\/avatar\/3ba2d39f8a912ad65276975a996d6ad8d9e3dd13448684be8dc4d7c17099d2ee?s=96&d=mm&r=g\",\"contentUrl\":\"https:\/\/secure.gravatar.com\/avatar\/3ba2d39f8a912ad65276975a996d6ad8d9e3dd13448684be8dc4d7c17099d2ee?s=96&d=mm&r=g\",\"caption\":\"Bruno Zanchetta\"}}]}<\/script>\n<!-- \/ Yoast SEO Premium plugin. -->","yoast_head_json":{"title":"Cruzeiro x Fortaleza: a declara\u00e7\u00e3o de Fernando Seabra","robots":{"index":"index","follow":"follow","max-snippet":"max-snippet:-1","max-image-preview":"max-image-preview:large","max-video-preview":"max-video-preview:-1"},"canonical":"https:\/\/www.gaveanews.com\/index.php\/2024\/08\/06\/cruzeiro-x-fortaleza-a-declaracao-de-fernando-seabra\/","og_locale":"pt_BR","og_type":"article","og_title":"Cruzeiro x Fortaleza: a declara\u00e7\u00e3o de Fernando Seabra","og_description":"A partida entre Cruzeiro x Fortaleza na noite de ontem (6) rendeu a equipe do Cruzeiro verdadeiras cr\u00edticas, principalmente dos pr\u00f3prios atletas e dos pr\u00f3prios pertencentes da comiss\u00e3o t\u00e9cnica. O jogo foi em Cariacica, no Esp\u00edrito Santos, pois o Ronaldo, na \u00e9poca o dono da SAF do Cruzeiro, vendeu 4 mandos de campo e um [&hellip;]","og_url":"https:\/\/www.gaveanews.com\/index.php\/2024\/08\/06\/cruzeiro-x-fortaleza-a-declaracao-de-fernando-seabra\/","og_site_name":"G\u00e1vea News","article_publisher":"https:\/\/facebook.com\/gaveaNews\/","article_published_time":"2024-08-06T19:24:12+00:00","article_modified_time":"2024-08-06T19:24:15+00:00","og_image":[{"width":1440,"height":810,"url":"https:\/\/www.gaveanews.com\/wp-content\/uploads\/Fernando-Seabra-durante-jogo-do-Cruzeiro-no-Mineirao.webp","type":"image\/jpeg"}],"author":"Bruno Zanchetta","twitter_card":"summary_large_image","twitter_misc":{"Escrito por":"Bruno Zanchetta","Est. tempo de leitura":"2 minutos"},"schema":{"@context":"https:\/\/schema.org","@graph":[{"@type":"NewsArticle","@id":"https:\/\/www.gaveanews.com\/index.php\/2024\/08\/06\/cruzeiro-x-fortaleza-a-declaracao-de-fernando-seabra\/#article","isPartOf":{"@id":"https:\/\/www.gaveanews.com\/index.php\/2024\/08\/06\/cruzeiro-x-fortaleza-a-declaracao-de-fernando-seabra\/"},"author":{"name":"Bruno Zanchetta","@id":"https:\/\/www.gaveanews.com\/#\/schema\/person\/32fddefab25b466689f181be346cd98c"},"headline":"Cruzeiro x Fortaleza: a declara\u00e7\u00e3o de Fernando Seabra","datePublished":"2024-08-06T19:24:12+00:00","dateModified":"2024-08-06T19:24:15+00:00","mainEntityOfPage":{"@id":"https:\/\/www.gaveanews.com\/index.php\/2024\/08\/06\/cruzeiro-x-fortaleza-a-declaracao-de-fernando-seabra\/"},"wordCount":387,"commentCount":0,"image":{"@id":"https:\/\/www.gaveanews.com\/index.php\/2024\/08\/06\/cruzeiro-x-fortaleza-a-declaracao-de-fernando-seabra\/#primaryimage"},"thumbnailUrl":"https:\/\/www.gaveanews.com\/wp-content\/uploads\/Fernando-Seabra-durante-jogo-do-Cruzeiro-no-Mineirao.webp","articleSection":["Cruzeiro"],"inLanguage":"pt-BR","potentialAction":[{"@type":"CommentAction","name":"Comment","target":["https:\/\/www.gaveanews.com\/index.php\/2024\/08\/06\/cruzeiro-x-fortaleza-a-declaracao-de-fernando-seabra\/#respond"]}],"copyrightYear":"2024","copyrightHolder":{"@id":"https:\/\/www.gaveanews.com\/#organization"}},{"@type":"WebPage","@id":"https:\/\/www.gaveanews.com\/index.php\/2024\/08\/06\/cruzeiro-x-fortaleza-a-declaracao-de-fernando-seabra\/","url":"https:\/\/www.gaveanews.com\/index.php\/2024\/08\/06\/cruzeiro-x-fortaleza-a-declaracao-de-fernando-seabra\/","name":"Cruzeiro x Fortaleza: a declara\u00e7\u00e3o de Fernando Seabra","isPartOf":{"@id":"https:\/\/www.gaveanews.com\/#website"},"primaryImageOfPage":{"@id":"https:\/\/www.gaveanews.com\/index.php\/2024\/08\/06\/cruzeiro-x-fortaleza-a-declaracao-de-fernando-seabra\/#primaryimage"},"image":{"@id":"https:\/\/www.gaveanews.com\/index.php\/2024\/08\/06\/cruzeiro-x-fortaleza-a-declaracao-de-fernando-seabra\/#primaryimage"},"thumbnailUrl":"https:\/\/www.gaveanews.com\/wp-content\/uploads\/Fernando-Seabra-durante-jogo-do-Cruzeiro-no-Mineirao.webp","datePublished":"2024-08-06T19:24:12+00:00","dateModified":"2024-08-06T19:24:15+00:00","author":{"@id":"https:\/\/www.gaveanews.com\/#\/schema\/person\/32fddefab25b466689f181be346cd98c"},"breadcrumb":{"@id":"https:\/\/www.gaveanews.com\/index.php\/2024\/08\/06\/cruzeiro-x-fortaleza-a-declaracao-de-fernando-seabra\/#breadcrumb"},"inLanguage":"pt-BR","potentialAction":[{"@type":"ReadAction","target":["https:\/\/www.gaveanews.com\/index.php\/2024\/08\/06\/cruzeiro-x-fortaleza-a-declaracao-de-fernando-seabra\/"]}]},{"@type":"ImageObject","inLanguage":"pt-BR","@id":"https:\/\/www.gaveanews.com\/index.php\/2024\/08\/06\/cruzeiro-x-fortaleza-a-declaracao-de-fernando-seabra\/#primaryimage","url":"https:\/\/www.gaveanews.com\/wp-content\/uploads\/Fernando-Seabra-durante-jogo-do-Cruzeiro-no-Mineirao.webp","contentUrl":"https:\/\/www.gaveanews.com\/wp-content\/uploads\/Fernando-Seabra-durante-jogo-do-Cruzeiro-no-Mineirao.webp","width":1440,"height":810,"caption":"Fernando Seabra durante jogo do Cruzeiro no Mineir\u00e3o (Foto: Reprodu\u00e7\u00e3o\/Cruzeiro)"},{"@type":"BreadcrumbList","@id":"https:\/\/www.gaveanews.com\/index.php\/2024\/08\/06\/cruzeiro-x-fortaleza-a-declaracao-de-fernando-seabra\/#breadcrumb","itemListElement":[{"@type":"ListItem","position":1,"name":"Home","item":"https:\/\/www.gaveanews.com\/"},{"@type":"ListItem","position":2,"name":"Cruzeiro x Fortaleza: a declara\u00e7\u00e3o de Fernando Seabra"}]},{"@type":"WebSite","@id":"https:\/\/www.gaveanews.com\/#website","url":"https:\/\/www.gaveanews.com\/","name":"G\u00e1vea News","description":"Veja todas as not\u00edcias sobre o Flamengo: Contrata\u00e7\u00f5es, categorias de base, resultados das partidas, tabela de classifica\u00e7\u00e3o, pr\u00f3ximos jogos!","potentialAction":[{"@type":"SearchAction","target":{"@type":"EntryPoint","urlTemplate":"https:\/\/www.gaveanews.com\/?s={search_term_string}"},"query-input":{"@type":"PropertyValueSpecification","valueRequired":true,"valueName":"search_term_string"}}],"inLanguage":"pt-BR"},{"@type":"Person","@id":"https:\/\/www.gaveanews.com\/#\/schema\/person\/32fddefab25b466689f181be346cd98c","name":"Bruno Zanchetta","image":{"@type":"ImageObject","inLanguage":"pt-BR","@id":"https:\/\/www.gaveanews.com\/#\/schema\/person\/image\/","url":"https:\/\/secure.gravatar.com\/avatar\/3ba2d39f8a912ad65276975a996d6ad8d9e3dd13448684be8dc4d7c17099d2ee?s=96&d=mm&r=g","contentUrl":"https:\/\/secure.gravatar.com\/avatar\/3ba2d39f8a912ad65276975a996d6ad8d9e3dd13448684be8dc4d7c17099d2ee?s=96&d=mm&r=g","caption":"Bruno Zanchetta"}}]}},"_links":{"self":[{"href":"https:\/\/www.gaveanews.com\/index.php\/wp-json\/wp\/v2\/posts\/156801","targetHints":{"allow":["GET"]}}],"collection":[{"href":"https:\/\/www.gaveanews.com\/index.php\/wp-json\/wp\/v2\/posts"}],"about":[{"href":"https:\/\/www.gaveanews.com\/index.php\/wp-json\/wp\/v2\/types\/post"}],"author":[{"embeddable":true,"href":"https:\/\/www.gaveanews.com\/index.php\/wp-json\/wp\/v2\/users\/19"}],"replies":[{"embeddable":true,"href":"https:\/\/www.gaveanews.com\/index.php\/wp-json\/wp\/v2\/comments?post=156801"}],"version-history":[{"count":2,"href":"https:\/\/www.gaveanews.com\/index.php\/wp-json\/wp\/v2\/posts\/156801\/revisions"}],"predecessor-version":[{"id":156845,"href":"https:\/\/www.gaveanews.com\/index.php\/wp-json\/wp\/v2\/posts\/156801\/revisions\/156845"}],"wp:featuredmedia":[{"embeddable":true,"href":"https:\/\/www.gaveanews.com\/index.php\/wp-json\/wp\/v2\/media\/149930"}],"wp:attachment":[{"href":"https:\/\/www.gaveanews.com\/index.php\/wp-json\/wp\/v2\/media?parent=156801"}],"wp:term":[{"taxonomy":"category","embeddable":true,"href":"https:\/\/www.gaveanews.com\/index.php\/wp-json\/wp\/v2\/categories?post=156801"},{"taxonomy":"post_tag","embeddable":true,"href":"https:\/\/www.gaveanews.com\/index.php\/wp-json\/wp\/v2\/tags?post=156801"}],"curies":[{"name":"wp","href":"https:\/\/api.w.org\/{rel}","templated":true}]}}