{"id":156906,"date":"2024-08-06T20:04:17","date_gmt":"2024-08-06T23:04:17","guid":{"rendered":"https:\/\/www.gaveanews.com\/?p=156906"},"modified":"2024-08-06T20:04:19","modified_gmt":"2024-08-06T23:04:19","slug":"a-declaracao-de-vini-jr-sobre-mbappe-e-endrick","status":"publish","type":"post","link":"https:\/\/www.gaveanews.com\/index.php\/2024\/08\/06\/a-declaracao-de-vini-jr-sobre-mbappe-e-endrick\/","title":{"rendered":"A declara\u00e7\u00e3o de Vini Jr sobre Mbapp\u00e9 e Endrick"},"content":{"rendered":"\n<h2 class=\"wp-block-heading\" id=\"h-vini-promete-ajudar-os-novos-chegados-do-real-madrid\">Vini promete ajudar os novos chegados do Real Madrid<\/h2>\n\n\n\n<p>O Real Madrid se refor\u00e7ou com dois grandes nomes, os atacantes Mbapp\u00e9 e Endrick chegaram ao clube nesta janela de transfer\u00eancias e empolgaram n\u00e3o somente os torcedores, mas tamb\u00e9m os jogadores do clube, em especial Vini Jr. O atacante brasileiro disse que vai ser muito importante a presen\u00e7a de Kylian na equipe e que ir\u00e1 ajudar ele na adapta\u00e7\u00e3o do novo clube.<\/p>\n\n\n\n<ul class=\"wp-block-list\">\n<li><a href=\"https:\/\/www.gaveanews.com\/index.php\/2024\/08\/05\/190-milhoes-real-madrid-nao-desiste-e-faz-nova-proposta-por-reforco\/\">190 milh\u00f5es: Real Madrid n\u00e3o desiste e faz nova proposta por refor\u00e7o<\/a><\/li>\n\n\n\n<li><a href=\"https:\/\/www.gaveanews.com\/index.php\/2024\/08\/02\/alem-de-toni-kroos-e-joselu-real-madrid-vai-liberar-mais-um-jogador\/\">Al\u00e9m de Toni Kroos e Joselu, Real Madrid vai liberar mais um jogador<\/a><\/li>\n<\/ul>\n\n\n\n<p><em>\u2014&nbsp;Vai ser brutal (parceria com Mbapp\u00e9), espero que possamos fazer grandes coisas.&nbsp;Temos que cuidar dele e fazer o poss\u00edvel para que ele possa se adaptar r\u00e1pido. Sempre \u00e9 complicado chegar a outro clube, mas fizemos isso com o Bellingham, que chegou na \u00faltima temporada e brilhou \u2014<\/em> disse Vini Jr ao canal oficial do clube.<\/p>\n\n\n\n<p>Vini se apresentou no dia primeiro deste m\u00eas e entrou na segunda etapa da derrota do Real Madrid por 2 a 1 para o Barcelona em partida amistosa de pr\u00e9-temporada, que est\u00e1 sendo realizada nos Estados Unidos. O brasileiro estava de f\u00e9rias, j\u00e1 que disputou a Copa Am\u00e9rica, e ganhou alguns dias. O jogador disse que est\u00e1 feliz em voltar e que est\u00e1 se sentindo bem.<\/p>\n\n\n\n<p><em>\u2014 Estou muito bem, contente de estar de voltar com toda a equipe, comiss\u00e3o t\u00e9cnica, todo mundo que trabalha conosco. Estamos nos preparando e esperando os jogadores que faltam para que esta temporada seja como a anterior \u2014<\/em> comentou Vini Jr. <\/p>\n\n\n\n<p><em>\u2014 Pude treinar bastante e fazer muitas coisas para voltar a um bom n\u00edvel. Ainda n\u00e3o estou como antes, mas estamos trabalhando para n\u00e3o ter les\u00f5es durante a temporada \u2014<\/em> completou o brasileiro<\/p>\n\n\n\n<p>O franc\u00eas Kylian Mbapp\u00e9 ainda n\u00e3o participou das atividades do clube, mas j\u00e1 foi apresentado no est\u00e1dio Santiago Bernab\u00e9u, em 16 de julho. O atacante que foi contratado nesta janela, chegou sem custos ao clube espanhol, visto que seu contrato com o Paris Saint Germain se encerrou. <\/p>\n\n\n\n<p>Vini Jr tamb\u00e9m falou sobre Endrick e seus primeiros dias no Real Madrid. A dupla conversa com bastante frequ\u00eancia desde o acerto entre Palmeiras e Real Madrid pela venda do atacante. <\/p>\n\n\n\n<p><em>\u2014 \u00c9 muito jovem, mas est\u00e1 centrado e sabe que pode nos ajudar quando precisarmos \u2014 <\/em>disse Vini. <\/p>\n\n\n\n<p>A partida que marca a estreia oficial do clube na temporada 2024\/25 ser\u00e1 contra a Atalanta pela final da Supercopa da UEFA, torneio que re\u00fane o campe\u00e3o da Liga dos Campe\u00f5es (Real Madrid) e o campe\u00e3o da Liga Europa (Atalanta). A partida est\u00e1 marcada para a quarta-feira (14) no Est\u00e1dio Nacional de Vars\u00f3via. <\/p>\n","protected":false},"excerpt":{"rendered":"<p>Vini promete ajudar os novos chegados do Real Madrid O Real Madrid se refor\u00e7ou com dois grandes nomes, os atacantes Mbapp\u00e9 e Endrick chegaram ao clube nesta janela de transfer\u00eancias e empolgaram n\u00e3o somente os torcedores, mas tamb\u00e9m os jogadores do clube, em especial Vini Jr. O atacante brasileiro disse que vai ser muito importante [&hellip;]<\/p>\n","protected":false},"author":21,"featured_media":121475,"comment_status":"open","ping_status":"closed","sticky":false,"template":"","format":"standard","meta":{"footnotes":""},"categories":[1,88],"tags":[],"class_list":["post-156906","post","type-post","status-publish","format-standard","has-post-thumbnail","hentry","category-flamengo","category-real-madrid"],"yoast_head":"<!-- This site is optimized with the Yoast SEO Premium plugin v24.2 (Yoast SEO v26.9) - https:\/\/yoast.com\/product\/yoast-seo-premium-wordpress\/ -->\n<title>A declara\u00e7\u00e3o de Vini Jr sobre Mbapp\u00e9 e Endrick<\/title>\n<meta name=\"robots\" content=\"index, follow, max-snippet:-1, max-image-preview:large, max-video-preview:-1\" \/>\n<link rel=\"canonical\" href=\"https:\/\/www.gaveanews.com\/index.php\/2024\/08\/06\/a-declaracao-de-vini-jr-sobre-mbappe-e-endrick\/\" \/>\n<meta property=\"og:locale\" content=\"pt_BR\" \/>\n<meta property=\"og:type\" content=\"article\" \/>\n<meta property=\"og:title\" content=\"A declara\u00e7\u00e3o de Vini Jr sobre Mbapp\u00e9 e Endrick\" \/>\n<meta property=\"og:description\" content=\"Vini promete ajudar os novos chegados do Real Madrid O Real Madrid se refor\u00e7ou com dois grandes nomes, os atacantes Mbapp\u00e9 e Endrick chegaram ao clube nesta janela de transfer\u00eancias e empolgaram n\u00e3o somente os torcedores, mas tamb\u00e9m os jogadores do clube, em especial Vini Jr. O atacante brasileiro disse que vai ser muito importante [&hellip;]\" \/>\n<meta property=\"og:url\" content=\"https:\/\/www.gaveanews.com\/index.php\/2024\/08\/06\/a-declaracao-de-vini-jr-sobre-mbappe-e-endrick\/\" \/>\n<meta property=\"og:site_name\" content=\"G\u00e1vea News\" \/>\n<meta property=\"article:publisher\" content=\"https:\/\/facebook.com\/gaveaNews\/\" \/>\n<meta property=\"article:published_time\" content=\"2024-08-06T23:04:17+00:00\" \/>\n<meta property=\"article:modified_time\" content=\"2024-08-06T23:04:19+00:00\" \/>\n<meta property=\"og:image\" content=\"https:\/\/www.gaveanews.com\/wp-content\/uploads\/Vinicius-Junior-exibe-o-escudo-do-Real-Madrid-apos-marcar-um-gol-pelo-time-da-Espanha-edited.webp\" \/>\n\t<meta property=\"og:image:width\" content=\"1440\" \/>\n\t<meta property=\"og:image:height\" content=\"1080\" \/>\n\t<meta property=\"og:image:type\" content=\"image\/jpeg\" \/>\n<meta name=\"author\" content=\"Andr\u00e9 Serra\" \/>\n<meta name=\"twitter:card\" content=\"summary_large_image\" \/>\n<meta name=\"twitter:label1\" content=\"Escrito por\" \/>\n\t<meta name=\"twitter:data1\" content=\"Andr\u00e9 Serra\" \/>\n\t<meta name=\"twitter:label2\" content=\"Est. tempo de leitura\" \/>\n\t<meta name=\"twitter:data2\" content=\"3 minutos\" \/>\n<script type=\"application\/ld+json\" class=\"yoast-schema-graph\">{\"@context\":\"https:\/\/schema.org\",\"@graph\":[{\"@type\":\"NewsArticle\",\"@id\":\"https:\/\/www.gaveanews.com\/index.php\/2024\/08\/06\/a-declaracao-de-vini-jr-sobre-mbappe-e-endrick\/#article\",\"isPartOf\":{\"@id\":\"https:\/\/www.gaveanews.com\/index.php\/2024\/08\/06\/a-declaracao-de-vini-jr-sobre-mbappe-e-endrick\/\"},\"author\":{\"name\":\"Andr\u00e9 Serra\",\"@id\":\"https:\/\/www.gaveanews.com\/#\/schema\/person\/0277a79a1289c451c281ec0411d84f0c\"},\"headline\":\"A declara\u00e7\u00e3o de Vini Jr sobre Mbapp\u00e9 e Endrick\",\"datePublished\":\"2024-08-06T23:04:17+00:00\",\"dateModified\":\"2024-08-06T23:04:19+00:00\",\"mainEntityOfPage\":{\"@id\":\"https:\/\/www.gaveanews.com\/index.php\/2024\/08\/06\/a-declaracao-de-vini-jr-sobre-mbappe-e-endrick\/\"},\"wordCount\":472,\"commentCount\":0,\"image\":{\"@id\":\"https:\/\/www.gaveanews.com\/index.php\/2024\/08\/06\/a-declaracao-de-vini-jr-sobre-mbappe-e-endrick\/#primaryimage\"},\"thumbnailUrl\":\"https:\/\/www.gaveanews.com\/wp-content\/uploads\/Vinicius-Junior-exibe-o-escudo-do-Real-Madrid-apos-marcar-um-gol-pelo-time-da-Espanha-edited.webp\",\"articleSection\":[\"Flamengo\",\"Real Madrid\"],\"inLanguage\":\"pt-BR\",\"potentialAction\":[{\"@type\":\"CommentAction\",\"name\":\"Comment\",\"target\":[\"https:\/\/www.gaveanews.com\/index.php\/2024\/08\/06\/a-declaracao-de-vini-jr-sobre-mbappe-e-endrick\/#respond\"]}],\"copyrightYear\":\"2024\",\"copyrightHolder\":{\"@id\":\"https:\/\/www.gaveanews.com\/#organization\"}},{\"@type\":\"WebPage\",\"@id\":\"https:\/\/www.gaveanews.com\/index.php\/2024\/08\/06\/a-declaracao-de-vini-jr-sobre-mbappe-e-endrick\/\",\"url\":\"https:\/\/www.gaveanews.com\/index.php\/2024\/08\/06\/a-declaracao-de-vini-jr-sobre-mbappe-e-endrick\/\",\"name\":\"A declara\u00e7\u00e3o de Vini Jr sobre Mbapp\u00e9 e Endrick\",\"isPartOf\":{\"@id\":\"https:\/\/www.gaveanews.com\/#website\"},\"primaryImageOfPage\":{\"@id\":\"https:\/\/www.gaveanews.com\/index.php\/2024\/08\/06\/a-declaracao-de-vini-jr-sobre-mbappe-e-endrick\/#primaryimage\"},\"image\":{\"@id\":\"https:\/\/www.gaveanews.com\/index.php\/2024\/08\/06\/a-declaracao-de-vini-jr-sobre-mbappe-e-endrick\/#primaryimage\"},\"thumbnailUrl\":\"https:\/\/www.gaveanews.com\/wp-content\/uploads\/Vinicius-Junior-exibe-o-escudo-do-Real-Madrid-apos-marcar-um-gol-pelo-time-da-Espanha-edited.webp\",\"datePublished\":\"2024-08-06T23:04:17+00:00\",\"dateModified\":\"2024-08-06T23:04:19+00:00\",\"author\":{\"@id\":\"https:\/\/www.gaveanews.com\/#\/schema\/person\/0277a79a1289c451c281ec0411d84f0c\"},\"breadcrumb\":{\"@id\":\"https:\/\/www.gaveanews.com\/index.php\/2024\/08\/06\/a-declaracao-de-vini-jr-sobre-mbappe-e-endrick\/#breadcrumb\"},\"inLanguage\":\"pt-BR\",\"potentialAction\":[{\"@type\":\"ReadAction\",\"target\":[\"https:\/\/www.gaveanews.com\/index.php\/2024\/08\/06\/a-declaracao-de-vini-jr-sobre-mbappe-e-endrick\/\"]}]},{\"@type\":\"ImageObject\",\"inLanguage\":\"pt-BR\",\"@id\":\"https:\/\/www.gaveanews.com\/index.php\/2024\/08\/06\/a-declaracao-de-vini-jr-sobre-mbappe-e-endrick\/#primaryimage\",\"url\":\"https:\/\/www.gaveanews.com\/wp-content\/uploads\/Vinicius-Junior-exibe-o-escudo-do-Real-Madrid-apos-marcar-um-gol-pelo-time-da-Espanha-edited.webp\",\"contentUrl\":\"https:\/\/www.gaveanews.com\/wp-content\/uploads\/Vinicius-Junior-exibe-o-escudo-do-Real-Madrid-apos-marcar-um-gol-pelo-time-da-Espanha-edited.webp\",\"width\":1440,\"height\":1080,\"caption\":\"Vinicius J\u00fanior exibe o escudo do Real Madrid ap\u00f3s marcar um gol pelo time da Espanha (Foto: Reprodu\u00e7\u00e3o\/Instagram)\"},{\"@type\":\"BreadcrumbList\",\"@id\":\"https:\/\/www.gaveanews.com\/index.php\/2024\/08\/06\/a-declaracao-de-vini-jr-sobre-mbappe-e-endrick\/#breadcrumb\",\"itemListElement\":[{\"@type\":\"ListItem\",\"position\":1,\"name\":\"Home\",\"item\":\"https:\/\/www.gaveanews.com\/\"},{\"@type\":\"ListItem\",\"position\":2,\"name\":\"A declara\u00e7\u00e3o de Vini Jr sobre Mbapp\u00e9 e Endrick\"}]},{\"@type\":\"WebSite\",\"@id\":\"https:\/\/www.gaveanews.com\/#website\",\"url\":\"https:\/\/www.gaveanews.com\/\",\"name\":\"G\u00e1vea News\",\"description\":\"Veja todas as not\u00edcias sobre o Flamengo: Contrata\u00e7\u00f5es, categorias de base, resultados das partidas, tabela de classifica\u00e7\u00e3o, pr\u00f3ximos jogos!\",\"potentialAction\":[{\"@type\":\"SearchAction\",\"target\":{\"@type\":\"EntryPoint\",\"urlTemplate\":\"https:\/\/www.gaveanews.com\/?s={search_term_string}\"},\"query-input\":{\"@type\":\"PropertyValueSpecification\",\"valueRequired\":true,\"valueName\":\"search_term_string\"}}],\"inLanguage\":\"pt-BR\"},{\"@type\":\"Person\",\"@id\":\"https:\/\/www.gaveanews.com\/#\/schema\/person\/0277a79a1289c451c281ec0411d84f0c\",\"name\":\"Andr\u00e9 Serra\",\"image\":{\"@type\":\"ImageObject\",\"inLanguage\":\"pt-BR\",\"@id\":\"https:\/\/www.gaveanews.com\/#\/schema\/person\/image\/\",\"url\":\"https:\/\/secure.gravatar.com\/avatar\/d7231369fe48db93292b3e88eb2162dbd9a34a47a8437d9ef3bcaca2a86a83d7?s=96&d=mm&r=g\",\"contentUrl\":\"https:\/\/secure.gravatar.com\/avatar\/d7231369fe48db93292b3e88eb2162dbd9a34a47a8437d9ef3bcaca2a86a83d7?s=96&d=mm&r=g\",\"caption\":\"Andr\u00e9 Serra\"}}]}<\/script>\n<!-- \/ Yoast SEO Premium plugin. -->","yoast_head_json":{"title":"A declara\u00e7\u00e3o de Vini Jr sobre Mbapp\u00e9 e Endrick","robots":{"index":"index","follow":"follow","max-snippet":"max-snippet:-1","max-image-preview":"max-image-preview:large","max-video-preview":"max-video-preview:-1"},"canonical":"https:\/\/www.gaveanews.com\/index.php\/2024\/08\/06\/a-declaracao-de-vini-jr-sobre-mbappe-e-endrick\/","og_locale":"pt_BR","og_type":"article","og_title":"A declara\u00e7\u00e3o de Vini Jr sobre Mbapp\u00e9 e Endrick","og_description":"Vini promete ajudar os novos chegados do Real Madrid O Real Madrid se refor\u00e7ou com dois grandes nomes, os atacantes Mbapp\u00e9 e Endrick chegaram ao clube nesta janela de transfer\u00eancias e empolgaram n\u00e3o somente os torcedores, mas tamb\u00e9m os jogadores do clube, em especial Vini Jr. O atacante brasileiro disse que vai ser muito importante [&hellip;]","og_url":"https:\/\/www.gaveanews.com\/index.php\/2024\/08\/06\/a-declaracao-de-vini-jr-sobre-mbappe-e-endrick\/","og_site_name":"G\u00e1vea News","article_publisher":"https:\/\/facebook.com\/gaveaNews\/","article_published_time":"2024-08-06T23:04:17+00:00","article_modified_time":"2024-08-06T23:04:19+00:00","og_image":[{"width":1440,"height":1080,"url":"https:\/\/www.gaveanews.com\/wp-content\/uploads\/Vinicius-Junior-exibe-o-escudo-do-Real-Madrid-apos-marcar-um-gol-pelo-time-da-Espanha-edited.webp","type":"image\/jpeg"}],"author":"Andr\u00e9 Serra","twitter_card":"summary_large_image","twitter_misc":{"Escrito por":"Andr\u00e9 Serra","Est. tempo de leitura":"3 minutos"},"schema":{"@context":"https:\/\/schema.org","@graph":[{"@type":"NewsArticle","@id":"https:\/\/www.gaveanews.com\/index.php\/2024\/08\/06\/a-declaracao-de-vini-jr-sobre-mbappe-e-endrick\/#article","isPartOf":{"@id":"https:\/\/www.gaveanews.com\/index.php\/2024\/08\/06\/a-declaracao-de-vini-jr-sobre-mbappe-e-endrick\/"},"author":{"name":"Andr\u00e9 Serra","@id":"https:\/\/www.gaveanews.com\/#\/schema\/person\/0277a79a1289c451c281ec0411d84f0c"},"headline":"A declara\u00e7\u00e3o de Vini Jr sobre Mbapp\u00e9 e Endrick","datePublished":"2024-08-06T23:04:17+00:00","dateModified":"2024-08-06T23:04:19+00:00","mainEntityOfPage":{"@id":"https:\/\/www.gaveanews.com\/index.php\/2024\/08\/06\/a-declaracao-de-vini-jr-sobre-mbappe-e-endrick\/"},"wordCount":472,"commentCount":0,"image":{"@id":"https:\/\/www.gaveanews.com\/index.php\/2024\/08\/06\/a-declaracao-de-vini-jr-sobre-mbappe-e-endrick\/#primaryimage"},"thumbnailUrl":"https:\/\/www.gaveanews.com\/wp-content\/uploads\/Vinicius-Junior-exibe-o-escudo-do-Real-Madrid-apos-marcar-um-gol-pelo-time-da-Espanha-edited.webp","articleSection":["Flamengo","Real Madrid"],"inLanguage":"pt-BR","potentialAction":[{"@type":"CommentAction","name":"Comment","target":["https:\/\/www.gaveanews.com\/index.php\/2024\/08\/06\/a-declaracao-de-vini-jr-sobre-mbappe-e-endrick\/#respond"]}],"copyrightYear":"2024","copyrightHolder":{"@id":"https:\/\/www.gaveanews.com\/#organization"}},{"@type":"WebPage","@id":"https:\/\/www.gaveanews.com\/index.php\/2024\/08\/06\/a-declaracao-de-vini-jr-sobre-mbappe-e-endrick\/","url":"https:\/\/www.gaveanews.com\/index.php\/2024\/08\/06\/a-declaracao-de-vini-jr-sobre-mbappe-e-endrick\/","name":"A declara\u00e7\u00e3o de Vini Jr sobre Mbapp\u00e9 e Endrick","isPartOf":{"@id":"https:\/\/www.gaveanews.com\/#website"},"primaryImageOfPage":{"@id":"https:\/\/www.gaveanews.com\/index.php\/2024\/08\/06\/a-declaracao-de-vini-jr-sobre-mbappe-e-endrick\/#primaryimage"},"image":{"@id":"https:\/\/www.gaveanews.com\/index.php\/2024\/08\/06\/a-declaracao-de-vini-jr-sobre-mbappe-e-endrick\/#primaryimage"},"thumbnailUrl":"https:\/\/www.gaveanews.com\/wp-content\/uploads\/Vinicius-Junior-exibe-o-escudo-do-Real-Madrid-apos-marcar-um-gol-pelo-time-da-Espanha-edited.webp","datePublished":"2024-08-06T23:04:17+00:00","dateModified":"2024-08-06T23:04:19+00:00","author":{"@id":"https:\/\/www.gaveanews.com\/#\/schema\/person\/0277a79a1289c451c281ec0411d84f0c"},"breadcrumb":{"@id":"https:\/\/www.gaveanews.com\/index.php\/2024\/08\/06\/a-declaracao-de-vini-jr-sobre-mbappe-e-endrick\/#breadcrumb"},"inLanguage":"pt-BR","potentialAction":[{"@type":"ReadAction","target":["https:\/\/www.gaveanews.com\/index.php\/2024\/08\/06\/a-declaracao-de-vini-jr-sobre-mbappe-e-endrick\/"]}]},{"@type":"ImageObject","inLanguage":"pt-BR","@id":"https:\/\/www.gaveanews.com\/index.php\/2024\/08\/06\/a-declaracao-de-vini-jr-sobre-mbappe-e-endrick\/#primaryimage","url":"https:\/\/www.gaveanews.com\/wp-content\/uploads\/Vinicius-Junior-exibe-o-escudo-do-Real-Madrid-apos-marcar-um-gol-pelo-time-da-Espanha-edited.webp","contentUrl":"https:\/\/www.gaveanews.com\/wp-content\/uploads\/Vinicius-Junior-exibe-o-escudo-do-Real-Madrid-apos-marcar-um-gol-pelo-time-da-Espanha-edited.webp","width":1440,"height":1080,"caption":"Vinicius J\u00fanior exibe o escudo do Real Madrid ap\u00f3s marcar um gol pelo time da Espanha (Foto: Reprodu\u00e7\u00e3o\/Instagram)"},{"@type":"BreadcrumbList","@id":"https:\/\/www.gaveanews.com\/index.php\/2024\/08\/06\/a-declaracao-de-vini-jr-sobre-mbappe-e-endrick\/#breadcrumb","itemListElement":[{"@type":"ListItem","position":1,"name":"Home","item":"https:\/\/www.gaveanews.com\/"},{"@type":"ListItem","position":2,"name":"A declara\u00e7\u00e3o de Vini Jr sobre Mbapp\u00e9 e Endrick"}]},{"@type":"WebSite","@id":"https:\/\/www.gaveanews.com\/#website","url":"https:\/\/www.gaveanews.com\/","name":"G\u00e1vea News","description":"Veja todas as not\u00edcias sobre o Flamengo: Contrata\u00e7\u00f5es, categorias de base, resultados das partidas, tabela de classifica\u00e7\u00e3o, pr\u00f3ximos jogos!","potentialAction":[{"@type":"SearchAction","target":{"@type":"EntryPoint","urlTemplate":"https:\/\/www.gaveanews.com\/?s={search_term_string}"},"query-input":{"@type":"PropertyValueSpecification","valueRequired":true,"valueName":"search_term_string"}}],"inLanguage":"pt-BR"},{"@type":"Person","@id":"https:\/\/www.gaveanews.com\/#\/schema\/person\/0277a79a1289c451c281ec0411d84f0c","name":"Andr\u00e9 Serra","image":{"@type":"ImageObject","inLanguage":"pt-BR","@id":"https:\/\/www.gaveanews.com\/#\/schema\/person\/image\/","url":"https:\/\/secure.gravatar.com\/avatar\/d7231369fe48db93292b3e88eb2162dbd9a34a47a8437d9ef3bcaca2a86a83d7?s=96&d=mm&r=g","contentUrl":"https:\/\/secure.gravatar.com\/avatar\/d7231369fe48db93292b3e88eb2162dbd9a34a47a8437d9ef3bcaca2a86a83d7?s=96&d=mm&r=g","caption":"Andr\u00e9 Serra"}}]}},"_links":{"self":[{"href":"https:\/\/www.gaveanews.com\/index.php\/wp-json\/wp\/v2\/posts\/156906","targetHints":{"allow":["GET"]}}],"collection":[{"href":"https:\/\/www.gaveanews.com\/index.php\/wp-json\/wp\/v2\/posts"}],"about":[{"href":"https:\/\/www.gaveanews.com\/index.php\/wp-json\/wp\/v2\/types\/post"}],"author":[{"embeddable":true,"href":"https:\/\/www.gaveanews.com\/index.php\/wp-json\/wp\/v2\/users\/21"}],"replies":[{"embeddable":true,"href":"https:\/\/www.gaveanews.com\/index.php\/wp-json\/wp\/v2\/comments?post=156906"}],"version-history":[{"count":2,"href":"https:\/\/www.gaveanews.com\/index.php\/wp-json\/wp\/v2\/posts\/156906\/revisions"}],"predecessor-version":[{"id":156931,"href":"https:\/\/www.gaveanews.com\/index.php\/wp-json\/wp\/v2\/posts\/156906\/revisions\/156931"}],"wp:featuredmedia":[{"embeddable":true,"href":"https:\/\/www.gaveanews.com\/index.php\/wp-json\/wp\/v2\/media\/121475"}],"wp:attachment":[{"href":"https:\/\/www.gaveanews.com\/index.php\/wp-json\/wp\/v2\/media?parent=156906"}],"wp:term":[{"taxonomy":"category","embeddable":true,"href":"https:\/\/www.gaveanews.com\/index.php\/wp-json\/wp\/v2\/categories?post=156906"},{"taxonomy":"post_tag","embeddable":true,"href":"https:\/\/www.gaveanews.com\/index.php\/wp-json\/wp\/v2\/tags?post=156906"}],"curies":[{"name":"wp","href":"https:\/\/api.w.org\/{rel}","templated":true}]}}