{"id":157002,"date":"2024-08-06T23:01:54","date_gmt":"2024-08-07T02:01:54","guid":{"rendered":"https:\/\/www.gaveanews.com\/?p=157002"},"modified":"2024-08-06T23:01:56","modified_gmt":"2024-08-07T02:01:56","slug":"vasco-x-atletico-go-a-declaracao-de-lucas-piton","status":"publish","type":"post","link":"https:\/\/www.gaveanews.com\/index.php\/2024\/08\/06\/vasco-x-atletico-go-a-declaracao-de-lucas-piton\/","title":{"rendered":"Vasco x Atl\u00e9tico-GO: a declara\u00e7\u00e3o de Lucas Piton"},"content":{"rendered":"\n<h2 class=\"wp-block-heading\" id=\"h-autor-do-gol-logo-no-primeiro-tempo-o-lateral-falou-sobre-a-mentalidade-da-equipe\">Autor do gol logo no primeiro tempo, o lateral falou sobre a mentalidade da equipe <\/h2>\n\n\n\n<p>O Vasco da Gama vai vencendo o Atl\u00e9tico-GO por 1 a 0 em S\u00e3o Janu\u00e1rio, em uma partida marcada pelo equil\u00edbrio de ambos os lados nos primeiros 10 minutos. Tanto os donos da casa quanto o Drag\u00e3o pressionaram a sa\u00edda de bola advers\u00e1ria, dificultando as a\u00e7\u00f5es ofensivas no in\u00edcio do confronto.<\/p>\n\n\n\n<ul class=\"wp-block-list\">\n<li><a href=\"https:\/\/www.gaveanews.com\/index.php\/2024\/08\/04\/vasco-x-bragantino-a-declaracao-de-pedro-caixinha\/\">Vasco x Bragantino: A declara\u00e7\u00e3o de Pedro Caixinha<\/a><\/li>\n\n\n\n<li><a href=\"https:\/\/www.gaveanews.com\/index.php\/2024\/08\/01\/atletico-go-x-vasco-a-declaracao-de-vegetti\/\">Atl\u00e9tico-GO x Vasco: a declara\u00e7\u00e3o de Vegetti<\/a><\/li>\n<\/ul>\n\n\n\n<p>Com o passar do tempo, o Vasco conseguiu impor mais controle sobre o jogo, mantendo maior posse de bola, mas encontrou dificuldades para penetrar na s\u00f3lida defesa rubro-negra. O meia Payet, em busca de abrir o marcador, arriscou dois chutes de fora da \u00e1rea que n\u00e3o resultaram em gols.<\/p>\n\n\n\n<p>Por outro lado, o Atl\u00e9tico-GO tamb\u00e9m come\u00e7ou a se soltar e chegou com perigo atrav\u00e9s de Gonzalo Freitas e Shaylon, mostrando que estava vivo na partida.<\/p>\n\n\n\n<p>O Vasco, no entanto, manteve-se mais presente no campo de ataque e a insist\u00eancia foi recompensada j\u00e1 nos acr\u00e9scimos do primeiro tempo. Lucas Piton, aproveitando uma falha do lateral advers\u00e1rio, chutou cruzado e abriu o placar para o time da casa. <\/p>\n\n\n\n<p>Ap\u00f3s o primeiro tempo, o autor do gol Cruzmaltino falou sobre a mentalidade da equipe, para os donos da casa o placar ainda est\u00e1 em 0 a 0. <\/p>\n\n\n\n<p>&#8220;Boa noite, \u00e9 muito feliz por mais um gol com essa camisa, mas ainda n\u00e3o tem nada a ganho, tem o segundo tempo ainda. \u00c9 bom sair na frente, mas como eu falei, tem o segundo tempo pra nos est\u00e1 0 a 0 ainda&#8221;, disse Piton.<\/p>\n","protected":false},"excerpt":{"rendered":"<p>Autor do gol logo no primeiro tempo, o lateral falou sobre a mentalidade da equipe O Vasco da Gama vai vencendo o Atl\u00e9tico-GO por 1 a 0 em S\u00e3o Janu\u00e1rio, em uma partida marcada pelo equil\u00edbrio de ambos os lados nos primeiros 10 minutos. Tanto os donos da casa quanto o Drag\u00e3o pressionaram a sa\u00edda [&hellip;]<\/p>\n","protected":false},"author":17,"featured_media":147443,"comment_status":"open","ping_status":"closed","sticky":false,"template":"","format":"standard","meta":{"footnotes":""},"categories":[152],"tags":[],"class_list":["post-157002","post","type-post","status-publish","format-standard","has-post-thumbnail","hentry","category-vasco"],"yoast_head":"<!-- This site is optimized with the Yoast SEO Premium plugin v24.2 (Yoast SEO v26.9) - https:\/\/yoast.com\/product\/yoast-seo-premium-wordpress\/ -->\n<title>Vasco x Atl\u00e9tico-GO: a declara\u00e7\u00e3o de Lucas Piton<\/title>\n<meta name=\"robots\" content=\"index, follow, max-snippet:-1, max-image-preview:large, max-video-preview:-1\" \/>\n<link rel=\"canonical\" href=\"https:\/\/www.gaveanews.com\/index.php\/2024\/08\/06\/vasco-x-atletico-go-a-declaracao-de-lucas-piton\/\" \/>\n<meta property=\"og:locale\" content=\"pt_BR\" \/>\n<meta property=\"og:type\" content=\"article\" \/>\n<meta property=\"og:title\" content=\"Vasco x Atl\u00e9tico-GO: a declara\u00e7\u00e3o de Lucas Piton\" \/>\n<meta property=\"og:description\" content=\"Autor do gol logo no primeiro tempo, o lateral falou sobre a mentalidade da equipe O Vasco da Gama vai vencendo o Atl\u00e9tico-GO por 1 a 0 em S\u00e3o Janu\u00e1rio, em uma partida marcada pelo equil\u00edbrio de ambos os lados nos primeiros 10 minutos. Tanto os donos da casa quanto o Drag\u00e3o pressionaram a sa\u00edda [&hellip;]\" \/>\n<meta property=\"og:url\" content=\"https:\/\/www.gaveanews.com\/index.php\/2024\/08\/06\/vasco-x-atletico-go-a-declaracao-de-lucas-piton\/\" \/>\n<meta property=\"og:site_name\" content=\"G\u00e1vea News\" \/>\n<meta property=\"article:publisher\" content=\"https:\/\/facebook.com\/gaveaNews\/\" \/>\n<meta property=\"article:published_time\" content=\"2024-08-07T02:01:54+00:00\" \/>\n<meta property=\"article:modified_time\" content=\"2024-08-07T02:01:56+00:00\" \/>\n<meta property=\"og:image\" content=\"https:\/\/www.gaveanews.com\/wp-content\/uploads\/Camisa-do-Vasco-da-Gama.webp\" \/>\n\t<meta property=\"og:image:width\" content=\"1440\" \/>\n\t<meta property=\"og:image:height\" content=\"960\" \/>\n\t<meta property=\"og:image:type\" content=\"image\/jpeg\" \/>\n<meta name=\"author\" content=\"Geovanna Thomaz\" \/>\n<meta name=\"twitter:card\" content=\"summary_large_image\" \/>\n<meta name=\"twitter:label1\" content=\"Escrito por\" \/>\n\t<meta name=\"twitter:data1\" content=\"Geovanna Thomaz\" \/>\n\t<meta name=\"twitter:label2\" content=\"Est. tempo de leitura\" \/>\n\t<meta name=\"twitter:data2\" content=\"2 minutos\" \/>\n<script type=\"application\/ld+json\" class=\"yoast-schema-graph\">{\"@context\":\"https:\/\/schema.org\",\"@graph\":[{\"@type\":\"NewsArticle\",\"@id\":\"https:\/\/www.gaveanews.com\/index.php\/2024\/08\/06\/vasco-x-atletico-go-a-declaracao-de-lucas-piton\/#article\",\"isPartOf\":{\"@id\":\"https:\/\/www.gaveanews.com\/index.php\/2024\/08\/06\/vasco-x-atletico-go-a-declaracao-de-lucas-piton\/\"},\"author\":{\"name\":\"Geovanna Thomaz\",\"@id\":\"https:\/\/www.gaveanews.com\/#\/schema\/person\/f42654babcd2b2014a1a65af82b081f1\"},\"headline\":\"Vasco x Atl\u00e9tico-GO: a declara\u00e7\u00e3o de Lucas Piton\",\"datePublished\":\"2024-08-07T02:01:54+00:00\",\"dateModified\":\"2024-08-07T02:01:56+00:00\",\"mainEntityOfPage\":{\"@id\":\"https:\/\/www.gaveanews.com\/index.php\/2024\/08\/06\/vasco-x-atletico-go-a-declaracao-de-lucas-piton\/\"},\"wordCount\":295,\"commentCount\":0,\"image\":{\"@id\":\"https:\/\/www.gaveanews.com\/index.php\/2024\/08\/06\/vasco-x-atletico-go-a-declaracao-de-lucas-piton\/#primaryimage\"},\"thumbnailUrl\":\"https:\/\/www.gaveanews.com\/wp-content\/uploads\/Camisa-do-Vasco-da-Gama.webp\",\"articleSection\":[\"Vasco\"],\"inLanguage\":\"pt-BR\",\"potentialAction\":[{\"@type\":\"CommentAction\",\"name\":\"Comment\",\"target\":[\"https:\/\/www.gaveanews.com\/index.php\/2024\/08\/06\/vasco-x-atletico-go-a-declaracao-de-lucas-piton\/#respond\"]}],\"copyrightYear\":\"2024\",\"copyrightHolder\":{\"@id\":\"https:\/\/www.gaveanews.com\/#organization\"}},{\"@type\":\"WebPage\",\"@id\":\"https:\/\/www.gaveanews.com\/index.php\/2024\/08\/06\/vasco-x-atletico-go-a-declaracao-de-lucas-piton\/\",\"url\":\"https:\/\/www.gaveanews.com\/index.php\/2024\/08\/06\/vasco-x-atletico-go-a-declaracao-de-lucas-piton\/\",\"name\":\"Vasco x Atl\u00e9tico-GO: a declara\u00e7\u00e3o de Lucas Piton\",\"isPartOf\":{\"@id\":\"https:\/\/www.gaveanews.com\/#website\"},\"primaryImageOfPage\":{\"@id\":\"https:\/\/www.gaveanews.com\/index.php\/2024\/08\/06\/vasco-x-atletico-go-a-declaracao-de-lucas-piton\/#primaryimage\"},\"image\":{\"@id\":\"https:\/\/www.gaveanews.com\/index.php\/2024\/08\/06\/vasco-x-atletico-go-a-declaracao-de-lucas-piton\/#primaryimage\"},\"thumbnailUrl\":\"https:\/\/www.gaveanews.com\/wp-content\/uploads\/Camisa-do-Vasco-da-Gama.webp\",\"datePublished\":\"2024-08-07T02:01:54+00:00\",\"dateModified\":\"2024-08-07T02:01:56+00:00\",\"author\":{\"@id\":\"https:\/\/www.gaveanews.com\/#\/schema\/person\/f42654babcd2b2014a1a65af82b081f1\"},\"breadcrumb\":{\"@id\":\"https:\/\/www.gaveanews.com\/index.php\/2024\/08\/06\/vasco-x-atletico-go-a-declaracao-de-lucas-piton\/#breadcrumb\"},\"inLanguage\":\"pt-BR\",\"potentialAction\":[{\"@type\":\"ReadAction\",\"target\":[\"https:\/\/www.gaveanews.com\/index.php\/2024\/08\/06\/vasco-x-atletico-go-a-declaracao-de-lucas-piton\/\"]}]},{\"@type\":\"ImageObject\",\"inLanguage\":\"pt-BR\",\"@id\":\"https:\/\/www.gaveanews.com\/index.php\/2024\/08\/06\/vasco-x-atletico-go-a-declaracao-de-lucas-piton\/#primaryimage\",\"url\":\"https:\/\/www.gaveanews.com\/wp-content\/uploads\/Camisa-do-Vasco-da-Gama.webp\",\"contentUrl\":\"https:\/\/www.gaveanews.com\/wp-content\/uploads\/Camisa-do-Vasco-da-Gama.webp\",\"width\":1440,\"height\":960,\"caption\":\"Camisa do Vasco da Gama (Foto: Reprodu\u00e7\u00e3o\/Instagram)\"},{\"@type\":\"BreadcrumbList\",\"@id\":\"https:\/\/www.gaveanews.com\/index.php\/2024\/08\/06\/vasco-x-atletico-go-a-declaracao-de-lucas-piton\/#breadcrumb\",\"itemListElement\":[{\"@type\":\"ListItem\",\"position\":1,\"name\":\"Home\",\"item\":\"https:\/\/www.gaveanews.com\/\"},{\"@type\":\"ListItem\",\"position\":2,\"name\":\"Vasco x Atl\u00e9tico-GO: a declara\u00e7\u00e3o de Lucas Piton\"}]},{\"@type\":\"WebSite\",\"@id\":\"https:\/\/www.gaveanews.com\/#website\",\"url\":\"https:\/\/www.gaveanews.com\/\",\"name\":\"G\u00e1vea News\",\"description\":\"Veja todas as not\u00edcias sobre o Flamengo: Contrata\u00e7\u00f5es, categorias de base, resultados das partidas, tabela de classifica\u00e7\u00e3o, pr\u00f3ximos jogos!\",\"potentialAction\":[{\"@type\":\"SearchAction\",\"target\":{\"@type\":\"EntryPoint\",\"urlTemplate\":\"https:\/\/www.gaveanews.com\/?s={search_term_string}\"},\"query-input\":{\"@type\":\"PropertyValueSpecification\",\"valueRequired\":true,\"valueName\":\"search_term_string\"}}],\"inLanguage\":\"pt-BR\"},{\"@type\":\"Person\",\"@id\":\"https:\/\/www.gaveanews.com\/#\/schema\/person\/f42654babcd2b2014a1a65af82b081f1\",\"name\":\"Geovanna Thomaz\",\"image\":{\"@type\":\"ImageObject\",\"inLanguage\":\"pt-BR\",\"@id\":\"https:\/\/www.gaveanews.com\/#\/schema\/person\/image\/\",\"url\":\"https:\/\/secure.gravatar.com\/avatar\/4092073255489533afb558984b49b64268c47198af8623cc82a925ae9fb7118a?s=96&d=mm&r=g\",\"contentUrl\":\"https:\/\/secure.gravatar.com\/avatar\/4092073255489533afb558984b49b64268c47198af8623cc82a925ae9fb7118a?s=96&d=mm&r=g\",\"caption\":\"Geovanna Thomaz\"}}]}<\/script>\n<!-- \/ Yoast SEO Premium plugin. -->","yoast_head_json":{"title":"Vasco x Atl\u00e9tico-GO: a declara\u00e7\u00e3o de Lucas Piton","robots":{"index":"index","follow":"follow","max-snippet":"max-snippet:-1","max-image-preview":"max-image-preview:large","max-video-preview":"max-video-preview:-1"},"canonical":"https:\/\/www.gaveanews.com\/index.php\/2024\/08\/06\/vasco-x-atletico-go-a-declaracao-de-lucas-piton\/","og_locale":"pt_BR","og_type":"article","og_title":"Vasco x Atl\u00e9tico-GO: a declara\u00e7\u00e3o de Lucas Piton","og_description":"Autor do gol logo no primeiro tempo, o lateral falou sobre a mentalidade da equipe O Vasco da Gama vai vencendo o Atl\u00e9tico-GO por 1 a 0 em S\u00e3o Janu\u00e1rio, em uma partida marcada pelo equil\u00edbrio de ambos os lados nos primeiros 10 minutos. Tanto os donos da casa quanto o Drag\u00e3o pressionaram a sa\u00edda [&hellip;]","og_url":"https:\/\/www.gaveanews.com\/index.php\/2024\/08\/06\/vasco-x-atletico-go-a-declaracao-de-lucas-piton\/","og_site_name":"G\u00e1vea News","article_publisher":"https:\/\/facebook.com\/gaveaNews\/","article_published_time":"2024-08-07T02:01:54+00:00","article_modified_time":"2024-08-07T02:01:56+00:00","og_image":[{"width":1440,"height":960,"url":"https:\/\/www.gaveanews.com\/wp-content\/uploads\/Camisa-do-Vasco-da-Gama.webp","type":"image\/jpeg"}],"author":"Geovanna Thomaz","twitter_card":"summary_large_image","twitter_misc":{"Escrito por":"Geovanna Thomaz","Est. tempo de leitura":"2 minutos"},"schema":{"@context":"https:\/\/schema.org","@graph":[{"@type":"NewsArticle","@id":"https:\/\/www.gaveanews.com\/index.php\/2024\/08\/06\/vasco-x-atletico-go-a-declaracao-de-lucas-piton\/#article","isPartOf":{"@id":"https:\/\/www.gaveanews.com\/index.php\/2024\/08\/06\/vasco-x-atletico-go-a-declaracao-de-lucas-piton\/"},"author":{"name":"Geovanna Thomaz","@id":"https:\/\/www.gaveanews.com\/#\/schema\/person\/f42654babcd2b2014a1a65af82b081f1"},"headline":"Vasco x Atl\u00e9tico-GO: a declara\u00e7\u00e3o de Lucas Piton","datePublished":"2024-08-07T02:01:54+00:00","dateModified":"2024-08-07T02:01:56+00:00","mainEntityOfPage":{"@id":"https:\/\/www.gaveanews.com\/index.php\/2024\/08\/06\/vasco-x-atletico-go-a-declaracao-de-lucas-piton\/"},"wordCount":295,"commentCount":0,"image":{"@id":"https:\/\/www.gaveanews.com\/index.php\/2024\/08\/06\/vasco-x-atletico-go-a-declaracao-de-lucas-piton\/#primaryimage"},"thumbnailUrl":"https:\/\/www.gaveanews.com\/wp-content\/uploads\/Camisa-do-Vasco-da-Gama.webp","articleSection":["Vasco"],"inLanguage":"pt-BR","potentialAction":[{"@type":"CommentAction","name":"Comment","target":["https:\/\/www.gaveanews.com\/index.php\/2024\/08\/06\/vasco-x-atletico-go-a-declaracao-de-lucas-piton\/#respond"]}],"copyrightYear":"2024","copyrightHolder":{"@id":"https:\/\/www.gaveanews.com\/#organization"}},{"@type":"WebPage","@id":"https:\/\/www.gaveanews.com\/index.php\/2024\/08\/06\/vasco-x-atletico-go-a-declaracao-de-lucas-piton\/","url":"https:\/\/www.gaveanews.com\/index.php\/2024\/08\/06\/vasco-x-atletico-go-a-declaracao-de-lucas-piton\/","name":"Vasco x Atl\u00e9tico-GO: a declara\u00e7\u00e3o de Lucas Piton","isPartOf":{"@id":"https:\/\/www.gaveanews.com\/#website"},"primaryImageOfPage":{"@id":"https:\/\/www.gaveanews.com\/index.php\/2024\/08\/06\/vasco-x-atletico-go-a-declaracao-de-lucas-piton\/#primaryimage"},"image":{"@id":"https:\/\/www.gaveanews.com\/index.php\/2024\/08\/06\/vasco-x-atletico-go-a-declaracao-de-lucas-piton\/#primaryimage"},"thumbnailUrl":"https:\/\/www.gaveanews.com\/wp-content\/uploads\/Camisa-do-Vasco-da-Gama.webp","datePublished":"2024-08-07T02:01:54+00:00","dateModified":"2024-08-07T02:01:56+00:00","author":{"@id":"https:\/\/www.gaveanews.com\/#\/schema\/person\/f42654babcd2b2014a1a65af82b081f1"},"breadcrumb":{"@id":"https:\/\/www.gaveanews.com\/index.php\/2024\/08\/06\/vasco-x-atletico-go-a-declaracao-de-lucas-piton\/#breadcrumb"},"inLanguage":"pt-BR","potentialAction":[{"@type":"ReadAction","target":["https:\/\/www.gaveanews.com\/index.php\/2024\/08\/06\/vasco-x-atletico-go-a-declaracao-de-lucas-piton\/"]}]},{"@type":"ImageObject","inLanguage":"pt-BR","@id":"https:\/\/www.gaveanews.com\/index.php\/2024\/08\/06\/vasco-x-atletico-go-a-declaracao-de-lucas-piton\/#primaryimage","url":"https:\/\/www.gaveanews.com\/wp-content\/uploads\/Camisa-do-Vasco-da-Gama.webp","contentUrl":"https:\/\/www.gaveanews.com\/wp-content\/uploads\/Camisa-do-Vasco-da-Gama.webp","width":1440,"height":960,"caption":"Camisa do Vasco da Gama (Foto: Reprodu\u00e7\u00e3o\/Instagram)"},{"@type":"BreadcrumbList","@id":"https:\/\/www.gaveanews.com\/index.php\/2024\/08\/06\/vasco-x-atletico-go-a-declaracao-de-lucas-piton\/#breadcrumb","itemListElement":[{"@type":"ListItem","position":1,"name":"Home","item":"https:\/\/www.gaveanews.com\/"},{"@type":"ListItem","position":2,"name":"Vasco x Atl\u00e9tico-GO: a declara\u00e7\u00e3o de Lucas Piton"}]},{"@type":"WebSite","@id":"https:\/\/www.gaveanews.com\/#website","url":"https:\/\/www.gaveanews.com\/","name":"G\u00e1vea News","description":"Veja todas as not\u00edcias sobre o Flamengo: Contrata\u00e7\u00f5es, categorias de base, resultados das partidas, tabela de classifica\u00e7\u00e3o, pr\u00f3ximos jogos!","potentialAction":[{"@type":"SearchAction","target":{"@type":"EntryPoint","urlTemplate":"https:\/\/www.gaveanews.com\/?s={search_term_string}"},"query-input":{"@type":"PropertyValueSpecification","valueRequired":true,"valueName":"search_term_string"}}],"inLanguage":"pt-BR"},{"@type":"Person","@id":"https:\/\/www.gaveanews.com\/#\/schema\/person\/f42654babcd2b2014a1a65af82b081f1","name":"Geovanna Thomaz","image":{"@type":"ImageObject","inLanguage":"pt-BR","@id":"https:\/\/www.gaveanews.com\/#\/schema\/person\/image\/","url":"https:\/\/secure.gravatar.com\/avatar\/4092073255489533afb558984b49b64268c47198af8623cc82a925ae9fb7118a?s=96&d=mm&r=g","contentUrl":"https:\/\/secure.gravatar.com\/avatar\/4092073255489533afb558984b49b64268c47198af8623cc82a925ae9fb7118a?s=96&d=mm&r=g","caption":"Geovanna Thomaz"}}]}},"_links":{"self":[{"href":"https:\/\/www.gaveanews.com\/index.php\/wp-json\/wp\/v2\/posts\/157002","targetHints":{"allow":["GET"]}}],"collection":[{"href":"https:\/\/www.gaveanews.com\/index.php\/wp-json\/wp\/v2\/posts"}],"about":[{"href":"https:\/\/www.gaveanews.com\/index.php\/wp-json\/wp\/v2\/types\/post"}],"author":[{"embeddable":true,"href":"https:\/\/www.gaveanews.com\/index.php\/wp-json\/wp\/v2\/users\/17"}],"replies":[{"embeddable":true,"href":"https:\/\/www.gaveanews.com\/index.php\/wp-json\/wp\/v2\/comments?post=157002"}],"version-history":[{"count":2,"href":"https:\/\/www.gaveanews.com\/index.php\/wp-json\/wp\/v2\/posts\/157002\/revisions"}],"predecessor-version":[{"id":157004,"href":"https:\/\/www.gaveanews.com\/index.php\/wp-json\/wp\/v2\/posts\/157002\/revisions\/157004"}],"wp:featuredmedia":[{"embeddable":true,"href":"https:\/\/www.gaveanews.com\/index.php\/wp-json\/wp\/v2\/media\/147443"}],"wp:attachment":[{"href":"https:\/\/www.gaveanews.com\/index.php\/wp-json\/wp\/v2\/media?parent=157002"}],"wp:term":[{"taxonomy":"category","embeddable":true,"href":"https:\/\/www.gaveanews.com\/index.php\/wp-json\/wp\/v2\/categories?post=157002"},{"taxonomy":"post_tag","embeddable":true,"href":"https:\/\/www.gaveanews.com\/index.php\/wp-json\/wp\/v2\/tags?post=157002"}],"curies":[{"name":"wp","href":"https:\/\/api.w.org\/{rel}","templated":true}]}}