{"id":157074,"date":"2024-08-07T16:15:00","date_gmt":"2024-08-07T19:15:00","guid":{"rendered":"https:\/\/www.gaveanews.com\/?p=157074"},"modified":"2024-08-07T15:45:31","modified_gmt":"2024-08-07T18:45:31","slug":"a-declaracao-do-tecnico-do-vasco-apos-a-classificacao-na-copa-do-brasil","status":"publish","type":"post","link":"https:\/\/www.gaveanews.com\/index.php\/2024\/08\/07\/a-declaracao-do-tecnico-do-vasco-apos-a-classificacao-na-copa-do-brasil\/","title":{"rendered":"A declara\u00e7\u00e3o do t\u00e9cnico do Vasco ap\u00f3s a classifica\u00e7\u00e3o na Copa do Brasil"},"content":{"rendered":"\n<p>Rafael Paiva conseguiu classificar o Vasco na Copa do Brasil. Ap\u00f3s um empate por 1 a 1 e uma vit\u00f3ria simples por 1 a 0, em S\u00e3o Janu\u00e1rio.<\/p>\n\n\n\n<p>Ap\u00f3s a vit\u00f3ria, Rafael Paiva comentou sobre a classifica\u00e7\u00e3o e a boa atua\u00e7\u00e3o do Vasco que fez com que o clube conseguisse mais um <a href=\"https:\/\/www.gaveanews.com\/index.php\/2024\/08\/07\/veja-quanto-o-vasco-vai-ganhar-pela-classificacao-na-copa-do-brasil\/\">pagamento da CBF<\/a> na busca pelo t\u00edtulo da Copa do Brasil, algo que o Vasco n\u00e3o vence desde 2011.<\/p>\n\n\n\n<ul class=\"wp-block-list\">\n<li><a href=\"https:\/\/www.gaveanews.com\/index.php\/2024\/08\/07\/vasco-x-atletico-go-a-declaracao-de-leo-jardim\/\">Vasco x Atl\u00e9tico-GO: a declara\u00e7\u00e3o de L\u00e9o Jardim<\/a><\/li>\n\n\n\n<li><a href=\"https:\/\/www.gaveanews.com\/index.php\/2024\/08\/06\/vasco-x-atletico-go-a-declaracao-de-lucas-piton\/\">Vasco x Atl\u00e9tico-GO: a declara\u00e7\u00e3o de Lucas Piton<\/a><\/li>\n<\/ul>\n\n\n\n<p><em>&#8211; A gente est\u00e1 desgastado, a gente tem tentado mesclar alguns jogadores. No jogo passado, do Red Bull Bragantino, essa foi a ideia para a gente tentar ter alguns jogadores mais inteiros, mas mesmo assim a gente carrega uma sequ\u00eancia de jogos pesada. J\u00e1 temos um jogo contra o Fluminense no final de semana. Fizemos as trocas quando acho que a gente j\u00e1 estava sofrendo um pouco<\/em>, iniciou.<\/p>\n\n\n\n<p>Ele concluiu falado dos erros que aconteceram na partida e o que n\u00e3o deu certo a partir dos planejamentos feitos na semana:<\/p>\n\n\n\n<p><em>&#8211; A ideia era tentar dar um pouco de g\u00e1s, de tentar controlar a bola. A gente n\u00e3o conseguiu ficar com a bola. As trocas n\u00e3o surtiram efeito. Acho que o Atl\u00e9tico pressionou muito a gente e foi um jogo que eles conseguiram chegar muito perto do nosso gol e a hora que a gente tinha oportunidade de jogar ou de contra-atacar, a gente n\u00e3o teve a qualidade necess\u00e1ria ali pra fazer o gol.<\/em><\/p>\n\n\n\n<p>Rafael Paiva diz que pretende dar mais rodagem aos jogadores do Vasco e buscar um elenco mais amplo para conseguir ter mais op\u00e7\u00f5es:<\/p>\n\n\n\n<p><em>&#8211; A gente precisa potencializar mais jogadores no grupo. \u00c9 imposs\u00edvel voc\u00ea ter 11 jogadores e (s\u00f3) tr\u00eas, quatro trocas. \u00c9 muito pouco. Ent\u00e3o a gente tem que colocar no jogo alguns jogadores, a gente precisa ver. E precisa desenvolver, precisa dar minutagem porque a gente vai precisar deles para os pr\u00f3ximos jogos. A gente est\u00e1 tentando oxigenar o grupo e manter mais jogadores no n\u00edvel satisfat\u00f3rio &#8211; <\/em>afirmou<em>.<\/em><\/p>\n\n\n\n<h2 class=\"wp-block-heading\" id=\"h-qual-a-proxima-partida-do-vasco\">Qual a pr\u00f3xima partida do Vasco?<\/h2>\n\n\n\n<p>No pr\u00f3ximo s\u00e1bado (10), o Vasco vai enfrentar a equipe do Fluminense em S\u00e3o Janu\u00e1rio \u00e0s 21h30 pelo Campeonato Brasileiro.<\/p>\n","protected":false},"excerpt":{"rendered":"<p>Rafael Paiva conseguiu classificar o Vasco na Copa do Brasil. Ap\u00f3s um empate por 1 a 1 e uma vit\u00f3ria simples por 1 a 0, em S\u00e3o Janu\u00e1rio. Ap\u00f3s a vit\u00f3ria, Rafael Paiva comentou sobre a classifica\u00e7\u00e3o e a boa atua\u00e7\u00e3o do Vasco que fez com que o clube conseguisse mais um pagamento da CBF [&hellip;]<\/p>\n","protected":false},"author":19,"featured_media":152028,"comment_status":"open","ping_status":"closed","sticky":false,"template":"","format":"standard","meta":{"footnotes":""},"categories":[152],"tags":[],"class_list":["post-157074","post","type-post","status-publish","format-standard","has-post-thumbnail","hentry","category-vasco"],"yoast_head":"<!-- This site is optimized with the Yoast SEO Premium plugin v24.2 (Yoast SEO v26.9) - https:\/\/yoast.com\/product\/yoast-seo-premium-wordpress\/ -->\n<title>A declara\u00e7\u00e3o do t\u00e9cnico do Vasco ap\u00f3s a classifica\u00e7\u00e3o na Copa do Brasil<\/title>\n<meta name=\"robots\" content=\"index, follow, max-snippet:-1, max-image-preview:large, max-video-preview:-1\" \/>\n<link rel=\"canonical\" href=\"https:\/\/www.gaveanews.com\/index.php\/2024\/08\/07\/a-declaracao-do-tecnico-do-vasco-apos-a-classificacao-na-copa-do-brasil\/\" \/>\n<meta property=\"og:locale\" content=\"pt_BR\" \/>\n<meta property=\"og:type\" content=\"article\" \/>\n<meta property=\"og:title\" content=\"A declara\u00e7\u00e3o do t\u00e9cnico do Vasco ap\u00f3s a classifica\u00e7\u00e3o na Copa do Brasil\" \/>\n<meta property=\"og:description\" content=\"Rafael Paiva conseguiu classificar o Vasco na Copa do Brasil. Ap\u00f3s um empate por 1 a 1 e uma vit\u00f3ria simples por 1 a 0, em S\u00e3o Janu\u00e1rio. Ap\u00f3s a vit\u00f3ria, Rafael Paiva comentou sobre a classifica\u00e7\u00e3o e a boa atua\u00e7\u00e3o do Vasco que fez com que o clube conseguisse mais um pagamento da CBF [&hellip;]\" \/>\n<meta property=\"og:url\" content=\"https:\/\/www.gaveanews.com\/index.php\/2024\/08\/07\/a-declaracao-do-tecnico-do-vasco-apos-a-classificacao-na-copa-do-brasil\/\" \/>\n<meta property=\"og:site_name\" content=\"G\u00e1vea News\" \/>\n<meta property=\"article:publisher\" content=\"https:\/\/facebook.com\/gaveaNews\/\" \/>\n<meta property=\"article:published_time\" content=\"2024-08-07T19:15:00+00:00\" \/>\n<meta name=\"author\" content=\"Bruno Zanchetta\" \/>\n<meta name=\"twitter:card\" content=\"summary_large_image\" \/>\n<meta name=\"twitter:label1\" content=\"Escrito por\" \/>\n\t<meta name=\"twitter:data1\" content=\"Bruno Zanchetta\" \/>\n\t<meta name=\"twitter:label2\" content=\"Est. tempo de leitura\" \/>\n\t<meta name=\"twitter:data2\" content=\"3 minutos\" \/>\n<script type=\"application\/ld+json\" class=\"yoast-schema-graph\">{\"@context\":\"https:\/\/schema.org\",\"@graph\":[{\"@type\":\"NewsArticle\",\"@id\":\"https:\/\/www.gaveanews.com\/index.php\/2024\/08\/07\/a-declaracao-do-tecnico-do-vasco-apos-a-classificacao-na-copa-do-brasil\/#article\",\"isPartOf\":{\"@id\":\"https:\/\/www.gaveanews.com\/index.php\/2024\/08\/07\/a-declaracao-do-tecnico-do-vasco-apos-a-classificacao-na-copa-do-brasil\/\"},\"author\":{\"name\":\"Bruno Zanchetta\",\"@id\":\"https:\/\/www.gaveanews.com\/#\/schema\/person\/32fddefab25b466689f181be346cd98c\"},\"headline\":\"A declara\u00e7\u00e3o do t\u00e9cnico do Vasco ap\u00f3s a classifica\u00e7\u00e3o na Copa do Brasil\",\"datePublished\":\"2024-08-07T19:15:00+00:00\",\"mainEntityOfPage\":{\"@id\":\"https:\/\/www.gaveanews.com\/index.php\/2024\/08\/07\/a-declaracao-do-tecnico-do-vasco-apos-a-classificacao-na-copa-do-brasil\/\"},\"wordCount\":412,\"commentCount\":0,\"image\":{\"@id\":\"https:\/\/www.gaveanews.com\/index.php\/2024\/08\/07\/a-declaracao-do-tecnico-do-vasco-apos-a-classificacao-na-copa-do-brasil\/#primaryimage\"},\"thumbnailUrl\":\"https:\/\/www.gaveanews.com\/wp-content\/uploads\/Rafael-Paiva-durante-treino-do-Vasco.avif\",\"articleSection\":[\"Vasco\"],\"inLanguage\":\"pt-BR\",\"potentialAction\":[{\"@type\":\"CommentAction\",\"name\":\"Comment\",\"target\":[\"https:\/\/www.gaveanews.com\/index.php\/2024\/08\/07\/a-declaracao-do-tecnico-do-vasco-apos-a-classificacao-na-copa-do-brasil\/#respond\"]}],\"copyrightYear\":\"2024\",\"copyrightHolder\":{\"@id\":\"https:\/\/www.gaveanews.com\/#organization\"}},{\"@type\":\"WebPage\",\"@id\":\"https:\/\/www.gaveanews.com\/index.php\/2024\/08\/07\/a-declaracao-do-tecnico-do-vasco-apos-a-classificacao-na-copa-do-brasil\/\",\"url\":\"https:\/\/www.gaveanews.com\/index.php\/2024\/08\/07\/a-declaracao-do-tecnico-do-vasco-apos-a-classificacao-na-copa-do-brasil\/\",\"name\":\"A declara\u00e7\u00e3o do t\u00e9cnico do Vasco ap\u00f3s a classifica\u00e7\u00e3o na Copa do Brasil\",\"isPartOf\":{\"@id\":\"https:\/\/www.gaveanews.com\/#website\"},\"primaryImageOfPage\":{\"@id\":\"https:\/\/www.gaveanews.com\/index.php\/2024\/08\/07\/a-declaracao-do-tecnico-do-vasco-apos-a-classificacao-na-copa-do-brasil\/#primaryimage\"},\"image\":{\"@id\":\"https:\/\/www.gaveanews.com\/index.php\/2024\/08\/07\/a-declaracao-do-tecnico-do-vasco-apos-a-classificacao-na-copa-do-brasil\/#primaryimage\"},\"thumbnailUrl\":\"https:\/\/www.gaveanews.com\/wp-content\/uploads\/Rafael-Paiva-durante-treino-do-Vasco.avif\",\"datePublished\":\"2024-08-07T19:15:00+00:00\",\"author\":{\"@id\":\"https:\/\/www.gaveanews.com\/#\/schema\/person\/32fddefab25b466689f181be346cd98c\"},\"breadcrumb\":{\"@id\":\"https:\/\/www.gaveanews.com\/index.php\/2024\/08\/07\/a-declaracao-do-tecnico-do-vasco-apos-a-classificacao-na-copa-do-brasil\/#breadcrumb\"},\"inLanguage\":\"pt-BR\",\"potentialAction\":[{\"@type\":\"ReadAction\",\"target\":[\"https:\/\/www.gaveanews.com\/index.php\/2024\/08\/07\/a-declaracao-do-tecnico-do-vasco-apos-a-classificacao-na-copa-do-brasil\/\"]}]},{\"@type\":\"ImageObject\",\"inLanguage\":\"pt-BR\",\"@id\":\"https:\/\/www.gaveanews.com\/index.php\/2024\/08\/07\/a-declaracao-do-tecnico-do-vasco-apos-a-classificacao-na-copa-do-brasil\/#primaryimage\",\"url\":\"https:\/\/www.gaveanews.com\/wp-content\/uploads\/Rafael-Paiva-durante-treino-do-Vasco.avif\",\"contentUrl\":\"https:\/\/www.gaveanews.com\/wp-content\/uploads\/Rafael-Paiva-durante-treino-do-Vasco.avif\",\"width\":984,\"height\":656,\"caption\":\"Rafael Paiva durante treino do Vasco (Foto: Matheus Lima\/Vasco)\"},{\"@type\":\"BreadcrumbList\",\"@id\":\"https:\/\/www.gaveanews.com\/index.php\/2024\/08\/07\/a-declaracao-do-tecnico-do-vasco-apos-a-classificacao-na-copa-do-brasil\/#breadcrumb\",\"itemListElement\":[{\"@type\":\"ListItem\",\"position\":1,\"name\":\"Home\",\"item\":\"https:\/\/www.gaveanews.com\/\"},{\"@type\":\"ListItem\",\"position\":2,\"name\":\"A declara\u00e7\u00e3o do t\u00e9cnico do Vasco ap\u00f3s a classifica\u00e7\u00e3o na Copa do Brasil\"}]},{\"@type\":\"WebSite\",\"@id\":\"https:\/\/www.gaveanews.com\/#website\",\"url\":\"https:\/\/www.gaveanews.com\/\",\"name\":\"G\u00e1vea News\",\"description\":\"Veja todas as not\u00edcias sobre o Flamengo: Contrata\u00e7\u00f5es, categorias de base, resultados das partidas, tabela de classifica\u00e7\u00e3o, pr\u00f3ximos jogos!\",\"potentialAction\":[{\"@type\":\"SearchAction\",\"target\":{\"@type\":\"EntryPoint\",\"urlTemplate\":\"https:\/\/www.gaveanews.com\/?s={search_term_string}\"},\"query-input\":{\"@type\":\"PropertyValueSpecification\",\"valueRequired\":true,\"valueName\":\"search_term_string\"}}],\"inLanguage\":\"pt-BR\"},{\"@type\":\"Person\",\"@id\":\"https:\/\/www.gaveanews.com\/#\/schema\/person\/32fddefab25b466689f181be346cd98c\",\"name\":\"Bruno Zanchetta\",\"image\":{\"@type\":\"ImageObject\",\"inLanguage\":\"pt-BR\",\"@id\":\"https:\/\/www.gaveanews.com\/#\/schema\/person\/image\/\",\"url\":\"https:\/\/secure.gravatar.com\/avatar\/3ba2d39f8a912ad65276975a996d6ad8d9e3dd13448684be8dc4d7c17099d2ee?s=96&d=mm&r=g\",\"contentUrl\":\"https:\/\/secure.gravatar.com\/avatar\/3ba2d39f8a912ad65276975a996d6ad8d9e3dd13448684be8dc4d7c17099d2ee?s=96&d=mm&r=g\",\"caption\":\"Bruno Zanchetta\"}}]}<\/script>\n<!-- \/ Yoast SEO Premium plugin. -->","yoast_head_json":{"title":"A declara\u00e7\u00e3o do t\u00e9cnico do Vasco ap\u00f3s a classifica\u00e7\u00e3o na Copa do Brasil","robots":{"index":"index","follow":"follow","max-snippet":"max-snippet:-1","max-image-preview":"max-image-preview:large","max-video-preview":"max-video-preview:-1"},"canonical":"https:\/\/www.gaveanews.com\/index.php\/2024\/08\/07\/a-declaracao-do-tecnico-do-vasco-apos-a-classificacao-na-copa-do-brasil\/","og_locale":"pt_BR","og_type":"article","og_title":"A declara\u00e7\u00e3o do t\u00e9cnico do Vasco ap\u00f3s a classifica\u00e7\u00e3o na Copa do Brasil","og_description":"Rafael Paiva conseguiu classificar o Vasco na Copa do Brasil. Ap\u00f3s um empate por 1 a 1 e uma vit\u00f3ria simples por 1 a 0, em S\u00e3o Janu\u00e1rio. Ap\u00f3s a vit\u00f3ria, Rafael Paiva comentou sobre a classifica\u00e7\u00e3o e a boa atua\u00e7\u00e3o do Vasco que fez com que o clube conseguisse mais um pagamento da CBF [&hellip;]","og_url":"https:\/\/www.gaveanews.com\/index.php\/2024\/08\/07\/a-declaracao-do-tecnico-do-vasco-apos-a-classificacao-na-copa-do-brasil\/","og_site_name":"G\u00e1vea News","article_publisher":"https:\/\/facebook.com\/gaveaNews\/","article_published_time":"2024-08-07T19:15:00+00:00","author":"Bruno Zanchetta","twitter_card":"summary_large_image","twitter_misc":{"Escrito por":"Bruno Zanchetta","Est. tempo de leitura":"3 minutos"},"schema":{"@context":"https:\/\/schema.org","@graph":[{"@type":"NewsArticle","@id":"https:\/\/www.gaveanews.com\/index.php\/2024\/08\/07\/a-declaracao-do-tecnico-do-vasco-apos-a-classificacao-na-copa-do-brasil\/#article","isPartOf":{"@id":"https:\/\/www.gaveanews.com\/index.php\/2024\/08\/07\/a-declaracao-do-tecnico-do-vasco-apos-a-classificacao-na-copa-do-brasil\/"},"author":{"name":"Bruno Zanchetta","@id":"https:\/\/www.gaveanews.com\/#\/schema\/person\/32fddefab25b466689f181be346cd98c"},"headline":"A declara\u00e7\u00e3o do t\u00e9cnico do Vasco ap\u00f3s a classifica\u00e7\u00e3o na Copa do Brasil","datePublished":"2024-08-07T19:15:00+00:00","mainEntityOfPage":{"@id":"https:\/\/www.gaveanews.com\/index.php\/2024\/08\/07\/a-declaracao-do-tecnico-do-vasco-apos-a-classificacao-na-copa-do-brasil\/"},"wordCount":412,"commentCount":0,"image":{"@id":"https:\/\/www.gaveanews.com\/index.php\/2024\/08\/07\/a-declaracao-do-tecnico-do-vasco-apos-a-classificacao-na-copa-do-brasil\/#primaryimage"},"thumbnailUrl":"https:\/\/www.gaveanews.com\/wp-content\/uploads\/Rafael-Paiva-durante-treino-do-Vasco.avif","articleSection":["Vasco"],"inLanguage":"pt-BR","potentialAction":[{"@type":"CommentAction","name":"Comment","target":["https:\/\/www.gaveanews.com\/index.php\/2024\/08\/07\/a-declaracao-do-tecnico-do-vasco-apos-a-classificacao-na-copa-do-brasil\/#respond"]}],"copyrightYear":"2024","copyrightHolder":{"@id":"https:\/\/www.gaveanews.com\/#organization"}},{"@type":"WebPage","@id":"https:\/\/www.gaveanews.com\/index.php\/2024\/08\/07\/a-declaracao-do-tecnico-do-vasco-apos-a-classificacao-na-copa-do-brasil\/","url":"https:\/\/www.gaveanews.com\/index.php\/2024\/08\/07\/a-declaracao-do-tecnico-do-vasco-apos-a-classificacao-na-copa-do-brasil\/","name":"A declara\u00e7\u00e3o do t\u00e9cnico do Vasco ap\u00f3s a classifica\u00e7\u00e3o na Copa do Brasil","isPartOf":{"@id":"https:\/\/www.gaveanews.com\/#website"},"primaryImageOfPage":{"@id":"https:\/\/www.gaveanews.com\/index.php\/2024\/08\/07\/a-declaracao-do-tecnico-do-vasco-apos-a-classificacao-na-copa-do-brasil\/#primaryimage"},"image":{"@id":"https:\/\/www.gaveanews.com\/index.php\/2024\/08\/07\/a-declaracao-do-tecnico-do-vasco-apos-a-classificacao-na-copa-do-brasil\/#primaryimage"},"thumbnailUrl":"https:\/\/www.gaveanews.com\/wp-content\/uploads\/Rafael-Paiva-durante-treino-do-Vasco.avif","datePublished":"2024-08-07T19:15:00+00:00","author":{"@id":"https:\/\/www.gaveanews.com\/#\/schema\/person\/32fddefab25b466689f181be346cd98c"},"breadcrumb":{"@id":"https:\/\/www.gaveanews.com\/index.php\/2024\/08\/07\/a-declaracao-do-tecnico-do-vasco-apos-a-classificacao-na-copa-do-brasil\/#breadcrumb"},"inLanguage":"pt-BR","potentialAction":[{"@type":"ReadAction","target":["https:\/\/www.gaveanews.com\/index.php\/2024\/08\/07\/a-declaracao-do-tecnico-do-vasco-apos-a-classificacao-na-copa-do-brasil\/"]}]},{"@type":"ImageObject","inLanguage":"pt-BR","@id":"https:\/\/www.gaveanews.com\/index.php\/2024\/08\/07\/a-declaracao-do-tecnico-do-vasco-apos-a-classificacao-na-copa-do-brasil\/#primaryimage","url":"https:\/\/www.gaveanews.com\/wp-content\/uploads\/Rafael-Paiva-durante-treino-do-Vasco.avif","contentUrl":"https:\/\/www.gaveanews.com\/wp-content\/uploads\/Rafael-Paiva-durante-treino-do-Vasco.avif","width":984,"height":656,"caption":"Rafael Paiva durante treino do Vasco (Foto: Matheus Lima\/Vasco)"},{"@type":"BreadcrumbList","@id":"https:\/\/www.gaveanews.com\/index.php\/2024\/08\/07\/a-declaracao-do-tecnico-do-vasco-apos-a-classificacao-na-copa-do-brasil\/#breadcrumb","itemListElement":[{"@type":"ListItem","position":1,"name":"Home","item":"https:\/\/www.gaveanews.com\/"},{"@type":"ListItem","position":2,"name":"A declara\u00e7\u00e3o do t\u00e9cnico do Vasco ap\u00f3s a classifica\u00e7\u00e3o na Copa do Brasil"}]},{"@type":"WebSite","@id":"https:\/\/www.gaveanews.com\/#website","url":"https:\/\/www.gaveanews.com\/","name":"G\u00e1vea News","description":"Veja todas as not\u00edcias sobre o Flamengo: Contrata\u00e7\u00f5es, categorias de base, resultados das partidas, tabela de classifica\u00e7\u00e3o, pr\u00f3ximos jogos!","potentialAction":[{"@type":"SearchAction","target":{"@type":"EntryPoint","urlTemplate":"https:\/\/www.gaveanews.com\/?s={search_term_string}"},"query-input":{"@type":"PropertyValueSpecification","valueRequired":true,"valueName":"search_term_string"}}],"inLanguage":"pt-BR"},{"@type":"Person","@id":"https:\/\/www.gaveanews.com\/#\/schema\/person\/32fddefab25b466689f181be346cd98c","name":"Bruno Zanchetta","image":{"@type":"ImageObject","inLanguage":"pt-BR","@id":"https:\/\/www.gaveanews.com\/#\/schema\/person\/image\/","url":"https:\/\/secure.gravatar.com\/avatar\/3ba2d39f8a912ad65276975a996d6ad8d9e3dd13448684be8dc4d7c17099d2ee?s=96&d=mm&r=g","contentUrl":"https:\/\/secure.gravatar.com\/avatar\/3ba2d39f8a912ad65276975a996d6ad8d9e3dd13448684be8dc4d7c17099d2ee?s=96&d=mm&r=g","caption":"Bruno Zanchetta"}}]}},"_links":{"self":[{"href":"https:\/\/www.gaveanews.com\/index.php\/wp-json\/wp\/v2\/posts\/157074","targetHints":{"allow":["GET"]}}],"collection":[{"href":"https:\/\/www.gaveanews.com\/index.php\/wp-json\/wp\/v2\/posts"}],"about":[{"href":"https:\/\/www.gaveanews.com\/index.php\/wp-json\/wp\/v2\/types\/post"}],"author":[{"embeddable":true,"href":"https:\/\/www.gaveanews.com\/index.php\/wp-json\/wp\/v2\/users\/19"}],"replies":[{"embeddable":true,"href":"https:\/\/www.gaveanews.com\/index.php\/wp-json\/wp\/v2\/comments?post=157074"}],"version-history":[{"count":2,"href":"https:\/\/www.gaveanews.com\/index.php\/wp-json\/wp\/v2\/posts\/157074\/revisions"}],"predecessor-version":[{"id":157099,"href":"https:\/\/www.gaveanews.com\/index.php\/wp-json\/wp\/v2\/posts\/157074\/revisions\/157099"}],"wp:featuredmedia":[{"embeddable":true,"href":"https:\/\/www.gaveanews.com\/index.php\/wp-json\/wp\/v2\/media\/152028"}],"wp:attachment":[{"href":"https:\/\/www.gaveanews.com\/index.php\/wp-json\/wp\/v2\/media?parent=157074"}],"wp:term":[{"taxonomy":"category","embeddable":true,"href":"https:\/\/www.gaveanews.com\/index.php\/wp-json\/wp\/v2\/categories?post=157074"},{"taxonomy":"post_tag","embeddable":true,"href":"https:\/\/www.gaveanews.com\/index.php\/wp-json\/wp\/v2\/tags?post=157074"}],"curies":[{"name":"wp","href":"https:\/\/api.w.org\/{rel}","templated":true}]}}