{"id":157501,"date":"2024-08-09T00:57:54","date_gmt":"2024-08-09T03:57:54","guid":{"rendered":"https:\/\/www.gaveanews.com\/?p=157501"},"modified":"2024-08-09T00:57:54","modified_gmt":"2024-08-09T03:57:54","slug":"goias-x-sao-paulo-a-declaracao-de-carlos-gruezo-auxiliar-tecnico","status":"publish","type":"post","link":"https:\/\/www.gaveanews.com\/index.php\/2024\/08\/09\/goias-x-sao-paulo-a-declaracao-de-carlos-gruezo-auxiliar-tecnico\/","title":{"rendered":"Goi\u00e1s x S\u00e3o Paulo: a declara\u00e7\u00e3o de Carlos Gruezo, auxiliar t\u00e9cnico"},"content":{"rendered":"\n<h2 class=\"wp-block-heading\" id=\"h-carlos-gruezo-comenta-empate-do-sao-paulo-com-goias-e-expulsao-de-zubeldia\">Carlos Gruezo comenta empate do S\u00e3o Paulo com Goi\u00e1s e expuls\u00e3o de Zubeld\u00eda<\/h2>\n\n\n\n<p>Ap\u00f3s o empate do S\u00e3o Paulo contra o Goi\u00e1s, que garantiu a classifica\u00e7\u00e3o do Tricolor em uma s\u00e9rie dif\u00edcil, Carlos Gruezo, auxiliar t\u00e9cnico de Luis Zubeld\u00eda, falou sobre a partida e os acontecimentos tumultuados no final do jogo. Zubeld\u00eda foi expulso pelo \u00e1rbitro ap\u00f3s se dirigir ao campo, o que Gruezo explicou durante a coletiva de imprensa.<\/p>\n\n\n\n<ul class=\"wp-block-list\">\n<li><a href=\"https:\/\/www.gaveanews.com\/index.php\/2024\/08\/08\/goias-x-sao-paulo-a-declaracao-de-lucas-moura\/\">Goi\u00e1s x S\u00e3o Paulo: a declara\u00e7\u00e3o de Lucas Moura<\/a><\/li>\n\n\n\n<li><a href=\"https:\/\/www.gaveanews.com\/index.php\/2024\/08\/08\/goias-x-sao-paulo-a-declaracao-de-luciano\/\">Goi\u00e1s x S\u00e3o Paulo: a declara\u00e7\u00e3o de Luciano<\/a><\/li>\n<\/ul>\n\n\n\n<p>&#8220;Luis foi at\u00e9 o campo para ver o que estava havendo, foi pela paz, o \u00e1rbitro considerou uma falta e por isso foi expulso. Preferiu n\u00e3o vir na coletiva de imprensa, mas est\u00e1 feliz pela classifica\u00e7\u00e3o&#8221;, comentou o equatoriano, lamentando a maneira como a partida terminou. <\/p>\n\n\n\n<p>&#8220;Lament\u00e1vel finalizar assim uma s\u00e9rie dif\u00edcil, com duas equipes que deram o melhor, n\u00f3s e o Goi\u00e1s, uma s\u00e9rie que estava aberta, lamentavelmente acabou assim&#8221;, comentou. <\/p>\n\n\n\n<p>Outro ponto abordado por Gruezo foi a aus\u00eancia de Marcos Ant\u00f4nio nas \u00faltimas tr\u00eas partidas, onde o meio-campista permaneceu no banco sem ser utilizado. Segundo o auxiliar, a comiss\u00e3o t\u00e9cnica est\u00e1 preparando o jogador para o momento certo de integr\u00e1-lo ao time.<\/p>\n\n\n\n<p>&#8220;Marcos \u00e9 um jogador que rec\u00e9m-chegou ao elenco, vai seguir as etapas de adequa\u00e7\u00e3o, e no momento que o Luis decida, vai jogar. N\u00e3o treinava com bola h\u00e1 muito tempo, s\u00f3 com um personal, o que n\u00e3o \u00e9 o mesmo. Um jogador interessante, estamos dando as ferramentas para quando ele entrar&#8221;, afirmou. <\/p>\n\n\n\n<p>Gruezo tamb\u00e9m comentou sobre poss\u00edveis refor\u00e7os e a diferen\u00e7a no futebol brasileiro em rela\u00e7\u00e3o \u00e0 sequ\u00eancia intensa de jogos. Ele destacou a dedica\u00e7\u00e3o do elenco, que, segundo ele, est\u00e1 comprometido com os objetivos do clube.<\/p>\n\n\n\n<p>&#8220;A comiss\u00e3o sempre faz an\u00e1lise com a dire\u00e7\u00e3o do que se necessita, vamos ver o que acontece at\u00e9 amanh\u00e3, s\u00e3o 24h, todos os jogadores que podem chegar ser\u00e3o bem recebidos. Tomara que cheguem, ou com o que temos enfrentaremos o que vier, sempre pensando em coisas importantes&#8221;, disse o auxiliar.<\/p>\n\n\n\n<p>E completou: &#8220;A diferen\u00e7a do futebol brasileiro \u00e9 a sequ\u00eancia de jogos. Temos um elenco, n\u00e3o sei se t\u00e3o amplo, mas que te permite jogar jogos seguidos. Creio que a equipe, tudo o que consegue, \u00e9 pelo esfor\u00e7o, com princ\u00edpios s\u00e9rios. Estamos contentes com a entrega, todos s\u00e3o comprometidos&#8221;, finalizou.<\/p>\n","protected":false},"excerpt":{"rendered":"<p>Carlos Gruezo comenta empate do S\u00e3o Paulo com Goi\u00e1s e expuls\u00e3o de Zubeld\u00eda Ap\u00f3s o empate do S\u00e3o Paulo contra o Goi\u00e1s, que garantiu a classifica\u00e7\u00e3o do Tricolor em uma s\u00e9rie dif\u00edcil, Carlos Gruezo, auxiliar t\u00e9cnico de Luis Zubeld\u00eda, falou sobre a partida e os acontecimentos tumultuados no final do jogo. Zubeld\u00eda foi expulso pelo [&hellip;]<\/p>\n","protected":false},"author":17,"featured_media":154249,"comment_status":"open","ping_status":"closed","sticky":false,"template":"","format":"standard","meta":{"footnotes":""},"categories":[151],"tags":[],"class_list":["post-157501","post","type-post","status-publish","format-standard","has-post-thumbnail","hentry","category-sao-paulo"],"yoast_head":"<!-- This site is optimized with the Yoast SEO Premium plugin v24.2 (Yoast SEO v26.9) - https:\/\/yoast.com\/product\/yoast-seo-premium-wordpress\/ -->\n<title>Goi\u00e1s x S\u00e3o Paulo: a declara\u00e7\u00e3o de Carlos Gruezo, auxiliar t\u00e9cnico<\/title>\n<meta name=\"robots\" content=\"index, follow, max-snippet:-1, max-image-preview:large, max-video-preview:-1\" \/>\n<link rel=\"canonical\" href=\"https:\/\/www.gaveanews.com\/index.php\/2024\/08\/09\/goias-x-sao-paulo-a-declaracao-de-carlos-gruezo-auxiliar-tecnico\/\" \/>\n<meta property=\"og:locale\" content=\"pt_BR\" \/>\n<meta property=\"og:type\" content=\"article\" \/>\n<meta property=\"og:title\" content=\"Goi\u00e1s x S\u00e3o Paulo: a declara\u00e7\u00e3o de Carlos Gruezo, auxiliar t\u00e9cnico\" \/>\n<meta property=\"og:description\" content=\"Carlos Gruezo comenta empate do S\u00e3o Paulo com Goi\u00e1s e expuls\u00e3o de Zubeld\u00eda Ap\u00f3s o empate do S\u00e3o Paulo contra o Goi\u00e1s, que garantiu a classifica\u00e7\u00e3o do Tricolor em uma s\u00e9rie dif\u00edcil, Carlos Gruezo, auxiliar t\u00e9cnico de Luis Zubeld\u00eda, falou sobre a partida e os acontecimentos tumultuados no final do jogo. Zubeld\u00eda foi expulso pelo [&hellip;]\" \/>\n<meta property=\"og:url\" content=\"https:\/\/www.gaveanews.com\/index.php\/2024\/08\/09\/goias-x-sao-paulo-a-declaracao-de-carlos-gruezo-auxiliar-tecnico\/\" \/>\n<meta property=\"og:site_name\" content=\"G\u00e1vea News\" \/>\n<meta property=\"article:publisher\" content=\"https:\/\/facebook.com\/gaveaNews\/\" \/>\n<meta property=\"article:published_time\" content=\"2024-08-09T03:57:54+00:00\" \/>\n<meta property=\"og:image\" content=\"https:\/\/www.gaveanews.com\/wp-content\/uploads\/Bandeira-do-Sao-Paulo-no-Morumbis-em-2024.webp\" \/>\n\t<meta property=\"og:image:width\" content=\"1000\" \/>\n\t<meta property=\"og:image:height\" content=\"667\" \/>\n\t<meta property=\"og:image:type\" content=\"image\/webp\" \/>\n<meta name=\"author\" content=\"Geovanna Thomaz\" \/>\n<meta name=\"twitter:card\" content=\"summary_large_image\" \/>\n<meta name=\"twitter:label1\" content=\"Escrito por\" \/>\n\t<meta name=\"twitter:data1\" content=\"Geovanna Thomaz\" \/>\n\t<meta name=\"twitter:label2\" content=\"Est. tempo de leitura\" \/>\n\t<meta name=\"twitter:data2\" content=\"3 minutos\" \/>\n<script type=\"application\/ld+json\" class=\"yoast-schema-graph\">{\"@context\":\"https:\/\/schema.org\",\"@graph\":[{\"@type\":\"NewsArticle\",\"@id\":\"https:\/\/www.gaveanews.com\/index.php\/2024\/08\/09\/goias-x-sao-paulo-a-declaracao-de-carlos-gruezo-auxiliar-tecnico\/#article\",\"isPartOf\":{\"@id\":\"https:\/\/www.gaveanews.com\/index.php\/2024\/08\/09\/goias-x-sao-paulo-a-declaracao-de-carlos-gruezo-auxiliar-tecnico\/\"},\"author\":{\"name\":\"Geovanna Thomaz\",\"@id\":\"https:\/\/www.gaveanews.com\/#\/schema\/person\/f42654babcd2b2014a1a65af82b081f1\"},\"headline\":\"Goi\u00e1s x S\u00e3o Paulo: a declara\u00e7\u00e3o de Carlos Gruezo, auxiliar t\u00e9cnico\",\"datePublished\":\"2024-08-09T03:57:54+00:00\",\"mainEntityOfPage\":{\"@id\":\"https:\/\/www.gaveanews.com\/index.php\/2024\/08\/09\/goias-x-sao-paulo-a-declaracao-de-carlos-gruezo-auxiliar-tecnico\/\"},\"wordCount\":456,\"commentCount\":0,\"image\":{\"@id\":\"https:\/\/www.gaveanews.com\/index.php\/2024\/08\/09\/goias-x-sao-paulo-a-declaracao-de-carlos-gruezo-auxiliar-tecnico\/#primaryimage\"},\"thumbnailUrl\":\"https:\/\/www.gaveanews.com\/wp-content\/uploads\/Bandeira-do-Sao-Paulo-no-Morumbis-em-2024.webp\",\"articleSection\":[\"S\u00e3o Paulo\"],\"inLanguage\":\"pt-BR\",\"potentialAction\":[{\"@type\":\"CommentAction\",\"name\":\"Comment\",\"target\":[\"https:\/\/www.gaveanews.com\/index.php\/2024\/08\/09\/goias-x-sao-paulo-a-declaracao-de-carlos-gruezo-auxiliar-tecnico\/#respond\"]}],\"copyrightYear\":\"2024\",\"copyrightHolder\":{\"@id\":\"https:\/\/www.gaveanews.com\/#organization\"}},{\"@type\":\"WebPage\",\"@id\":\"https:\/\/www.gaveanews.com\/index.php\/2024\/08\/09\/goias-x-sao-paulo-a-declaracao-de-carlos-gruezo-auxiliar-tecnico\/\",\"url\":\"https:\/\/www.gaveanews.com\/index.php\/2024\/08\/09\/goias-x-sao-paulo-a-declaracao-de-carlos-gruezo-auxiliar-tecnico\/\",\"name\":\"Goi\u00e1s x S\u00e3o Paulo: a declara\u00e7\u00e3o de Carlos Gruezo, auxiliar t\u00e9cnico\",\"isPartOf\":{\"@id\":\"https:\/\/www.gaveanews.com\/#website\"},\"primaryImageOfPage\":{\"@id\":\"https:\/\/www.gaveanews.com\/index.php\/2024\/08\/09\/goias-x-sao-paulo-a-declaracao-de-carlos-gruezo-auxiliar-tecnico\/#primaryimage\"},\"image\":{\"@id\":\"https:\/\/www.gaveanews.com\/index.php\/2024\/08\/09\/goias-x-sao-paulo-a-declaracao-de-carlos-gruezo-auxiliar-tecnico\/#primaryimage\"},\"thumbnailUrl\":\"https:\/\/www.gaveanews.com\/wp-content\/uploads\/Bandeira-do-Sao-Paulo-no-Morumbis-em-2024.webp\",\"datePublished\":\"2024-08-09T03:57:54+00:00\",\"author\":{\"@id\":\"https:\/\/www.gaveanews.com\/#\/schema\/person\/f42654babcd2b2014a1a65af82b081f1\"},\"breadcrumb\":{\"@id\":\"https:\/\/www.gaveanews.com\/index.php\/2024\/08\/09\/goias-x-sao-paulo-a-declaracao-de-carlos-gruezo-auxiliar-tecnico\/#breadcrumb\"},\"inLanguage\":\"pt-BR\",\"potentialAction\":[{\"@type\":\"ReadAction\",\"target\":[\"https:\/\/www.gaveanews.com\/index.php\/2024\/08\/09\/goias-x-sao-paulo-a-declaracao-de-carlos-gruezo-auxiliar-tecnico\/\"]}]},{\"@type\":\"ImageObject\",\"inLanguage\":\"pt-BR\",\"@id\":\"https:\/\/www.gaveanews.com\/index.php\/2024\/08\/09\/goias-x-sao-paulo-a-declaracao-de-carlos-gruezo-auxiliar-tecnico\/#primaryimage\",\"url\":\"https:\/\/www.gaveanews.com\/wp-content\/uploads\/Bandeira-do-Sao-Paulo-no-Morumbis-em-2024.webp\",\"contentUrl\":\"https:\/\/www.gaveanews.com\/wp-content\/uploads\/Bandeira-do-Sao-Paulo-no-Morumbis-em-2024.webp\",\"width\":1000,\"height\":667,\"caption\":\"Bandeira do S\u00e3o Paulo no Morumbis em 2024 (Foto: Reprodu\u00e7\u00e3o\/S\u00e3o Paulo)\"},{\"@type\":\"BreadcrumbList\",\"@id\":\"https:\/\/www.gaveanews.com\/index.php\/2024\/08\/09\/goias-x-sao-paulo-a-declaracao-de-carlos-gruezo-auxiliar-tecnico\/#breadcrumb\",\"itemListElement\":[{\"@type\":\"ListItem\",\"position\":1,\"name\":\"Home\",\"item\":\"https:\/\/www.gaveanews.com\/\"},{\"@type\":\"ListItem\",\"position\":2,\"name\":\"Goi\u00e1s x S\u00e3o Paulo: a declara\u00e7\u00e3o de Carlos Gruezo, auxiliar t\u00e9cnico\"}]},{\"@type\":\"WebSite\",\"@id\":\"https:\/\/www.gaveanews.com\/#website\",\"url\":\"https:\/\/www.gaveanews.com\/\",\"name\":\"G\u00e1vea News\",\"description\":\"Veja todas as not\u00edcias sobre o Flamengo: Contrata\u00e7\u00f5es, categorias de base, resultados das partidas, tabela de classifica\u00e7\u00e3o, pr\u00f3ximos jogos!\",\"potentialAction\":[{\"@type\":\"SearchAction\",\"target\":{\"@type\":\"EntryPoint\",\"urlTemplate\":\"https:\/\/www.gaveanews.com\/?s={search_term_string}\"},\"query-input\":{\"@type\":\"PropertyValueSpecification\",\"valueRequired\":true,\"valueName\":\"search_term_string\"}}],\"inLanguage\":\"pt-BR\"},{\"@type\":\"Person\",\"@id\":\"https:\/\/www.gaveanews.com\/#\/schema\/person\/f42654babcd2b2014a1a65af82b081f1\",\"name\":\"Geovanna Thomaz\",\"image\":{\"@type\":\"ImageObject\",\"inLanguage\":\"pt-BR\",\"@id\":\"https:\/\/www.gaveanews.com\/#\/schema\/person\/image\/\",\"url\":\"https:\/\/secure.gravatar.com\/avatar\/4092073255489533afb558984b49b64268c47198af8623cc82a925ae9fb7118a?s=96&d=mm&r=g\",\"contentUrl\":\"https:\/\/secure.gravatar.com\/avatar\/4092073255489533afb558984b49b64268c47198af8623cc82a925ae9fb7118a?s=96&d=mm&r=g\",\"caption\":\"Geovanna Thomaz\"}}]}<\/script>\n<!-- \/ Yoast SEO Premium plugin. -->","yoast_head_json":{"title":"Goi\u00e1s x S\u00e3o Paulo: a declara\u00e7\u00e3o de Carlos Gruezo, auxiliar t\u00e9cnico","robots":{"index":"index","follow":"follow","max-snippet":"max-snippet:-1","max-image-preview":"max-image-preview:large","max-video-preview":"max-video-preview:-1"},"canonical":"https:\/\/www.gaveanews.com\/index.php\/2024\/08\/09\/goias-x-sao-paulo-a-declaracao-de-carlos-gruezo-auxiliar-tecnico\/","og_locale":"pt_BR","og_type":"article","og_title":"Goi\u00e1s x S\u00e3o Paulo: a declara\u00e7\u00e3o de Carlos Gruezo, auxiliar t\u00e9cnico","og_description":"Carlos Gruezo comenta empate do S\u00e3o Paulo com Goi\u00e1s e expuls\u00e3o de Zubeld\u00eda Ap\u00f3s o empate do S\u00e3o Paulo contra o Goi\u00e1s, que garantiu a classifica\u00e7\u00e3o do Tricolor em uma s\u00e9rie dif\u00edcil, Carlos Gruezo, auxiliar t\u00e9cnico de Luis Zubeld\u00eda, falou sobre a partida e os acontecimentos tumultuados no final do jogo. Zubeld\u00eda foi expulso pelo [&hellip;]","og_url":"https:\/\/www.gaveanews.com\/index.php\/2024\/08\/09\/goias-x-sao-paulo-a-declaracao-de-carlos-gruezo-auxiliar-tecnico\/","og_site_name":"G\u00e1vea News","article_publisher":"https:\/\/facebook.com\/gaveaNews\/","article_published_time":"2024-08-09T03:57:54+00:00","og_image":[{"width":1000,"height":667,"url":"https:\/\/www.gaveanews.com\/wp-content\/uploads\/Bandeira-do-Sao-Paulo-no-Morumbis-em-2024.webp","type":"image\/webp"}],"author":"Geovanna Thomaz","twitter_card":"summary_large_image","twitter_misc":{"Escrito por":"Geovanna Thomaz","Est. tempo de leitura":"3 minutos"},"schema":{"@context":"https:\/\/schema.org","@graph":[{"@type":"NewsArticle","@id":"https:\/\/www.gaveanews.com\/index.php\/2024\/08\/09\/goias-x-sao-paulo-a-declaracao-de-carlos-gruezo-auxiliar-tecnico\/#article","isPartOf":{"@id":"https:\/\/www.gaveanews.com\/index.php\/2024\/08\/09\/goias-x-sao-paulo-a-declaracao-de-carlos-gruezo-auxiliar-tecnico\/"},"author":{"name":"Geovanna Thomaz","@id":"https:\/\/www.gaveanews.com\/#\/schema\/person\/f42654babcd2b2014a1a65af82b081f1"},"headline":"Goi\u00e1s x S\u00e3o Paulo: a declara\u00e7\u00e3o de Carlos Gruezo, auxiliar t\u00e9cnico","datePublished":"2024-08-09T03:57:54+00:00","mainEntityOfPage":{"@id":"https:\/\/www.gaveanews.com\/index.php\/2024\/08\/09\/goias-x-sao-paulo-a-declaracao-de-carlos-gruezo-auxiliar-tecnico\/"},"wordCount":456,"commentCount":0,"image":{"@id":"https:\/\/www.gaveanews.com\/index.php\/2024\/08\/09\/goias-x-sao-paulo-a-declaracao-de-carlos-gruezo-auxiliar-tecnico\/#primaryimage"},"thumbnailUrl":"https:\/\/www.gaveanews.com\/wp-content\/uploads\/Bandeira-do-Sao-Paulo-no-Morumbis-em-2024.webp","articleSection":["S\u00e3o Paulo"],"inLanguage":"pt-BR","potentialAction":[{"@type":"CommentAction","name":"Comment","target":["https:\/\/www.gaveanews.com\/index.php\/2024\/08\/09\/goias-x-sao-paulo-a-declaracao-de-carlos-gruezo-auxiliar-tecnico\/#respond"]}],"copyrightYear":"2024","copyrightHolder":{"@id":"https:\/\/www.gaveanews.com\/#organization"}},{"@type":"WebPage","@id":"https:\/\/www.gaveanews.com\/index.php\/2024\/08\/09\/goias-x-sao-paulo-a-declaracao-de-carlos-gruezo-auxiliar-tecnico\/","url":"https:\/\/www.gaveanews.com\/index.php\/2024\/08\/09\/goias-x-sao-paulo-a-declaracao-de-carlos-gruezo-auxiliar-tecnico\/","name":"Goi\u00e1s x S\u00e3o Paulo: a declara\u00e7\u00e3o de Carlos Gruezo, auxiliar t\u00e9cnico","isPartOf":{"@id":"https:\/\/www.gaveanews.com\/#website"},"primaryImageOfPage":{"@id":"https:\/\/www.gaveanews.com\/index.php\/2024\/08\/09\/goias-x-sao-paulo-a-declaracao-de-carlos-gruezo-auxiliar-tecnico\/#primaryimage"},"image":{"@id":"https:\/\/www.gaveanews.com\/index.php\/2024\/08\/09\/goias-x-sao-paulo-a-declaracao-de-carlos-gruezo-auxiliar-tecnico\/#primaryimage"},"thumbnailUrl":"https:\/\/www.gaveanews.com\/wp-content\/uploads\/Bandeira-do-Sao-Paulo-no-Morumbis-em-2024.webp","datePublished":"2024-08-09T03:57:54+00:00","author":{"@id":"https:\/\/www.gaveanews.com\/#\/schema\/person\/f42654babcd2b2014a1a65af82b081f1"},"breadcrumb":{"@id":"https:\/\/www.gaveanews.com\/index.php\/2024\/08\/09\/goias-x-sao-paulo-a-declaracao-de-carlos-gruezo-auxiliar-tecnico\/#breadcrumb"},"inLanguage":"pt-BR","potentialAction":[{"@type":"ReadAction","target":["https:\/\/www.gaveanews.com\/index.php\/2024\/08\/09\/goias-x-sao-paulo-a-declaracao-de-carlos-gruezo-auxiliar-tecnico\/"]}]},{"@type":"ImageObject","inLanguage":"pt-BR","@id":"https:\/\/www.gaveanews.com\/index.php\/2024\/08\/09\/goias-x-sao-paulo-a-declaracao-de-carlos-gruezo-auxiliar-tecnico\/#primaryimage","url":"https:\/\/www.gaveanews.com\/wp-content\/uploads\/Bandeira-do-Sao-Paulo-no-Morumbis-em-2024.webp","contentUrl":"https:\/\/www.gaveanews.com\/wp-content\/uploads\/Bandeira-do-Sao-Paulo-no-Morumbis-em-2024.webp","width":1000,"height":667,"caption":"Bandeira do S\u00e3o Paulo no Morumbis em 2024 (Foto: Reprodu\u00e7\u00e3o\/S\u00e3o Paulo)"},{"@type":"BreadcrumbList","@id":"https:\/\/www.gaveanews.com\/index.php\/2024\/08\/09\/goias-x-sao-paulo-a-declaracao-de-carlos-gruezo-auxiliar-tecnico\/#breadcrumb","itemListElement":[{"@type":"ListItem","position":1,"name":"Home","item":"https:\/\/www.gaveanews.com\/"},{"@type":"ListItem","position":2,"name":"Goi\u00e1s x S\u00e3o Paulo: a declara\u00e7\u00e3o de Carlos Gruezo, auxiliar t\u00e9cnico"}]},{"@type":"WebSite","@id":"https:\/\/www.gaveanews.com\/#website","url":"https:\/\/www.gaveanews.com\/","name":"G\u00e1vea News","description":"Veja todas as not\u00edcias sobre o Flamengo: Contrata\u00e7\u00f5es, categorias de base, resultados das partidas, tabela de classifica\u00e7\u00e3o, pr\u00f3ximos jogos!","potentialAction":[{"@type":"SearchAction","target":{"@type":"EntryPoint","urlTemplate":"https:\/\/www.gaveanews.com\/?s={search_term_string}"},"query-input":{"@type":"PropertyValueSpecification","valueRequired":true,"valueName":"search_term_string"}}],"inLanguage":"pt-BR"},{"@type":"Person","@id":"https:\/\/www.gaveanews.com\/#\/schema\/person\/f42654babcd2b2014a1a65af82b081f1","name":"Geovanna Thomaz","image":{"@type":"ImageObject","inLanguage":"pt-BR","@id":"https:\/\/www.gaveanews.com\/#\/schema\/person\/image\/","url":"https:\/\/secure.gravatar.com\/avatar\/4092073255489533afb558984b49b64268c47198af8623cc82a925ae9fb7118a?s=96&d=mm&r=g","contentUrl":"https:\/\/secure.gravatar.com\/avatar\/4092073255489533afb558984b49b64268c47198af8623cc82a925ae9fb7118a?s=96&d=mm&r=g","caption":"Geovanna Thomaz"}}]}},"_links":{"self":[{"href":"https:\/\/www.gaveanews.com\/index.php\/wp-json\/wp\/v2\/posts\/157501","targetHints":{"allow":["GET"]}}],"collection":[{"href":"https:\/\/www.gaveanews.com\/index.php\/wp-json\/wp\/v2\/posts"}],"about":[{"href":"https:\/\/www.gaveanews.com\/index.php\/wp-json\/wp\/v2\/types\/post"}],"author":[{"embeddable":true,"href":"https:\/\/www.gaveanews.com\/index.php\/wp-json\/wp\/v2\/users\/17"}],"replies":[{"embeddable":true,"href":"https:\/\/www.gaveanews.com\/index.php\/wp-json\/wp\/v2\/comments?post=157501"}],"version-history":[{"count":1,"href":"https:\/\/www.gaveanews.com\/index.php\/wp-json\/wp\/v2\/posts\/157501\/revisions"}],"predecessor-version":[{"id":157502,"href":"https:\/\/www.gaveanews.com\/index.php\/wp-json\/wp\/v2\/posts\/157501\/revisions\/157502"}],"wp:featuredmedia":[{"embeddable":true,"href":"https:\/\/www.gaveanews.com\/index.php\/wp-json\/wp\/v2\/media\/154249"}],"wp:attachment":[{"href":"https:\/\/www.gaveanews.com\/index.php\/wp-json\/wp\/v2\/media?parent=157501"}],"wp:term":[{"taxonomy":"category","embeddable":true,"href":"https:\/\/www.gaveanews.com\/index.php\/wp-json\/wp\/v2\/categories?post=157501"},{"taxonomy":"post_tag","embeddable":true,"href":"https:\/\/www.gaveanews.com\/index.php\/wp-json\/wp\/v2\/tags?post=157501"}],"curies":[{"name":"wp","href":"https:\/\/api.w.org\/{rel}","templated":true}]}}