{"id":157548,"date":"2024-08-09T15:54:11","date_gmt":"2024-08-09T18:54:11","guid":{"rendered":"https:\/\/www.gaveanews.com\/?p=157548"},"modified":"2024-08-09T15:54:12","modified_gmt":"2024-08-09T18:54:12","slug":"tiago-leifert-rebate-ana-thais-matos-e-fala-sobre-marta-na-selecao-brasileira","status":"publish","type":"post","link":"https:\/\/www.gaveanews.com\/index.php\/2024\/08\/09\/tiago-leifert-rebate-ana-thais-matos-e-fala-sobre-marta-na-selecao-brasileira\/","title":{"rendered":"Tiago Leifert rebate Ana Tha\u00eds Matos e fala sobre Marta na sele\u00e7\u00e3o brasileira"},"content":{"rendered":"\n<p>Expulsa no jogo contra a Espanha pela \u00faltima rodada do Grupo C das Olimp\u00edadas de Paris, Marta ficou de fora dos jogos pelas quartas e semifinal do torneio. A atacante foi punida por uma jogada muito dura contra a advers\u00e1ria, ficando suspensa por duas partidas.<\/p>\n\n\n\n<p>A jornalista Ana Tha\u00eds Matos falou sobre o tema e colocou metade da culpa da expuls\u00e3o de Marta no t\u00e9cnico Arthur Elias. Tiago Leifert, no entanto, discordou da opini\u00e3o da colega de profiss\u00e3o, afirmando que toda a responsabilidade do cart\u00e3o vermelho \u00e9 da pr\u00f3pria atleta, que fez uma jogada temer\u00e1ria.<\/p>\n\n\n\n<p><em>\u2014 Falar que a culpa da expuls\u00e3o \u00e9 dele (Arthur Elias) porque ela estava escalada? N\u00e3o, a culpa \u00e9 dela. Ela levantou o p\u00e9 onde n\u00e3o deveria levantar. Ela joga futebol h\u00e1 muitos anos, joga melhor do que todos n\u00f3s aqui. N\u00e3o tem nada a ver o que ela fez, n\u00e3o pode. Voc\u00ea falar que 50% \u00e9 culpa do t\u00e9cnico, voc\u00ea t\u00e1 de novo tirando a responsabilidade da nossa maior jogadora que n\u00e3o pode fazer isso. N\u00e3o pode. Ela t\u00e1 l\u00e1 para ganhar uma medalha.<\/em><\/p>\n\n\n\n<p><em>\u2014 Discordo de voc\u00ea. Falar que 50% \u00e9 culpa do treinador, n\u00e3o. Ela \u00e9 a maior jogadora do mundo. Ela t\u00e1 executando uma fun\u00e7\u00e3o que ela tem que ter consci\u00eancia do que t\u00e1 fazendo. Ningu\u00e9m obrigou ela a levantar o p\u00e9. Se ela t\u00e1 jogando de volante, o erro talvez seja escalar ela de titular. Ent\u00e3o falar que a expuls\u00e3o \u00e9 50% culpa dele, 50% \u00e9 bastante.<\/em><\/p>\n\n\n\n<p><em>\u2014 Apesar de tudo, eu at\u00e9 acho que a gente melhorou em rela\u00e7\u00e3o \u00e0 Pia Sundhage, acho que o trabalho dela foi pior. O time hoje consegue tocar a bola, o toque de bola mais bonito, segura mais a bola, tem giro, tem prote\u00e7\u00e3o, t\u00e1 melhor. Mas chega no final do jogo acontece o que aconteceu, tomou gol no final da outra vez.<\/em><\/p>\n\n\n\n<h2 class=\"wp-block-heading\" id=\"h-confira-a-declaracao\">Confira a declara\u00e7\u00e3o:<\/h2>\n\n\n\n<blockquote class=\"instagram-media\" data-instgrm-permalink=\"https:\/\/www.instagram.com\/reel\/C-LUQFMOUML\/?utm_source=ig_embed&amp;utm_campaign=loading\" data-instgrm-version=\"14\" style=\"background:#FFF;border:0;border-radius:3px;margin: 1px;max-width:540px;min-width:326px;padding:0;width:99.375%;width:-webkit-calc(100% - 2px);width:calc(100% - 2px)\"><div style=\"padding:16px\"> <a href=\"https:\/\/www.instagram.com\/reel\/C-LUQFMOUML\/?utm_source=ig_embed&amp;utm_campaign=loading\" style=\"background:#FFFFFF;line-height:0;padding:0 0;text-align:center;text-decoration:none;width:100%\" target=\"_blank\" rel=\"noopener\"> <div style=\"flex-direction: row;align-items: center\"> <div style=\"background-color: #F4F4F4;border-radius: 50%;flex-grow: 0;height: 40px;margin-right: 14px;width: 40px\"><\/div> <div style=\"flex-direction: column;flex-grow: 1;justify-content: center\"> <div style=\"background-color: #F4F4F4;border-radius: 4px;flex-grow: 0;height: 14px;margin-bottom: 6px;width: 100px\"><\/div> <div style=\"background-color: #F4F4F4;border-radius: 4px;flex-grow: 0;height: 14px;width: 60px\"><\/div><\/div><\/div><div style=\"padding: 19% 0\"><\/div> <div style=\"height:50px;margin:0 auto 12px;width:50px\"><\/div><div style=\"padding-top: 8px\"> <div style=\"color:#3897f0;font-family:Arial,sans-serif;font-size:14px;font-style:normal;font-weight:550;line-height:18px\">Ver essa foto no Instagram<\/div><\/div><div style=\"padding: 12.5% 0\"><\/div> <div style=\"flex-direction: row;margin-bottom: 14px;align-items: center\"><div> <div style=\"background-color: #F4F4F4;border-radius: 50%;height: 12.5px;width: 12.5px\"><\/div> <div style=\"background-color: #F4F4F4;height: 12.5px;width: 12.5px;flex-grow: 0;margin-right: 14px;margin-left: 2px\"><\/div> <div style=\"background-color: #F4F4F4;border-radius: 50%;height: 12.5px;width: 12.5px\"><\/div><\/div><div style=\"margin-left: 8px\"> <div style=\"background-color: #F4F4F4;border-radius: 50%;flex-grow: 0;height: 20px;width: 20px\"><\/div> <div style=\"width: 0;height: 0;border-top: 2px solid transparent;border-left: 6px solid #f4f4f4;border-bottom: 2px solid transparent\"><\/div><\/div><div style=\"margin-left: auto\"> <div style=\"width: 0px;border-top: 8px solid #F4F4F4;border-right: 8px solid transparent\"><\/div> <div style=\"background-color: #F4F4F4;flex-grow: 0;height: 12px;width: 16px\"><\/div> <div style=\"width: 0;height: 0;border-top: 8px solid #F4F4F4;border-left: 8px solid transparent\"><\/div><\/div><\/div> <div style=\"flex-direction: column;flex-grow: 1;justify-content: center;margin-bottom: 24px\"> <div style=\"background-color: #F4F4F4;border-radius: 4px;flex-grow: 0;height: 14px;margin-bottom: 6px;width: 224px\"><\/div> <div style=\"background-color: #F4F4F4;border-radius: 4px;flex-grow: 0;height: 14px;width: 144px\"><\/div><\/div><\/a><p style=\"color:#c9c8cd;font-family:Arial,sans-serif;font-size:14px;line-height:17px;margin-bottom:0;margin-top:8px;overflow:hidden;padding:8px 0 7px;text-align:center\"><a href=\"https:\/\/www.instagram.com\/reel\/C-LUQFMOUML\/?utm_source=ig_embed&amp;utm_campaign=loading\" style=\"color:#c9c8cd;font-family:Arial,sans-serif;font-size:14px;font-style:normal;font-weight:normal;line-height:17px;text-decoration:none\" target=\"_blank\" rel=\"noopener\">Uma publica\u00e7\u00e3o compartilhada por Ricardo Carvalhal flamengo futebol (@ricardocarvalhal.ofc)<\/a><\/p><\/div><\/blockquote>\n\n\n\n\n<p>A sele\u00e7\u00e3o brasileira feminina de futebol n\u00e3o vinha apresentando o rendimento esperado das jogadoras talentosas que o pa\u00eds possui. O desempenho, inclusive, tornava a equipe uma inc\u00f3gnita no mata-mata das Olimp\u00edadas e a deixava de fora da lista de principais concorrentes a medalha.<\/p>\n\n\n\n<p>Contudo, as brasileiras melhoraram o aproveitamento no decorrer dos jogos ol\u00edmpicos, chegando \u00e0 final do torneio com ao menos a medalha de prata garantida. O Brasil enfrenta os Estados Unidos na final das Olimp\u00edadas neste s\u00e1bado (10), \u00e0s 12h (hor\u00e1rio de Bras\u00edlia).<\/p>\n","protected":false},"excerpt":{"rendered":"<p>Expulsa no jogo contra a Espanha pela \u00faltima rodada do Grupo C das Olimp\u00edadas de Paris, Marta ficou de fora dos jogos pelas quartas e semifinal do torneio. A atacante foi punida por uma jogada muito dura contra a advers\u00e1ria, ficando suspensa por duas partidas. A jornalista Ana Tha\u00eds Matos falou sobre o tema e [&hellip;]<\/p>\n","protected":false},"author":4,"featured_media":102417,"comment_status":"open","ping_status":"closed","sticky":false,"template":"","format":"standard","meta":{"footnotes":""},"categories":[1],"tags":[],"class_list":["post-157548","post","type-post","status-publish","format-standard","has-post-thumbnail","hentry","category-flamengo"],"yoast_head":"<!-- This site is optimized with the Yoast SEO Premium plugin v24.2 (Yoast SEO v26.9) - https:\/\/yoast.com\/product\/yoast-seo-premium-wordpress\/ -->\n<title>Tiago Leifert rebate Ana Tha\u00eds Matos e fala sobre Marta na sele\u00e7\u00e3o brasileira<\/title>\n<meta name=\"robots\" content=\"index, follow, max-snippet:-1, max-image-preview:large, max-video-preview:-1\" \/>\n<link rel=\"canonical\" href=\"https:\/\/www.gaveanews.com\/index.php\/2024\/08\/09\/tiago-leifert-rebate-ana-thais-matos-e-fala-sobre-marta-na-selecao-brasileira\/\" \/>\n<meta property=\"og:locale\" content=\"pt_BR\" \/>\n<meta property=\"og:type\" content=\"article\" \/>\n<meta property=\"og:title\" content=\"Tiago Leifert rebate Ana Tha\u00eds Matos e fala sobre Marta na sele\u00e7\u00e3o brasileira\" \/>\n<meta property=\"og:description\" content=\"Expulsa no jogo contra a Espanha pela \u00faltima rodada do Grupo C das Olimp\u00edadas de Paris, Marta ficou de fora dos jogos pelas quartas e semifinal do torneio. A atacante foi punida por uma jogada muito dura contra a advers\u00e1ria, ficando suspensa por duas partidas. A jornalista Ana Tha\u00eds Matos falou sobre o tema e [&hellip;]\" \/>\n<meta property=\"og:url\" content=\"https:\/\/www.gaveanews.com\/index.php\/2024\/08\/09\/tiago-leifert-rebate-ana-thais-matos-e-fala-sobre-marta-na-selecao-brasileira\/\" \/>\n<meta property=\"og:site_name\" content=\"G\u00e1vea News\" \/>\n<meta property=\"article:publisher\" content=\"https:\/\/facebook.com\/gaveaNews\/\" \/>\n<meta property=\"article:published_time\" content=\"2024-08-09T18:54:11+00:00\" \/>\n<meta property=\"article:modified_time\" content=\"2024-08-09T18:54:12+00:00\" \/>\n<meta property=\"og:image\" content=\"https:\/\/www.gaveanews.com\/wp-content\/uploads\/tiago-leifert-morte-torcedora-palmeiras-flamengo.webp\" \/>\n\t<meta property=\"og:image:width\" content=\"640\" \/>\n\t<meta property=\"og:image:height\" content=\"400\" \/>\n\t<meta property=\"og:image:type\" content=\"image\/jpeg\" \/>\n<meta name=\"author\" content=\"Let\u00edcia Gerheim\" \/>\n<meta name=\"twitter:card\" content=\"summary_large_image\" \/>\n<meta name=\"twitter:label1\" content=\"Escrito por\" \/>\n\t<meta name=\"twitter:data1\" content=\"Let\u00edcia Gerheim\" \/>\n\t<meta name=\"twitter:label2\" content=\"Est. tempo de leitura\" \/>\n\t<meta name=\"twitter:data2\" content=\"3 minutos\" \/>\n<script type=\"application\/ld+json\" class=\"yoast-schema-graph\">{\"@context\":\"https:\/\/schema.org\",\"@graph\":[{\"@type\":\"NewsArticle\",\"@id\":\"https:\/\/www.gaveanews.com\/index.php\/2024\/08\/09\/tiago-leifert-rebate-ana-thais-matos-e-fala-sobre-marta-na-selecao-brasileira\/#article\",\"isPartOf\":{\"@id\":\"https:\/\/www.gaveanews.com\/index.php\/2024\/08\/09\/tiago-leifert-rebate-ana-thais-matos-e-fala-sobre-marta-na-selecao-brasileira\/\"},\"author\":{\"name\":\"Let\u00edcia Gerheim\",\"@id\":\"https:\/\/www.gaveanews.com\/#\/schema\/person\/714c67050b836198af2450ba1c142a67\"},\"headline\":\"Tiago Leifert rebate Ana Tha\u00eds Matos e fala sobre Marta na sele\u00e7\u00e3o brasileira\",\"datePublished\":\"2024-08-09T18:54:11+00:00\",\"dateModified\":\"2024-08-09T18:54:12+00:00\",\"mainEntityOfPage\":{\"@id\":\"https:\/\/www.gaveanews.com\/index.php\/2024\/08\/09\/tiago-leifert-rebate-ana-thais-matos-e-fala-sobre-marta-na-selecao-brasileira\/\"},\"wordCount\":449,\"commentCount\":0,\"image\":{\"@id\":\"https:\/\/www.gaveanews.com\/index.php\/2024\/08\/09\/tiago-leifert-rebate-ana-thais-matos-e-fala-sobre-marta-na-selecao-brasileira\/#primaryimage\"},\"thumbnailUrl\":\"https:\/\/www.gaveanews.com\/wp-content\/uploads\/tiago-leifert-morte-torcedora-palmeiras-flamengo.webp\",\"articleSection\":[\"Flamengo\"],\"inLanguage\":\"pt-BR\",\"potentialAction\":[{\"@type\":\"CommentAction\",\"name\":\"Comment\",\"target\":[\"https:\/\/www.gaveanews.com\/index.php\/2024\/08\/09\/tiago-leifert-rebate-ana-thais-matos-e-fala-sobre-marta-na-selecao-brasileira\/#respond\"]}],\"copyrightYear\":\"2024\",\"copyrightHolder\":{\"@id\":\"https:\/\/www.gaveanews.com\/#organization\"}},{\"@type\":\"WebPage\",\"@id\":\"https:\/\/www.gaveanews.com\/index.php\/2024\/08\/09\/tiago-leifert-rebate-ana-thais-matos-e-fala-sobre-marta-na-selecao-brasileira\/\",\"url\":\"https:\/\/www.gaveanews.com\/index.php\/2024\/08\/09\/tiago-leifert-rebate-ana-thais-matos-e-fala-sobre-marta-na-selecao-brasileira\/\",\"name\":\"Tiago Leifert rebate Ana Tha\u00eds Matos e fala sobre Marta na sele\u00e7\u00e3o brasileira\",\"isPartOf\":{\"@id\":\"https:\/\/www.gaveanews.com\/#website\"},\"primaryImageOfPage\":{\"@id\":\"https:\/\/www.gaveanews.com\/index.php\/2024\/08\/09\/tiago-leifert-rebate-ana-thais-matos-e-fala-sobre-marta-na-selecao-brasileira\/#primaryimage\"},\"image\":{\"@id\":\"https:\/\/www.gaveanews.com\/index.php\/2024\/08\/09\/tiago-leifert-rebate-ana-thais-matos-e-fala-sobre-marta-na-selecao-brasileira\/#primaryimage\"},\"thumbnailUrl\":\"https:\/\/www.gaveanews.com\/wp-content\/uploads\/tiago-leifert-morte-torcedora-palmeiras-flamengo.webp\",\"datePublished\":\"2024-08-09T18:54:11+00:00\",\"dateModified\":\"2024-08-09T18:54:12+00:00\",\"author\":{\"@id\":\"https:\/\/www.gaveanews.com\/#\/schema\/person\/714c67050b836198af2450ba1c142a67\"},\"breadcrumb\":{\"@id\":\"https:\/\/www.gaveanews.com\/index.php\/2024\/08\/09\/tiago-leifert-rebate-ana-thais-matos-e-fala-sobre-marta-na-selecao-brasileira\/#breadcrumb\"},\"inLanguage\":\"pt-BR\",\"potentialAction\":[{\"@type\":\"ReadAction\",\"target\":[\"https:\/\/www.gaveanews.com\/index.php\/2024\/08\/09\/tiago-leifert-rebate-ana-thais-matos-e-fala-sobre-marta-na-selecao-brasileira\/\"]}]},{\"@type\":\"ImageObject\",\"inLanguage\":\"pt-BR\",\"@id\":\"https:\/\/www.gaveanews.com\/index.php\/2024\/08\/09\/tiago-leifert-rebate-ana-thais-matos-e-fala-sobre-marta-na-selecao-brasileira\/#primaryimage\",\"url\":\"https:\/\/www.gaveanews.com\/wp-content\/uploads\/tiago-leifert-morte-torcedora-palmeiras-flamengo.webp\",\"contentUrl\":\"https:\/\/www.gaveanews.com\/wp-content\/uploads\/tiago-leifert-morte-torcedora-palmeiras-flamengo.webp\",\"width\":640,\"height\":400,\"caption\":\"Tiago Leifert (Foto: Reprodu\u00e7\u00e3o)\"},{\"@type\":\"BreadcrumbList\",\"@id\":\"https:\/\/www.gaveanews.com\/index.php\/2024\/08\/09\/tiago-leifert-rebate-ana-thais-matos-e-fala-sobre-marta-na-selecao-brasileira\/#breadcrumb\",\"itemListElement\":[{\"@type\":\"ListItem\",\"position\":1,\"name\":\"Home\",\"item\":\"https:\/\/www.gaveanews.com\/\"},{\"@type\":\"ListItem\",\"position\":2,\"name\":\"Tiago Leifert rebate Ana Tha\u00eds Matos e fala sobre Marta na sele\u00e7\u00e3o brasileira\"}]},{\"@type\":\"WebSite\",\"@id\":\"https:\/\/www.gaveanews.com\/#website\",\"url\":\"https:\/\/www.gaveanews.com\/\",\"name\":\"G\u00e1vea News\",\"description\":\"Veja todas as not\u00edcias sobre o Flamengo: Contrata\u00e7\u00f5es, categorias de base, resultados das partidas, tabela de classifica\u00e7\u00e3o, pr\u00f3ximos jogos!\",\"potentialAction\":[{\"@type\":\"SearchAction\",\"target\":{\"@type\":\"EntryPoint\",\"urlTemplate\":\"https:\/\/www.gaveanews.com\/?s={search_term_string}\"},\"query-input\":{\"@type\":\"PropertyValueSpecification\",\"valueRequired\":true,\"valueName\":\"search_term_string\"}}],\"inLanguage\":\"pt-BR\"},{\"@type\":\"Person\",\"@id\":\"https:\/\/www.gaveanews.com\/#\/schema\/person\/714c67050b836198af2450ba1c142a67\",\"name\":\"Let\u00edcia Gerheim\",\"image\":{\"@type\":\"ImageObject\",\"inLanguage\":\"pt-BR\",\"@id\":\"https:\/\/www.gaveanews.com\/#\/schema\/person\/image\/\",\"url\":\"https:\/\/secure.gravatar.com\/avatar\/60734739c50fcebfbac509e2a826ccd0ff405c019bc73aab9354f19ecad1dcb4?s=96&d=mm&r=g\",\"contentUrl\":\"https:\/\/secure.gravatar.com\/avatar\/60734739c50fcebfbac509e2a826ccd0ff405c019bc73aab9354f19ecad1dcb4?s=96&d=mm&r=g\",\"caption\":\"Let\u00edcia Gerheim\"}}]}<\/script>\n<!-- \/ Yoast SEO Premium plugin. -->","yoast_head_json":{"title":"Tiago Leifert rebate Ana Tha\u00eds Matos e fala sobre Marta na sele\u00e7\u00e3o brasileira","robots":{"index":"index","follow":"follow","max-snippet":"max-snippet:-1","max-image-preview":"max-image-preview:large","max-video-preview":"max-video-preview:-1"},"canonical":"https:\/\/www.gaveanews.com\/index.php\/2024\/08\/09\/tiago-leifert-rebate-ana-thais-matos-e-fala-sobre-marta-na-selecao-brasileira\/","og_locale":"pt_BR","og_type":"article","og_title":"Tiago Leifert rebate Ana Tha\u00eds Matos e fala sobre Marta na sele\u00e7\u00e3o brasileira","og_description":"Expulsa no jogo contra a Espanha pela \u00faltima rodada do Grupo C das Olimp\u00edadas de Paris, Marta ficou de fora dos jogos pelas quartas e semifinal do torneio. A atacante foi punida por uma jogada muito dura contra a advers\u00e1ria, ficando suspensa por duas partidas. A jornalista Ana Tha\u00eds Matos falou sobre o tema e [&hellip;]","og_url":"https:\/\/www.gaveanews.com\/index.php\/2024\/08\/09\/tiago-leifert-rebate-ana-thais-matos-e-fala-sobre-marta-na-selecao-brasileira\/","og_site_name":"G\u00e1vea News","article_publisher":"https:\/\/facebook.com\/gaveaNews\/","article_published_time":"2024-08-09T18:54:11+00:00","article_modified_time":"2024-08-09T18:54:12+00:00","og_image":[{"width":640,"height":400,"url":"https:\/\/www.gaveanews.com\/wp-content\/uploads\/tiago-leifert-morte-torcedora-palmeiras-flamengo.webp","type":"image\/jpeg"}],"author":"Let\u00edcia Gerheim","twitter_card":"summary_large_image","twitter_misc":{"Escrito por":"Let\u00edcia Gerheim","Est. tempo de leitura":"3 minutos"},"schema":{"@context":"https:\/\/schema.org","@graph":[{"@type":"NewsArticle","@id":"https:\/\/www.gaveanews.com\/index.php\/2024\/08\/09\/tiago-leifert-rebate-ana-thais-matos-e-fala-sobre-marta-na-selecao-brasileira\/#article","isPartOf":{"@id":"https:\/\/www.gaveanews.com\/index.php\/2024\/08\/09\/tiago-leifert-rebate-ana-thais-matos-e-fala-sobre-marta-na-selecao-brasileira\/"},"author":{"name":"Let\u00edcia Gerheim","@id":"https:\/\/www.gaveanews.com\/#\/schema\/person\/714c67050b836198af2450ba1c142a67"},"headline":"Tiago Leifert rebate Ana Tha\u00eds Matos e fala sobre Marta na sele\u00e7\u00e3o brasileira","datePublished":"2024-08-09T18:54:11+00:00","dateModified":"2024-08-09T18:54:12+00:00","mainEntityOfPage":{"@id":"https:\/\/www.gaveanews.com\/index.php\/2024\/08\/09\/tiago-leifert-rebate-ana-thais-matos-e-fala-sobre-marta-na-selecao-brasileira\/"},"wordCount":449,"commentCount":0,"image":{"@id":"https:\/\/www.gaveanews.com\/index.php\/2024\/08\/09\/tiago-leifert-rebate-ana-thais-matos-e-fala-sobre-marta-na-selecao-brasileira\/#primaryimage"},"thumbnailUrl":"https:\/\/www.gaveanews.com\/wp-content\/uploads\/tiago-leifert-morte-torcedora-palmeiras-flamengo.webp","articleSection":["Flamengo"],"inLanguage":"pt-BR","potentialAction":[{"@type":"CommentAction","name":"Comment","target":["https:\/\/www.gaveanews.com\/index.php\/2024\/08\/09\/tiago-leifert-rebate-ana-thais-matos-e-fala-sobre-marta-na-selecao-brasileira\/#respond"]}],"copyrightYear":"2024","copyrightHolder":{"@id":"https:\/\/www.gaveanews.com\/#organization"}},{"@type":"WebPage","@id":"https:\/\/www.gaveanews.com\/index.php\/2024\/08\/09\/tiago-leifert-rebate-ana-thais-matos-e-fala-sobre-marta-na-selecao-brasileira\/","url":"https:\/\/www.gaveanews.com\/index.php\/2024\/08\/09\/tiago-leifert-rebate-ana-thais-matos-e-fala-sobre-marta-na-selecao-brasileira\/","name":"Tiago Leifert rebate Ana Tha\u00eds Matos e fala sobre Marta na sele\u00e7\u00e3o brasileira","isPartOf":{"@id":"https:\/\/www.gaveanews.com\/#website"},"primaryImageOfPage":{"@id":"https:\/\/www.gaveanews.com\/index.php\/2024\/08\/09\/tiago-leifert-rebate-ana-thais-matos-e-fala-sobre-marta-na-selecao-brasileira\/#primaryimage"},"image":{"@id":"https:\/\/www.gaveanews.com\/index.php\/2024\/08\/09\/tiago-leifert-rebate-ana-thais-matos-e-fala-sobre-marta-na-selecao-brasileira\/#primaryimage"},"thumbnailUrl":"https:\/\/www.gaveanews.com\/wp-content\/uploads\/tiago-leifert-morte-torcedora-palmeiras-flamengo.webp","datePublished":"2024-08-09T18:54:11+00:00","dateModified":"2024-08-09T18:54:12+00:00","author":{"@id":"https:\/\/www.gaveanews.com\/#\/schema\/person\/714c67050b836198af2450ba1c142a67"},"breadcrumb":{"@id":"https:\/\/www.gaveanews.com\/index.php\/2024\/08\/09\/tiago-leifert-rebate-ana-thais-matos-e-fala-sobre-marta-na-selecao-brasileira\/#breadcrumb"},"inLanguage":"pt-BR","potentialAction":[{"@type":"ReadAction","target":["https:\/\/www.gaveanews.com\/index.php\/2024\/08\/09\/tiago-leifert-rebate-ana-thais-matos-e-fala-sobre-marta-na-selecao-brasileira\/"]}]},{"@type":"ImageObject","inLanguage":"pt-BR","@id":"https:\/\/www.gaveanews.com\/index.php\/2024\/08\/09\/tiago-leifert-rebate-ana-thais-matos-e-fala-sobre-marta-na-selecao-brasileira\/#primaryimage","url":"https:\/\/www.gaveanews.com\/wp-content\/uploads\/tiago-leifert-morte-torcedora-palmeiras-flamengo.webp","contentUrl":"https:\/\/www.gaveanews.com\/wp-content\/uploads\/tiago-leifert-morte-torcedora-palmeiras-flamengo.webp","width":640,"height":400,"caption":"Tiago Leifert (Foto: Reprodu\u00e7\u00e3o)"},{"@type":"BreadcrumbList","@id":"https:\/\/www.gaveanews.com\/index.php\/2024\/08\/09\/tiago-leifert-rebate-ana-thais-matos-e-fala-sobre-marta-na-selecao-brasileira\/#breadcrumb","itemListElement":[{"@type":"ListItem","position":1,"name":"Home","item":"https:\/\/www.gaveanews.com\/"},{"@type":"ListItem","position":2,"name":"Tiago Leifert rebate Ana Tha\u00eds Matos e fala sobre Marta na sele\u00e7\u00e3o brasileira"}]},{"@type":"WebSite","@id":"https:\/\/www.gaveanews.com\/#website","url":"https:\/\/www.gaveanews.com\/","name":"G\u00e1vea News","description":"Veja todas as not\u00edcias sobre o Flamengo: Contrata\u00e7\u00f5es, categorias de base, resultados das partidas, tabela de classifica\u00e7\u00e3o, pr\u00f3ximos jogos!","potentialAction":[{"@type":"SearchAction","target":{"@type":"EntryPoint","urlTemplate":"https:\/\/www.gaveanews.com\/?s={search_term_string}"},"query-input":{"@type":"PropertyValueSpecification","valueRequired":true,"valueName":"search_term_string"}}],"inLanguage":"pt-BR"},{"@type":"Person","@id":"https:\/\/www.gaveanews.com\/#\/schema\/person\/714c67050b836198af2450ba1c142a67","name":"Let\u00edcia Gerheim","image":{"@type":"ImageObject","inLanguage":"pt-BR","@id":"https:\/\/www.gaveanews.com\/#\/schema\/person\/image\/","url":"https:\/\/secure.gravatar.com\/avatar\/60734739c50fcebfbac509e2a826ccd0ff405c019bc73aab9354f19ecad1dcb4?s=96&d=mm&r=g","contentUrl":"https:\/\/secure.gravatar.com\/avatar\/60734739c50fcebfbac509e2a826ccd0ff405c019bc73aab9354f19ecad1dcb4?s=96&d=mm&r=g","caption":"Let\u00edcia Gerheim"}}]}},"_links":{"self":[{"href":"https:\/\/www.gaveanews.com\/index.php\/wp-json\/wp\/v2\/posts\/157548","targetHints":{"allow":["GET"]}}],"collection":[{"href":"https:\/\/www.gaveanews.com\/index.php\/wp-json\/wp\/v2\/posts"}],"about":[{"href":"https:\/\/www.gaveanews.com\/index.php\/wp-json\/wp\/v2\/types\/post"}],"author":[{"embeddable":true,"href":"https:\/\/www.gaveanews.com\/index.php\/wp-json\/wp\/v2\/users\/4"}],"replies":[{"embeddable":true,"href":"https:\/\/www.gaveanews.com\/index.php\/wp-json\/wp\/v2\/comments?post=157548"}],"version-history":[{"count":1,"href":"https:\/\/www.gaveanews.com\/index.php\/wp-json\/wp\/v2\/posts\/157548\/revisions"}],"predecessor-version":[{"id":157611,"href":"https:\/\/www.gaveanews.com\/index.php\/wp-json\/wp\/v2\/posts\/157548\/revisions\/157611"}],"wp:featuredmedia":[{"embeddable":true,"href":"https:\/\/www.gaveanews.com\/index.php\/wp-json\/wp\/v2\/media\/102417"}],"wp:attachment":[{"href":"https:\/\/www.gaveanews.com\/index.php\/wp-json\/wp\/v2\/media?parent=157548"}],"wp:term":[{"taxonomy":"category","embeddable":true,"href":"https:\/\/www.gaveanews.com\/index.php\/wp-json\/wp\/v2\/categories?post=157548"},{"taxonomy":"post_tag","embeddable":true,"href":"https:\/\/www.gaveanews.com\/index.php\/wp-json\/wp\/v2\/tags?post=157548"}],"curies":[{"name":"wp","href":"https:\/\/api.w.org\/{rel}","templated":true}]}}