{"id":157646,"date":"2024-08-09T19:30:42","date_gmt":"2024-08-09T22:30:42","guid":{"rendered":"https:\/\/www.gaveanews.com\/?p=157646"},"modified":"2024-08-09T19:30:44","modified_gmt":"2024-08-09T22:30:44","slug":"a-declaracao-de-arthur-elias-sobre-o-retorno-de-marta","status":"publish","type":"post","link":"https:\/\/www.gaveanews.com\/index.php\/2024\/08\/09\/a-declaracao-de-arthur-elias-sobre-o-retorno-de-marta\/","title":{"rendered":"A declara\u00e7\u00e3o de Arthur Elias sobre o retorno de Marta"},"content":{"rendered":"\n<h2 class=\"wp-block-heading\" id=\"h-marta-estara-disponivel-para-a-final-olimpica\">Marta estar\u00e1 dispon\u00edvel para a final Ol\u00edmpica <\/h2>\n\n\n\n<p>Neste s\u00e1bado (10), Brasil e Estados Unidos entram em campo pela final dos Jogos Ol\u00edmpicos Paris 2024. A sele\u00e7\u00e3o brasileira contar\u00e1 com o retorno da craque Marta, que cumpriu suspens\u00e3o de duas partidas. O t\u00e9cnico Arthur Elias comentou sobre a volta da atacante e se escalar\u00e1 a camisa 10 como titular.<\/p>\n\n\n\n<p><em>\u2014 Ainda n\u00e3o (definiu escala\u00e7\u00e3o). \u00c9 tudo muito intenso e corrido. As decis\u00f5es s\u00e3o tomadas baseadas no dia a dia. \u00c9 muito bom contar com o retorno da Marta, com tudo que ela entrega de qualidade e experi\u00eancia e o que ela representa. Ser\u00e1 inclu\u00edda, assim como todas, no m\u00e9todo de trabalho, para escolhermos o time de in\u00edcio e as trocas, de acordo com o que for melhor para a Sele\u00e7\u00e3o \u2014<\/em> comentou o treinador.<\/p>\n\n\n\n<p>A sele\u00e7\u00e3o brasileira foi derrotada nas duas finais de Jogos Ol\u00edmpicos na hist\u00f3ria, e nas duas vezes, o Brasil enfrentou o Estados Unidos na decis\u00e3o. Arthur Elias disse que precisamos parar de falar do passado e que n\u00e3o est\u00e1 preocupado. <\/p>\n\n\n\n<p><em>\u2014 \u00c9 muito longe tudo isso que aconteceu. Sempre olhei o futebol feminino brasileiro com grandes jogadores que poder\u00edamos chegar a momentos decisivos e vencer. Eu n\u00e3o tenho nada a ver com o que aconteceu no passado. S\u00f3 a Marta estava presente e o fato dela estar aqui mostra o tamanho dela. Mas esta mem\u00f3ria este grupo n\u00e3o tem. Sabemos que vai ser um jogo muito competitivo. Mas temos que parar de falar do passado. Eu n\u00e3o estou nem um pouco preocupado \u2014 <\/em>afirmou o t\u00e9cnico do Brasil.<\/p>\n\n\n\n<p>Durante as Olimp\u00edadas, os \u00e1rbitros est\u00e3o acrescendo uma quantidade excessiva de acr\u00e9scimo, especialmente nos jogos da sele\u00e7\u00e3o brasileira. O treinador da sele\u00e7\u00e3o disse que \u00e9 uma loucura e que as atletas sentem, mas que o foco est\u00e1 na grande decis\u00e3o do torneio.<\/p>\n\n\n\n<p><em>\u2014 Os acr\u00e9scimos foram exagerados. Eu n\u00e3o tenho reclamado nem falado sobre isso. J\u00e1 me acostumei com essa loucura. N\u00e3o \u00e9 normal. N\u00e3o entendi porque temos acr\u00e9scimos e acr\u00e9scimos dos acr\u00e9scimos. Claro que afeta em quest\u00e3o de substitui\u00e7\u00f5es. A competi\u00e7\u00e3o \u00e9 muito puxada e as atletas sentem. Os jogos podem ainda ir para a prorroga\u00e7\u00e3o. Mas estamos focados na final \u2014<\/em> disse Arthur Elias. <\/p>\n\n\n\n<p>A grande decis\u00e3o dos Jogos Ol\u00edmpicos Paris 2024 acontece neste s\u00e1bado (10), ao 12h (de Bras\u00edlia), no Parque dos Pr\u00edncipes, est\u00e1dio do PSG. <\/p>\n","protected":false},"excerpt":{"rendered":"<p>Marta estar\u00e1 dispon\u00edvel para a final Ol\u00edmpica Neste s\u00e1bado (10), Brasil e Estados Unidos entram em campo pela final dos Jogos Ol\u00edmpicos Paris 2024. A sele\u00e7\u00e3o brasileira contar\u00e1 com o retorno da craque Marta, que cumpriu suspens\u00e3o de duas partidas. O t\u00e9cnico Arthur Elias comentou sobre a volta da atacante e se escalar\u00e1 a camisa [&hellip;]<\/p>\n","protected":false},"author":21,"featured_media":156457,"comment_status":"open","ping_status":"closed","sticky":false,"template":"","format":"standard","meta":{"footnotes":""},"categories":[78],"tags":[],"class_list":["post-157646","post","type-post","status-publish","format-standard","has-post-thumbnail","hentry","category-futebol-internacional"],"yoast_head":"<!-- This site is optimized with the Yoast SEO Premium plugin v24.2 (Yoast SEO v26.9) - https:\/\/yoast.com\/product\/yoast-seo-premium-wordpress\/ -->\n<title>A declara\u00e7\u00e3o de Arthur Elias sobre o retorno de Marta<\/title>\n<meta name=\"robots\" content=\"index, follow, max-snippet:-1, max-image-preview:large, max-video-preview:-1\" \/>\n<link rel=\"canonical\" href=\"https:\/\/www.gaveanews.com\/index.php\/2024\/08\/09\/a-declaracao-de-arthur-elias-sobre-o-retorno-de-marta\/\" \/>\n<meta property=\"og:locale\" content=\"pt_BR\" \/>\n<meta property=\"og:type\" content=\"article\" \/>\n<meta property=\"og:title\" content=\"A declara\u00e7\u00e3o de Arthur Elias sobre o retorno de Marta\" \/>\n<meta property=\"og:description\" content=\"Marta estar\u00e1 dispon\u00edvel para a final Ol\u00edmpica Neste s\u00e1bado (10), Brasil e Estados Unidos entram em campo pela final dos Jogos Ol\u00edmpicos Paris 2024. A sele\u00e7\u00e3o brasileira contar\u00e1 com o retorno da craque Marta, que cumpriu suspens\u00e3o de duas partidas. O t\u00e9cnico Arthur Elias comentou sobre a volta da atacante e se escalar\u00e1 a camisa [&hellip;]\" \/>\n<meta property=\"og:url\" content=\"https:\/\/www.gaveanews.com\/index.php\/2024\/08\/09\/a-declaracao-de-arthur-elias-sobre-o-retorno-de-marta\/\" \/>\n<meta property=\"og:site_name\" content=\"G\u00e1vea News\" \/>\n<meta property=\"article:publisher\" content=\"https:\/\/facebook.com\/gaveaNews\/\" \/>\n<meta property=\"article:published_time\" content=\"2024-08-09T22:30:42+00:00\" \/>\n<meta property=\"article:modified_time\" content=\"2024-08-09T22:30:44+00:00\" \/>\n<meta property=\"og:image\" content=\"https:\/\/www.gaveanews.com\/wp-content\/uploads\/Kerolin-Nicoli-e-Marta-durante-os-Jogos-Olimpicos-de-Paris-2024.webp\" \/>\n\t<meta property=\"og:image:width\" content=\"1080\" \/>\n\t<meta property=\"og:image:height\" content=\"1350\" \/>\n\t<meta property=\"og:image:type\" content=\"image\/jpeg\" \/>\n<meta name=\"author\" content=\"Andr\u00e9 Serra\" \/>\n<meta name=\"twitter:card\" content=\"summary_large_image\" \/>\n<meta name=\"twitter:label1\" content=\"Escrito por\" \/>\n\t<meta name=\"twitter:data1\" content=\"Andr\u00e9 Serra\" \/>\n\t<meta name=\"twitter:label2\" content=\"Est. tempo de leitura\" \/>\n\t<meta name=\"twitter:data2\" content=\"3 minutos\" \/>\n<script type=\"application\/ld+json\" class=\"yoast-schema-graph\">{\"@context\":\"https:\/\/schema.org\",\"@graph\":[{\"@type\":\"NewsArticle\",\"@id\":\"https:\/\/www.gaveanews.com\/index.php\/2024\/08\/09\/a-declaracao-de-arthur-elias-sobre-o-retorno-de-marta\/#article\",\"isPartOf\":{\"@id\":\"https:\/\/www.gaveanews.com\/index.php\/2024\/08\/09\/a-declaracao-de-arthur-elias-sobre-o-retorno-de-marta\/\"},\"author\":{\"name\":\"Andr\u00e9 Serra\",\"@id\":\"https:\/\/www.gaveanews.com\/#\/schema\/person\/0277a79a1289c451c281ec0411d84f0c\"},\"headline\":\"A declara\u00e7\u00e3o de Arthur Elias sobre o retorno de Marta\",\"datePublished\":\"2024-08-09T22:30:42+00:00\",\"dateModified\":\"2024-08-09T22:30:44+00:00\",\"mainEntityOfPage\":{\"@id\":\"https:\/\/www.gaveanews.com\/index.php\/2024\/08\/09\/a-declaracao-de-arthur-elias-sobre-o-retorno-de-marta\/\"},\"wordCount\":434,\"commentCount\":0,\"image\":{\"@id\":\"https:\/\/www.gaveanews.com\/index.php\/2024\/08\/09\/a-declaracao-de-arthur-elias-sobre-o-retorno-de-marta\/#primaryimage\"},\"thumbnailUrl\":\"https:\/\/www.gaveanews.com\/wp-content\/uploads\/Kerolin-Nicoli-e-Marta-durante-os-Jogos-Olimpicos-de-Paris-2024.webp\",\"articleSection\":[\"Futebol Internacional\"],\"inLanguage\":\"pt-BR\",\"potentialAction\":[{\"@type\":\"CommentAction\",\"name\":\"Comment\",\"target\":[\"https:\/\/www.gaveanews.com\/index.php\/2024\/08\/09\/a-declaracao-de-arthur-elias-sobre-o-retorno-de-marta\/#respond\"]}],\"copyrightYear\":\"2024\",\"copyrightHolder\":{\"@id\":\"https:\/\/www.gaveanews.com\/#organization\"}},{\"@type\":\"WebPage\",\"@id\":\"https:\/\/www.gaveanews.com\/index.php\/2024\/08\/09\/a-declaracao-de-arthur-elias-sobre-o-retorno-de-marta\/\",\"url\":\"https:\/\/www.gaveanews.com\/index.php\/2024\/08\/09\/a-declaracao-de-arthur-elias-sobre-o-retorno-de-marta\/\",\"name\":\"A declara\u00e7\u00e3o de Arthur Elias sobre o retorno de Marta\",\"isPartOf\":{\"@id\":\"https:\/\/www.gaveanews.com\/#website\"},\"primaryImageOfPage\":{\"@id\":\"https:\/\/www.gaveanews.com\/index.php\/2024\/08\/09\/a-declaracao-de-arthur-elias-sobre-o-retorno-de-marta\/#primaryimage\"},\"image\":{\"@id\":\"https:\/\/www.gaveanews.com\/index.php\/2024\/08\/09\/a-declaracao-de-arthur-elias-sobre-o-retorno-de-marta\/#primaryimage\"},\"thumbnailUrl\":\"https:\/\/www.gaveanews.com\/wp-content\/uploads\/Kerolin-Nicoli-e-Marta-durante-os-Jogos-Olimpicos-de-Paris-2024.webp\",\"datePublished\":\"2024-08-09T22:30:42+00:00\",\"dateModified\":\"2024-08-09T22:30:44+00:00\",\"author\":{\"@id\":\"https:\/\/www.gaveanews.com\/#\/schema\/person\/0277a79a1289c451c281ec0411d84f0c\"},\"breadcrumb\":{\"@id\":\"https:\/\/www.gaveanews.com\/index.php\/2024\/08\/09\/a-declaracao-de-arthur-elias-sobre-o-retorno-de-marta\/#breadcrumb\"},\"inLanguage\":\"pt-BR\",\"potentialAction\":[{\"@type\":\"ReadAction\",\"target\":[\"https:\/\/www.gaveanews.com\/index.php\/2024\/08\/09\/a-declaracao-de-arthur-elias-sobre-o-retorno-de-marta\/\"]}]},{\"@type\":\"ImageObject\",\"inLanguage\":\"pt-BR\",\"@id\":\"https:\/\/www.gaveanews.com\/index.php\/2024\/08\/09\/a-declaracao-de-arthur-elias-sobre-o-retorno-de-marta\/#primaryimage\",\"url\":\"https:\/\/www.gaveanews.com\/wp-content\/uploads\/Kerolin-Nicoli-e-Marta-durante-os-Jogos-Olimpicos-de-Paris-2024.webp\",\"contentUrl\":\"https:\/\/www.gaveanews.com\/wp-content\/uploads\/Kerolin-Nicoli-e-Marta-durante-os-Jogos-Olimpicos-de-Paris-2024.webp\",\"width\":1080,\"height\":1350,\"caption\":\"Kerolin Nicoli e Marta durante os Jogos Ol\u00edmpicos de Paris 2024 (Foto: Reprodu\u00e7\u00e3o\/Instagram)\"},{\"@type\":\"BreadcrumbList\",\"@id\":\"https:\/\/www.gaveanews.com\/index.php\/2024\/08\/09\/a-declaracao-de-arthur-elias-sobre-o-retorno-de-marta\/#breadcrumb\",\"itemListElement\":[{\"@type\":\"ListItem\",\"position\":1,\"name\":\"Home\",\"item\":\"https:\/\/www.gaveanews.com\/\"},{\"@type\":\"ListItem\",\"position\":2,\"name\":\"A declara\u00e7\u00e3o de Arthur Elias sobre o retorno de Marta\"}]},{\"@type\":\"WebSite\",\"@id\":\"https:\/\/www.gaveanews.com\/#website\",\"url\":\"https:\/\/www.gaveanews.com\/\",\"name\":\"G\u00e1vea News\",\"description\":\"Veja todas as not\u00edcias sobre o Flamengo: Contrata\u00e7\u00f5es, categorias de base, resultados das partidas, tabela de classifica\u00e7\u00e3o, pr\u00f3ximos jogos!\",\"potentialAction\":[{\"@type\":\"SearchAction\",\"target\":{\"@type\":\"EntryPoint\",\"urlTemplate\":\"https:\/\/www.gaveanews.com\/?s={search_term_string}\"},\"query-input\":{\"@type\":\"PropertyValueSpecification\",\"valueRequired\":true,\"valueName\":\"search_term_string\"}}],\"inLanguage\":\"pt-BR\"},{\"@type\":\"Person\",\"@id\":\"https:\/\/www.gaveanews.com\/#\/schema\/person\/0277a79a1289c451c281ec0411d84f0c\",\"name\":\"Andr\u00e9 Serra\",\"image\":{\"@type\":\"ImageObject\",\"inLanguage\":\"pt-BR\",\"@id\":\"https:\/\/www.gaveanews.com\/#\/schema\/person\/image\/\",\"url\":\"https:\/\/secure.gravatar.com\/avatar\/d7231369fe48db93292b3e88eb2162dbd9a34a47a8437d9ef3bcaca2a86a83d7?s=96&d=mm&r=g\",\"contentUrl\":\"https:\/\/secure.gravatar.com\/avatar\/d7231369fe48db93292b3e88eb2162dbd9a34a47a8437d9ef3bcaca2a86a83d7?s=96&d=mm&r=g\",\"caption\":\"Andr\u00e9 Serra\"}}]}<\/script>\n<!-- \/ Yoast SEO Premium plugin. -->","yoast_head_json":{"title":"A declara\u00e7\u00e3o de Arthur Elias sobre o retorno de Marta","robots":{"index":"index","follow":"follow","max-snippet":"max-snippet:-1","max-image-preview":"max-image-preview:large","max-video-preview":"max-video-preview:-1"},"canonical":"https:\/\/www.gaveanews.com\/index.php\/2024\/08\/09\/a-declaracao-de-arthur-elias-sobre-o-retorno-de-marta\/","og_locale":"pt_BR","og_type":"article","og_title":"A declara\u00e7\u00e3o de Arthur Elias sobre o retorno de Marta","og_description":"Marta estar\u00e1 dispon\u00edvel para a final Ol\u00edmpica Neste s\u00e1bado (10), Brasil e Estados Unidos entram em campo pela final dos Jogos Ol\u00edmpicos Paris 2024. A sele\u00e7\u00e3o brasileira contar\u00e1 com o retorno da craque Marta, que cumpriu suspens\u00e3o de duas partidas. O t\u00e9cnico Arthur Elias comentou sobre a volta da atacante e se escalar\u00e1 a camisa [&hellip;]","og_url":"https:\/\/www.gaveanews.com\/index.php\/2024\/08\/09\/a-declaracao-de-arthur-elias-sobre-o-retorno-de-marta\/","og_site_name":"G\u00e1vea News","article_publisher":"https:\/\/facebook.com\/gaveaNews\/","article_published_time":"2024-08-09T22:30:42+00:00","article_modified_time":"2024-08-09T22:30:44+00:00","og_image":[{"width":1080,"height":1350,"url":"https:\/\/www.gaveanews.com\/wp-content\/uploads\/Kerolin-Nicoli-e-Marta-durante-os-Jogos-Olimpicos-de-Paris-2024.webp","type":"image\/jpeg"}],"author":"Andr\u00e9 Serra","twitter_card":"summary_large_image","twitter_misc":{"Escrito por":"Andr\u00e9 Serra","Est. tempo de leitura":"3 minutos"},"schema":{"@context":"https:\/\/schema.org","@graph":[{"@type":"NewsArticle","@id":"https:\/\/www.gaveanews.com\/index.php\/2024\/08\/09\/a-declaracao-de-arthur-elias-sobre-o-retorno-de-marta\/#article","isPartOf":{"@id":"https:\/\/www.gaveanews.com\/index.php\/2024\/08\/09\/a-declaracao-de-arthur-elias-sobre-o-retorno-de-marta\/"},"author":{"name":"Andr\u00e9 Serra","@id":"https:\/\/www.gaveanews.com\/#\/schema\/person\/0277a79a1289c451c281ec0411d84f0c"},"headline":"A declara\u00e7\u00e3o de Arthur Elias sobre o retorno de Marta","datePublished":"2024-08-09T22:30:42+00:00","dateModified":"2024-08-09T22:30:44+00:00","mainEntityOfPage":{"@id":"https:\/\/www.gaveanews.com\/index.php\/2024\/08\/09\/a-declaracao-de-arthur-elias-sobre-o-retorno-de-marta\/"},"wordCount":434,"commentCount":0,"image":{"@id":"https:\/\/www.gaveanews.com\/index.php\/2024\/08\/09\/a-declaracao-de-arthur-elias-sobre-o-retorno-de-marta\/#primaryimage"},"thumbnailUrl":"https:\/\/www.gaveanews.com\/wp-content\/uploads\/Kerolin-Nicoli-e-Marta-durante-os-Jogos-Olimpicos-de-Paris-2024.webp","articleSection":["Futebol Internacional"],"inLanguage":"pt-BR","potentialAction":[{"@type":"CommentAction","name":"Comment","target":["https:\/\/www.gaveanews.com\/index.php\/2024\/08\/09\/a-declaracao-de-arthur-elias-sobre-o-retorno-de-marta\/#respond"]}],"copyrightYear":"2024","copyrightHolder":{"@id":"https:\/\/www.gaveanews.com\/#organization"}},{"@type":"WebPage","@id":"https:\/\/www.gaveanews.com\/index.php\/2024\/08\/09\/a-declaracao-de-arthur-elias-sobre-o-retorno-de-marta\/","url":"https:\/\/www.gaveanews.com\/index.php\/2024\/08\/09\/a-declaracao-de-arthur-elias-sobre-o-retorno-de-marta\/","name":"A declara\u00e7\u00e3o de Arthur Elias sobre o retorno de Marta","isPartOf":{"@id":"https:\/\/www.gaveanews.com\/#website"},"primaryImageOfPage":{"@id":"https:\/\/www.gaveanews.com\/index.php\/2024\/08\/09\/a-declaracao-de-arthur-elias-sobre-o-retorno-de-marta\/#primaryimage"},"image":{"@id":"https:\/\/www.gaveanews.com\/index.php\/2024\/08\/09\/a-declaracao-de-arthur-elias-sobre-o-retorno-de-marta\/#primaryimage"},"thumbnailUrl":"https:\/\/www.gaveanews.com\/wp-content\/uploads\/Kerolin-Nicoli-e-Marta-durante-os-Jogos-Olimpicos-de-Paris-2024.webp","datePublished":"2024-08-09T22:30:42+00:00","dateModified":"2024-08-09T22:30:44+00:00","author":{"@id":"https:\/\/www.gaveanews.com\/#\/schema\/person\/0277a79a1289c451c281ec0411d84f0c"},"breadcrumb":{"@id":"https:\/\/www.gaveanews.com\/index.php\/2024\/08\/09\/a-declaracao-de-arthur-elias-sobre-o-retorno-de-marta\/#breadcrumb"},"inLanguage":"pt-BR","potentialAction":[{"@type":"ReadAction","target":["https:\/\/www.gaveanews.com\/index.php\/2024\/08\/09\/a-declaracao-de-arthur-elias-sobre-o-retorno-de-marta\/"]}]},{"@type":"ImageObject","inLanguage":"pt-BR","@id":"https:\/\/www.gaveanews.com\/index.php\/2024\/08\/09\/a-declaracao-de-arthur-elias-sobre-o-retorno-de-marta\/#primaryimage","url":"https:\/\/www.gaveanews.com\/wp-content\/uploads\/Kerolin-Nicoli-e-Marta-durante-os-Jogos-Olimpicos-de-Paris-2024.webp","contentUrl":"https:\/\/www.gaveanews.com\/wp-content\/uploads\/Kerolin-Nicoli-e-Marta-durante-os-Jogos-Olimpicos-de-Paris-2024.webp","width":1080,"height":1350,"caption":"Kerolin Nicoli e Marta durante os Jogos Ol\u00edmpicos de Paris 2024 (Foto: Reprodu\u00e7\u00e3o\/Instagram)"},{"@type":"BreadcrumbList","@id":"https:\/\/www.gaveanews.com\/index.php\/2024\/08\/09\/a-declaracao-de-arthur-elias-sobre-o-retorno-de-marta\/#breadcrumb","itemListElement":[{"@type":"ListItem","position":1,"name":"Home","item":"https:\/\/www.gaveanews.com\/"},{"@type":"ListItem","position":2,"name":"A declara\u00e7\u00e3o de Arthur Elias sobre o retorno de Marta"}]},{"@type":"WebSite","@id":"https:\/\/www.gaveanews.com\/#website","url":"https:\/\/www.gaveanews.com\/","name":"G\u00e1vea News","description":"Veja todas as not\u00edcias sobre o Flamengo: Contrata\u00e7\u00f5es, categorias de base, resultados das partidas, tabela de classifica\u00e7\u00e3o, pr\u00f3ximos jogos!","potentialAction":[{"@type":"SearchAction","target":{"@type":"EntryPoint","urlTemplate":"https:\/\/www.gaveanews.com\/?s={search_term_string}"},"query-input":{"@type":"PropertyValueSpecification","valueRequired":true,"valueName":"search_term_string"}}],"inLanguage":"pt-BR"},{"@type":"Person","@id":"https:\/\/www.gaveanews.com\/#\/schema\/person\/0277a79a1289c451c281ec0411d84f0c","name":"Andr\u00e9 Serra","image":{"@type":"ImageObject","inLanguage":"pt-BR","@id":"https:\/\/www.gaveanews.com\/#\/schema\/person\/image\/","url":"https:\/\/secure.gravatar.com\/avatar\/d7231369fe48db93292b3e88eb2162dbd9a34a47a8437d9ef3bcaca2a86a83d7?s=96&d=mm&r=g","contentUrl":"https:\/\/secure.gravatar.com\/avatar\/d7231369fe48db93292b3e88eb2162dbd9a34a47a8437d9ef3bcaca2a86a83d7?s=96&d=mm&r=g","caption":"Andr\u00e9 Serra"}}]}},"_links":{"self":[{"href":"https:\/\/www.gaveanews.com\/index.php\/wp-json\/wp\/v2\/posts\/157646","targetHints":{"allow":["GET"]}}],"collection":[{"href":"https:\/\/www.gaveanews.com\/index.php\/wp-json\/wp\/v2\/posts"}],"about":[{"href":"https:\/\/www.gaveanews.com\/index.php\/wp-json\/wp\/v2\/types\/post"}],"author":[{"embeddable":true,"href":"https:\/\/www.gaveanews.com\/index.php\/wp-json\/wp\/v2\/users\/21"}],"replies":[{"embeddable":true,"href":"https:\/\/www.gaveanews.com\/index.php\/wp-json\/wp\/v2\/comments?post=157646"}],"version-history":[{"count":1,"href":"https:\/\/www.gaveanews.com\/index.php\/wp-json\/wp\/v2\/posts\/157646\/revisions"}],"predecessor-version":[{"id":157648,"href":"https:\/\/www.gaveanews.com\/index.php\/wp-json\/wp\/v2\/posts\/157646\/revisions\/157648"}],"wp:featuredmedia":[{"embeddable":true,"href":"https:\/\/www.gaveanews.com\/index.php\/wp-json\/wp\/v2\/media\/156457"}],"wp:attachment":[{"href":"https:\/\/www.gaveanews.com\/index.php\/wp-json\/wp\/v2\/media?parent=157646"}],"wp:term":[{"taxonomy":"category","embeddable":true,"href":"https:\/\/www.gaveanews.com\/index.php\/wp-json\/wp\/v2\/categories?post=157646"},{"taxonomy":"post_tag","embeddable":true,"href":"https:\/\/www.gaveanews.com\/index.php\/wp-json\/wp\/v2\/tags?post=157646"}],"curies":[{"name":"wp","href":"https:\/\/api.w.org\/{rel}","templated":true}]}}