{"id":157796,"date":"2024-08-12T21:31:33","date_gmt":"2024-08-13T00:31:33","guid":{"rendered":"https:\/\/www.gaveanews.com\/?p=157796"},"modified":"2024-08-12T21:50:08","modified_gmt":"2024-08-13T00:50:08","slug":"athletico-pr-x-belgrano-vidente-faz-previsoes-sobre-o-jogo","status":"publish","type":"post","link":"https:\/\/www.gaveanews.com\/index.php\/2024\/08\/12\/athletico-pr-x-belgrano-vidente-faz-previsoes-sobre-o-jogo\/","title":{"rendered":"Athletico-PR x Belgrano: vidente faz previs\u00f5es sobre o jogo"},"content":{"rendered":"\n<p>Na pr\u00f3xima quinta-feira (15), Athletico-PR e Belgrano se enfrentar\u00e3o na partida de ida das oitavas de final da Copa Sul-Americana. O jogo acontecer\u00e1 \u00e0s 19h (hor\u00e1rio de Bras\u00edlia), na Ligga Arena. A volta ser\u00e1 na semana seguinte, no dia 22 de agosto, tamb\u00e9m quinta-feira, \u00e0s 19h (hor\u00e1rio de Bras\u00edlia), em C\u00f3rdoba.<\/p>\n\n\n\n<ul class=\"wp-block-list\">\n<li><a href=\"https:\/\/www.gaveanews.com\/index.php\/2024\/08\/12\/internacional-x-athletico-pr-a-declaracao-do-tecnico-martin-varini\/\">Internacional x Athletico-PR: a declara\u00e7\u00e3o do t\u00e9cnico Mart\u00edn Varini<\/a><\/li>\n\n\n\n<li><a href=\"https:\/\/www.gaveanews.com\/index.php\/2024\/08\/08\/athletico-pr-x-bragantino-a-declaracao-de-pedro-caixinha-2\/\">Athl\u00e9tico PR x Bragantino: a declara\u00e7\u00e3o de Pedro Caixinha<\/a><\/li>\n<\/ul>\n\n\n\n<h2 class=\"wp-block-heading\" id=\"h-como-estao-os-times\">Como est\u00e3o os times:<\/h2>\n\n\n\n<p>O&nbsp;Furac\u00e3o&nbsp;n\u00e3o vive a sua melhor fase no&nbsp;Campeonato Brasileiro, pois o time est\u00e1 com tr\u00eas derrotas, um empate e apenas uma vit\u00f3ria nos \u00faltimos cinco jogos. Apesar disso, mostrou sua for\u00e7a copeira ao passar com autoridade pelo Bragantino na&nbsp;Copa do Brasil. Por isso, chega confiante para este jogo.<\/p>\n\n\n\n<p>O&nbsp;Belgrano&nbsp;est\u00e1 na oitava coloca\u00e7\u00e3o da segunda fase do&nbsp;Campeonato Argentino, com 16 pontos conquistados em 10 partidas. Em suas \u00faltimas cinco partidas, ficou com um retrospecto bom, embora n\u00e3o excelente, com duas vit\u00f3rias, dois empates e apenas uma derrota.<\/p>\n\n\n\n<h2 class=\"wp-block-heading\" id=\"h-previsao-do-vidente\">Previs\u00e3o do vidente:<\/h2>\n\n\n\n<p>O vidente \u00e9 Maur\u00edcio, Tarot que faz suas tiragens em seu canal pr\u00f3prio no youtube, que se chama &#8216;Fan\u00e1tticos&#8217;. O seu foco s\u00e3o os assuntos do momento, mas em especial o tar\u00f3logo fala sobre a previs\u00e3o de vit\u00f3rias dos times brasileiros em diversos campeonatos.<\/p>\n\n\n\n<p>Sendo assim, ele usou as cartas e conchas para falar sobre o Athletico-PR:  \u201cVamos ver, n\u00e3o trouxe muita informa\u00e7\u00e3o nas conchas. Espadas, Cavaleiro de Espadas e o Rei de Espadas, Athletico-PR ta com energia firme, energia segura, energia de um time que vai para cima. Vai ter dificuldade aqui sim, mas a carta de Rei de Espadas que finaliza traz um time muito seguro e se garantindo,\u201d disse o youtuber.<\/p>\n\n\n\n<p>Logo ap\u00f3s ele fez a tiragem de cartas para o rival da partida: \u201cVamos ver, energia bem tumultuada para o Belgrano aqui. Quatro de espadas. Seis de pent\u00e1culos. A torre. A dificuldade danada aqui para o time do Belgrano. Bem dificultoso aqui para o Belgrano,\u201d acrescentou.<\/p>\n\n\n\n<p>Ao finalizar as tiragens, o tar\u00f3logo concluiu quem passar\u00e1 de fase: \u201cA energia do Athletico-PR vem trazendo muita luta e muita resist\u00eancia. O time est\u00e1 se preparando muito para esse resultado ser alcan\u00e7ado. Dito isso, gente, aqui entre Athletico-PR e Belgrano. Agora eu vejo Athletico-PR passando do Belgrano. Athletico-PR passa de fase&#8221;, conclui Maur\u00edcio.<\/p>\n\n\n\n<iframe loading=\"lazy\" width=\"560\" height=\"315\" src=\"https:\/\/www.youtube.com\/embed\/21PNshD8AOw?si=5pt9IT2LdxLzVbO9\" title=\"YouTube video player\" frameborder=\"0\" allow=\"accelerometer; autoplay; clipboard-write; encrypted-media; gyroscope; picture-in-picture; web-share\" referrerpolicy=\"strict-origin-when-cross-origin\" allowfullscreen><\/iframe>\n\n\n\n<h2 class=\"wp-block-heading\" id=\"h-onde-assistir\">Onde assistir:<\/h2>\n\n\n\n<p>A partida ser\u00e1 transmitida com pelo&nbsp;SBT&nbsp;(TV aberta), pelos canais&nbsp;ESPN&nbsp;(TV fechada) e pelo&nbsp;Paramout+&nbsp;(streaming).<\/p>\n\n\n\n<h2 class=\"wp-block-heading\" id=\"h-arbitros-da-partida\">\u00c1rbitros da partida:<\/h2>\n\n\n\n<ul class=\"wp-block-list\">\n<li><strong>\u00c1rbitro:&nbsp;<\/strong>\n<ul class=\"wp-block-list\">\n<li>Gery Vargas<\/li>\n<\/ul>\n<\/li>\n\n\n\n<li><strong>\u00c1rbitros Assistentes<\/strong>:\n<ul class=\"wp-block-list\">\n<li>Jos\u00e9 Antelo<\/li>\n\n\n\n<li>&nbsp;Carlos Tapia<\/li>\n<\/ul>\n<\/li>\n<\/ul>\n","protected":false},"excerpt":{"rendered":"<p>Na pr\u00f3xima quinta-feira (15), Athletico-PR e Belgrano se enfrentar\u00e3o na partida de ida das oitavas de final da Copa Sul-Americana. O jogo acontecer\u00e1 \u00e0s 19h (hor\u00e1rio de Bras\u00edlia), na Ligga Arena. A volta ser\u00e1 na semana seguinte, no dia 22 de agosto, tamb\u00e9m quinta-feira, \u00e0s 19h (hor\u00e1rio de Bras\u00edlia), em C\u00f3rdoba. Como est\u00e3o os times: [&hellip;]<\/p>\n","protected":false},"author":22,"featured_media":139304,"comment_status":"open","ping_status":"closed","sticky":false,"template":"","format":"standard","meta":{"footnotes":""},"categories":[134],"tags":[],"class_list":["post-157796","post","type-post","status-publish","format-standard","has-post-thumbnail","hentry","category-athletico-pr"],"yoast_head":"<!-- This site is optimized with the Yoast SEO Premium plugin v24.2 (Yoast SEO v26.9) - https:\/\/yoast.com\/product\/yoast-seo-premium-wordpress\/ -->\n<title>Athletico-PR x Belgrano: vidente faz previs\u00f5es sobre o jogo<\/title>\n<meta name=\"robots\" content=\"index, follow, max-snippet:-1, max-image-preview:large, max-video-preview:-1\" \/>\n<link rel=\"canonical\" href=\"https:\/\/www.gaveanews.com\/index.php\/2024\/08\/12\/athletico-pr-x-belgrano-vidente-faz-previsoes-sobre-o-jogo\/\" \/>\n<meta property=\"og:locale\" content=\"pt_BR\" \/>\n<meta property=\"og:type\" content=\"article\" \/>\n<meta property=\"og:title\" content=\"Athletico-PR x Belgrano: vidente faz previs\u00f5es sobre o jogo\" \/>\n<meta property=\"og:description\" content=\"Na pr\u00f3xima quinta-feira (15), Athletico-PR e Belgrano se enfrentar\u00e3o na partida de ida das oitavas de final da Copa Sul-Americana. O jogo acontecer\u00e1 \u00e0s 19h (hor\u00e1rio de Bras\u00edlia), na Ligga Arena. A volta ser\u00e1 na semana seguinte, no dia 22 de agosto, tamb\u00e9m quinta-feira, \u00e0s 19h (hor\u00e1rio de Bras\u00edlia), em C\u00f3rdoba. Como est\u00e3o os times: [&hellip;]\" \/>\n<meta property=\"og:url\" content=\"https:\/\/www.gaveanews.com\/index.php\/2024\/08\/12\/athletico-pr-x-belgrano-vidente-faz-previsoes-sobre-o-jogo\/\" \/>\n<meta property=\"og:site_name\" content=\"G\u00e1vea News\" \/>\n<meta property=\"article:publisher\" content=\"https:\/\/facebook.com\/gaveaNews\/\" \/>\n<meta property=\"article:published_time\" content=\"2024-08-13T00:31:33+00:00\" \/>\n<meta property=\"article:modified_time\" content=\"2024-08-13T00:50:08+00:00\" \/>\n<meta property=\"og:image\" content=\"https:\/\/www.gaveanews.com\/wp-content\/uploads\/Bandeira-do-Athletico-na-Arena-da-Baixada.webp\" \/>\n\t<meta property=\"og:image:width\" content=\"1600\" \/>\n\t<meta property=\"og:image:height\" content=\"1066\" \/>\n\t<meta property=\"og:image:type\" content=\"image\/jpeg\" \/>\n<meta name=\"author\" content=\"Emilly Lima\" \/>\n<meta name=\"twitter:card\" content=\"summary_large_image\" \/>\n<meta name=\"twitter:label1\" content=\"Escrito por\" \/>\n\t<meta name=\"twitter:data1\" content=\"Emilly Lima\" \/>\n\t<meta name=\"twitter:label2\" content=\"Est. tempo de leitura\" \/>\n\t<meta name=\"twitter:data2\" content=\"3 minutos\" \/>\n<script type=\"application\/ld+json\" class=\"yoast-schema-graph\">{\"@context\":\"https:\/\/schema.org\",\"@graph\":[{\"@type\":\"NewsArticle\",\"@id\":\"https:\/\/www.gaveanews.com\/index.php\/2024\/08\/12\/athletico-pr-x-belgrano-vidente-faz-previsoes-sobre-o-jogo\/#article\",\"isPartOf\":{\"@id\":\"https:\/\/www.gaveanews.com\/index.php\/2024\/08\/12\/athletico-pr-x-belgrano-vidente-faz-previsoes-sobre-o-jogo\/\"},\"author\":{\"name\":\"Emilly Lima\",\"@id\":\"https:\/\/www.gaveanews.com\/#\/schema\/person\/8597dbe3f4d8513dd20048ce95a1895b\"},\"headline\":\"Athletico-PR x Belgrano: vidente faz previs\u00f5es sobre o jogo\",\"datePublished\":\"2024-08-13T00:31:33+00:00\",\"dateModified\":\"2024-08-13T00:50:08+00:00\",\"mainEntityOfPage\":{\"@id\":\"https:\/\/www.gaveanews.com\/index.php\/2024\/08\/12\/athletico-pr-x-belgrano-vidente-faz-previsoes-sobre-o-jogo\/\"},\"wordCount\":472,\"commentCount\":0,\"image\":{\"@id\":\"https:\/\/www.gaveanews.com\/index.php\/2024\/08\/12\/athletico-pr-x-belgrano-vidente-faz-previsoes-sobre-o-jogo\/#primaryimage\"},\"thumbnailUrl\":\"https:\/\/www.gaveanews.com\/wp-content\/uploads\/Bandeira-do-Athletico-na-Arena-da-Baixada.webp\",\"articleSection\":[\"Athletico-PR\"],\"inLanguage\":\"pt-BR\",\"potentialAction\":[{\"@type\":\"CommentAction\",\"name\":\"Comment\",\"target\":[\"https:\/\/www.gaveanews.com\/index.php\/2024\/08\/12\/athletico-pr-x-belgrano-vidente-faz-previsoes-sobre-o-jogo\/#respond\"]}],\"copyrightYear\":\"2024\",\"copyrightHolder\":{\"@id\":\"https:\/\/www.gaveanews.com\/#organization\"}},{\"@type\":\"WebPage\",\"@id\":\"https:\/\/www.gaveanews.com\/index.php\/2024\/08\/12\/athletico-pr-x-belgrano-vidente-faz-previsoes-sobre-o-jogo\/\",\"url\":\"https:\/\/www.gaveanews.com\/index.php\/2024\/08\/12\/athletico-pr-x-belgrano-vidente-faz-previsoes-sobre-o-jogo\/\",\"name\":\"Athletico-PR x Belgrano: vidente faz previs\u00f5es sobre o jogo\",\"isPartOf\":{\"@id\":\"https:\/\/www.gaveanews.com\/#website\"},\"primaryImageOfPage\":{\"@id\":\"https:\/\/www.gaveanews.com\/index.php\/2024\/08\/12\/athletico-pr-x-belgrano-vidente-faz-previsoes-sobre-o-jogo\/#primaryimage\"},\"image\":{\"@id\":\"https:\/\/www.gaveanews.com\/index.php\/2024\/08\/12\/athletico-pr-x-belgrano-vidente-faz-previsoes-sobre-o-jogo\/#primaryimage\"},\"thumbnailUrl\":\"https:\/\/www.gaveanews.com\/wp-content\/uploads\/Bandeira-do-Athletico-na-Arena-da-Baixada.webp\",\"datePublished\":\"2024-08-13T00:31:33+00:00\",\"dateModified\":\"2024-08-13T00:50:08+00:00\",\"author\":{\"@id\":\"https:\/\/www.gaveanews.com\/#\/schema\/person\/8597dbe3f4d8513dd20048ce95a1895b\"},\"breadcrumb\":{\"@id\":\"https:\/\/www.gaveanews.com\/index.php\/2024\/08\/12\/athletico-pr-x-belgrano-vidente-faz-previsoes-sobre-o-jogo\/#breadcrumb\"},\"inLanguage\":\"pt-BR\",\"potentialAction\":[{\"@type\":\"ReadAction\",\"target\":[\"https:\/\/www.gaveanews.com\/index.php\/2024\/08\/12\/athletico-pr-x-belgrano-vidente-faz-previsoes-sobre-o-jogo\/\"]}]},{\"@type\":\"ImageObject\",\"inLanguage\":\"pt-BR\",\"@id\":\"https:\/\/www.gaveanews.com\/index.php\/2024\/08\/12\/athletico-pr-x-belgrano-vidente-faz-previsoes-sobre-o-jogo\/#primaryimage\",\"url\":\"https:\/\/www.gaveanews.com\/wp-content\/uploads\/Bandeira-do-Athletico-na-Arena-da-Baixada.webp\",\"contentUrl\":\"https:\/\/www.gaveanews.com\/wp-content\/uploads\/Bandeira-do-Athletico-na-Arena-da-Baixada.webp\",\"width\":1600,\"height\":1066,\"caption\":\"Bandeira do Athletico na Arena da Baixada Jos\u00e9 (Foto: Jos\u00e9 Tramontin\/Athletico)\"},{\"@type\":\"BreadcrumbList\",\"@id\":\"https:\/\/www.gaveanews.com\/index.php\/2024\/08\/12\/athletico-pr-x-belgrano-vidente-faz-previsoes-sobre-o-jogo\/#breadcrumb\",\"itemListElement\":[{\"@type\":\"ListItem\",\"position\":1,\"name\":\"Home\",\"item\":\"https:\/\/www.gaveanews.com\/\"},{\"@type\":\"ListItem\",\"position\":2,\"name\":\"Athletico-PR x Belgrano: vidente faz previs\u00f5es sobre o jogo\"}]},{\"@type\":\"WebSite\",\"@id\":\"https:\/\/www.gaveanews.com\/#website\",\"url\":\"https:\/\/www.gaveanews.com\/\",\"name\":\"G\u00e1vea News\",\"description\":\"Veja todas as not\u00edcias sobre o Flamengo: Contrata\u00e7\u00f5es, categorias de base, resultados das partidas, tabela de classifica\u00e7\u00e3o, pr\u00f3ximos jogos!\",\"potentialAction\":[{\"@type\":\"SearchAction\",\"target\":{\"@type\":\"EntryPoint\",\"urlTemplate\":\"https:\/\/www.gaveanews.com\/?s={search_term_string}\"},\"query-input\":{\"@type\":\"PropertyValueSpecification\",\"valueRequired\":true,\"valueName\":\"search_term_string\"}}],\"inLanguage\":\"pt-BR\"},{\"@type\":\"Person\",\"@id\":\"https:\/\/www.gaveanews.com\/#\/schema\/person\/8597dbe3f4d8513dd20048ce95a1895b\",\"name\":\"Emilly Lima\",\"image\":{\"@type\":\"ImageObject\",\"inLanguage\":\"pt-BR\",\"@id\":\"https:\/\/www.gaveanews.com\/#\/schema\/person\/image\/\",\"url\":\"https:\/\/secure.gravatar.com\/avatar\/ddb4d0548bae01de3cb52e0fe30386754e9c41797565aa0a5bf4440ab4f7c0be?s=96&d=mm&r=g\",\"contentUrl\":\"https:\/\/secure.gravatar.com\/avatar\/ddb4d0548bae01de3cb52e0fe30386754e9c41797565aa0a5bf4440ab4f7c0be?s=96&d=mm&r=g\",\"caption\":\"Emilly Lima\"}}]}<\/script>\n<!-- \/ Yoast SEO Premium plugin. -->","yoast_head_json":{"title":"Athletico-PR x Belgrano: vidente faz previs\u00f5es sobre o jogo","robots":{"index":"index","follow":"follow","max-snippet":"max-snippet:-1","max-image-preview":"max-image-preview:large","max-video-preview":"max-video-preview:-1"},"canonical":"https:\/\/www.gaveanews.com\/index.php\/2024\/08\/12\/athletico-pr-x-belgrano-vidente-faz-previsoes-sobre-o-jogo\/","og_locale":"pt_BR","og_type":"article","og_title":"Athletico-PR x Belgrano: vidente faz previs\u00f5es sobre o jogo","og_description":"Na pr\u00f3xima quinta-feira (15), Athletico-PR e Belgrano se enfrentar\u00e3o na partida de ida das oitavas de final da Copa Sul-Americana. O jogo acontecer\u00e1 \u00e0s 19h (hor\u00e1rio de Bras\u00edlia), na Ligga Arena. A volta ser\u00e1 na semana seguinte, no dia 22 de agosto, tamb\u00e9m quinta-feira, \u00e0s 19h (hor\u00e1rio de Bras\u00edlia), em C\u00f3rdoba. Como est\u00e3o os times: [&hellip;]","og_url":"https:\/\/www.gaveanews.com\/index.php\/2024\/08\/12\/athletico-pr-x-belgrano-vidente-faz-previsoes-sobre-o-jogo\/","og_site_name":"G\u00e1vea News","article_publisher":"https:\/\/facebook.com\/gaveaNews\/","article_published_time":"2024-08-13T00:31:33+00:00","article_modified_time":"2024-08-13T00:50:08+00:00","og_image":[{"width":1600,"height":1066,"url":"https:\/\/www.gaveanews.com\/wp-content\/uploads\/Bandeira-do-Athletico-na-Arena-da-Baixada.webp","type":"image\/jpeg"}],"author":"Emilly Lima","twitter_card":"summary_large_image","twitter_misc":{"Escrito por":"Emilly Lima","Est. tempo de leitura":"3 minutos"},"schema":{"@context":"https:\/\/schema.org","@graph":[{"@type":"NewsArticle","@id":"https:\/\/www.gaveanews.com\/index.php\/2024\/08\/12\/athletico-pr-x-belgrano-vidente-faz-previsoes-sobre-o-jogo\/#article","isPartOf":{"@id":"https:\/\/www.gaveanews.com\/index.php\/2024\/08\/12\/athletico-pr-x-belgrano-vidente-faz-previsoes-sobre-o-jogo\/"},"author":{"name":"Emilly Lima","@id":"https:\/\/www.gaveanews.com\/#\/schema\/person\/8597dbe3f4d8513dd20048ce95a1895b"},"headline":"Athletico-PR x Belgrano: vidente faz previs\u00f5es sobre o jogo","datePublished":"2024-08-13T00:31:33+00:00","dateModified":"2024-08-13T00:50:08+00:00","mainEntityOfPage":{"@id":"https:\/\/www.gaveanews.com\/index.php\/2024\/08\/12\/athletico-pr-x-belgrano-vidente-faz-previsoes-sobre-o-jogo\/"},"wordCount":472,"commentCount":0,"image":{"@id":"https:\/\/www.gaveanews.com\/index.php\/2024\/08\/12\/athletico-pr-x-belgrano-vidente-faz-previsoes-sobre-o-jogo\/#primaryimage"},"thumbnailUrl":"https:\/\/www.gaveanews.com\/wp-content\/uploads\/Bandeira-do-Athletico-na-Arena-da-Baixada.webp","articleSection":["Athletico-PR"],"inLanguage":"pt-BR","potentialAction":[{"@type":"CommentAction","name":"Comment","target":["https:\/\/www.gaveanews.com\/index.php\/2024\/08\/12\/athletico-pr-x-belgrano-vidente-faz-previsoes-sobre-o-jogo\/#respond"]}],"copyrightYear":"2024","copyrightHolder":{"@id":"https:\/\/www.gaveanews.com\/#organization"}},{"@type":"WebPage","@id":"https:\/\/www.gaveanews.com\/index.php\/2024\/08\/12\/athletico-pr-x-belgrano-vidente-faz-previsoes-sobre-o-jogo\/","url":"https:\/\/www.gaveanews.com\/index.php\/2024\/08\/12\/athletico-pr-x-belgrano-vidente-faz-previsoes-sobre-o-jogo\/","name":"Athletico-PR x Belgrano: vidente faz previs\u00f5es sobre o jogo","isPartOf":{"@id":"https:\/\/www.gaveanews.com\/#website"},"primaryImageOfPage":{"@id":"https:\/\/www.gaveanews.com\/index.php\/2024\/08\/12\/athletico-pr-x-belgrano-vidente-faz-previsoes-sobre-o-jogo\/#primaryimage"},"image":{"@id":"https:\/\/www.gaveanews.com\/index.php\/2024\/08\/12\/athletico-pr-x-belgrano-vidente-faz-previsoes-sobre-o-jogo\/#primaryimage"},"thumbnailUrl":"https:\/\/www.gaveanews.com\/wp-content\/uploads\/Bandeira-do-Athletico-na-Arena-da-Baixada.webp","datePublished":"2024-08-13T00:31:33+00:00","dateModified":"2024-08-13T00:50:08+00:00","author":{"@id":"https:\/\/www.gaveanews.com\/#\/schema\/person\/8597dbe3f4d8513dd20048ce95a1895b"},"breadcrumb":{"@id":"https:\/\/www.gaveanews.com\/index.php\/2024\/08\/12\/athletico-pr-x-belgrano-vidente-faz-previsoes-sobre-o-jogo\/#breadcrumb"},"inLanguage":"pt-BR","potentialAction":[{"@type":"ReadAction","target":["https:\/\/www.gaveanews.com\/index.php\/2024\/08\/12\/athletico-pr-x-belgrano-vidente-faz-previsoes-sobre-o-jogo\/"]}]},{"@type":"ImageObject","inLanguage":"pt-BR","@id":"https:\/\/www.gaveanews.com\/index.php\/2024\/08\/12\/athletico-pr-x-belgrano-vidente-faz-previsoes-sobre-o-jogo\/#primaryimage","url":"https:\/\/www.gaveanews.com\/wp-content\/uploads\/Bandeira-do-Athletico-na-Arena-da-Baixada.webp","contentUrl":"https:\/\/www.gaveanews.com\/wp-content\/uploads\/Bandeira-do-Athletico-na-Arena-da-Baixada.webp","width":1600,"height":1066,"caption":"Bandeira do Athletico na Arena da Baixada Jos\u00e9 (Foto: Jos\u00e9 Tramontin\/Athletico)"},{"@type":"BreadcrumbList","@id":"https:\/\/www.gaveanews.com\/index.php\/2024\/08\/12\/athletico-pr-x-belgrano-vidente-faz-previsoes-sobre-o-jogo\/#breadcrumb","itemListElement":[{"@type":"ListItem","position":1,"name":"Home","item":"https:\/\/www.gaveanews.com\/"},{"@type":"ListItem","position":2,"name":"Athletico-PR x Belgrano: vidente faz previs\u00f5es sobre o jogo"}]},{"@type":"WebSite","@id":"https:\/\/www.gaveanews.com\/#website","url":"https:\/\/www.gaveanews.com\/","name":"G\u00e1vea News","description":"Veja todas as not\u00edcias sobre o Flamengo: Contrata\u00e7\u00f5es, categorias de base, resultados das partidas, tabela de classifica\u00e7\u00e3o, pr\u00f3ximos jogos!","potentialAction":[{"@type":"SearchAction","target":{"@type":"EntryPoint","urlTemplate":"https:\/\/www.gaveanews.com\/?s={search_term_string}"},"query-input":{"@type":"PropertyValueSpecification","valueRequired":true,"valueName":"search_term_string"}}],"inLanguage":"pt-BR"},{"@type":"Person","@id":"https:\/\/www.gaveanews.com\/#\/schema\/person\/8597dbe3f4d8513dd20048ce95a1895b","name":"Emilly Lima","image":{"@type":"ImageObject","inLanguage":"pt-BR","@id":"https:\/\/www.gaveanews.com\/#\/schema\/person\/image\/","url":"https:\/\/secure.gravatar.com\/avatar\/ddb4d0548bae01de3cb52e0fe30386754e9c41797565aa0a5bf4440ab4f7c0be?s=96&d=mm&r=g","contentUrl":"https:\/\/secure.gravatar.com\/avatar\/ddb4d0548bae01de3cb52e0fe30386754e9c41797565aa0a5bf4440ab4f7c0be?s=96&d=mm&r=g","caption":"Emilly Lima"}}]}},"_links":{"self":[{"href":"https:\/\/www.gaveanews.com\/index.php\/wp-json\/wp\/v2\/posts\/157796","targetHints":{"allow":["GET"]}}],"collection":[{"href":"https:\/\/www.gaveanews.com\/index.php\/wp-json\/wp\/v2\/posts"}],"about":[{"href":"https:\/\/www.gaveanews.com\/index.php\/wp-json\/wp\/v2\/types\/post"}],"author":[{"embeddable":true,"href":"https:\/\/www.gaveanews.com\/index.php\/wp-json\/wp\/v2\/users\/22"}],"replies":[{"embeddable":true,"href":"https:\/\/www.gaveanews.com\/index.php\/wp-json\/wp\/v2\/comments?post=157796"}],"version-history":[{"count":7,"href":"https:\/\/www.gaveanews.com\/index.php\/wp-json\/wp\/v2\/posts\/157796\/revisions"}],"predecessor-version":[{"id":158161,"href":"https:\/\/www.gaveanews.com\/index.php\/wp-json\/wp\/v2\/posts\/157796\/revisions\/158161"}],"wp:featuredmedia":[{"embeddable":true,"href":"https:\/\/www.gaveanews.com\/index.php\/wp-json\/wp\/v2\/media\/139304"}],"wp:attachment":[{"href":"https:\/\/www.gaveanews.com\/index.php\/wp-json\/wp\/v2\/media?parent=157796"}],"wp:term":[{"taxonomy":"category","embeddable":true,"href":"https:\/\/www.gaveanews.com\/index.php\/wp-json\/wp\/v2\/categories?post=157796"},{"taxonomy":"post_tag","embeddable":true,"href":"https:\/\/www.gaveanews.com\/index.php\/wp-json\/wp\/v2\/tags?post=157796"}],"curies":[{"name":"wp","href":"https:\/\/api.w.org\/{rel}","templated":true}]}}