{"id":157869,"date":"2024-08-11T12:55:20","date_gmt":"2024-08-11T15:55:20","guid":{"rendered":"https:\/\/www.gaveanews.com\/?p=157869"},"modified":"2024-08-11T15:34:27","modified_gmt":"2024-08-11T18:34:27","slug":"saiu-veja-a-escalacao-do-flamengo-para-o-jogo-contra-o-palmeiras-5","status":"publish","type":"post","link":"https:\/\/www.gaveanews.com\/index.php\/2024\/08\/11\/saiu-veja-a-escalacao-do-flamengo-para-o-jogo-contra-o-palmeiras-5\/","title":{"rendered":"Saiu! Veja a escala\u00e7\u00e3o do Flamengo para o jogo contra o Palmeiras"},"content":{"rendered":"\n<p>Flamengo e Palmeiras se enfrentam neste domingo (11 de agosto), \u00e0s 16h (hor\u00e1rio de Bras\u00edlia), no Maracan\u00e3, em partida v\u00e1lida pela 22\u00aa rodada do Campeonato Brasileiro. Os dois times voltam a se encontrar ap\u00f3s confrontos recentes pelas oitavas de final da Copa do Brasil, onde o Flamengo saiu vitorioso. Agora, ambos buscam afirma\u00e7\u00e3o na competi\u00e7\u00e3o de pontos corridos, com o Flamengo querendo manter a boa fase e o Palmeiras tentando encerrar uma sequ\u00eancia de tr\u00eas partidas sem vit\u00f3ria.<\/p>\n\n\n\n<h2 class=\"wp-block-heading\" id=\"h-vai-fazer-sua-fezinha\">Vai fazer sua fezinha? <\/h2>\n\n\n\n<p>Al\u00e9m do b\u00f4nus de at\u00e9 500 reais, a equipe do portal G\u00e1vea News separou uma SuperOdd de 3.5 para este jogo. Voc\u00ea pode conferir todos os detalhes em nossa <strong><a href=\"https:\/\/bit.ly\/Escalacao-PlayPix\">p\u00e1gina voltada especificamente para apostas (clique aqui<\/a>).<\/strong><\/p>\n\n\n\n<h2 class=\"wp-block-heading\" id=\"h-transmissao-do-jogo\">Transmiss\u00e3o do jogo<\/h2>\n\n\n\n<p>O jogo ser\u00e1 transmitido ao vivo pelo Premiere para todo o Brasil.<\/p>\n\n\n\n<h2 class=\"wp-block-heading\" id=\"h-desfalques-do-flamengo\">Desfalques do Flamengo<\/h2>\n\n\n\n<p>O t\u00e9cnico Tite ter\u00e1 que lidar com alguns desfalques importantes. David Luiz e Bruno Henrique est\u00e3o suspensos, enquanto Varela segue fora devido a uma les\u00e3o no quadril direito.<\/p>\n\n\n\n<h2 class=\"wp-block-heading\" id=\"h-escalacao-oficial\">Escala\u00e7\u00e3o oficial<\/h2>\n\n\n\n<p>Rossi; Wesley, Fabr\u00edcio Bruno, L\u00e9o Pereira e Ayrton Lucas; Pulgar, De la Cruz, Arrascaeta e Gerson; Cebolinha e Pedro.<\/p>\n\n\n\n<h2 class=\"wp-block-heading\" id=\"h-banco-de-reservas\">Banco de reservas<\/h2>\n\n\n\n<p>Matheus Cunha, L\u00e9o Ortiz, Cleiton, Vi\u00f1a, Igor Jesus, Evertton Ara\u00fajo, Allan, Victor Hugo, Matheus Gon\u00e7alves, Carlinhos, Gabigol e Luiz Ara\u00fajo.<\/p>\n\n\n\n<h2 class=\"wp-block-heading\" id=\"h-arbitragem\">Arbitragem<\/h2>\n\n\n\n<p>A arbitragem da partida ficar\u00e1 por conta de Wilton Pereira Sampaio (FIFA-GO), auxiliado por Bruno Raphael Pires (FIFA-GO) e Eduardo Goncalves Da Cruz (MS). O \u00e1rbitro de v\u00eddeo ser\u00e1 Marco Aurelio Augusto Fazekas Ferreira (MG).<\/p>\n","protected":false},"excerpt":{"rendered":"<p>Flamengo e Palmeiras se enfrentam neste domingo (11 de agosto), \u00e0s 16h (hor\u00e1rio de Bras\u00edlia), no Maracan\u00e3, em partida v\u00e1lida pela 22\u00aa rodada do Campeonato Brasileiro. Os dois times voltam a se encontrar ap\u00f3s confrontos recentes pelas oitavas de final da Copa do Brasil, onde o Flamengo saiu vitorioso. Agora, ambos buscam afirma\u00e7\u00e3o na competi\u00e7\u00e3o [&hellip;]<\/p>\n","protected":false},"author":1,"featured_media":156094,"comment_status":"open","ping_status":"closed","sticky":false,"template":"","format":"standard","meta":{"footnotes":""},"categories":[1],"tags":[],"class_list":["post-157869","post","type-post","status-publish","format-standard","has-post-thumbnail","hentry","category-flamengo"],"yoast_head":"<!-- This site is optimized with the Yoast SEO Premium plugin v24.2 (Yoast SEO v26.9) - https:\/\/yoast.com\/product\/yoast-seo-premium-wordpress\/ -->\n<title>Saiu! Veja a escala\u00e7\u00e3o do Flamengo para o jogo contra o Palmeiras<\/title>\n<meta name=\"robots\" content=\"index, follow, max-snippet:-1, max-image-preview:large, max-video-preview:-1\" \/>\n<link rel=\"canonical\" href=\"https:\/\/www.gaveanews.com\/index.php\/2024\/08\/11\/saiu-veja-a-escalacao-do-flamengo-para-o-jogo-contra-o-palmeiras-5\/\" \/>\n<meta property=\"og:locale\" content=\"pt_BR\" \/>\n<meta property=\"og:type\" content=\"article\" \/>\n<meta property=\"og:title\" content=\"Saiu! Veja a escala\u00e7\u00e3o do Flamengo para o jogo contra o Palmeiras\" \/>\n<meta property=\"og:description\" content=\"Flamengo e Palmeiras se enfrentam neste domingo (11 de agosto), \u00e0s 16h (hor\u00e1rio de Bras\u00edlia), no Maracan\u00e3, em partida v\u00e1lida pela 22\u00aa rodada do Campeonato Brasileiro. Os dois times voltam a se encontrar ap\u00f3s confrontos recentes pelas oitavas de final da Copa do Brasil, onde o Flamengo saiu vitorioso. Agora, ambos buscam afirma\u00e7\u00e3o na competi\u00e7\u00e3o [&hellip;]\" \/>\n<meta property=\"og:url\" content=\"https:\/\/www.gaveanews.com\/index.php\/2024\/08\/11\/saiu-veja-a-escalacao-do-flamengo-para-o-jogo-contra-o-palmeiras-5\/\" \/>\n<meta property=\"og:site_name\" content=\"G\u00e1vea News\" \/>\n<meta property=\"article:publisher\" content=\"https:\/\/facebook.com\/gaveaNews\/\" \/>\n<meta property=\"article:published_time\" content=\"2024-08-11T15:55:20+00:00\" \/>\n<meta property=\"article:modified_time\" content=\"2024-08-11T18:34:27+00:00\" \/>\n<meta property=\"og:image\" content=\"https:\/\/www.gaveanews.com\/wp-content\/uploads\/Escalacao-oficial-do-Flamengo-1.webp\" \/>\n\t<meta property=\"og:image:width\" content=\"1280\" \/>\n\t<meta property=\"og:image:height\" content=\"720\" \/>\n\t<meta property=\"og:image:type\" content=\"image\/webp\" \/>\n<meta name=\"author\" content=\"Equipe G\u00e1vea News\" \/>\n<meta name=\"twitter:card\" content=\"summary_large_image\" \/>\n<meta name=\"twitter:label1\" content=\"Escrito por\" \/>\n\t<meta name=\"twitter:data1\" content=\"Equipe G\u00e1vea News\" \/>\n\t<meta name=\"twitter:label2\" content=\"Est. tempo de leitura\" \/>\n\t<meta name=\"twitter:data2\" content=\"2 minutos\" \/>\n<script type=\"application\/ld+json\" class=\"yoast-schema-graph\">{\"@context\":\"https:\/\/schema.org\",\"@graph\":[{\"@type\":\"NewsArticle\",\"@id\":\"https:\/\/www.gaveanews.com\/index.php\/2024\/08\/11\/saiu-veja-a-escalacao-do-flamengo-para-o-jogo-contra-o-palmeiras-5\/#article\",\"isPartOf\":{\"@id\":\"https:\/\/www.gaveanews.com\/index.php\/2024\/08\/11\/saiu-veja-a-escalacao-do-flamengo-para-o-jogo-contra-o-palmeiras-5\/\"},\"author\":{\"name\":\"Equipe G\u00e1vea News\",\"@id\":\"https:\/\/www.gaveanews.com\/#\/schema\/person\/2ec14f73fb96be2caf28f91afb14749d\"},\"headline\":\"Saiu! Veja a escala\u00e7\u00e3o do Flamengo para o jogo contra o Palmeiras\",\"datePublished\":\"2024-08-11T15:55:20+00:00\",\"dateModified\":\"2024-08-11T18:34:27+00:00\",\"mainEntityOfPage\":{\"@id\":\"https:\/\/www.gaveanews.com\/index.php\/2024\/08\/11\/saiu-veja-a-escalacao-do-flamengo-para-o-jogo-contra-o-palmeiras-5\/\"},\"wordCount\":279,\"commentCount\":0,\"image\":{\"@id\":\"https:\/\/www.gaveanews.com\/index.php\/2024\/08\/11\/saiu-veja-a-escalacao-do-flamengo-para-o-jogo-contra-o-palmeiras-5\/#primaryimage\"},\"thumbnailUrl\":\"https:\/\/www.gaveanews.com\/wp-content\/uploads\/Escalacao-oficial-do-Flamengo-1.webp\",\"articleSection\":[\"Flamengo\"],\"inLanguage\":\"pt-BR\",\"potentialAction\":[{\"@type\":\"CommentAction\",\"name\":\"Comment\",\"target\":[\"https:\/\/www.gaveanews.com\/index.php\/2024\/08\/11\/saiu-veja-a-escalacao-do-flamengo-para-o-jogo-contra-o-palmeiras-5\/#respond\"]}],\"copyrightYear\":\"2024\",\"copyrightHolder\":{\"@id\":\"https:\/\/www.gaveanews.com\/#organization\"}},{\"@type\":\"WebPage\",\"@id\":\"https:\/\/www.gaveanews.com\/index.php\/2024\/08\/11\/saiu-veja-a-escalacao-do-flamengo-para-o-jogo-contra-o-palmeiras-5\/\",\"url\":\"https:\/\/www.gaveanews.com\/index.php\/2024\/08\/11\/saiu-veja-a-escalacao-do-flamengo-para-o-jogo-contra-o-palmeiras-5\/\",\"name\":\"Saiu! Veja a escala\u00e7\u00e3o do Flamengo para o jogo contra o Palmeiras\",\"isPartOf\":{\"@id\":\"https:\/\/www.gaveanews.com\/#website\"},\"primaryImageOfPage\":{\"@id\":\"https:\/\/www.gaveanews.com\/index.php\/2024\/08\/11\/saiu-veja-a-escalacao-do-flamengo-para-o-jogo-contra-o-palmeiras-5\/#primaryimage\"},\"image\":{\"@id\":\"https:\/\/www.gaveanews.com\/index.php\/2024\/08\/11\/saiu-veja-a-escalacao-do-flamengo-para-o-jogo-contra-o-palmeiras-5\/#primaryimage\"},\"thumbnailUrl\":\"https:\/\/www.gaveanews.com\/wp-content\/uploads\/Escalacao-oficial-do-Flamengo-1.webp\",\"datePublished\":\"2024-08-11T15:55:20+00:00\",\"dateModified\":\"2024-08-11T18:34:27+00:00\",\"author\":{\"@id\":\"https:\/\/www.gaveanews.com\/#\/schema\/person\/2ec14f73fb96be2caf28f91afb14749d\"},\"breadcrumb\":{\"@id\":\"https:\/\/www.gaveanews.com\/index.php\/2024\/08\/11\/saiu-veja-a-escalacao-do-flamengo-para-o-jogo-contra-o-palmeiras-5\/#breadcrumb\"},\"inLanguage\":\"pt-BR\",\"potentialAction\":[{\"@type\":\"ReadAction\",\"target\":[\"https:\/\/www.gaveanews.com\/index.php\/2024\/08\/11\/saiu-veja-a-escalacao-do-flamengo-para-o-jogo-contra-o-palmeiras-5\/\"]}]},{\"@type\":\"ImageObject\",\"inLanguage\":\"pt-BR\",\"@id\":\"https:\/\/www.gaveanews.com\/index.php\/2024\/08\/11\/saiu-veja-a-escalacao-do-flamengo-para-o-jogo-contra-o-palmeiras-5\/#primaryimage\",\"url\":\"https:\/\/www.gaveanews.com\/wp-content\/uploads\/Escalacao-oficial-do-Flamengo-1.webp\",\"contentUrl\":\"https:\/\/www.gaveanews.com\/wp-content\/uploads\/Escalacao-oficial-do-Flamengo-1.webp\",\"width\":1280,\"height\":720,\"caption\":\"Escala\u00e7\u00e3o oficial do Flamengo (Imagem: Editoria de arte\/G\u00e1vea News\/Henrique Machado)\"},{\"@type\":\"BreadcrumbList\",\"@id\":\"https:\/\/www.gaveanews.com\/index.php\/2024\/08\/11\/saiu-veja-a-escalacao-do-flamengo-para-o-jogo-contra-o-palmeiras-5\/#breadcrumb\",\"itemListElement\":[{\"@type\":\"ListItem\",\"position\":1,\"name\":\"Home\",\"item\":\"https:\/\/www.gaveanews.com\/\"},{\"@type\":\"ListItem\",\"position\":2,\"name\":\"Saiu! Veja a escala\u00e7\u00e3o do Flamengo para o jogo contra o Palmeiras\"}]},{\"@type\":\"WebSite\",\"@id\":\"https:\/\/www.gaveanews.com\/#website\",\"url\":\"https:\/\/www.gaveanews.com\/\",\"name\":\"G\u00e1vea News\",\"description\":\"Veja todas as not\u00edcias sobre o Flamengo: Contrata\u00e7\u00f5es, categorias de base, resultados das partidas, tabela de classifica\u00e7\u00e3o, pr\u00f3ximos jogos!\",\"potentialAction\":[{\"@type\":\"SearchAction\",\"target\":{\"@type\":\"EntryPoint\",\"urlTemplate\":\"https:\/\/www.gaveanews.com\/?s={search_term_string}\"},\"query-input\":{\"@type\":\"PropertyValueSpecification\",\"valueRequired\":true,\"valueName\":\"search_term_string\"}}],\"inLanguage\":\"pt-BR\"},{\"@type\":\"Person\",\"@id\":\"https:\/\/www.gaveanews.com\/#\/schema\/person\/2ec14f73fb96be2caf28f91afb14749d\",\"name\":\"Equipe G\u00e1vea News\",\"image\":{\"@type\":\"ImageObject\",\"inLanguage\":\"pt-BR\",\"@id\":\"https:\/\/www.gaveanews.com\/#\/schema\/person\/image\/\",\"url\":\"https:\/\/secure.gravatar.com\/avatar\/1e1956f1facbffd3f8fa53a326721950116b3b9dc9bd44939c01180fd4a745a9?s=96&d=mm&r=g\",\"contentUrl\":\"https:\/\/secure.gravatar.com\/avatar\/1e1956f1facbffd3f8fa53a326721950116b3b9dc9bd44939c01180fd4a745a9?s=96&d=mm&r=g\",\"caption\":\"Equipe G\u00e1vea News\"}}]}<\/script>\n<!-- \/ Yoast SEO Premium plugin. -->","yoast_head_json":{"title":"Saiu! Veja a escala\u00e7\u00e3o do Flamengo para o jogo contra o Palmeiras","robots":{"index":"index","follow":"follow","max-snippet":"max-snippet:-1","max-image-preview":"max-image-preview:large","max-video-preview":"max-video-preview:-1"},"canonical":"https:\/\/www.gaveanews.com\/index.php\/2024\/08\/11\/saiu-veja-a-escalacao-do-flamengo-para-o-jogo-contra-o-palmeiras-5\/","og_locale":"pt_BR","og_type":"article","og_title":"Saiu! Veja a escala\u00e7\u00e3o do Flamengo para o jogo contra o Palmeiras","og_description":"Flamengo e Palmeiras se enfrentam neste domingo (11 de agosto), \u00e0s 16h (hor\u00e1rio de Bras\u00edlia), no Maracan\u00e3, em partida v\u00e1lida pela 22\u00aa rodada do Campeonato Brasileiro. Os dois times voltam a se encontrar ap\u00f3s confrontos recentes pelas oitavas de final da Copa do Brasil, onde o Flamengo saiu vitorioso. Agora, ambos buscam afirma\u00e7\u00e3o na competi\u00e7\u00e3o [&hellip;]","og_url":"https:\/\/www.gaveanews.com\/index.php\/2024\/08\/11\/saiu-veja-a-escalacao-do-flamengo-para-o-jogo-contra-o-palmeiras-5\/","og_site_name":"G\u00e1vea News","article_publisher":"https:\/\/facebook.com\/gaveaNews\/","article_published_time":"2024-08-11T15:55:20+00:00","article_modified_time":"2024-08-11T18:34:27+00:00","og_image":[{"width":1280,"height":720,"url":"https:\/\/www.gaveanews.com\/wp-content\/uploads\/Escalacao-oficial-do-Flamengo-1.webp","type":"image\/webp"}],"author":"Equipe G\u00e1vea News","twitter_card":"summary_large_image","twitter_misc":{"Escrito por":"Equipe G\u00e1vea News","Est. tempo de leitura":"2 minutos"},"schema":{"@context":"https:\/\/schema.org","@graph":[{"@type":"NewsArticle","@id":"https:\/\/www.gaveanews.com\/index.php\/2024\/08\/11\/saiu-veja-a-escalacao-do-flamengo-para-o-jogo-contra-o-palmeiras-5\/#article","isPartOf":{"@id":"https:\/\/www.gaveanews.com\/index.php\/2024\/08\/11\/saiu-veja-a-escalacao-do-flamengo-para-o-jogo-contra-o-palmeiras-5\/"},"author":{"name":"Equipe G\u00e1vea News","@id":"https:\/\/www.gaveanews.com\/#\/schema\/person\/2ec14f73fb96be2caf28f91afb14749d"},"headline":"Saiu! Veja a escala\u00e7\u00e3o do Flamengo para o jogo contra o Palmeiras","datePublished":"2024-08-11T15:55:20+00:00","dateModified":"2024-08-11T18:34:27+00:00","mainEntityOfPage":{"@id":"https:\/\/www.gaveanews.com\/index.php\/2024\/08\/11\/saiu-veja-a-escalacao-do-flamengo-para-o-jogo-contra-o-palmeiras-5\/"},"wordCount":279,"commentCount":0,"image":{"@id":"https:\/\/www.gaveanews.com\/index.php\/2024\/08\/11\/saiu-veja-a-escalacao-do-flamengo-para-o-jogo-contra-o-palmeiras-5\/#primaryimage"},"thumbnailUrl":"https:\/\/www.gaveanews.com\/wp-content\/uploads\/Escalacao-oficial-do-Flamengo-1.webp","articleSection":["Flamengo"],"inLanguage":"pt-BR","potentialAction":[{"@type":"CommentAction","name":"Comment","target":["https:\/\/www.gaveanews.com\/index.php\/2024\/08\/11\/saiu-veja-a-escalacao-do-flamengo-para-o-jogo-contra-o-palmeiras-5\/#respond"]}],"copyrightYear":"2024","copyrightHolder":{"@id":"https:\/\/www.gaveanews.com\/#organization"}},{"@type":"WebPage","@id":"https:\/\/www.gaveanews.com\/index.php\/2024\/08\/11\/saiu-veja-a-escalacao-do-flamengo-para-o-jogo-contra-o-palmeiras-5\/","url":"https:\/\/www.gaveanews.com\/index.php\/2024\/08\/11\/saiu-veja-a-escalacao-do-flamengo-para-o-jogo-contra-o-palmeiras-5\/","name":"Saiu! Veja a escala\u00e7\u00e3o do Flamengo para o jogo contra o Palmeiras","isPartOf":{"@id":"https:\/\/www.gaveanews.com\/#website"},"primaryImageOfPage":{"@id":"https:\/\/www.gaveanews.com\/index.php\/2024\/08\/11\/saiu-veja-a-escalacao-do-flamengo-para-o-jogo-contra-o-palmeiras-5\/#primaryimage"},"image":{"@id":"https:\/\/www.gaveanews.com\/index.php\/2024\/08\/11\/saiu-veja-a-escalacao-do-flamengo-para-o-jogo-contra-o-palmeiras-5\/#primaryimage"},"thumbnailUrl":"https:\/\/www.gaveanews.com\/wp-content\/uploads\/Escalacao-oficial-do-Flamengo-1.webp","datePublished":"2024-08-11T15:55:20+00:00","dateModified":"2024-08-11T18:34:27+00:00","author":{"@id":"https:\/\/www.gaveanews.com\/#\/schema\/person\/2ec14f73fb96be2caf28f91afb14749d"},"breadcrumb":{"@id":"https:\/\/www.gaveanews.com\/index.php\/2024\/08\/11\/saiu-veja-a-escalacao-do-flamengo-para-o-jogo-contra-o-palmeiras-5\/#breadcrumb"},"inLanguage":"pt-BR","potentialAction":[{"@type":"ReadAction","target":["https:\/\/www.gaveanews.com\/index.php\/2024\/08\/11\/saiu-veja-a-escalacao-do-flamengo-para-o-jogo-contra-o-palmeiras-5\/"]}]},{"@type":"ImageObject","inLanguage":"pt-BR","@id":"https:\/\/www.gaveanews.com\/index.php\/2024\/08\/11\/saiu-veja-a-escalacao-do-flamengo-para-o-jogo-contra-o-palmeiras-5\/#primaryimage","url":"https:\/\/www.gaveanews.com\/wp-content\/uploads\/Escalacao-oficial-do-Flamengo-1.webp","contentUrl":"https:\/\/www.gaveanews.com\/wp-content\/uploads\/Escalacao-oficial-do-Flamengo-1.webp","width":1280,"height":720,"caption":"Escala\u00e7\u00e3o oficial do Flamengo (Imagem: Editoria de arte\/G\u00e1vea News\/Henrique Machado)"},{"@type":"BreadcrumbList","@id":"https:\/\/www.gaveanews.com\/index.php\/2024\/08\/11\/saiu-veja-a-escalacao-do-flamengo-para-o-jogo-contra-o-palmeiras-5\/#breadcrumb","itemListElement":[{"@type":"ListItem","position":1,"name":"Home","item":"https:\/\/www.gaveanews.com\/"},{"@type":"ListItem","position":2,"name":"Saiu! Veja a escala\u00e7\u00e3o do Flamengo para o jogo contra o Palmeiras"}]},{"@type":"WebSite","@id":"https:\/\/www.gaveanews.com\/#website","url":"https:\/\/www.gaveanews.com\/","name":"G\u00e1vea News","description":"Veja todas as not\u00edcias sobre o Flamengo: Contrata\u00e7\u00f5es, categorias de base, resultados das partidas, tabela de classifica\u00e7\u00e3o, pr\u00f3ximos jogos!","potentialAction":[{"@type":"SearchAction","target":{"@type":"EntryPoint","urlTemplate":"https:\/\/www.gaveanews.com\/?s={search_term_string}"},"query-input":{"@type":"PropertyValueSpecification","valueRequired":true,"valueName":"search_term_string"}}],"inLanguage":"pt-BR"},{"@type":"Person","@id":"https:\/\/www.gaveanews.com\/#\/schema\/person\/2ec14f73fb96be2caf28f91afb14749d","name":"Equipe G\u00e1vea News","image":{"@type":"ImageObject","inLanguage":"pt-BR","@id":"https:\/\/www.gaveanews.com\/#\/schema\/person\/image\/","url":"https:\/\/secure.gravatar.com\/avatar\/1e1956f1facbffd3f8fa53a326721950116b3b9dc9bd44939c01180fd4a745a9?s=96&d=mm&r=g","contentUrl":"https:\/\/secure.gravatar.com\/avatar\/1e1956f1facbffd3f8fa53a326721950116b3b9dc9bd44939c01180fd4a745a9?s=96&d=mm&r=g","caption":"Equipe G\u00e1vea News"}}]}},"_links":{"self":[{"href":"https:\/\/www.gaveanews.com\/index.php\/wp-json\/wp\/v2\/posts\/157869","targetHints":{"allow":["GET"]}}],"collection":[{"href":"https:\/\/www.gaveanews.com\/index.php\/wp-json\/wp\/v2\/posts"}],"about":[{"href":"https:\/\/www.gaveanews.com\/index.php\/wp-json\/wp\/v2\/types\/post"}],"author":[{"embeddable":true,"href":"https:\/\/www.gaveanews.com\/index.php\/wp-json\/wp\/v2\/users\/1"}],"replies":[{"embeddable":true,"href":"https:\/\/www.gaveanews.com\/index.php\/wp-json\/wp\/v2\/comments?post=157869"}],"version-history":[{"count":3,"href":"https:\/\/www.gaveanews.com\/index.php\/wp-json\/wp\/v2\/posts\/157869\/revisions"}],"predecessor-version":[{"id":157876,"href":"https:\/\/www.gaveanews.com\/index.php\/wp-json\/wp\/v2\/posts\/157869\/revisions\/157876"}],"wp:featuredmedia":[{"embeddable":true,"href":"https:\/\/www.gaveanews.com\/index.php\/wp-json\/wp\/v2\/media\/156094"}],"wp:attachment":[{"href":"https:\/\/www.gaveanews.com\/index.php\/wp-json\/wp\/v2\/media?parent=157869"}],"wp:term":[{"taxonomy":"category","embeddable":true,"href":"https:\/\/www.gaveanews.com\/index.php\/wp-json\/wp\/v2\/categories?post=157869"},{"taxonomy":"post_tag","embeddable":true,"href":"https:\/\/www.gaveanews.com\/index.php\/wp-json\/wp\/v2\/tags?post=157869"}],"curies":[{"name":"wp","href":"https:\/\/api.w.org\/{rel}","templated":true}]}}