{"id":157929,"date":"2024-08-11T20:41:24","date_gmt":"2024-08-11T23:41:24","guid":{"rendered":"https:\/\/www.gaveanews.com\/?p=157929"},"modified":"2024-08-11T20:41:26","modified_gmt":"2024-08-11T23:41:26","slug":"hernane-brocador-manda-recado-para-gabigol-e-pedro-do-flamengo","status":"publish","type":"post","link":"https:\/\/www.gaveanews.com\/index.php\/2024\/08\/11\/hernane-brocador-manda-recado-para-gabigol-e-pedro-do-flamengo\/","title":{"rendered":"Hernane Brocador &#8216;manda recado&#8217; para Gabigol e Pedro, do Flamengo"},"content":{"rendered":"\n<p>\u00cddolo do Flamengo, Hernane Brocador ficou reconhecido pelos feitos da \u00e9poca em que o Rubro-Negro se via imerso entre as &#8220;vacas magras&#8221;. No entanto, apesar das limita\u00e7\u00f5es, o jogador se destacava, marcava gols e ajudava &#8211; e muito &#8211; o Meng\u00e3o.<\/p>\n\n\n\n<ul class=\"wp-block-list\">\n<li><a href=\"https:\/\/www.gaveanews.com\/index.php\/2024\/07\/31\/a-declaracao-de-pedro-apos-a-vitoria-do-flamengo-contra-o-palmeiras\/\">A declara\u00e7\u00e3o de Pedro ap\u00f3s a vit\u00f3ria do Flamengo contra o Palmeiras<\/a><\/li>\n\n\n\n<li><a href=\"https:\/\/www.gaveanews.com\/index.php\/2024\/08\/08\/as-publicacoes-de-gabigol-apos-a-polemica-no-jogo-entre-palmeiras-x-flamengo\/\">As publica\u00e7\u00f5es de Gabigol ap\u00f3s a pol\u00eamica no jogo entre Palmeiras x Flamengo<\/a><\/li>\n<\/ul>\n\n\n\n<p>Campe\u00e3o da Copa do Brasil de 2013, Hernane concedeu entrevista \u00e0 ESPN e falou sobre a \u00e9poca em que defendia o Manto Sagrado. &#8220;Os torcedores me encontram na rua e dizem que sou o in\u00edcio de tudo&#8221;, pontuou o atacante.<\/p>\n\n\n\n<p>Hoje na Portuguesa-RJ, Hernane foi um dos principais nomes do Flamengo entre os anos de 2012 e 2014, vivendo seu auge pelo Mengo em 2013. O atacante tem um recorde de 36 gols marcados pelo Rubro-Negro, e comentou sobre o desempenho da \u00e9poca ao poss\u00edvel aproveitamento nos dias atuais. <\/p>\n\n\n\n<p>De acordo com Hernane, se ele defendesse o Flamengo nos dias de hoje, quando o clube tem mais estrutura e mais talentos individuais, ele superaria com tranquilidade os n\u00fameros de Gabigol e Pedro.<\/p>\n\n\n\n<p>\u2014 <em>Naquele ano de 2013, joguei 59 partidas e fiz 36 gols. Creio eu que, jogando essas mesmas 59 partidas hoje, sendo que eu fiquei tr\u00eas meses no banco,\u00a0eu faria, com certeza, mais do que 43, 44 gols&#8230; Muitos jogos em 2013 eu tinha uma chance e fazia o gol. Hoje, a gente v\u00ea\u00a0in\u00fameras chances que Pedro e Gabigol t\u00eam<strong>\u00a0<\/strong>. Ent\u00e3o, dava para passar de\u00a043, 44 gols, com certeza<\/em> -, disse.<\/p>\n\n\n\n<p>Hernane tamb\u00e9m comentou sobre seus t\u00edtulos pelo Meng\u00e3o e sobre a constru\u00e7\u00e3o do est\u00e1dio pr\u00f3prio.<\/p>\n\n\n\n<p>\u2014 <em>Eu ganhei muito pouco: um\u00a0Campeonato Carioca\u00a0e uma Copa do Brasil. Mas vale muito&#8230; Hoje, eu imagino que o Flamengo ainda tem muito a crescer, principalmente com a constru\u00e7\u00e3o do est\u00e1dio, sua pr\u00f3pria casa. Flamengo vai crescer cada vez mais ainda. T\u00edtulos, nem se fala. Flamengo j\u00e1 ganhou muito e vai ganhar muito mais com sua nova casa<\/em> -, pontuou.<\/p>\n\n\n\n<p><\/p>\n","protected":false},"excerpt":{"rendered":"<p>\u00cddolo do Flamengo, Hernane Brocador ficou reconhecido pelos feitos da \u00e9poca em que o Rubro-Negro se via imerso entre as &#8220;vacas magras&#8221;. No entanto, apesar das limita\u00e7\u00f5es, o jogador se destacava, marcava gols e ajudava &#8211; e muito &#8211; o Meng\u00e3o. Campe\u00e3o da Copa do Brasil de 2013, Hernane concedeu entrevista \u00e0 ESPN e falou [&hellip;]<\/p>\n","protected":false},"author":18,"featured_media":27722,"comment_status":"open","ping_status":"closed","sticky":false,"template":"","format":"standard","meta":{"footnotes":""},"categories":[1],"tags":[],"class_list":["post-157929","post","type-post","status-publish","format-standard","has-post-thumbnail","hentry","category-flamengo"],"yoast_head":"<!-- This site is optimized with the Yoast SEO Premium plugin v24.2 (Yoast SEO v26.9) - https:\/\/yoast.com\/product\/yoast-seo-premium-wordpress\/ -->\n<title>Hernane Brocador &#039;manda recado&#039; para Gabigol e Pedro, do Flamengo<\/title>\n<meta name=\"robots\" content=\"index, follow, max-snippet:-1, max-image-preview:large, max-video-preview:-1\" \/>\n<link rel=\"canonical\" href=\"https:\/\/www.gaveanews.com\/index.php\/2024\/08\/11\/hernane-brocador-manda-recado-para-gabigol-e-pedro-do-flamengo\/\" \/>\n<meta property=\"og:locale\" content=\"pt_BR\" \/>\n<meta property=\"og:type\" content=\"article\" \/>\n<meta property=\"og:title\" content=\"Hernane Brocador &#039;manda recado&#039; para Gabigol e Pedro, do Flamengo\" \/>\n<meta property=\"og:description\" content=\"\u00cddolo do Flamengo, Hernane Brocador ficou reconhecido pelos feitos da \u00e9poca em que o Rubro-Negro se via imerso entre as &#8220;vacas magras&#8221;. No entanto, apesar das limita\u00e7\u00f5es, o jogador se destacava, marcava gols e ajudava &#8211; e muito &#8211; o Meng\u00e3o. Campe\u00e3o da Copa do Brasil de 2013, Hernane concedeu entrevista \u00e0 ESPN e falou [&hellip;]\" \/>\n<meta property=\"og:url\" content=\"https:\/\/www.gaveanews.com\/index.php\/2024\/08\/11\/hernane-brocador-manda-recado-para-gabigol-e-pedro-do-flamengo\/\" \/>\n<meta property=\"og:site_name\" content=\"G\u00e1vea News\" \/>\n<meta property=\"article:publisher\" content=\"https:\/\/facebook.com\/gaveaNews\/\" \/>\n<meta property=\"article:published_time\" content=\"2024-08-11T23:41:24+00:00\" \/>\n<meta property=\"article:modified_time\" content=\"2024-08-11T23:41:26+00:00\" \/>\n<meta property=\"og:image\" content=\"https:\/\/www.gaveanews.com\/wp-content\/uploads\/Hernane-Brocador-em-acao-pelo-Flamengo.webp\" \/>\n\t<meta property=\"og:image:width\" content=\"1\" \/>\n\t<meta property=\"og:image:height\" content=\"1\" \/>\n\t<meta property=\"og:image:type\" content=\"image\/jpeg\" \/>\n<meta name=\"author\" content=\"Paula Silva\" \/>\n<meta name=\"twitter:card\" content=\"summary_large_image\" \/>\n<meta name=\"twitter:label1\" content=\"Escrito por\" \/>\n\t<meta name=\"twitter:data1\" content=\"Paula Silva\" \/>\n\t<meta name=\"twitter:label2\" content=\"Est. tempo de leitura\" \/>\n\t<meta name=\"twitter:data2\" content=\"3 minutos\" \/>\n<script type=\"application\/ld+json\" class=\"yoast-schema-graph\">{\"@context\":\"https:\/\/schema.org\",\"@graph\":[{\"@type\":\"NewsArticle\",\"@id\":\"https:\/\/www.gaveanews.com\/index.php\/2024\/08\/11\/hernane-brocador-manda-recado-para-gabigol-e-pedro-do-flamengo\/#article\",\"isPartOf\":{\"@id\":\"https:\/\/www.gaveanews.com\/index.php\/2024\/08\/11\/hernane-brocador-manda-recado-para-gabigol-e-pedro-do-flamengo\/\"},\"author\":{\"name\":\"Paula Silva\",\"@id\":\"https:\/\/www.gaveanews.com\/#\/schema\/person\/daf63eec72e1164eb13dc35096c2b8da\"},\"headline\":\"Hernane Brocador &#8216;manda recado&#8217; para Gabigol e Pedro, do Flamengo\",\"datePublished\":\"2024-08-11T23:41:24+00:00\",\"dateModified\":\"2024-08-11T23:41:26+00:00\",\"mainEntityOfPage\":{\"@id\":\"https:\/\/www.gaveanews.com\/index.php\/2024\/08\/11\/hernane-brocador-manda-recado-para-gabigol-e-pedro-do-flamengo\/\"},\"wordCount\":358,\"commentCount\":0,\"image\":{\"@id\":\"https:\/\/www.gaveanews.com\/index.php\/2024\/08\/11\/hernane-brocador-manda-recado-para-gabigol-e-pedro-do-flamengo\/#primaryimage\"},\"thumbnailUrl\":\"https:\/\/www.gaveanews.com\/wp-content\/uploads\/Hernane-Brocador-em-acao-pelo-Flamengo.webp\",\"articleSection\":[\"Flamengo\"],\"inLanguage\":\"pt-BR\",\"potentialAction\":[{\"@type\":\"CommentAction\",\"name\":\"Comment\",\"target\":[\"https:\/\/www.gaveanews.com\/index.php\/2024\/08\/11\/hernane-brocador-manda-recado-para-gabigol-e-pedro-do-flamengo\/#respond\"]}],\"copyrightYear\":\"2024\",\"copyrightHolder\":{\"@id\":\"https:\/\/www.gaveanews.com\/#organization\"}},{\"@type\":\"WebPage\",\"@id\":\"https:\/\/www.gaveanews.com\/index.php\/2024\/08\/11\/hernane-brocador-manda-recado-para-gabigol-e-pedro-do-flamengo\/\",\"url\":\"https:\/\/www.gaveanews.com\/index.php\/2024\/08\/11\/hernane-brocador-manda-recado-para-gabigol-e-pedro-do-flamengo\/\",\"name\":\"Hernane Brocador 'manda recado' para Gabigol e Pedro, do Flamengo\",\"isPartOf\":{\"@id\":\"https:\/\/www.gaveanews.com\/#website\"},\"primaryImageOfPage\":{\"@id\":\"https:\/\/www.gaveanews.com\/index.php\/2024\/08\/11\/hernane-brocador-manda-recado-para-gabigol-e-pedro-do-flamengo\/#primaryimage\"},\"image\":{\"@id\":\"https:\/\/www.gaveanews.com\/index.php\/2024\/08\/11\/hernane-brocador-manda-recado-para-gabigol-e-pedro-do-flamengo\/#primaryimage\"},\"thumbnailUrl\":\"https:\/\/www.gaveanews.com\/wp-content\/uploads\/Hernane-Brocador-em-acao-pelo-Flamengo.webp\",\"datePublished\":\"2024-08-11T23:41:24+00:00\",\"dateModified\":\"2024-08-11T23:41:26+00:00\",\"author\":{\"@id\":\"https:\/\/www.gaveanews.com\/#\/schema\/person\/daf63eec72e1164eb13dc35096c2b8da\"},\"breadcrumb\":{\"@id\":\"https:\/\/www.gaveanews.com\/index.php\/2024\/08\/11\/hernane-brocador-manda-recado-para-gabigol-e-pedro-do-flamengo\/#breadcrumb\"},\"inLanguage\":\"pt-BR\",\"potentialAction\":[{\"@type\":\"ReadAction\",\"target\":[\"https:\/\/www.gaveanews.com\/index.php\/2024\/08\/11\/hernane-brocador-manda-recado-para-gabigol-e-pedro-do-flamengo\/\"]}]},{\"@type\":\"ImageObject\",\"inLanguage\":\"pt-BR\",\"@id\":\"https:\/\/www.gaveanews.com\/index.php\/2024\/08\/11\/hernane-brocador-manda-recado-para-gabigol-e-pedro-do-flamengo\/#primaryimage\",\"url\":\"https:\/\/www.gaveanews.com\/wp-content\/uploads\/Hernane-Brocador-em-acao-pelo-Flamengo.webp\",\"contentUrl\":\"https:\/\/www.gaveanews.com\/wp-content\/uploads\/Hernane-Brocador-em-acao-pelo-Flamengo.webp\",\"caption\":\"Hernane Brocador em a\u00e7\u00e3o pelo Flamengo (Foto: Ivo Gonzalez\/Ag\u00eancia O Globo)\"},{\"@type\":\"BreadcrumbList\",\"@id\":\"https:\/\/www.gaveanews.com\/index.php\/2024\/08\/11\/hernane-brocador-manda-recado-para-gabigol-e-pedro-do-flamengo\/#breadcrumb\",\"itemListElement\":[{\"@type\":\"ListItem\",\"position\":1,\"name\":\"Home\",\"item\":\"https:\/\/www.gaveanews.com\/\"},{\"@type\":\"ListItem\",\"position\":2,\"name\":\"Hernane Brocador &#8216;manda recado&#8217; para Gabigol e Pedro, do Flamengo\"}]},{\"@type\":\"WebSite\",\"@id\":\"https:\/\/www.gaveanews.com\/#website\",\"url\":\"https:\/\/www.gaveanews.com\/\",\"name\":\"G\u00e1vea News\",\"description\":\"Veja todas as not\u00edcias sobre o Flamengo: Contrata\u00e7\u00f5es, categorias de base, resultados das partidas, tabela de classifica\u00e7\u00e3o, pr\u00f3ximos jogos!\",\"potentialAction\":[{\"@type\":\"SearchAction\",\"target\":{\"@type\":\"EntryPoint\",\"urlTemplate\":\"https:\/\/www.gaveanews.com\/?s={search_term_string}\"},\"query-input\":{\"@type\":\"PropertyValueSpecification\",\"valueRequired\":true,\"valueName\":\"search_term_string\"}}],\"inLanguage\":\"pt-BR\"},{\"@type\":\"Person\",\"@id\":\"https:\/\/www.gaveanews.com\/#\/schema\/person\/daf63eec72e1164eb13dc35096c2b8da\",\"name\":\"Paula Silva\",\"image\":{\"@type\":\"ImageObject\",\"inLanguage\":\"pt-BR\",\"@id\":\"https:\/\/www.gaveanews.com\/#\/schema\/person\/image\/\",\"url\":\"https:\/\/secure.gravatar.com\/avatar\/eda381c845527cc5d64c13b901833cda29d97500ba040d3e6461f76f51d163bb?s=96&d=mm&r=g\",\"contentUrl\":\"https:\/\/secure.gravatar.com\/avatar\/eda381c845527cc5d64c13b901833cda29d97500ba040d3e6461f76f51d163bb?s=96&d=mm&r=g\",\"caption\":\"Paula Silva\"}}]}<\/script>\n<!-- \/ Yoast SEO Premium plugin. -->","yoast_head_json":{"title":"Hernane Brocador 'manda recado' para Gabigol e Pedro, do Flamengo","robots":{"index":"index","follow":"follow","max-snippet":"max-snippet:-1","max-image-preview":"max-image-preview:large","max-video-preview":"max-video-preview:-1"},"canonical":"https:\/\/www.gaveanews.com\/index.php\/2024\/08\/11\/hernane-brocador-manda-recado-para-gabigol-e-pedro-do-flamengo\/","og_locale":"pt_BR","og_type":"article","og_title":"Hernane Brocador 'manda recado' para Gabigol e Pedro, do Flamengo","og_description":"\u00cddolo do Flamengo, Hernane Brocador ficou reconhecido pelos feitos da \u00e9poca em que o Rubro-Negro se via imerso entre as &#8220;vacas magras&#8221;. No entanto, apesar das limita\u00e7\u00f5es, o jogador se destacava, marcava gols e ajudava &#8211; e muito &#8211; o Meng\u00e3o. Campe\u00e3o da Copa do Brasil de 2013, Hernane concedeu entrevista \u00e0 ESPN e falou [&hellip;]","og_url":"https:\/\/www.gaveanews.com\/index.php\/2024\/08\/11\/hernane-brocador-manda-recado-para-gabigol-e-pedro-do-flamengo\/","og_site_name":"G\u00e1vea News","article_publisher":"https:\/\/facebook.com\/gaveaNews\/","article_published_time":"2024-08-11T23:41:24+00:00","article_modified_time":"2024-08-11T23:41:26+00:00","og_image":[{"url":"https:\/\/www.gaveanews.com\/wp-content\/uploads\/Hernane-Brocador-em-acao-pelo-Flamengo.webp","width":1,"height":1,"type":"image\/jpeg"}],"author":"Paula Silva","twitter_card":"summary_large_image","twitter_misc":{"Escrito por":"Paula Silva","Est. tempo de leitura":"3 minutos"},"schema":{"@context":"https:\/\/schema.org","@graph":[{"@type":"NewsArticle","@id":"https:\/\/www.gaveanews.com\/index.php\/2024\/08\/11\/hernane-brocador-manda-recado-para-gabigol-e-pedro-do-flamengo\/#article","isPartOf":{"@id":"https:\/\/www.gaveanews.com\/index.php\/2024\/08\/11\/hernane-brocador-manda-recado-para-gabigol-e-pedro-do-flamengo\/"},"author":{"name":"Paula Silva","@id":"https:\/\/www.gaveanews.com\/#\/schema\/person\/daf63eec72e1164eb13dc35096c2b8da"},"headline":"Hernane Brocador &#8216;manda recado&#8217; para Gabigol e Pedro, do Flamengo","datePublished":"2024-08-11T23:41:24+00:00","dateModified":"2024-08-11T23:41:26+00:00","mainEntityOfPage":{"@id":"https:\/\/www.gaveanews.com\/index.php\/2024\/08\/11\/hernane-brocador-manda-recado-para-gabigol-e-pedro-do-flamengo\/"},"wordCount":358,"commentCount":0,"image":{"@id":"https:\/\/www.gaveanews.com\/index.php\/2024\/08\/11\/hernane-brocador-manda-recado-para-gabigol-e-pedro-do-flamengo\/#primaryimage"},"thumbnailUrl":"https:\/\/www.gaveanews.com\/wp-content\/uploads\/Hernane-Brocador-em-acao-pelo-Flamengo.webp","articleSection":["Flamengo"],"inLanguage":"pt-BR","potentialAction":[{"@type":"CommentAction","name":"Comment","target":["https:\/\/www.gaveanews.com\/index.php\/2024\/08\/11\/hernane-brocador-manda-recado-para-gabigol-e-pedro-do-flamengo\/#respond"]}],"copyrightYear":"2024","copyrightHolder":{"@id":"https:\/\/www.gaveanews.com\/#organization"}},{"@type":"WebPage","@id":"https:\/\/www.gaveanews.com\/index.php\/2024\/08\/11\/hernane-brocador-manda-recado-para-gabigol-e-pedro-do-flamengo\/","url":"https:\/\/www.gaveanews.com\/index.php\/2024\/08\/11\/hernane-brocador-manda-recado-para-gabigol-e-pedro-do-flamengo\/","name":"Hernane Brocador 'manda recado' para Gabigol e Pedro, do Flamengo","isPartOf":{"@id":"https:\/\/www.gaveanews.com\/#website"},"primaryImageOfPage":{"@id":"https:\/\/www.gaveanews.com\/index.php\/2024\/08\/11\/hernane-brocador-manda-recado-para-gabigol-e-pedro-do-flamengo\/#primaryimage"},"image":{"@id":"https:\/\/www.gaveanews.com\/index.php\/2024\/08\/11\/hernane-brocador-manda-recado-para-gabigol-e-pedro-do-flamengo\/#primaryimage"},"thumbnailUrl":"https:\/\/www.gaveanews.com\/wp-content\/uploads\/Hernane-Brocador-em-acao-pelo-Flamengo.webp","datePublished":"2024-08-11T23:41:24+00:00","dateModified":"2024-08-11T23:41:26+00:00","author":{"@id":"https:\/\/www.gaveanews.com\/#\/schema\/person\/daf63eec72e1164eb13dc35096c2b8da"},"breadcrumb":{"@id":"https:\/\/www.gaveanews.com\/index.php\/2024\/08\/11\/hernane-brocador-manda-recado-para-gabigol-e-pedro-do-flamengo\/#breadcrumb"},"inLanguage":"pt-BR","potentialAction":[{"@type":"ReadAction","target":["https:\/\/www.gaveanews.com\/index.php\/2024\/08\/11\/hernane-brocador-manda-recado-para-gabigol-e-pedro-do-flamengo\/"]}]},{"@type":"ImageObject","inLanguage":"pt-BR","@id":"https:\/\/www.gaveanews.com\/index.php\/2024\/08\/11\/hernane-brocador-manda-recado-para-gabigol-e-pedro-do-flamengo\/#primaryimage","url":"https:\/\/www.gaveanews.com\/wp-content\/uploads\/Hernane-Brocador-em-acao-pelo-Flamengo.webp","contentUrl":"https:\/\/www.gaveanews.com\/wp-content\/uploads\/Hernane-Brocador-em-acao-pelo-Flamengo.webp","caption":"Hernane Brocador em a\u00e7\u00e3o pelo Flamengo (Foto: Ivo Gonzalez\/Ag\u00eancia O Globo)"},{"@type":"BreadcrumbList","@id":"https:\/\/www.gaveanews.com\/index.php\/2024\/08\/11\/hernane-brocador-manda-recado-para-gabigol-e-pedro-do-flamengo\/#breadcrumb","itemListElement":[{"@type":"ListItem","position":1,"name":"Home","item":"https:\/\/www.gaveanews.com\/"},{"@type":"ListItem","position":2,"name":"Hernane Brocador &#8216;manda recado&#8217; para Gabigol e Pedro, do Flamengo"}]},{"@type":"WebSite","@id":"https:\/\/www.gaveanews.com\/#website","url":"https:\/\/www.gaveanews.com\/","name":"G\u00e1vea News","description":"Veja todas as not\u00edcias sobre o Flamengo: Contrata\u00e7\u00f5es, categorias de base, resultados das partidas, tabela de classifica\u00e7\u00e3o, pr\u00f3ximos jogos!","potentialAction":[{"@type":"SearchAction","target":{"@type":"EntryPoint","urlTemplate":"https:\/\/www.gaveanews.com\/?s={search_term_string}"},"query-input":{"@type":"PropertyValueSpecification","valueRequired":true,"valueName":"search_term_string"}}],"inLanguage":"pt-BR"},{"@type":"Person","@id":"https:\/\/www.gaveanews.com\/#\/schema\/person\/daf63eec72e1164eb13dc35096c2b8da","name":"Paula Silva","image":{"@type":"ImageObject","inLanguage":"pt-BR","@id":"https:\/\/www.gaveanews.com\/#\/schema\/person\/image\/","url":"https:\/\/secure.gravatar.com\/avatar\/eda381c845527cc5d64c13b901833cda29d97500ba040d3e6461f76f51d163bb?s=96&d=mm&r=g","contentUrl":"https:\/\/secure.gravatar.com\/avatar\/eda381c845527cc5d64c13b901833cda29d97500ba040d3e6461f76f51d163bb?s=96&d=mm&r=g","caption":"Paula Silva"}}]}},"_links":{"self":[{"href":"https:\/\/www.gaveanews.com\/index.php\/wp-json\/wp\/v2\/posts\/157929","targetHints":{"allow":["GET"]}}],"collection":[{"href":"https:\/\/www.gaveanews.com\/index.php\/wp-json\/wp\/v2\/posts"}],"about":[{"href":"https:\/\/www.gaveanews.com\/index.php\/wp-json\/wp\/v2\/types\/post"}],"author":[{"embeddable":true,"href":"https:\/\/www.gaveanews.com\/index.php\/wp-json\/wp\/v2\/users\/18"}],"replies":[{"embeddable":true,"href":"https:\/\/www.gaveanews.com\/index.php\/wp-json\/wp\/v2\/comments?post=157929"}],"version-history":[{"count":1,"href":"https:\/\/www.gaveanews.com\/index.php\/wp-json\/wp\/v2\/posts\/157929\/revisions"}],"predecessor-version":[{"id":157931,"href":"https:\/\/www.gaveanews.com\/index.php\/wp-json\/wp\/v2\/posts\/157929\/revisions\/157931"}],"wp:featuredmedia":[{"embeddable":true,"href":"https:\/\/www.gaveanews.com\/index.php\/wp-json\/wp\/v2\/media\/27722"}],"wp:attachment":[{"href":"https:\/\/www.gaveanews.com\/index.php\/wp-json\/wp\/v2\/media?parent=157929"}],"wp:term":[{"taxonomy":"category","embeddable":true,"href":"https:\/\/www.gaveanews.com\/index.php\/wp-json\/wp\/v2\/categories?post=157929"},{"taxonomy":"post_tag","embeddable":true,"href":"https:\/\/www.gaveanews.com\/index.php\/wp-json\/wp\/v2\/tags?post=157929"}],"curies":[{"name":"wp","href":"https:\/\/api.w.org\/{rel}","templated":true}]}}