{"id":157970,"date":"2024-08-12T11:50:09","date_gmt":"2024-08-12T14:50:09","guid":{"rendered":"https:\/\/www.gaveanews.com\/?p=157970"},"modified":"2024-08-12T11:21:14","modified_gmt":"2024-08-12T14:21:14","slug":"vene-casagrande-pede-para-tite-dar-mais-espaco-para-atacante-do-flamengo","status":"publish","type":"post","link":"https:\/\/www.gaveanews.com\/index.php\/2024\/08\/12\/vene-casagrande-pede-para-tite-dar-mais-espaco-para-atacante-do-flamengo\/","title":{"rendered":"Ven\u00ea Casagrande pede para Tite dar mais espa\u00e7o para atacante do Flamengo"},"content":{"rendered":"\n<h2 class=\"wp-block-heading\" id=\"h-o-jovem-atacante-e-destaque-do-sub-20-nbsp\">O jovem atacante \u00e9 destaque do sub-20&nbsp;<\/h2>\n\n\n\n<p>O Flamengo enfrentou diversas not\u00edcias negativas durante e ap\u00f3s a partida. Tudo come\u00e7ou com um desempenho apenas razo\u00e1vel contra o Palmeiras, que resultou em mais um gol sofrido em uma bola levantada na \u00e1rea.<\/p>\n\n\n\n<ul class=\"wp-block-list\">\n<li><a href=\"https:\/\/www.gaveanews.com\/index.php\/2024\/08\/12\/a-declaracao-de-mauro-cezar-pereira-sobre-a-chegada-de-alcaraz-no-flamengo\/\">A declara\u00e7\u00e3o de Mauro Cezar Pereira sobre a chegada de Alcaraz no Flamengo<\/a><\/li>\n\n\n\n<li><a href=\"https:\/\/www.gaveanews.com\/index.php\/2024\/08\/12\/tecnico-do-flamengo-tite-rebate-abel-ferreira-do-palmeiras\/\">T\u00e9cnico do Flamengo, Tite rebate Abel Ferreira, do Palmeiras<br><\/a><\/li>\n<\/ul>\n\n\n\n<p>Al\u00e9m disso, houve a ser\u00edssima les\u00e3o de Everton Cebolinha, que s\u00f3 dever\u00e1 retornar aos gramados em 2025. Mat\u00edas Vi\u00f1a tamb\u00e9m se machucou em um dos joelhos e sua volta pode acontecer apenas no final deste ano.<\/p>\n\n\n\n<p>Essas informa\u00e7\u00f5es causam grande preocupa\u00e7\u00e3o entre os membros do Flamengo, especialmente com o jogo mais crucial do ano se aproximando, a partida contra o Bol\u00edvar, marcada para esta quinta-feira (15), no Maracan\u00e3, pelas oitavas de final da Libertadores.<\/p>\n\n\n\n<p>Os dirigentes do clube est\u00e3o cientes da necessidade de agilizar a busca por refor\u00e7os e, por isso, est\u00e3o \u00e0 procura de novos jogadores. Para substituir Cebolinha, ser\u00e1 fundamental encontrar algu\u00e9m de peso. no entanto, j\u00e1 h\u00e1 um nome da base que foi selecionado.<\/p>\n\n\n\n<p>De acordo com o jornalista Ven\u00ea Casagrande, o elenco conta com um substituto ideal para Everton Cebolinha, Shola, um nigeriano recentemente adquirido pelo clube que vem fazendo uma excelente temporada no Sub-20. Ele \u00e9 considerado uma promissora joia do futebol e tem grande potencial para ser desenvolvido, para o jornalista esse \u00e9 o momento ideal para o t\u00e9cnico Tite d\u00e1 chance ao jovem do sub-20.<\/p>\n\n\n\n<blockquote class=\"twitter-tweet\"><p lang=\"pt\" dir=\"ltr\">Chegou o momento de Tite come\u00e7ar a relacionar o nigeriano Shola, destaque do Sub-20 do Flamengo. Pode, em alguns momentos, suprir a aus\u00eancia de Bruno Henrique e Cebolinha, atacantes que atuam pela ponta esquerda.<\/p>&mdash; Ven\u00ea Casagrande (@venecasagrande) <a href=\"https:\/\/twitter.com\/venecasagrande\/status\/1822813351736385585?ref_src=twsrc%5Etfw\">August 12, 2024<\/a><\/blockquote> <script async src=\"https:\/\/platform.twitter.com\/widgets.js\" charset=\"utf-8\"><\/script>\n\n\n\n<p>Os refor\u00e7os n\u00e3o v\u00eam de uma oura para outra, ent\u00e3o Shola certamente poderia ter umas minutagem em campo, al\u00e9m disso ele tem um bom chute, \u00e9 r\u00e1pido e gosta de jogar um contra um. \u00c9 verdade que o Flamengo est\u00e1 chegando a um momento crucial da temporada com alguns jogadores importantes machucados e ainda precisar\u00e1 entrar rapidamente no mercado para n\u00e3o comprometer seu planejamento, com isso o t\u00e9cnico Tite poderia come\u00e7ar a olhar os jovens da base para suprir as necessidades.<\/p>\n","protected":false},"excerpt":{"rendered":"<p>O jovem atacante \u00e9 destaque do sub-20&nbsp; O Flamengo enfrentou diversas not\u00edcias negativas durante e ap\u00f3s a partida. Tudo come\u00e7ou com um desempenho apenas razo\u00e1vel contra o Palmeiras, que resultou em mais um gol sofrido em uma bola levantada na \u00e1rea. Al\u00e9m disso, houve a ser\u00edssima les\u00e3o de Everton Cebolinha, que s\u00f3 dever\u00e1 retornar aos [&hellip;]<\/p>\n","protected":false},"author":16,"featured_media":105168,"comment_status":"open","ping_status":"closed","sticky":false,"template":"","format":"standard","meta":{"footnotes":""},"categories":[1],"tags":[],"class_list":["post-157970","post","type-post","status-publish","format-standard","has-post-thumbnail","hentry","category-flamengo"],"yoast_head":"<!-- This site is optimized with the Yoast SEO Premium plugin v24.2 (Yoast SEO v26.9) - https:\/\/yoast.com\/product\/yoast-seo-premium-wordpress\/ -->\n<title>Ven\u00ea Casagrande pede para Tite dar mais espa\u00e7o para atacante do Flamengo<\/title>\n<meta name=\"robots\" content=\"index, follow, max-snippet:-1, max-image-preview:large, max-video-preview:-1\" \/>\n<link rel=\"canonical\" href=\"https:\/\/www.gaveanews.com\/index.php\/2024\/08\/12\/vene-casagrande-pede-para-tite-dar-mais-espaco-para-atacante-do-flamengo\/\" \/>\n<meta property=\"og:locale\" content=\"pt_BR\" \/>\n<meta property=\"og:type\" content=\"article\" \/>\n<meta property=\"og:title\" content=\"Ven\u00ea Casagrande pede para Tite dar mais espa\u00e7o para atacante do Flamengo\" \/>\n<meta property=\"og:description\" content=\"O jovem atacante \u00e9 destaque do sub-20&nbsp; O Flamengo enfrentou diversas not\u00edcias negativas durante e ap\u00f3s a partida. Tudo come\u00e7ou com um desempenho apenas razo\u00e1vel contra o Palmeiras, que resultou em mais um gol sofrido em uma bola levantada na \u00e1rea. Al\u00e9m disso, houve a ser\u00edssima les\u00e3o de Everton Cebolinha, que s\u00f3 dever\u00e1 retornar aos [&hellip;]\" \/>\n<meta property=\"og:url\" content=\"https:\/\/www.gaveanews.com\/index.php\/2024\/08\/12\/vene-casagrande-pede-para-tite-dar-mais-espaco-para-atacante-do-flamengo\/\" \/>\n<meta property=\"og:site_name\" content=\"G\u00e1vea News\" \/>\n<meta property=\"article:publisher\" content=\"https:\/\/facebook.com\/gaveaNews\/\" \/>\n<meta property=\"article:published_time\" content=\"2024-08-12T14:50:09+00:00\" \/>\n<meta property=\"og:image\" content=\"https:\/\/www.gaveanews.com\/wp-content\/uploads\/Vene-Casagrande-durante-a-programacao-do-SBT.webp\" \/>\n\t<meta property=\"og:image:width\" content=\"1200\" \/>\n\t<meta property=\"og:image:height\" content=\"740\" \/>\n\t<meta property=\"og:image:type\" content=\"image\/jpeg\" \/>\n<meta name=\"author\" content=\"D\u00e9bora Figueiredo\" \/>\n<meta name=\"twitter:card\" content=\"summary_large_image\" \/>\n<meta name=\"twitter:label1\" content=\"Escrito por\" \/>\n\t<meta name=\"twitter:data1\" content=\"D\u00e9bora Figueiredo\" \/>\n\t<meta name=\"twitter:label2\" content=\"Est. tempo de leitura\" \/>\n\t<meta name=\"twitter:data2\" content=\"3 minutos\" \/>\n<script type=\"application\/ld+json\" class=\"yoast-schema-graph\">{\"@context\":\"https:\/\/schema.org\",\"@graph\":[{\"@type\":\"NewsArticle\",\"@id\":\"https:\/\/www.gaveanews.com\/index.php\/2024\/08\/12\/vene-casagrande-pede-para-tite-dar-mais-espaco-para-atacante-do-flamengo\/#article\",\"isPartOf\":{\"@id\":\"https:\/\/www.gaveanews.com\/index.php\/2024\/08\/12\/vene-casagrande-pede-para-tite-dar-mais-espaco-para-atacante-do-flamengo\/\"},\"author\":{\"name\":\"D\u00e9bora Figueiredo\",\"@id\":\"https:\/\/www.gaveanews.com\/#\/schema\/person\/37122681a8575a5c8db05a56f099a5e4\"},\"headline\":\"Ven\u00ea Casagrande pede para Tite dar mais espa\u00e7o para atacante do Flamengo\",\"datePublished\":\"2024-08-12T14:50:09+00:00\",\"mainEntityOfPage\":{\"@id\":\"https:\/\/www.gaveanews.com\/index.php\/2024\/08\/12\/vene-casagrande-pede-para-tite-dar-mais-espaco-para-atacante-do-flamengo\/\"},\"wordCount\":402,\"commentCount\":0,\"image\":{\"@id\":\"https:\/\/www.gaveanews.com\/index.php\/2024\/08\/12\/vene-casagrande-pede-para-tite-dar-mais-espaco-para-atacante-do-flamengo\/#primaryimage\"},\"thumbnailUrl\":\"https:\/\/www.gaveanews.com\/wp-content\/uploads\/Vene-Casagrande-durante-a-programacao-do-SBT.webp\",\"articleSection\":[\"Flamengo\"],\"inLanguage\":\"pt-BR\",\"potentialAction\":[{\"@type\":\"CommentAction\",\"name\":\"Comment\",\"target\":[\"https:\/\/www.gaveanews.com\/index.php\/2024\/08\/12\/vene-casagrande-pede-para-tite-dar-mais-espaco-para-atacante-do-flamengo\/#respond\"]}],\"copyrightYear\":\"2024\",\"copyrightHolder\":{\"@id\":\"https:\/\/www.gaveanews.com\/#organization\"}},{\"@type\":\"WebPage\",\"@id\":\"https:\/\/www.gaveanews.com\/index.php\/2024\/08\/12\/vene-casagrande-pede-para-tite-dar-mais-espaco-para-atacante-do-flamengo\/\",\"url\":\"https:\/\/www.gaveanews.com\/index.php\/2024\/08\/12\/vene-casagrande-pede-para-tite-dar-mais-espaco-para-atacante-do-flamengo\/\",\"name\":\"Ven\u00ea Casagrande pede para Tite dar mais espa\u00e7o para atacante do Flamengo\",\"isPartOf\":{\"@id\":\"https:\/\/www.gaveanews.com\/#website\"},\"primaryImageOfPage\":{\"@id\":\"https:\/\/www.gaveanews.com\/index.php\/2024\/08\/12\/vene-casagrande-pede-para-tite-dar-mais-espaco-para-atacante-do-flamengo\/#primaryimage\"},\"image\":{\"@id\":\"https:\/\/www.gaveanews.com\/index.php\/2024\/08\/12\/vene-casagrande-pede-para-tite-dar-mais-espaco-para-atacante-do-flamengo\/#primaryimage\"},\"thumbnailUrl\":\"https:\/\/www.gaveanews.com\/wp-content\/uploads\/Vene-Casagrande-durante-a-programacao-do-SBT.webp\",\"datePublished\":\"2024-08-12T14:50:09+00:00\",\"author\":{\"@id\":\"https:\/\/www.gaveanews.com\/#\/schema\/person\/37122681a8575a5c8db05a56f099a5e4\"},\"breadcrumb\":{\"@id\":\"https:\/\/www.gaveanews.com\/index.php\/2024\/08\/12\/vene-casagrande-pede-para-tite-dar-mais-espaco-para-atacante-do-flamengo\/#breadcrumb\"},\"inLanguage\":\"pt-BR\",\"potentialAction\":[{\"@type\":\"ReadAction\",\"target\":[\"https:\/\/www.gaveanews.com\/index.php\/2024\/08\/12\/vene-casagrande-pede-para-tite-dar-mais-espaco-para-atacante-do-flamengo\/\"]}]},{\"@type\":\"ImageObject\",\"inLanguage\":\"pt-BR\",\"@id\":\"https:\/\/www.gaveanews.com\/index.php\/2024\/08\/12\/vene-casagrande-pede-para-tite-dar-mais-espaco-para-atacante-do-flamengo\/#primaryimage\",\"url\":\"https:\/\/www.gaveanews.com\/wp-content\/uploads\/Vene-Casagrande-durante-a-programacao-do-SBT.webp\",\"contentUrl\":\"https:\/\/www.gaveanews.com\/wp-content\/uploads\/Vene-Casagrande-durante-a-programacao-do-SBT.webp\",\"width\":1200,\"height\":740,\"caption\":\"Ven\u00ea Casagrande durante a programa\u00e7\u00e3o do SBT (Foto: Reprodu\u00e7\u00e3o)\"},{\"@type\":\"BreadcrumbList\",\"@id\":\"https:\/\/www.gaveanews.com\/index.php\/2024\/08\/12\/vene-casagrande-pede-para-tite-dar-mais-espaco-para-atacante-do-flamengo\/#breadcrumb\",\"itemListElement\":[{\"@type\":\"ListItem\",\"position\":1,\"name\":\"Home\",\"item\":\"https:\/\/www.gaveanews.com\/\"},{\"@type\":\"ListItem\",\"position\":2,\"name\":\"Ven\u00ea Casagrande pede para Tite dar mais espa\u00e7o para atacante do Flamengo\"}]},{\"@type\":\"WebSite\",\"@id\":\"https:\/\/www.gaveanews.com\/#website\",\"url\":\"https:\/\/www.gaveanews.com\/\",\"name\":\"G\u00e1vea News\",\"description\":\"Veja todas as not\u00edcias sobre o Flamengo: Contrata\u00e7\u00f5es, categorias de base, resultados das partidas, tabela de classifica\u00e7\u00e3o, pr\u00f3ximos jogos!\",\"potentialAction\":[{\"@type\":\"SearchAction\",\"target\":{\"@type\":\"EntryPoint\",\"urlTemplate\":\"https:\/\/www.gaveanews.com\/?s={search_term_string}\"},\"query-input\":{\"@type\":\"PropertyValueSpecification\",\"valueRequired\":true,\"valueName\":\"search_term_string\"}}],\"inLanguage\":\"pt-BR\"},{\"@type\":\"Person\",\"@id\":\"https:\/\/www.gaveanews.com\/#\/schema\/person\/37122681a8575a5c8db05a56f099a5e4\",\"name\":\"D\u00e9bora Figueiredo\",\"image\":{\"@type\":\"ImageObject\",\"inLanguage\":\"pt-BR\",\"@id\":\"https:\/\/www.gaveanews.com\/#\/schema\/person\/image\/\",\"url\":\"https:\/\/secure.gravatar.com\/avatar\/1f44802859351588499d26f52aed1d15796ce17e67602895b72837c08018868d?s=96&d=mm&r=g\",\"contentUrl\":\"https:\/\/secure.gravatar.com\/avatar\/1f44802859351588499d26f52aed1d15796ce17e67602895b72837c08018868d?s=96&d=mm&r=g\",\"caption\":\"D\u00e9bora Figueiredo\"}}]}<\/script>\n<!-- \/ Yoast SEO Premium plugin. -->","yoast_head_json":{"title":"Ven\u00ea Casagrande pede para Tite dar mais espa\u00e7o para atacante do Flamengo","robots":{"index":"index","follow":"follow","max-snippet":"max-snippet:-1","max-image-preview":"max-image-preview:large","max-video-preview":"max-video-preview:-1"},"canonical":"https:\/\/www.gaveanews.com\/index.php\/2024\/08\/12\/vene-casagrande-pede-para-tite-dar-mais-espaco-para-atacante-do-flamengo\/","og_locale":"pt_BR","og_type":"article","og_title":"Ven\u00ea Casagrande pede para Tite dar mais espa\u00e7o para atacante do Flamengo","og_description":"O jovem atacante \u00e9 destaque do sub-20&nbsp; O Flamengo enfrentou diversas not\u00edcias negativas durante e ap\u00f3s a partida. Tudo come\u00e7ou com um desempenho apenas razo\u00e1vel contra o Palmeiras, que resultou em mais um gol sofrido em uma bola levantada na \u00e1rea. Al\u00e9m disso, houve a ser\u00edssima les\u00e3o de Everton Cebolinha, que s\u00f3 dever\u00e1 retornar aos [&hellip;]","og_url":"https:\/\/www.gaveanews.com\/index.php\/2024\/08\/12\/vene-casagrande-pede-para-tite-dar-mais-espaco-para-atacante-do-flamengo\/","og_site_name":"G\u00e1vea News","article_publisher":"https:\/\/facebook.com\/gaveaNews\/","article_published_time":"2024-08-12T14:50:09+00:00","og_image":[{"width":1200,"height":740,"url":"https:\/\/www.gaveanews.com\/wp-content\/uploads\/Vene-Casagrande-durante-a-programacao-do-SBT.webp","type":"image\/jpeg"}],"author":"D\u00e9bora Figueiredo","twitter_card":"summary_large_image","twitter_misc":{"Escrito por":"D\u00e9bora Figueiredo","Est. tempo de leitura":"3 minutos"},"schema":{"@context":"https:\/\/schema.org","@graph":[{"@type":"NewsArticle","@id":"https:\/\/www.gaveanews.com\/index.php\/2024\/08\/12\/vene-casagrande-pede-para-tite-dar-mais-espaco-para-atacante-do-flamengo\/#article","isPartOf":{"@id":"https:\/\/www.gaveanews.com\/index.php\/2024\/08\/12\/vene-casagrande-pede-para-tite-dar-mais-espaco-para-atacante-do-flamengo\/"},"author":{"name":"D\u00e9bora Figueiredo","@id":"https:\/\/www.gaveanews.com\/#\/schema\/person\/37122681a8575a5c8db05a56f099a5e4"},"headline":"Ven\u00ea Casagrande pede para Tite dar mais espa\u00e7o para atacante do Flamengo","datePublished":"2024-08-12T14:50:09+00:00","mainEntityOfPage":{"@id":"https:\/\/www.gaveanews.com\/index.php\/2024\/08\/12\/vene-casagrande-pede-para-tite-dar-mais-espaco-para-atacante-do-flamengo\/"},"wordCount":402,"commentCount":0,"image":{"@id":"https:\/\/www.gaveanews.com\/index.php\/2024\/08\/12\/vene-casagrande-pede-para-tite-dar-mais-espaco-para-atacante-do-flamengo\/#primaryimage"},"thumbnailUrl":"https:\/\/www.gaveanews.com\/wp-content\/uploads\/Vene-Casagrande-durante-a-programacao-do-SBT.webp","articleSection":["Flamengo"],"inLanguage":"pt-BR","potentialAction":[{"@type":"CommentAction","name":"Comment","target":["https:\/\/www.gaveanews.com\/index.php\/2024\/08\/12\/vene-casagrande-pede-para-tite-dar-mais-espaco-para-atacante-do-flamengo\/#respond"]}],"copyrightYear":"2024","copyrightHolder":{"@id":"https:\/\/www.gaveanews.com\/#organization"}},{"@type":"WebPage","@id":"https:\/\/www.gaveanews.com\/index.php\/2024\/08\/12\/vene-casagrande-pede-para-tite-dar-mais-espaco-para-atacante-do-flamengo\/","url":"https:\/\/www.gaveanews.com\/index.php\/2024\/08\/12\/vene-casagrande-pede-para-tite-dar-mais-espaco-para-atacante-do-flamengo\/","name":"Ven\u00ea Casagrande pede para Tite dar mais espa\u00e7o para atacante do Flamengo","isPartOf":{"@id":"https:\/\/www.gaveanews.com\/#website"},"primaryImageOfPage":{"@id":"https:\/\/www.gaveanews.com\/index.php\/2024\/08\/12\/vene-casagrande-pede-para-tite-dar-mais-espaco-para-atacante-do-flamengo\/#primaryimage"},"image":{"@id":"https:\/\/www.gaveanews.com\/index.php\/2024\/08\/12\/vene-casagrande-pede-para-tite-dar-mais-espaco-para-atacante-do-flamengo\/#primaryimage"},"thumbnailUrl":"https:\/\/www.gaveanews.com\/wp-content\/uploads\/Vene-Casagrande-durante-a-programacao-do-SBT.webp","datePublished":"2024-08-12T14:50:09+00:00","author":{"@id":"https:\/\/www.gaveanews.com\/#\/schema\/person\/37122681a8575a5c8db05a56f099a5e4"},"breadcrumb":{"@id":"https:\/\/www.gaveanews.com\/index.php\/2024\/08\/12\/vene-casagrande-pede-para-tite-dar-mais-espaco-para-atacante-do-flamengo\/#breadcrumb"},"inLanguage":"pt-BR","potentialAction":[{"@type":"ReadAction","target":["https:\/\/www.gaveanews.com\/index.php\/2024\/08\/12\/vene-casagrande-pede-para-tite-dar-mais-espaco-para-atacante-do-flamengo\/"]}]},{"@type":"ImageObject","inLanguage":"pt-BR","@id":"https:\/\/www.gaveanews.com\/index.php\/2024\/08\/12\/vene-casagrande-pede-para-tite-dar-mais-espaco-para-atacante-do-flamengo\/#primaryimage","url":"https:\/\/www.gaveanews.com\/wp-content\/uploads\/Vene-Casagrande-durante-a-programacao-do-SBT.webp","contentUrl":"https:\/\/www.gaveanews.com\/wp-content\/uploads\/Vene-Casagrande-durante-a-programacao-do-SBT.webp","width":1200,"height":740,"caption":"Ven\u00ea Casagrande durante a programa\u00e7\u00e3o do SBT (Foto: Reprodu\u00e7\u00e3o)"},{"@type":"BreadcrumbList","@id":"https:\/\/www.gaveanews.com\/index.php\/2024\/08\/12\/vene-casagrande-pede-para-tite-dar-mais-espaco-para-atacante-do-flamengo\/#breadcrumb","itemListElement":[{"@type":"ListItem","position":1,"name":"Home","item":"https:\/\/www.gaveanews.com\/"},{"@type":"ListItem","position":2,"name":"Ven\u00ea Casagrande pede para Tite dar mais espa\u00e7o para atacante do Flamengo"}]},{"@type":"WebSite","@id":"https:\/\/www.gaveanews.com\/#website","url":"https:\/\/www.gaveanews.com\/","name":"G\u00e1vea News","description":"Veja todas as not\u00edcias sobre o Flamengo: Contrata\u00e7\u00f5es, categorias de base, resultados das partidas, tabela de classifica\u00e7\u00e3o, pr\u00f3ximos jogos!","potentialAction":[{"@type":"SearchAction","target":{"@type":"EntryPoint","urlTemplate":"https:\/\/www.gaveanews.com\/?s={search_term_string}"},"query-input":{"@type":"PropertyValueSpecification","valueRequired":true,"valueName":"search_term_string"}}],"inLanguage":"pt-BR"},{"@type":"Person","@id":"https:\/\/www.gaveanews.com\/#\/schema\/person\/37122681a8575a5c8db05a56f099a5e4","name":"D\u00e9bora Figueiredo","image":{"@type":"ImageObject","inLanguage":"pt-BR","@id":"https:\/\/www.gaveanews.com\/#\/schema\/person\/image\/","url":"https:\/\/secure.gravatar.com\/avatar\/1f44802859351588499d26f52aed1d15796ce17e67602895b72837c08018868d?s=96&d=mm&r=g","contentUrl":"https:\/\/secure.gravatar.com\/avatar\/1f44802859351588499d26f52aed1d15796ce17e67602895b72837c08018868d?s=96&d=mm&r=g","caption":"D\u00e9bora Figueiredo"}}]}},"_links":{"self":[{"href":"https:\/\/www.gaveanews.com\/index.php\/wp-json\/wp\/v2\/posts\/157970","targetHints":{"allow":["GET"]}}],"collection":[{"href":"https:\/\/www.gaveanews.com\/index.php\/wp-json\/wp\/v2\/posts"}],"about":[{"href":"https:\/\/www.gaveanews.com\/index.php\/wp-json\/wp\/v2\/types\/post"}],"author":[{"embeddable":true,"href":"https:\/\/www.gaveanews.com\/index.php\/wp-json\/wp\/v2\/users\/16"}],"replies":[{"embeddable":true,"href":"https:\/\/www.gaveanews.com\/index.php\/wp-json\/wp\/v2\/comments?post=157970"}],"version-history":[{"count":2,"href":"https:\/\/www.gaveanews.com\/index.php\/wp-json\/wp\/v2\/posts\/157970\/revisions"}],"predecessor-version":[{"id":157985,"href":"https:\/\/www.gaveanews.com\/index.php\/wp-json\/wp\/v2\/posts\/157970\/revisions\/157985"}],"wp:featuredmedia":[{"embeddable":true,"href":"https:\/\/www.gaveanews.com\/index.php\/wp-json\/wp\/v2\/media\/105168"}],"wp:attachment":[{"href":"https:\/\/www.gaveanews.com\/index.php\/wp-json\/wp\/v2\/media?parent=157970"}],"wp:term":[{"taxonomy":"category","embeddable":true,"href":"https:\/\/www.gaveanews.com\/index.php\/wp-json\/wp\/v2\/categories?post=157970"},{"taxonomy":"post_tag","embeddable":true,"href":"https:\/\/www.gaveanews.com\/index.php\/wp-json\/wp\/v2\/tags?post=157970"}],"curies":[{"name":"wp","href":"https:\/\/api.w.org\/{rel}","templated":true}]}}