{"id":157979,"date":"2024-08-12T14:00:00","date_gmt":"2024-08-12T17:00:00","guid":{"rendered":"https:\/\/www.gaveanews.com\/?p=157979"},"modified":"2024-08-12T13:40:28","modified_gmt":"2024-08-12T16:40:28","slug":"video-padre-da-fiel-viraliza-ao-falar-sobre-pedro-raul-do-corinthians","status":"publish","type":"post","link":"https:\/\/www.gaveanews.com\/index.php\/2024\/08\/12\/video-padre-da-fiel-viraliza-ao-falar-sobre-pedro-raul-do-corinthians\/","title":{"rendered":"V\u00eddeo: padre da Fiel viraliza ao falar sobre Pedro Raul, do Corinthians"},"content":{"rendered":"\n<p>O Corinthians tem uma das torcidas mais fan\u00e1ticas do pa\u00eds e isso faz com que muitos personagens estejam em todos os jogos do clube, um deles \u00e9 o Padre da Fiel, que acompanha a equipe nos jogos em Itaquera sempre trajado com sua roupa religiosa.<\/p>\n\n\n\n<p>Esse personagem nada mais \u00e9 do que gerente de vendas Moacir Avian. Moacir, de 67 anos n\u00e3o \u00e9 um padre de verdade, mas passou a assistir \u00e0s partidas da equipe alvinegra depois que um improv\u00e1vel empate aconteceu em Itaquera num jogo disputado em novembro de 2014. Desde ent\u00e3o, Moacir, que \u00e9 cat\u00f3lico, recebe pedidos inusitados para selar uni\u00f5es em plena arquibancada, beijos nas m\u00e3os e b\u00ean\u00e7\u00e3os durante as partidas, al\u00e9m de muitas fotos.<\/p>\n\n\n\n<ul class=\"wp-block-list\">\n<li><a href=\"https:\/\/www.gaveanews.com\/index.php\/2024\/08\/12\/corinthians-x-bragantino-vidente-crava-resultado\/\">Corinthians x Bragantino: vidente crava resultado<\/a><\/li>\n\n\n\n<li><a href=\"https:\/\/www.gaveanews.com\/index.php\/2024\/08\/11\/a-declaracao-de-talles-magno-sobre-o-empate-do-corinthians\/\">A declara\u00e7\u00e3o de Talles Magno sobre o empate do Corinthians<\/a><\/li>\n<\/ul>\n\n\n\n<p>Moacir sempre foi um torcedor ass\u00edduo nos est\u00e1dios em que o Corinthians joga. Na d\u00e9cada de 1970, por exemplo, esteve na famigerada invas\u00e3o corintiana ao Rio diante do Fluminense e tamb\u00e9m nos jogos que tiraram o time alvinegro de um jejum de quase 23 anos. O &#8216;Papa da Fiel&#8217;, no entanto, come\u00e7ou a se tornar realidade somente na temporada 2014. <\/p>\n\n\n\n<p><em>&#8211; Eu estava com uma bandeira no ombro e deu essa apar\u00eancia. Uma colega de trabalho viu uma foto e disse que parecia um padre<\/em>, disse em entrevista ao UOL em 2018.<\/p>\n\n\n\n<p>Foi num jogo seguinte, contra o Coritiba, que o gerente de vendas decidiu colocar a f\u00e9 em a\u00e7\u00e3o. Como sempre foi o padre nas festas juninas do seu pr\u00e9dio, Moacir tinha uma batina em casa. Depois de bordar o s\u00edmbolo corintiano na pe\u00e7a, ele decidiu, ent\u00e3o, lev\u00e1-la ao est\u00e1dio numa sacola. E s\u00f3 passou a us\u00e1-la quando o Corinthians passava por um momento dif\u00edcil. <\/p>\n\n\n\n<h2 class=\"wp-block-heading\" id=\"h-o-que-ele-disse-sobre-pedro-raul\">O que ele disse sobre Pedro Ra\u00fal?<\/h2>\n\n\n\n<p>No final de semana, em mais um jogo ao qual ele esteve presente, o Corinthians empatou com o Bragantino por 1 a 1 e isso fez com que ele ficasse revoltado com o Centro avante Pedro Ra\u00fal, que at\u00e9 agora n\u00e3o conseguiu mostrar para que veio.<\/p>\n\n\n\n<p><em>&#8211; Pelo amor de Deus, quem disse para esse &#8216;grosso&#8217; Ra\u00fal que ele joga bola. Sai&#8230;<\/em><\/p>\n\n\n\n<blockquote class=\"twitter-tweet\" data-media-max-width=\"560\"><p lang=\"pt\" dir=\"ltr\">O padre da Fiel, que vai em todos jogos do Corinthians em Itaquera, manifestou a insatisfa\u00e7\u00e3o dele com o centroavante Pedro Raul. <a href=\"https:\/\/t.co\/F60BlY3b7s\">pic.twitter.com\/F60BlY3b7s<\/a><\/p>&mdash; Time do Povo (@povotime1910) <a href=\"https:\/\/twitter.com\/povotime1910\/status\/1820234438355349642?ref_src=twsrc%5Etfw\">August 4, 2024<\/a><\/blockquote> <script async src=\"https:\/\/platform.twitter.com\/widgets.js\" charset=\"utf-8\"><\/script>\n","protected":false},"excerpt":{"rendered":"<p>O Corinthians tem uma das torcidas mais fan\u00e1ticas do pa\u00eds e isso faz com que muitos personagens estejam em todos os jogos do clube, um deles \u00e9 o Padre da Fiel, que acompanha a equipe nos jogos em Itaquera sempre trajado com sua roupa religiosa. Esse personagem nada mais \u00e9 do que gerente de vendas [&hellip;]<\/p>\n","protected":false},"author":19,"featured_media":158005,"comment_status":"open","ping_status":"closed","sticky":false,"template":"","format":"standard","meta":{"footnotes":""},"categories":[141],"tags":[],"class_list":["post-157979","post","type-post","status-publish","format-standard","has-post-thumbnail","hentry","category-corinthians"],"yoast_head":"<!-- This site is optimized with the Yoast SEO Premium plugin v24.2 (Yoast SEO v26.9) - https:\/\/yoast.com\/product\/yoast-seo-premium-wordpress\/ -->\n<title>V\u00eddeo: padre da Fiel viraliza ao falar sobre Pedro Raul, do Corinthians<\/title>\n<meta name=\"robots\" content=\"index, follow, max-snippet:-1, max-image-preview:large, max-video-preview:-1\" \/>\n<link rel=\"canonical\" href=\"https:\/\/www.gaveanews.com\/index.php\/2024\/08\/12\/video-padre-da-fiel-viraliza-ao-falar-sobre-pedro-raul-do-corinthians\/\" \/>\n<meta property=\"og:locale\" content=\"pt_BR\" \/>\n<meta property=\"og:type\" content=\"article\" \/>\n<meta property=\"og:title\" content=\"V\u00eddeo: padre da Fiel viraliza ao falar sobre Pedro Raul, do Corinthians\" \/>\n<meta property=\"og:description\" content=\"O Corinthians tem uma das torcidas mais fan\u00e1ticas do pa\u00eds e isso faz com que muitos personagens estejam em todos os jogos do clube, um deles \u00e9 o Padre da Fiel, que acompanha a equipe nos jogos em Itaquera sempre trajado com sua roupa religiosa. Esse personagem nada mais \u00e9 do que gerente de vendas [&hellip;]\" \/>\n<meta property=\"og:url\" content=\"https:\/\/www.gaveanews.com\/index.php\/2024\/08\/12\/video-padre-da-fiel-viraliza-ao-falar-sobre-pedro-raul-do-corinthians\/\" \/>\n<meta property=\"og:site_name\" content=\"G\u00e1vea News\" \/>\n<meta property=\"article:publisher\" content=\"https:\/\/facebook.com\/gaveaNews\/\" \/>\n<meta property=\"article:published_time\" content=\"2024-08-12T17:00:00+00:00\" \/>\n<meta property=\"og:image\" content=\"https:\/\/www.gaveanews.com\/wp-content\/uploads\/Pedro-Raul-com-a-camisa-do-Corinthians-em-2024.webp\" \/>\n\t<meta property=\"og:image:width\" content=\"1440\" \/>\n\t<meta property=\"og:image:height\" content=\"1080\" \/>\n\t<meta property=\"og:image:type\" content=\"image\/webp\" \/>\n<meta name=\"author\" content=\"Bruno Zanchetta\" \/>\n<meta name=\"twitter:card\" content=\"summary_large_image\" \/>\n<meta name=\"twitter:label1\" content=\"Escrito por\" \/>\n\t<meta name=\"twitter:data1\" content=\"Bruno Zanchetta\" \/>\n\t<meta name=\"twitter:label2\" content=\"Est. tempo de leitura\" \/>\n\t<meta name=\"twitter:data2\" content=\"3 minutos\" \/>\n<script type=\"application\/ld+json\" class=\"yoast-schema-graph\">{\"@context\":\"https:\/\/schema.org\",\"@graph\":[{\"@type\":\"NewsArticle\",\"@id\":\"https:\/\/www.gaveanews.com\/index.php\/2024\/08\/12\/video-padre-da-fiel-viraliza-ao-falar-sobre-pedro-raul-do-corinthians\/#article\",\"isPartOf\":{\"@id\":\"https:\/\/www.gaveanews.com\/index.php\/2024\/08\/12\/video-padre-da-fiel-viraliza-ao-falar-sobre-pedro-raul-do-corinthians\/\"},\"author\":{\"name\":\"Bruno Zanchetta\",\"@id\":\"https:\/\/www.gaveanews.com\/#\/schema\/person\/32fddefab25b466689f181be346cd98c\"},\"headline\":\"V\u00eddeo: padre da Fiel viraliza ao falar sobre Pedro Raul, do Corinthians\",\"datePublished\":\"2024-08-12T17:00:00+00:00\",\"mainEntityOfPage\":{\"@id\":\"https:\/\/www.gaveanews.com\/index.php\/2024\/08\/12\/video-padre-da-fiel-viraliza-ao-falar-sobre-pedro-raul-do-corinthians\/\"},\"wordCount\":428,\"commentCount\":0,\"image\":{\"@id\":\"https:\/\/www.gaveanews.com\/index.php\/2024\/08\/12\/video-padre-da-fiel-viraliza-ao-falar-sobre-pedro-raul-do-corinthians\/#primaryimage\"},\"thumbnailUrl\":\"https:\/\/www.gaveanews.com\/wp-content\/uploads\/Pedro-Raul-com-a-camisa-do-Corinthians-em-2024.webp\",\"articleSection\":[\"Corinthians\"],\"inLanguage\":\"pt-BR\",\"potentialAction\":[{\"@type\":\"CommentAction\",\"name\":\"Comment\",\"target\":[\"https:\/\/www.gaveanews.com\/index.php\/2024\/08\/12\/video-padre-da-fiel-viraliza-ao-falar-sobre-pedro-raul-do-corinthians\/#respond\"]}],\"copyrightYear\":\"2024\",\"copyrightHolder\":{\"@id\":\"https:\/\/www.gaveanews.com\/#organization\"}},{\"@type\":\"WebPage\",\"@id\":\"https:\/\/www.gaveanews.com\/index.php\/2024\/08\/12\/video-padre-da-fiel-viraliza-ao-falar-sobre-pedro-raul-do-corinthians\/\",\"url\":\"https:\/\/www.gaveanews.com\/index.php\/2024\/08\/12\/video-padre-da-fiel-viraliza-ao-falar-sobre-pedro-raul-do-corinthians\/\",\"name\":\"V\u00eddeo: padre da Fiel viraliza ao falar sobre Pedro Raul, do Corinthians\",\"isPartOf\":{\"@id\":\"https:\/\/www.gaveanews.com\/#website\"},\"primaryImageOfPage\":{\"@id\":\"https:\/\/www.gaveanews.com\/index.php\/2024\/08\/12\/video-padre-da-fiel-viraliza-ao-falar-sobre-pedro-raul-do-corinthians\/#primaryimage\"},\"image\":{\"@id\":\"https:\/\/www.gaveanews.com\/index.php\/2024\/08\/12\/video-padre-da-fiel-viraliza-ao-falar-sobre-pedro-raul-do-corinthians\/#primaryimage\"},\"thumbnailUrl\":\"https:\/\/www.gaveanews.com\/wp-content\/uploads\/Pedro-Raul-com-a-camisa-do-Corinthians-em-2024.webp\",\"datePublished\":\"2024-08-12T17:00:00+00:00\",\"author\":{\"@id\":\"https:\/\/www.gaveanews.com\/#\/schema\/person\/32fddefab25b466689f181be346cd98c\"},\"breadcrumb\":{\"@id\":\"https:\/\/www.gaveanews.com\/index.php\/2024\/08\/12\/video-padre-da-fiel-viraliza-ao-falar-sobre-pedro-raul-do-corinthians\/#breadcrumb\"},\"inLanguage\":\"pt-BR\",\"potentialAction\":[{\"@type\":\"ReadAction\",\"target\":[\"https:\/\/www.gaveanews.com\/index.php\/2024\/08\/12\/video-padre-da-fiel-viraliza-ao-falar-sobre-pedro-raul-do-corinthians\/\"]}]},{\"@type\":\"ImageObject\",\"inLanguage\":\"pt-BR\",\"@id\":\"https:\/\/www.gaveanews.com\/index.php\/2024\/08\/12\/video-padre-da-fiel-viraliza-ao-falar-sobre-pedro-raul-do-corinthians\/#primaryimage\",\"url\":\"https:\/\/www.gaveanews.com\/wp-content\/uploads\/Pedro-Raul-com-a-camisa-do-Corinthians-em-2024.webp\",\"contentUrl\":\"https:\/\/www.gaveanews.com\/wp-content\/uploads\/Pedro-Raul-com-a-camisa-do-Corinthians-em-2024.webp\",\"width\":1440,\"height\":1080,\"caption\":\"Pedro Raul com a camisa do Corinthians em 2024 (Foto: Reprodu\u00e7\u00e3o\/Corinthians)\"},{\"@type\":\"BreadcrumbList\",\"@id\":\"https:\/\/www.gaveanews.com\/index.php\/2024\/08\/12\/video-padre-da-fiel-viraliza-ao-falar-sobre-pedro-raul-do-corinthians\/#breadcrumb\",\"itemListElement\":[{\"@type\":\"ListItem\",\"position\":1,\"name\":\"Home\",\"item\":\"https:\/\/www.gaveanews.com\/\"},{\"@type\":\"ListItem\",\"position\":2,\"name\":\"V\u00eddeo: padre da Fiel viraliza ao falar sobre Pedro Raul, do Corinthians\"}]},{\"@type\":\"WebSite\",\"@id\":\"https:\/\/www.gaveanews.com\/#website\",\"url\":\"https:\/\/www.gaveanews.com\/\",\"name\":\"G\u00e1vea News\",\"description\":\"Veja todas as not\u00edcias sobre o Flamengo: Contrata\u00e7\u00f5es, categorias de base, resultados das partidas, tabela de classifica\u00e7\u00e3o, pr\u00f3ximos jogos!\",\"potentialAction\":[{\"@type\":\"SearchAction\",\"target\":{\"@type\":\"EntryPoint\",\"urlTemplate\":\"https:\/\/www.gaveanews.com\/?s={search_term_string}\"},\"query-input\":{\"@type\":\"PropertyValueSpecification\",\"valueRequired\":true,\"valueName\":\"search_term_string\"}}],\"inLanguage\":\"pt-BR\"},{\"@type\":\"Person\",\"@id\":\"https:\/\/www.gaveanews.com\/#\/schema\/person\/32fddefab25b466689f181be346cd98c\",\"name\":\"Bruno Zanchetta\",\"image\":{\"@type\":\"ImageObject\",\"inLanguage\":\"pt-BR\",\"@id\":\"https:\/\/www.gaveanews.com\/#\/schema\/person\/image\/\",\"url\":\"https:\/\/secure.gravatar.com\/avatar\/3ba2d39f8a912ad65276975a996d6ad8d9e3dd13448684be8dc4d7c17099d2ee?s=96&d=mm&r=g\",\"contentUrl\":\"https:\/\/secure.gravatar.com\/avatar\/3ba2d39f8a912ad65276975a996d6ad8d9e3dd13448684be8dc4d7c17099d2ee?s=96&d=mm&r=g\",\"caption\":\"Bruno Zanchetta\"}}]}<\/script>\n<!-- \/ Yoast SEO Premium plugin. -->","yoast_head_json":{"title":"V\u00eddeo: padre da Fiel viraliza ao falar sobre Pedro Raul, do Corinthians","robots":{"index":"index","follow":"follow","max-snippet":"max-snippet:-1","max-image-preview":"max-image-preview:large","max-video-preview":"max-video-preview:-1"},"canonical":"https:\/\/www.gaveanews.com\/index.php\/2024\/08\/12\/video-padre-da-fiel-viraliza-ao-falar-sobre-pedro-raul-do-corinthians\/","og_locale":"pt_BR","og_type":"article","og_title":"V\u00eddeo: padre da Fiel viraliza ao falar sobre Pedro Raul, do Corinthians","og_description":"O Corinthians tem uma das torcidas mais fan\u00e1ticas do pa\u00eds e isso faz com que muitos personagens estejam em todos os jogos do clube, um deles \u00e9 o Padre da Fiel, que acompanha a equipe nos jogos em Itaquera sempre trajado com sua roupa religiosa. Esse personagem nada mais \u00e9 do que gerente de vendas [&hellip;]","og_url":"https:\/\/www.gaveanews.com\/index.php\/2024\/08\/12\/video-padre-da-fiel-viraliza-ao-falar-sobre-pedro-raul-do-corinthians\/","og_site_name":"G\u00e1vea News","article_publisher":"https:\/\/facebook.com\/gaveaNews\/","article_published_time":"2024-08-12T17:00:00+00:00","og_image":[{"width":1440,"height":1080,"url":"https:\/\/www.gaveanews.com\/wp-content\/uploads\/Pedro-Raul-com-a-camisa-do-Corinthians-em-2024.webp","type":"image\/webp"}],"author":"Bruno Zanchetta","twitter_card":"summary_large_image","twitter_misc":{"Escrito por":"Bruno Zanchetta","Est. tempo de leitura":"3 minutos"},"schema":{"@context":"https:\/\/schema.org","@graph":[{"@type":"NewsArticle","@id":"https:\/\/www.gaveanews.com\/index.php\/2024\/08\/12\/video-padre-da-fiel-viraliza-ao-falar-sobre-pedro-raul-do-corinthians\/#article","isPartOf":{"@id":"https:\/\/www.gaveanews.com\/index.php\/2024\/08\/12\/video-padre-da-fiel-viraliza-ao-falar-sobre-pedro-raul-do-corinthians\/"},"author":{"name":"Bruno Zanchetta","@id":"https:\/\/www.gaveanews.com\/#\/schema\/person\/32fddefab25b466689f181be346cd98c"},"headline":"V\u00eddeo: padre da Fiel viraliza ao falar sobre Pedro Raul, do Corinthians","datePublished":"2024-08-12T17:00:00+00:00","mainEntityOfPage":{"@id":"https:\/\/www.gaveanews.com\/index.php\/2024\/08\/12\/video-padre-da-fiel-viraliza-ao-falar-sobre-pedro-raul-do-corinthians\/"},"wordCount":428,"commentCount":0,"image":{"@id":"https:\/\/www.gaveanews.com\/index.php\/2024\/08\/12\/video-padre-da-fiel-viraliza-ao-falar-sobre-pedro-raul-do-corinthians\/#primaryimage"},"thumbnailUrl":"https:\/\/www.gaveanews.com\/wp-content\/uploads\/Pedro-Raul-com-a-camisa-do-Corinthians-em-2024.webp","articleSection":["Corinthians"],"inLanguage":"pt-BR","potentialAction":[{"@type":"CommentAction","name":"Comment","target":["https:\/\/www.gaveanews.com\/index.php\/2024\/08\/12\/video-padre-da-fiel-viraliza-ao-falar-sobre-pedro-raul-do-corinthians\/#respond"]}],"copyrightYear":"2024","copyrightHolder":{"@id":"https:\/\/www.gaveanews.com\/#organization"}},{"@type":"WebPage","@id":"https:\/\/www.gaveanews.com\/index.php\/2024\/08\/12\/video-padre-da-fiel-viraliza-ao-falar-sobre-pedro-raul-do-corinthians\/","url":"https:\/\/www.gaveanews.com\/index.php\/2024\/08\/12\/video-padre-da-fiel-viraliza-ao-falar-sobre-pedro-raul-do-corinthians\/","name":"V\u00eddeo: padre da Fiel viraliza ao falar sobre Pedro Raul, do Corinthians","isPartOf":{"@id":"https:\/\/www.gaveanews.com\/#website"},"primaryImageOfPage":{"@id":"https:\/\/www.gaveanews.com\/index.php\/2024\/08\/12\/video-padre-da-fiel-viraliza-ao-falar-sobre-pedro-raul-do-corinthians\/#primaryimage"},"image":{"@id":"https:\/\/www.gaveanews.com\/index.php\/2024\/08\/12\/video-padre-da-fiel-viraliza-ao-falar-sobre-pedro-raul-do-corinthians\/#primaryimage"},"thumbnailUrl":"https:\/\/www.gaveanews.com\/wp-content\/uploads\/Pedro-Raul-com-a-camisa-do-Corinthians-em-2024.webp","datePublished":"2024-08-12T17:00:00+00:00","author":{"@id":"https:\/\/www.gaveanews.com\/#\/schema\/person\/32fddefab25b466689f181be346cd98c"},"breadcrumb":{"@id":"https:\/\/www.gaveanews.com\/index.php\/2024\/08\/12\/video-padre-da-fiel-viraliza-ao-falar-sobre-pedro-raul-do-corinthians\/#breadcrumb"},"inLanguage":"pt-BR","potentialAction":[{"@type":"ReadAction","target":["https:\/\/www.gaveanews.com\/index.php\/2024\/08\/12\/video-padre-da-fiel-viraliza-ao-falar-sobre-pedro-raul-do-corinthians\/"]}]},{"@type":"ImageObject","inLanguage":"pt-BR","@id":"https:\/\/www.gaveanews.com\/index.php\/2024\/08\/12\/video-padre-da-fiel-viraliza-ao-falar-sobre-pedro-raul-do-corinthians\/#primaryimage","url":"https:\/\/www.gaveanews.com\/wp-content\/uploads\/Pedro-Raul-com-a-camisa-do-Corinthians-em-2024.webp","contentUrl":"https:\/\/www.gaveanews.com\/wp-content\/uploads\/Pedro-Raul-com-a-camisa-do-Corinthians-em-2024.webp","width":1440,"height":1080,"caption":"Pedro Raul com a camisa do Corinthians em 2024 (Foto: Reprodu\u00e7\u00e3o\/Corinthians)"},{"@type":"BreadcrumbList","@id":"https:\/\/www.gaveanews.com\/index.php\/2024\/08\/12\/video-padre-da-fiel-viraliza-ao-falar-sobre-pedro-raul-do-corinthians\/#breadcrumb","itemListElement":[{"@type":"ListItem","position":1,"name":"Home","item":"https:\/\/www.gaveanews.com\/"},{"@type":"ListItem","position":2,"name":"V\u00eddeo: padre da Fiel viraliza ao falar sobre Pedro Raul, do Corinthians"}]},{"@type":"WebSite","@id":"https:\/\/www.gaveanews.com\/#website","url":"https:\/\/www.gaveanews.com\/","name":"G\u00e1vea News","description":"Veja todas as not\u00edcias sobre o Flamengo: Contrata\u00e7\u00f5es, categorias de base, resultados das partidas, tabela de classifica\u00e7\u00e3o, pr\u00f3ximos jogos!","potentialAction":[{"@type":"SearchAction","target":{"@type":"EntryPoint","urlTemplate":"https:\/\/www.gaveanews.com\/?s={search_term_string}"},"query-input":{"@type":"PropertyValueSpecification","valueRequired":true,"valueName":"search_term_string"}}],"inLanguage":"pt-BR"},{"@type":"Person","@id":"https:\/\/www.gaveanews.com\/#\/schema\/person\/32fddefab25b466689f181be346cd98c","name":"Bruno Zanchetta","image":{"@type":"ImageObject","inLanguage":"pt-BR","@id":"https:\/\/www.gaveanews.com\/#\/schema\/person\/image\/","url":"https:\/\/secure.gravatar.com\/avatar\/3ba2d39f8a912ad65276975a996d6ad8d9e3dd13448684be8dc4d7c17099d2ee?s=96&d=mm&r=g","contentUrl":"https:\/\/secure.gravatar.com\/avatar\/3ba2d39f8a912ad65276975a996d6ad8d9e3dd13448684be8dc4d7c17099d2ee?s=96&d=mm&r=g","caption":"Bruno Zanchetta"}}]}},"_links":{"self":[{"href":"https:\/\/www.gaveanews.com\/index.php\/wp-json\/wp\/v2\/posts\/157979","targetHints":{"allow":["GET"]}}],"collection":[{"href":"https:\/\/www.gaveanews.com\/index.php\/wp-json\/wp\/v2\/posts"}],"about":[{"href":"https:\/\/www.gaveanews.com\/index.php\/wp-json\/wp\/v2\/types\/post"}],"author":[{"embeddable":true,"href":"https:\/\/www.gaveanews.com\/index.php\/wp-json\/wp\/v2\/users\/19"}],"replies":[{"embeddable":true,"href":"https:\/\/www.gaveanews.com\/index.php\/wp-json\/wp\/v2\/comments?post=157979"}],"version-history":[{"count":3,"href":"https:\/\/www.gaveanews.com\/index.php\/wp-json\/wp\/v2\/posts\/157979\/revisions"}],"predecessor-version":[{"id":158008,"href":"https:\/\/www.gaveanews.com\/index.php\/wp-json\/wp\/v2\/posts\/157979\/revisions\/158008"}],"wp:featuredmedia":[{"embeddable":true,"href":"https:\/\/www.gaveanews.com\/index.php\/wp-json\/wp\/v2\/media\/158005"}],"wp:attachment":[{"href":"https:\/\/www.gaveanews.com\/index.php\/wp-json\/wp\/v2\/media?parent=157979"}],"wp:term":[{"taxonomy":"category","embeddable":true,"href":"https:\/\/www.gaveanews.com\/index.php\/wp-json\/wp\/v2\/categories?post=157979"},{"taxonomy":"post_tag","embeddable":true,"href":"https:\/\/www.gaveanews.com\/index.php\/wp-json\/wp\/v2\/tags?post=157979"}],"curies":[{"name":"wp","href":"https:\/\/api.w.org\/{rel}","templated":true}]}}