{"id":158010,"date":"2024-08-12T14:57:39","date_gmt":"2024-08-12T17:57:39","guid":{"rendered":"https:\/\/www.gaveanews.com\/?p=158010"},"modified":"2024-08-12T15:07:37","modified_gmt":"2024-08-12T18:07:37","slug":"a-declaracao-de-everton-cebolinha-apos-ter-lesao-confirmada","status":"publish","type":"post","link":"https:\/\/www.gaveanews.com\/index.php\/2024\/08\/12\/a-declaracao-de-everton-cebolinha-apos-ter-lesao-confirmada\/","title":{"rendered":"A declara\u00e7\u00e3o de Everton Cebolinha ap\u00f3s ter les\u00e3o confirmada"},"content":{"rendered":"\n<p>Everton Cebolinha vinha fazendo uma boa temporada pelo Flamengo, sendo titular absoluto de Tite, mas come\u00e7ou a acumular uma s\u00e9rie de les\u00f5es. A \u00faltima e mais grave ocorreu nesse final de semana.<\/p>\n\n\n\n<p>Segundo o GE, o jogador sofreu uma grave les\u00e3o no tornozelo esquerdo e est\u00e1 fora de todo o resto de temporada. Ele vai passar por uma cirurgia e o processo de recupera\u00e7\u00e3o \u00e9 entre 4 a 6 meses. <\/p>\n\n\n\n<ul class=\"wp-block-list\">\n<li><a href=\"https:\/\/www.gaveanews.com\/index.php\/2024\/08\/12\/apos-empate-com-o-palmeiras-veja-as-chances-do-flamengo-ser-campeao-do-brasileirao\/\">Ap\u00f3s empate com o Palmeiras, veja as chances do Flamengo ser campe\u00e3o do Brasileir\u00e3o<\/a><\/li>\n\n\n\n<li><a href=\"https:\/\/www.gaveanews.com\/index.php\/2024\/08\/12\/vene-casagrande-pede-para-tite-dar-mais-espaco-para-atacante-do-flamengo\/\">Ven\u00ea Casagrande pede para Tite dar mais espa\u00e7o para atacante do Flamengo<\/a><\/li>\n<\/ul>\n\n\n\n<p><em>&#8211; Eu voltarei mais FORTE!<\/em>, escreveu Cebolinha na legenda de duas fotos em preto e branco, uma delas ali\u00e1s mostra o jogador saindo de maca de dentro do campo.<\/p>\n\n\n\n<figure class=\"wp-block-embed is-type-photo is-provider-flickr wp-block-embed-flickr\"><div class=\"wp-block-embed__wrapper\">\n<a href=\"https:\/\/flic.kr\/p\/2q9xxB8\"><img loading=\"lazy\" decoding=\"async\" src=\"https:\/\/live.staticflickr.com\/65535\/53917941737_d7537a6830_c.webp\" alt=\"imagem_2024-08-12_150649670\" width=\"492\" height=\"800\" \/><\/a>\n<\/div><\/figure>\n\n\n\n<p>A esposa do jogador, Isa Raniere tamb\u00e9m publicou uma foto dele no hospital e desejou boa recupera\u00e7\u00e3o ao jogador:<\/p>\n\n\n\n<p><em>&#8211; Te vi em v\u00e1rias fases da sua vida. Estive com voc\u00ea nas melhores e nas mais complicadas. Essa que estamos agora nos pegou de surpresa. Est\u00e1vamos juntos, focados em projetos enormes para esse ano dentro e fora de campo. (&#8230;) Ontem nosso abra\u00e7o foi de choro e frustra\u00e7\u00e3o. Te ver saindo do campo daquele jeito acabou comigo. Mas n\u00e3o posso e n\u00e3o devo me esquecer do vers\u00edculo que tanto marca a nossa vida: tudo coopera para o bem daqueles que amam a Deus. (&#8230;) Tudo tem um prop\u00f3sito, e voc\u00ea sair\u00e1 ainda mais FORTE e mais resiliente. E nosso abra\u00e7o daqui um tempo ser\u00e1 de VIT\u00d3RIA e ALEGRIA.<\/em><\/p>\n\n\n\n<p>Cebolinha est\u00e1 desde 2022 no Flamengo, vive sua melhor temporada como titular absoluto de Tite. At\u00e9 ent\u00e3o s\u00e3o 6 gols e cinco assist\u00eancias em 32 jogos e apenas em 3 come\u00e7ou na reserva, mas por desgaste muscular. <\/p>\n\n\n\n<p>Cebolinha vem sofrendo com problemas f\u00edsicos e esse ano foi desfalque em 11 partidas. S\u00e3o 127 jogos, 15 gols e 20 assist\u00eancias desde que chegou no Flamengo.<\/p>\n\n\n\n<h2 class=\"wp-block-heading\" id=\"h-qual-a-proxima-partida-do-flamengo\">Qual a pr\u00f3xima partida do Flamengo?<\/h2>\n\n\n\n<p>Decis\u00e3o! Nesta quinta-feira (15), o Flamengo tem compromisso marcado diante da equipe do Bol\u00edvar, pelo jogo de ida das oitavas de final da Copa Libertadores 2024. O confronto ser\u00e1 no Maracan\u00e3, a partir das 21h30.<\/p>\n","protected":false},"excerpt":{"rendered":"<p>Everton Cebolinha vinha fazendo uma boa temporada pelo Flamengo, sendo titular absoluto de Tite, mas come\u00e7ou a acumular uma s\u00e9rie de les\u00f5es. A \u00faltima e mais grave ocorreu nesse final de semana. Segundo o GE, o jogador sofreu uma grave les\u00e3o no tornozelo esquerdo e est\u00e1 fora de todo o resto de temporada. Ele vai [&hellip;]<\/p>\n","protected":false},"author":19,"featured_media":157887,"comment_status":"open","ping_status":"closed","sticky":false,"template":"","format":"standard","meta":{"footnotes":""},"categories":[1],"tags":[],"class_list":["post-158010","post","type-post","status-publish","format-standard","has-post-thumbnail","hentry","category-flamengo"],"yoast_head":"<!-- This site is optimized with the Yoast SEO Premium plugin v24.2 (Yoast SEO v26.9) - https:\/\/yoast.com\/product\/yoast-seo-premium-wordpress\/ -->\n<title>A declara\u00e7\u00e3o de Everton Cebolinha ap\u00f3s ter les\u00e3o confirmada<\/title>\n<meta name=\"robots\" content=\"index, follow, max-snippet:-1, max-image-preview:large, max-video-preview:-1\" \/>\n<link rel=\"canonical\" href=\"https:\/\/www.gaveanews.com\/index.php\/2024\/08\/12\/a-declaracao-de-everton-cebolinha-apos-ter-lesao-confirmada\/\" \/>\n<meta property=\"og:locale\" content=\"pt_BR\" \/>\n<meta property=\"og:type\" content=\"article\" \/>\n<meta property=\"og:title\" content=\"A declara\u00e7\u00e3o de Everton Cebolinha ap\u00f3s ter les\u00e3o confirmada\" \/>\n<meta property=\"og:description\" content=\"Everton Cebolinha vinha fazendo uma boa temporada pelo Flamengo, sendo titular absoluto de Tite, mas come\u00e7ou a acumular uma s\u00e9rie de les\u00f5es. A \u00faltima e mais grave ocorreu nesse final de semana. Segundo o GE, o jogador sofreu uma grave les\u00e3o no tornozelo esquerdo e est\u00e1 fora de todo o resto de temporada. Ele vai [&hellip;]\" \/>\n<meta property=\"og:url\" content=\"https:\/\/www.gaveanews.com\/index.php\/2024\/08\/12\/a-declaracao-de-everton-cebolinha-apos-ter-lesao-confirmada\/\" \/>\n<meta property=\"og:site_name\" content=\"G\u00e1vea News\" \/>\n<meta property=\"article:publisher\" content=\"https:\/\/facebook.com\/gaveaNews\/\" \/>\n<meta property=\"article:published_time\" content=\"2024-08-12T17:57:39+00:00\" \/>\n<meta property=\"article:modified_time\" content=\"2024-08-12T18:07:37+00:00\" \/>\n<meta property=\"og:image\" content=\"https:\/\/www.gaveanews.com\/wp-content\/uploads\/Everton-Cebolinha-em-acao-pelo-Flamengo.webp\" \/>\n\t<meta property=\"og:image:width\" content=\"780\" \/>\n\t<meta property=\"og:image:height\" content=\"470\" \/>\n\t<meta property=\"og:image:type\" content=\"image\/jpeg\" \/>\n<meta name=\"author\" content=\"Bruno Zanchetta\" \/>\n<meta name=\"twitter:card\" content=\"summary_large_image\" \/>\n<meta name=\"twitter:label1\" content=\"Escrito por\" \/>\n\t<meta name=\"twitter:data1\" content=\"Bruno Zanchetta\" \/>\n\t<meta name=\"twitter:label2\" content=\"Est. tempo de leitura\" \/>\n\t<meta name=\"twitter:data2\" content=\"3 minutos\" \/>\n<script type=\"application\/ld+json\" class=\"yoast-schema-graph\">{\"@context\":\"https:\/\/schema.org\",\"@graph\":[{\"@type\":\"NewsArticle\",\"@id\":\"https:\/\/www.gaveanews.com\/index.php\/2024\/08\/12\/a-declaracao-de-everton-cebolinha-apos-ter-lesao-confirmada\/#article\",\"isPartOf\":{\"@id\":\"https:\/\/www.gaveanews.com\/index.php\/2024\/08\/12\/a-declaracao-de-everton-cebolinha-apos-ter-lesao-confirmada\/\"},\"author\":{\"name\":\"Bruno Zanchetta\",\"@id\":\"https:\/\/www.gaveanews.com\/#\/schema\/person\/32fddefab25b466689f181be346cd98c\"},\"headline\":\"A declara\u00e7\u00e3o de Everton Cebolinha ap\u00f3s ter les\u00e3o confirmada\",\"datePublished\":\"2024-08-12T17:57:39+00:00\",\"dateModified\":\"2024-08-12T18:07:37+00:00\",\"mainEntityOfPage\":{\"@id\":\"https:\/\/www.gaveanews.com\/index.php\/2024\/08\/12\/a-declaracao-de-everton-cebolinha-apos-ter-lesao-confirmada\/\"},\"wordCount\":393,\"commentCount\":0,\"image\":{\"@id\":\"https:\/\/www.gaveanews.com\/index.php\/2024\/08\/12\/a-declaracao-de-everton-cebolinha-apos-ter-lesao-confirmada\/#primaryimage\"},\"thumbnailUrl\":\"https:\/\/www.gaveanews.com\/wp-content\/uploads\/Everton-Cebolinha-em-acao-pelo-Flamengo.webp\",\"articleSection\":[\"Flamengo\"],\"inLanguage\":\"pt-BR\",\"potentialAction\":[{\"@type\":\"CommentAction\",\"name\":\"Comment\",\"target\":[\"https:\/\/www.gaveanews.com\/index.php\/2024\/08\/12\/a-declaracao-de-everton-cebolinha-apos-ter-lesao-confirmada\/#respond\"]}],\"copyrightYear\":\"2024\",\"copyrightHolder\":{\"@id\":\"https:\/\/www.gaveanews.com\/#organization\"}},{\"@type\":\"WebPage\",\"@id\":\"https:\/\/www.gaveanews.com\/index.php\/2024\/08\/12\/a-declaracao-de-everton-cebolinha-apos-ter-lesao-confirmada\/\",\"url\":\"https:\/\/www.gaveanews.com\/index.php\/2024\/08\/12\/a-declaracao-de-everton-cebolinha-apos-ter-lesao-confirmada\/\",\"name\":\"A declara\u00e7\u00e3o de Everton Cebolinha ap\u00f3s ter les\u00e3o confirmada\",\"isPartOf\":{\"@id\":\"https:\/\/www.gaveanews.com\/#website\"},\"primaryImageOfPage\":{\"@id\":\"https:\/\/www.gaveanews.com\/index.php\/2024\/08\/12\/a-declaracao-de-everton-cebolinha-apos-ter-lesao-confirmada\/#primaryimage\"},\"image\":{\"@id\":\"https:\/\/www.gaveanews.com\/index.php\/2024\/08\/12\/a-declaracao-de-everton-cebolinha-apos-ter-lesao-confirmada\/#primaryimage\"},\"thumbnailUrl\":\"https:\/\/www.gaveanews.com\/wp-content\/uploads\/Everton-Cebolinha-em-acao-pelo-Flamengo.webp\",\"datePublished\":\"2024-08-12T17:57:39+00:00\",\"dateModified\":\"2024-08-12T18:07:37+00:00\",\"author\":{\"@id\":\"https:\/\/www.gaveanews.com\/#\/schema\/person\/32fddefab25b466689f181be346cd98c\"},\"breadcrumb\":{\"@id\":\"https:\/\/www.gaveanews.com\/index.php\/2024\/08\/12\/a-declaracao-de-everton-cebolinha-apos-ter-lesao-confirmada\/#breadcrumb\"},\"inLanguage\":\"pt-BR\",\"potentialAction\":[{\"@type\":\"ReadAction\",\"target\":[\"https:\/\/www.gaveanews.com\/index.php\/2024\/08\/12\/a-declaracao-de-everton-cebolinha-apos-ter-lesao-confirmada\/\"]}]},{\"@type\":\"ImageObject\",\"inLanguage\":\"pt-BR\",\"@id\":\"https:\/\/www.gaveanews.com\/index.php\/2024\/08\/12\/a-declaracao-de-everton-cebolinha-apos-ter-lesao-confirmada\/#primaryimage\",\"url\":\"https:\/\/www.gaveanews.com\/wp-content\/uploads\/Everton-Cebolinha-em-acao-pelo-Flamengo.webp\",\"contentUrl\":\"https:\/\/www.gaveanews.com\/wp-content\/uploads\/Everton-Cebolinha-em-acao-pelo-Flamengo.webp\",\"width\":780,\"height\":470,\"caption\":\"Everton Cebolinha em a\u00e7\u00e3o pelo Flamengo (Foto: Marcelo Cortes\/CRF)\"},{\"@type\":\"BreadcrumbList\",\"@id\":\"https:\/\/www.gaveanews.com\/index.php\/2024\/08\/12\/a-declaracao-de-everton-cebolinha-apos-ter-lesao-confirmada\/#breadcrumb\",\"itemListElement\":[{\"@type\":\"ListItem\",\"position\":1,\"name\":\"Home\",\"item\":\"https:\/\/www.gaveanews.com\/\"},{\"@type\":\"ListItem\",\"position\":2,\"name\":\"A declara\u00e7\u00e3o de Everton Cebolinha ap\u00f3s ter les\u00e3o confirmada\"}]},{\"@type\":\"WebSite\",\"@id\":\"https:\/\/www.gaveanews.com\/#website\",\"url\":\"https:\/\/www.gaveanews.com\/\",\"name\":\"G\u00e1vea News\",\"description\":\"Veja todas as not\u00edcias sobre o Flamengo: Contrata\u00e7\u00f5es, categorias de base, resultados das partidas, tabela de classifica\u00e7\u00e3o, pr\u00f3ximos jogos!\",\"potentialAction\":[{\"@type\":\"SearchAction\",\"target\":{\"@type\":\"EntryPoint\",\"urlTemplate\":\"https:\/\/www.gaveanews.com\/?s={search_term_string}\"},\"query-input\":{\"@type\":\"PropertyValueSpecification\",\"valueRequired\":true,\"valueName\":\"search_term_string\"}}],\"inLanguage\":\"pt-BR\"},{\"@type\":\"Person\",\"@id\":\"https:\/\/www.gaveanews.com\/#\/schema\/person\/32fddefab25b466689f181be346cd98c\",\"name\":\"Bruno Zanchetta\",\"image\":{\"@type\":\"ImageObject\",\"inLanguage\":\"pt-BR\",\"@id\":\"https:\/\/www.gaveanews.com\/#\/schema\/person\/image\/\",\"url\":\"https:\/\/secure.gravatar.com\/avatar\/3ba2d39f8a912ad65276975a996d6ad8d9e3dd13448684be8dc4d7c17099d2ee?s=96&d=mm&r=g\",\"contentUrl\":\"https:\/\/secure.gravatar.com\/avatar\/3ba2d39f8a912ad65276975a996d6ad8d9e3dd13448684be8dc4d7c17099d2ee?s=96&d=mm&r=g\",\"caption\":\"Bruno Zanchetta\"}}]}<\/script>\n<!-- \/ Yoast SEO Premium plugin. -->","yoast_head_json":{"title":"A declara\u00e7\u00e3o de Everton Cebolinha ap\u00f3s ter les\u00e3o confirmada","robots":{"index":"index","follow":"follow","max-snippet":"max-snippet:-1","max-image-preview":"max-image-preview:large","max-video-preview":"max-video-preview:-1"},"canonical":"https:\/\/www.gaveanews.com\/index.php\/2024\/08\/12\/a-declaracao-de-everton-cebolinha-apos-ter-lesao-confirmada\/","og_locale":"pt_BR","og_type":"article","og_title":"A declara\u00e7\u00e3o de Everton Cebolinha ap\u00f3s ter les\u00e3o confirmada","og_description":"Everton Cebolinha vinha fazendo uma boa temporada pelo Flamengo, sendo titular absoluto de Tite, mas come\u00e7ou a acumular uma s\u00e9rie de les\u00f5es. A \u00faltima e mais grave ocorreu nesse final de semana. Segundo o GE, o jogador sofreu uma grave les\u00e3o no tornozelo esquerdo e est\u00e1 fora de todo o resto de temporada. Ele vai [&hellip;]","og_url":"https:\/\/www.gaveanews.com\/index.php\/2024\/08\/12\/a-declaracao-de-everton-cebolinha-apos-ter-lesao-confirmada\/","og_site_name":"G\u00e1vea News","article_publisher":"https:\/\/facebook.com\/gaveaNews\/","article_published_time":"2024-08-12T17:57:39+00:00","article_modified_time":"2024-08-12T18:07:37+00:00","og_image":[{"width":780,"height":470,"url":"https:\/\/www.gaveanews.com\/wp-content\/uploads\/Everton-Cebolinha-em-acao-pelo-Flamengo.webp","type":"image\/jpeg"}],"author":"Bruno Zanchetta","twitter_card":"summary_large_image","twitter_misc":{"Escrito por":"Bruno Zanchetta","Est. tempo de leitura":"3 minutos"},"schema":{"@context":"https:\/\/schema.org","@graph":[{"@type":"NewsArticle","@id":"https:\/\/www.gaveanews.com\/index.php\/2024\/08\/12\/a-declaracao-de-everton-cebolinha-apos-ter-lesao-confirmada\/#article","isPartOf":{"@id":"https:\/\/www.gaveanews.com\/index.php\/2024\/08\/12\/a-declaracao-de-everton-cebolinha-apos-ter-lesao-confirmada\/"},"author":{"name":"Bruno Zanchetta","@id":"https:\/\/www.gaveanews.com\/#\/schema\/person\/32fddefab25b466689f181be346cd98c"},"headline":"A declara\u00e7\u00e3o de Everton Cebolinha ap\u00f3s ter les\u00e3o confirmada","datePublished":"2024-08-12T17:57:39+00:00","dateModified":"2024-08-12T18:07:37+00:00","mainEntityOfPage":{"@id":"https:\/\/www.gaveanews.com\/index.php\/2024\/08\/12\/a-declaracao-de-everton-cebolinha-apos-ter-lesao-confirmada\/"},"wordCount":393,"commentCount":0,"image":{"@id":"https:\/\/www.gaveanews.com\/index.php\/2024\/08\/12\/a-declaracao-de-everton-cebolinha-apos-ter-lesao-confirmada\/#primaryimage"},"thumbnailUrl":"https:\/\/www.gaveanews.com\/wp-content\/uploads\/Everton-Cebolinha-em-acao-pelo-Flamengo.webp","articleSection":["Flamengo"],"inLanguage":"pt-BR","potentialAction":[{"@type":"CommentAction","name":"Comment","target":["https:\/\/www.gaveanews.com\/index.php\/2024\/08\/12\/a-declaracao-de-everton-cebolinha-apos-ter-lesao-confirmada\/#respond"]}],"copyrightYear":"2024","copyrightHolder":{"@id":"https:\/\/www.gaveanews.com\/#organization"}},{"@type":"WebPage","@id":"https:\/\/www.gaveanews.com\/index.php\/2024\/08\/12\/a-declaracao-de-everton-cebolinha-apos-ter-lesao-confirmada\/","url":"https:\/\/www.gaveanews.com\/index.php\/2024\/08\/12\/a-declaracao-de-everton-cebolinha-apos-ter-lesao-confirmada\/","name":"A declara\u00e7\u00e3o de Everton Cebolinha ap\u00f3s ter les\u00e3o confirmada","isPartOf":{"@id":"https:\/\/www.gaveanews.com\/#website"},"primaryImageOfPage":{"@id":"https:\/\/www.gaveanews.com\/index.php\/2024\/08\/12\/a-declaracao-de-everton-cebolinha-apos-ter-lesao-confirmada\/#primaryimage"},"image":{"@id":"https:\/\/www.gaveanews.com\/index.php\/2024\/08\/12\/a-declaracao-de-everton-cebolinha-apos-ter-lesao-confirmada\/#primaryimage"},"thumbnailUrl":"https:\/\/www.gaveanews.com\/wp-content\/uploads\/Everton-Cebolinha-em-acao-pelo-Flamengo.webp","datePublished":"2024-08-12T17:57:39+00:00","dateModified":"2024-08-12T18:07:37+00:00","author":{"@id":"https:\/\/www.gaveanews.com\/#\/schema\/person\/32fddefab25b466689f181be346cd98c"},"breadcrumb":{"@id":"https:\/\/www.gaveanews.com\/index.php\/2024\/08\/12\/a-declaracao-de-everton-cebolinha-apos-ter-lesao-confirmada\/#breadcrumb"},"inLanguage":"pt-BR","potentialAction":[{"@type":"ReadAction","target":["https:\/\/www.gaveanews.com\/index.php\/2024\/08\/12\/a-declaracao-de-everton-cebolinha-apos-ter-lesao-confirmada\/"]}]},{"@type":"ImageObject","inLanguage":"pt-BR","@id":"https:\/\/www.gaveanews.com\/index.php\/2024\/08\/12\/a-declaracao-de-everton-cebolinha-apos-ter-lesao-confirmada\/#primaryimage","url":"https:\/\/www.gaveanews.com\/wp-content\/uploads\/Everton-Cebolinha-em-acao-pelo-Flamengo.webp","contentUrl":"https:\/\/www.gaveanews.com\/wp-content\/uploads\/Everton-Cebolinha-em-acao-pelo-Flamengo.webp","width":780,"height":470,"caption":"Everton Cebolinha em a\u00e7\u00e3o pelo Flamengo (Foto: Marcelo Cortes\/CRF)"},{"@type":"BreadcrumbList","@id":"https:\/\/www.gaveanews.com\/index.php\/2024\/08\/12\/a-declaracao-de-everton-cebolinha-apos-ter-lesao-confirmada\/#breadcrumb","itemListElement":[{"@type":"ListItem","position":1,"name":"Home","item":"https:\/\/www.gaveanews.com\/"},{"@type":"ListItem","position":2,"name":"A declara\u00e7\u00e3o de Everton Cebolinha ap\u00f3s ter les\u00e3o confirmada"}]},{"@type":"WebSite","@id":"https:\/\/www.gaveanews.com\/#website","url":"https:\/\/www.gaveanews.com\/","name":"G\u00e1vea News","description":"Veja todas as not\u00edcias sobre o Flamengo: Contrata\u00e7\u00f5es, categorias de base, resultados das partidas, tabela de classifica\u00e7\u00e3o, pr\u00f3ximos jogos!","potentialAction":[{"@type":"SearchAction","target":{"@type":"EntryPoint","urlTemplate":"https:\/\/www.gaveanews.com\/?s={search_term_string}"},"query-input":{"@type":"PropertyValueSpecification","valueRequired":true,"valueName":"search_term_string"}}],"inLanguage":"pt-BR"},{"@type":"Person","@id":"https:\/\/www.gaveanews.com\/#\/schema\/person\/32fddefab25b466689f181be346cd98c","name":"Bruno Zanchetta","image":{"@type":"ImageObject","inLanguage":"pt-BR","@id":"https:\/\/www.gaveanews.com\/#\/schema\/person\/image\/","url":"https:\/\/secure.gravatar.com\/avatar\/3ba2d39f8a912ad65276975a996d6ad8d9e3dd13448684be8dc4d7c17099d2ee?s=96&d=mm&r=g","contentUrl":"https:\/\/secure.gravatar.com\/avatar\/3ba2d39f8a912ad65276975a996d6ad8d9e3dd13448684be8dc4d7c17099d2ee?s=96&d=mm&r=g","caption":"Bruno Zanchetta"}}]}},"_links":{"self":[{"href":"https:\/\/www.gaveanews.com\/index.php\/wp-json\/wp\/v2\/posts\/158010","targetHints":{"allow":["GET"]}}],"collection":[{"href":"https:\/\/www.gaveanews.com\/index.php\/wp-json\/wp\/v2\/posts"}],"about":[{"href":"https:\/\/www.gaveanews.com\/index.php\/wp-json\/wp\/v2\/types\/post"}],"author":[{"embeddable":true,"href":"https:\/\/www.gaveanews.com\/index.php\/wp-json\/wp\/v2\/users\/19"}],"replies":[{"embeddable":true,"href":"https:\/\/www.gaveanews.com\/index.php\/wp-json\/wp\/v2\/comments?post=158010"}],"version-history":[{"count":3,"href":"https:\/\/www.gaveanews.com\/index.php\/wp-json\/wp\/v2\/posts\/158010\/revisions"}],"predecessor-version":[{"id":158031,"href":"https:\/\/www.gaveanews.com\/index.php\/wp-json\/wp\/v2\/posts\/158010\/revisions\/158031"}],"wp:featuredmedia":[{"embeddable":true,"href":"https:\/\/www.gaveanews.com\/index.php\/wp-json\/wp\/v2\/media\/157887"}],"wp:attachment":[{"href":"https:\/\/www.gaveanews.com\/index.php\/wp-json\/wp\/v2\/media?parent=158010"}],"wp:term":[{"taxonomy":"category","embeddable":true,"href":"https:\/\/www.gaveanews.com\/index.php\/wp-json\/wp\/v2\/categories?post=158010"},{"taxonomy":"post_tag","embeddable":true,"href":"https:\/\/www.gaveanews.com\/index.php\/wp-json\/wp\/v2\/tags?post=158010"}],"curies":[{"name":"wp","href":"https:\/\/api.w.org\/{rel}","templated":true}]}}