{"id":158017,"date":"2024-08-12T16:00:00","date_gmt":"2024-08-12T19:00:00","guid":{"rendered":"https:\/\/www.gaveanews.com\/?p=158017"},"modified":"2024-08-12T15:21:50","modified_gmt":"2024-08-12T18:21:50","slug":"video-atitude-de-weverton-do-palmeiras-com-pedro-revolta-torcida-do-flamengo","status":"publish","type":"post","link":"https:\/\/www.gaveanews.com\/index.php\/2024\/08\/12\/video-atitude-de-weverton-do-palmeiras-com-pedro-revolta-torcida-do-flamengo\/","title":{"rendered":"V\u00eddeo: atitude de Weverton, do Palmeiras, com Pedro revolta torcida do Flamengo"},"content":{"rendered":"\n<h2 class=\"wp-block-heading\" id=\"h-torcedores-do-flamengo-detonam-goleiro-do-palmeiras\">Torcedores do Flamengo detonam goleiro do Palmeiras <\/h2>\n\n\n\n<p>O Flamengo teve a chance de reassumir a lideran\u00e7a do Campeonato Brasileiro ao enfrentar o Palmeiras, mas cedeu um gol nos \u00faltimos instantes da partida e terminou em empate. Com isso, ficou a dois pontos do l\u00edder Botafogo, ocupando atualmente a terceira posi\u00e7\u00e3o.<\/p>\n\n\n\n<ul class=\"wp-block-list\">\n<li><a href=\"https:\/\/www.gaveanews.com\/index.php\/2024\/08\/12\/a-declaracao-de-tite-sobre-weverton-do-palmeiras\/\">A declara\u00e7\u00e3o de Tite sobre Weverton, do Palmeiras<\/a><\/li>\n\n\n\n<li><a href=\"https:\/\/www.gaveanews.com\/index.php\/2024\/08\/12\/tecnico-do-flamengo-tite-rebate-abel-ferreira-do-palmeiras\/\">T\u00e9cnico do Flamengo, Tite rebate Abel Ferreira, do Palmeiras<br><\/a><\/li>\n<\/ul>\n\n\n\n<p>A atua\u00e7\u00e3o da arbitragem gerou muitas cr\u00edticas de todos os lados novamente. Abel Ferreira come\u00e7ou a coletiva afirmando que n\u00e3o confia na linha do VAR e expressou insatisfa\u00e7\u00e3o com a tecnologia. Enquanto o t\u00e9cnico do Palmeiras teceu cr\u00edticas ao VAR, o treinador do Flamengo, Tite, manifestou estar contente com o desempenho da equipe durante o jogo.<\/p>\n\n\n\n<p>Apesar de ter sido at\u00e9 um jogo equilibrado, um lance que chamou aten\u00e7\u00e3o dos torcedores flamenguistas, foi quase uma entrada perigosa do goleiro Weverton no Pedro deixando as traves da chuteira, com isso pegaram um v\u00eddeo da partida, para muitos, foi uma agress\u00e3o do Weverton ou pelo menos a inten\u00e7\u00e3o que ele tentou, que se tivesse pecado no rosto do atacante do Flamengo o lance era pra expuls\u00e3o, assiste o lance abaixo:<\/p>\n\n\n\n<blockquote class=\"twitter-tweet\"><p lang=\"pt\" dir=\"ltr\">Qual a sua opini\u00e3o sobre isso aqui?! <a href=\"https:\/\/t.co\/aiZvtihSzi\">pic.twitter.com\/aiZvtihSzi<\/a><\/p>&mdash; FONSEQUINHAX \ud83c\udf40 (@fonsequinhax) <a href=\"https:\/\/twitter.com\/fonsequinhax\/status\/1822984780050288791?ref_src=twsrc%5Etfw\">August 12, 2024<\/a><\/blockquote> <script async src=\"https:\/\/platform.twitter.com\/widgets.js\" charset=\"utf-8\"><\/script>\n\n\n\n<p>Vale destacar que, na partida, o atacante do Flamengo n\u00e3o chegou a reclamar com o goleiro Weverton, e nem o VAR foi acionado para analisar o lance em quest\u00e3o. Os jogos entre os times t\u00eam sido bastante disputados, principalmente pela rivalidade que foi constru\u00edda ao longo dos anos e pelas brigas pelos t\u00edtulos. Al\u00e9m disso, o Flamengo acabou de eliminar o Palmeiras na Copa do Brasil.<\/p>\n\n\n\n<p>O Flamengo agora volta suas aten\u00e7\u00f5es para as oitavas de Libertadores contra o Bol\u00edvar nesta quinta-feira (15) o primeiro jogo vai ser no Maracan\u00e3, a ideia do time \u00e9 vencer com um placar considerado razo\u00e1vel pois o jogo da volta vai ser muito complicado por ser na altitude.<\/p>\n\n\n\n<p>Vale destacar que, caso Flamengo e Palmeiras avancem na Libertadores, os clubes podem voltar a se enfrentar novamente em fase de mata-mata, nas semifinais da competi\u00e7\u00e3o, em mais um embate complicado e acirrado, como foram os \u00faltimos confrontos.<\/p>\n","protected":false},"excerpt":{"rendered":"<p>V\u00eddeo: atitude de Weverton, do Palmeiras, com Pedro revolta torcida do Flamengo<\/p>\n","protected":false},"author":16,"featured_media":151174,"comment_status":"open","ping_status":"closed","sticky":false,"template":"","format":"standard","meta":{"footnotes":""},"categories":[1,150],"tags":[],"class_list":["post-158017","post","type-post","status-publish","format-standard","has-post-thumbnail","hentry","category-flamengo","category-palmeiras"],"yoast_head":"<!-- This site is optimized with the Yoast SEO Premium plugin v24.2 (Yoast SEO v26.9) - https:\/\/yoast.com\/product\/yoast-seo-premium-wordpress\/ -->\n<title>V\u00eddeo: atitude de Weverton, do Palmeiras, com Pedro revolta torcida do Flamengo<\/title>\n<meta name=\"robots\" content=\"index, follow, max-snippet:-1, max-image-preview:large, max-video-preview:-1\" \/>\n<link rel=\"canonical\" href=\"https:\/\/www.gaveanews.com\/index.php\/2024\/08\/12\/video-atitude-de-weverton-do-palmeiras-com-pedro-revolta-torcida-do-flamengo\/\" \/>\n<meta property=\"og:locale\" content=\"pt_BR\" \/>\n<meta property=\"og:type\" content=\"article\" \/>\n<meta property=\"og:title\" content=\"V\u00eddeo: atitude de Weverton, do Palmeiras, com Pedro revolta torcida do Flamengo\" \/>\n<meta property=\"og:description\" content=\"V\u00eddeo: atitude de Weverton, do Palmeiras, com Pedro revolta torcida do Flamengo\" \/>\n<meta property=\"og:url\" content=\"https:\/\/www.gaveanews.com\/index.php\/2024\/08\/12\/video-atitude-de-weverton-do-palmeiras-com-pedro-revolta-torcida-do-flamengo\/\" \/>\n<meta property=\"og:site_name\" content=\"G\u00e1vea News\" \/>\n<meta property=\"article:publisher\" content=\"https:\/\/facebook.com\/gaveaNews\/\" \/>\n<meta property=\"article:published_time\" content=\"2024-08-12T19:00:00+00:00\" \/>\n<meta property=\"og:image\" content=\"https:\/\/www.gaveanews.com\/wp-content\/uploads\/Pedro-vibra-apos-marcar-um-gol-diante-do-Cuiaba-no-Maracana.webp\" \/>\n\t<meta property=\"og:image:width\" content=\"900\" \/>\n\t<meta property=\"og:image:height\" content=\"599\" \/>\n\t<meta property=\"og:image:type\" content=\"image\/jpeg\" \/>\n<meta name=\"author\" content=\"D\u00e9bora Figueiredo\" \/>\n<meta name=\"twitter:card\" content=\"summary_large_image\" \/>\n<meta name=\"twitter:label1\" content=\"Escrito por\" \/>\n\t<meta name=\"twitter:data1\" content=\"D\u00e9bora Figueiredo\" \/>\n\t<meta name=\"twitter:label2\" content=\"Est. tempo de leitura\" \/>\n\t<meta name=\"twitter:data2\" content=\"3 minutos\" \/>\n<script type=\"application\/ld+json\" class=\"yoast-schema-graph\">{\"@context\":\"https:\/\/schema.org\",\"@graph\":[{\"@type\":\"NewsArticle\",\"@id\":\"https:\/\/www.gaveanews.com\/index.php\/2024\/08\/12\/video-atitude-de-weverton-do-palmeiras-com-pedro-revolta-torcida-do-flamengo\/#article\",\"isPartOf\":{\"@id\":\"https:\/\/www.gaveanews.com\/index.php\/2024\/08\/12\/video-atitude-de-weverton-do-palmeiras-com-pedro-revolta-torcida-do-flamengo\/\"},\"author\":{\"name\":\"D\u00e9bora Figueiredo\",\"@id\":\"https:\/\/www.gaveanews.com\/#\/schema\/person\/37122681a8575a5c8db05a56f099a5e4\"},\"headline\":\"V\u00eddeo: atitude de Weverton, do Palmeiras, com Pedro revolta torcida do Flamengo\",\"datePublished\":\"2024-08-12T19:00:00+00:00\",\"mainEntityOfPage\":{\"@id\":\"https:\/\/www.gaveanews.com\/index.php\/2024\/08\/12\/video-atitude-de-weverton-do-palmeiras-com-pedro-revolta-torcida-do-flamengo\/\"},\"wordCount\":401,\"commentCount\":0,\"image\":{\"@id\":\"https:\/\/www.gaveanews.com\/index.php\/2024\/08\/12\/video-atitude-de-weverton-do-palmeiras-com-pedro-revolta-torcida-do-flamengo\/#primaryimage\"},\"thumbnailUrl\":\"https:\/\/www.gaveanews.com\/wp-content\/uploads\/Pedro-vibra-apos-marcar-um-gol-diante-do-Cuiaba-no-Maracana.webp\",\"articleSection\":[\"Flamengo\",\"Palmeiras\"],\"inLanguage\":\"pt-BR\",\"potentialAction\":[{\"@type\":\"CommentAction\",\"name\":\"Comment\",\"target\":[\"https:\/\/www.gaveanews.com\/index.php\/2024\/08\/12\/video-atitude-de-weverton-do-palmeiras-com-pedro-revolta-torcida-do-flamengo\/#respond\"]}],\"copyrightYear\":\"2024\",\"copyrightHolder\":{\"@id\":\"https:\/\/www.gaveanews.com\/#organization\"}},{\"@type\":\"WebPage\",\"@id\":\"https:\/\/www.gaveanews.com\/index.php\/2024\/08\/12\/video-atitude-de-weverton-do-palmeiras-com-pedro-revolta-torcida-do-flamengo\/\",\"url\":\"https:\/\/www.gaveanews.com\/index.php\/2024\/08\/12\/video-atitude-de-weverton-do-palmeiras-com-pedro-revolta-torcida-do-flamengo\/\",\"name\":\"V\u00eddeo: atitude de Weverton, do Palmeiras, com Pedro revolta torcida do Flamengo\",\"isPartOf\":{\"@id\":\"https:\/\/www.gaveanews.com\/#website\"},\"primaryImageOfPage\":{\"@id\":\"https:\/\/www.gaveanews.com\/index.php\/2024\/08\/12\/video-atitude-de-weverton-do-palmeiras-com-pedro-revolta-torcida-do-flamengo\/#primaryimage\"},\"image\":{\"@id\":\"https:\/\/www.gaveanews.com\/index.php\/2024\/08\/12\/video-atitude-de-weverton-do-palmeiras-com-pedro-revolta-torcida-do-flamengo\/#primaryimage\"},\"thumbnailUrl\":\"https:\/\/www.gaveanews.com\/wp-content\/uploads\/Pedro-vibra-apos-marcar-um-gol-diante-do-Cuiaba-no-Maracana.webp\",\"datePublished\":\"2024-08-12T19:00:00+00:00\",\"author\":{\"@id\":\"https:\/\/www.gaveanews.com\/#\/schema\/person\/37122681a8575a5c8db05a56f099a5e4\"},\"breadcrumb\":{\"@id\":\"https:\/\/www.gaveanews.com\/index.php\/2024\/08\/12\/video-atitude-de-weverton-do-palmeiras-com-pedro-revolta-torcida-do-flamengo\/#breadcrumb\"},\"inLanguage\":\"pt-BR\",\"potentialAction\":[{\"@type\":\"ReadAction\",\"target\":[\"https:\/\/www.gaveanews.com\/index.php\/2024\/08\/12\/video-atitude-de-weverton-do-palmeiras-com-pedro-revolta-torcida-do-flamengo\/\"]}]},{\"@type\":\"ImageObject\",\"inLanguage\":\"pt-BR\",\"@id\":\"https:\/\/www.gaveanews.com\/index.php\/2024\/08\/12\/video-atitude-de-weverton-do-palmeiras-com-pedro-revolta-torcida-do-flamengo\/#primaryimage\",\"url\":\"https:\/\/www.gaveanews.com\/wp-content\/uploads\/Pedro-vibra-apos-marcar-um-gol-diante-do-Cuiaba-no-Maracana.webp\",\"contentUrl\":\"https:\/\/www.gaveanews.com\/wp-content\/uploads\/Pedro-vibra-apos-marcar-um-gol-diante-do-Cuiaba-no-Maracana.webp\",\"width\":900,\"height\":599,\"caption\":\"Pedro vibra ap\u00f3s marcar um gol diante do Cuiab\u00e1 no est\u00e1dio do Maracan\u00e3 (Foto: Marcelo Cortes\/Flamengo)\"},{\"@type\":\"BreadcrumbList\",\"@id\":\"https:\/\/www.gaveanews.com\/index.php\/2024\/08\/12\/video-atitude-de-weverton-do-palmeiras-com-pedro-revolta-torcida-do-flamengo\/#breadcrumb\",\"itemListElement\":[{\"@type\":\"ListItem\",\"position\":1,\"name\":\"Home\",\"item\":\"https:\/\/www.gaveanews.com\/\"},{\"@type\":\"ListItem\",\"position\":2,\"name\":\"V\u00eddeo: atitude de Weverton, do Palmeiras, com Pedro revolta torcida do Flamengo\"}]},{\"@type\":\"WebSite\",\"@id\":\"https:\/\/www.gaveanews.com\/#website\",\"url\":\"https:\/\/www.gaveanews.com\/\",\"name\":\"G\u00e1vea News\",\"description\":\"Veja todas as not\u00edcias sobre o Flamengo: Contrata\u00e7\u00f5es, categorias de base, resultados das partidas, tabela de classifica\u00e7\u00e3o, pr\u00f3ximos jogos!\",\"potentialAction\":[{\"@type\":\"SearchAction\",\"target\":{\"@type\":\"EntryPoint\",\"urlTemplate\":\"https:\/\/www.gaveanews.com\/?s={search_term_string}\"},\"query-input\":{\"@type\":\"PropertyValueSpecification\",\"valueRequired\":true,\"valueName\":\"search_term_string\"}}],\"inLanguage\":\"pt-BR\"},{\"@type\":\"Person\",\"@id\":\"https:\/\/www.gaveanews.com\/#\/schema\/person\/37122681a8575a5c8db05a56f099a5e4\",\"name\":\"D\u00e9bora Figueiredo\",\"image\":{\"@type\":\"ImageObject\",\"inLanguage\":\"pt-BR\",\"@id\":\"https:\/\/www.gaveanews.com\/#\/schema\/person\/image\/\",\"url\":\"https:\/\/secure.gravatar.com\/avatar\/1f44802859351588499d26f52aed1d15796ce17e67602895b72837c08018868d?s=96&d=mm&r=g\",\"contentUrl\":\"https:\/\/secure.gravatar.com\/avatar\/1f44802859351588499d26f52aed1d15796ce17e67602895b72837c08018868d?s=96&d=mm&r=g\",\"caption\":\"D\u00e9bora Figueiredo\"}}]}<\/script>\n<!-- \/ Yoast SEO Premium plugin. -->","yoast_head_json":{"title":"V\u00eddeo: atitude de Weverton, do Palmeiras, com Pedro revolta torcida do Flamengo","robots":{"index":"index","follow":"follow","max-snippet":"max-snippet:-1","max-image-preview":"max-image-preview:large","max-video-preview":"max-video-preview:-1"},"canonical":"https:\/\/www.gaveanews.com\/index.php\/2024\/08\/12\/video-atitude-de-weverton-do-palmeiras-com-pedro-revolta-torcida-do-flamengo\/","og_locale":"pt_BR","og_type":"article","og_title":"V\u00eddeo: atitude de Weverton, do Palmeiras, com Pedro revolta torcida do Flamengo","og_description":"V\u00eddeo: atitude de Weverton, do Palmeiras, com Pedro revolta torcida do Flamengo","og_url":"https:\/\/www.gaveanews.com\/index.php\/2024\/08\/12\/video-atitude-de-weverton-do-palmeiras-com-pedro-revolta-torcida-do-flamengo\/","og_site_name":"G\u00e1vea News","article_publisher":"https:\/\/facebook.com\/gaveaNews\/","article_published_time":"2024-08-12T19:00:00+00:00","og_image":[{"width":900,"height":599,"url":"https:\/\/www.gaveanews.com\/wp-content\/uploads\/Pedro-vibra-apos-marcar-um-gol-diante-do-Cuiaba-no-Maracana.webp","type":"image\/jpeg"}],"author":"D\u00e9bora Figueiredo","twitter_card":"summary_large_image","twitter_misc":{"Escrito por":"D\u00e9bora Figueiredo","Est. tempo de leitura":"3 minutos"},"schema":{"@context":"https:\/\/schema.org","@graph":[{"@type":"NewsArticle","@id":"https:\/\/www.gaveanews.com\/index.php\/2024\/08\/12\/video-atitude-de-weverton-do-palmeiras-com-pedro-revolta-torcida-do-flamengo\/#article","isPartOf":{"@id":"https:\/\/www.gaveanews.com\/index.php\/2024\/08\/12\/video-atitude-de-weverton-do-palmeiras-com-pedro-revolta-torcida-do-flamengo\/"},"author":{"name":"D\u00e9bora Figueiredo","@id":"https:\/\/www.gaveanews.com\/#\/schema\/person\/37122681a8575a5c8db05a56f099a5e4"},"headline":"V\u00eddeo: atitude de Weverton, do Palmeiras, com Pedro revolta torcida do Flamengo","datePublished":"2024-08-12T19:00:00+00:00","mainEntityOfPage":{"@id":"https:\/\/www.gaveanews.com\/index.php\/2024\/08\/12\/video-atitude-de-weverton-do-palmeiras-com-pedro-revolta-torcida-do-flamengo\/"},"wordCount":401,"commentCount":0,"image":{"@id":"https:\/\/www.gaveanews.com\/index.php\/2024\/08\/12\/video-atitude-de-weverton-do-palmeiras-com-pedro-revolta-torcida-do-flamengo\/#primaryimage"},"thumbnailUrl":"https:\/\/www.gaveanews.com\/wp-content\/uploads\/Pedro-vibra-apos-marcar-um-gol-diante-do-Cuiaba-no-Maracana.webp","articleSection":["Flamengo","Palmeiras"],"inLanguage":"pt-BR","potentialAction":[{"@type":"CommentAction","name":"Comment","target":["https:\/\/www.gaveanews.com\/index.php\/2024\/08\/12\/video-atitude-de-weverton-do-palmeiras-com-pedro-revolta-torcida-do-flamengo\/#respond"]}],"copyrightYear":"2024","copyrightHolder":{"@id":"https:\/\/www.gaveanews.com\/#organization"}},{"@type":"WebPage","@id":"https:\/\/www.gaveanews.com\/index.php\/2024\/08\/12\/video-atitude-de-weverton-do-palmeiras-com-pedro-revolta-torcida-do-flamengo\/","url":"https:\/\/www.gaveanews.com\/index.php\/2024\/08\/12\/video-atitude-de-weverton-do-palmeiras-com-pedro-revolta-torcida-do-flamengo\/","name":"V\u00eddeo: atitude de Weverton, do Palmeiras, com Pedro revolta torcida do Flamengo","isPartOf":{"@id":"https:\/\/www.gaveanews.com\/#website"},"primaryImageOfPage":{"@id":"https:\/\/www.gaveanews.com\/index.php\/2024\/08\/12\/video-atitude-de-weverton-do-palmeiras-com-pedro-revolta-torcida-do-flamengo\/#primaryimage"},"image":{"@id":"https:\/\/www.gaveanews.com\/index.php\/2024\/08\/12\/video-atitude-de-weverton-do-palmeiras-com-pedro-revolta-torcida-do-flamengo\/#primaryimage"},"thumbnailUrl":"https:\/\/www.gaveanews.com\/wp-content\/uploads\/Pedro-vibra-apos-marcar-um-gol-diante-do-Cuiaba-no-Maracana.webp","datePublished":"2024-08-12T19:00:00+00:00","author":{"@id":"https:\/\/www.gaveanews.com\/#\/schema\/person\/37122681a8575a5c8db05a56f099a5e4"},"breadcrumb":{"@id":"https:\/\/www.gaveanews.com\/index.php\/2024\/08\/12\/video-atitude-de-weverton-do-palmeiras-com-pedro-revolta-torcida-do-flamengo\/#breadcrumb"},"inLanguage":"pt-BR","potentialAction":[{"@type":"ReadAction","target":["https:\/\/www.gaveanews.com\/index.php\/2024\/08\/12\/video-atitude-de-weverton-do-palmeiras-com-pedro-revolta-torcida-do-flamengo\/"]}]},{"@type":"ImageObject","inLanguage":"pt-BR","@id":"https:\/\/www.gaveanews.com\/index.php\/2024\/08\/12\/video-atitude-de-weverton-do-palmeiras-com-pedro-revolta-torcida-do-flamengo\/#primaryimage","url":"https:\/\/www.gaveanews.com\/wp-content\/uploads\/Pedro-vibra-apos-marcar-um-gol-diante-do-Cuiaba-no-Maracana.webp","contentUrl":"https:\/\/www.gaveanews.com\/wp-content\/uploads\/Pedro-vibra-apos-marcar-um-gol-diante-do-Cuiaba-no-Maracana.webp","width":900,"height":599,"caption":"Pedro vibra ap\u00f3s marcar um gol diante do Cuiab\u00e1 no est\u00e1dio do Maracan\u00e3 (Foto: Marcelo Cortes\/Flamengo)"},{"@type":"BreadcrumbList","@id":"https:\/\/www.gaveanews.com\/index.php\/2024\/08\/12\/video-atitude-de-weverton-do-palmeiras-com-pedro-revolta-torcida-do-flamengo\/#breadcrumb","itemListElement":[{"@type":"ListItem","position":1,"name":"Home","item":"https:\/\/www.gaveanews.com\/"},{"@type":"ListItem","position":2,"name":"V\u00eddeo: atitude de Weverton, do Palmeiras, com Pedro revolta torcida do Flamengo"}]},{"@type":"WebSite","@id":"https:\/\/www.gaveanews.com\/#website","url":"https:\/\/www.gaveanews.com\/","name":"G\u00e1vea News","description":"Veja todas as not\u00edcias sobre o Flamengo: Contrata\u00e7\u00f5es, categorias de base, resultados das partidas, tabela de classifica\u00e7\u00e3o, pr\u00f3ximos jogos!","potentialAction":[{"@type":"SearchAction","target":{"@type":"EntryPoint","urlTemplate":"https:\/\/www.gaveanews.com\/?s={search_term_string}"},"query-input":{"@type":"PropertyValueSpecification","valueRequired":true,"valueName":"search_term_string"}}],"inLanguage":"pt-BR"},{"@type":"Person","@id":"https:\/\/www.gaveanews.com\/#\/schema\/person\/37122681a8575a5c8db05a56f099a5e4","name":"D\u00e9bora Figueiredo","image":{"@type":"ImageObject","inLanguage":"pt-BR","@id":"https:\/\/www.gaveanews.com\/#\/schema\/person\/image\/","url":"https:\/\/secure.gravatar.com\/avatar\/1f44802859351588499d26f52aed1d15796ce17e67602895b72837c08018868d?s=96&d=mm&r=g","contentUrl":"https:\/\/secure.gravatar.com\/avatar\/1f44802859351588499d26f52aed1d15796ce17e67602895b72837c08018868d?s=96&d=mm&r=g","caption":"D\u00e9bora Figueiredo"}}]}},"_links":{"self":[{"href":"https:\/\/www.gaveanews.com\/index.php\/wp-json\/wp\/v2\/posts\/158017","targetHints":{"allow":["GET"]}}],"collection":[{"href":"https:\/\/www.gaveanews.com\/index.php\/wp-json\/wp\/v2\/posts"}],"about":[{"href":"https:\/\/www.gaveanews.com\/index.php\/wp-json\/wp\/v2\/types\/post"}],"author":[{"embeddable":true,"href":"https:\/\/www.gaveanews.com\/index.php\/wp-json\/wp\/v2\/users\/16"}],"replies":[{"embeddable":true,"href":"https:\/\/www.gaveanews.com\/index.php\/wp-json\/wp\/v2\/comments?post=158017"}],"version-history":[{"count":2,"href":"https:\/\/www.gaveanews.com\/index.php\/wp-json\/wp\/v2\/posts\/158017\/revisions"}],"predecessor-version":[{"id":158043,"href":"https:\/\/www.gaveanews.com\/index.php\/wp-json\/wp\/v2\/posts\/158017\/revisions\/158043"}],"wp:featuredmedia":[{"embeddable":true,"href":"https:\/\/www.gaveanews.com\/index.php\/wp-json\/wp\/v2\/media\/151174"}],"wp:attachment":[{"href":"https:\/\/www.gaveanews.com\/index.php\/wp-json\/wp\/v2\/media?parent=158017"}],"wp:term":[{"taxonomy":"category","embeddable":true,"href":"https:\/\/www.gaveanews.com\/index.php\/wp-json\/wp\/v2\/categories?post=158017"},{"taxonomy":"post_tag","embeddable":true,"href":"https:\/\/www.gaveanews.com\/index.php\/wp-json\/wp\/v2\/tags?post=158017"}],"curies":[{"name":"wp","href":"https:\/\/api.w.org\/{rel}","templated":true}]}}