{"id":158030,"date":"2024-08-12T15:38:12","date_gmt":"2024-08-12T18:38:12","guid":{"rendered":"https:\/\/www.gaveanews.com\/?p=158030"},"modified":"2024-08-12T15:38:15","modified_gmt":"2024-08-12T18:38:15","slug":"vini-jr-vai-aceitar-a-proposta-do-al-ahli-para-deixar-o-real-madrid","status":"publish","type":"post","link":"https:\/\/www.gaveanews.com\/index.php\/2024\/08\/12\/vini-jr-vai-aceitar-a-proposta-do-al-ahli-para-deixar-o-real-madrid\/","title":{"rendered":"Vini Jr vai aceitar a proposta do Al-Ahli para deixar o Real Madrid?"},"content":{"rendered":"\n<h2 class=\"wp-block-heading\" id=\"h-fundo-de-investimentos-da-arabia-saudita-sonha-com-vini-jr\">Fundo de Investimentos da Ar\u00e1bia Saudita sonha com Vini Jr<\/h2>\n\n\n\n<p>Um dos principais candidatos a levar a Bola de Ouro ap\u00f3s sua lideran\u00e7a na conquista da Champions League com o Real Madrid, Vinicius Jr. se tornou o novo foco do audacioso projeto de expans\u00e3o do futebol na Ar\u00e1bia Saudita. O Fundo de Investimento P\u00fablico (PIF) do pa\u00eds est\u00e1 em conversa\u00e7\u00f5es com o clube merengue para assegurar a contrata\u00e7\u00e3o do talentoso brasileiro. Este fundo det\u00e9m 75% do capital dos quatro principais times do reino, Al Ahli, Al Ittihad, Al Hilal e Al Nassr, conforme informou o portal The Athletic.<\/p>\n\n\n\n<ul class=\"wp-block-list\">\n<li><a href=\"https:\/\/www.gaveanews.com\/index.php\/2024\/08\/12\/fundo-saudita-pode-ajudar-flamengo-a-faturar-150-milhoes\/\">Fundo Saudita pode ajudar Flamengo a faturar 150 milh\u00f5es<\/a><\/li>\n\n\n\n<li><a href=\"https:\/\/www.gaveanews.com\/index.php\/2024\/08\/06\/a-declaracao-de-vini-jr-sobre-mbappe-e-endrick\/\">A declara\u00e7\u00e3o de Vini Jr sobre Mbapp\u00e9 e Endrick<br><\/a><\/li>\n<\/ul>\n\n\n\n<p>A proposta \u00e9 extraordin\u00e1ria, isso \u00e9 indiscut\u00edvel. A not\u00edcia pegou a todos de surpresa e o site GOAL foi investigar mais sobre a situa\u00e7\u00e3o. Segundo apura\u00e7\u00f5es, o empres\u00e1rio de Vini Jr e nem ele n\u00e3o rejeitou a proposta e aguarda um entendimento entre os clubes para considerar a possibilidade de mudan\u00e7a.<\/p>\n\n\n\n<p>Para deixar o Real Madrid, a equipe do jogador acredita que, al\u00e9m de ser a maior quantia j\u00e1 paga por uma transfer\u00eancia na hist\u00f3ria do futebol, o atacante deve assegurar o contrato mais valioso j\u00e1 estabelecido em todas as modalidades esportivas.<\/p>\n\n\n\n<figure class=\"wp-block-image size-large is-resized\"><img loading=\"lazy\" decoding=\"async\" width=\"1024\" height=\"768\" src=\"https:\/\/www.gaveanews.com\/wp-content\/uploads\/Vinicius-Junior-exibe-o-escudo-do-Real-Madrid-apos-marcar-um-gol-pelo-time-da-Espanha-edited-1024x768.webp\" alt=\"\" class=\"wp-image-121475\" style=\"width:840px;height:auto\" srcset=\"https:\/\/www.gaveanews.com\/wp-content\/uploads\/Vinicius-Junior-exibe-o-escudo-do-Real-Madrid-apos-marcar-um-gol-pelo-time-da-Espanha-edited-1024x768.webp 1024w, https:\/\/www.gaveanews.com\/wp-content\/uploads\/Vinicius-Junior-exibe-o-escudo-do-Real-Madrid-apos-marcar-um-gol-pelo-time-da-Espanha-edited-300x225.webp 300w, https:\/\/www.gaveanews.com\/wp-content\/uploads\/Vinicius-Junior-exibe-o-escudo-do-Real-Madrid-apos-marcar-um-gol-pelo-time-da-Espanha-edited-768x576.webp 768w, https:\/\/www.gaveanews.com\/wp-content\/uploads\/Vinicius-Junior-exibe-o-escudo-do-Real-Madrid-apos-marcar-um-gol-pelo-time-da-Espanha-edited-560x420.webp 560w, https:\/\/www.gaveanews.com\/wp-content\/uploads\/Vinicius-Junior-exibe-o-escudo-do-Real-Madrid-apos-marcar-um-gol-pelo-time-da-Espanha-edited-1120x840.webp 1120w, https:\/\/www.gaveanews.com\/wp-content\/uploads\/Vinicius-Junior-exibe-o-escudo-do-Real-Madrid-apos-marcar-um-gol-pelo-time-da-Espanha-edited-80x60.webp 80w, https:\/\/www.gaveanews.com\/wp-content\/uploads\/Vinicius-Junior-exibe-o-escudo-do-Real-Madrid-apos-marcar-um-gol-pelo-time-da-Espanha-edited-160x120.webp 160w, https:\/\/www.gaveanews.com\/wp-content\/uploads\/Vinicius-Junior-exibe-o-escudo-do-Real-Madrid-apos-marcar-um-gol-pelo-time-da-Espanha-edited-100x75.webp 100w, https:\/\/www.gaveanews.com\/wp-content\/uploads\/Vinicius-Junior-exibe-o-escudo-do-Real-Madrid-apos-marcar-um-gol-pelo-time-da-Espanha-edited-200x150.webp 200w, https:\/\/www.gaveanews.com\/wp-content\/uploads\/Vinicius-Junior-exibe-o-escudo-do-Real-Madrid-apos-marcar-um-gol-pelo-time-da-Espanha-edited-180x135.webp 180w, https:\/\/www.gaveanews.com\/wp-content\/uploads\/Vinicius-Junior-exibe-o-escudo-do-Real-Madrid-apos-marcar-um-gol-pelo-time-da-Espanha-edited-360x270.webp 360w, https:\/\/www.gaveanews.com\/wp-content\/uploads\/Vinicius-Junior-exibe-o-escudo-do-Real-Madrid-apos-marcar-um-gol-pelo-time-da-Espanha-edited-238x178.webp 238w, https:\/\/www.gaveanews.com\/wp-content\/uploads\/Vinicius-Junior-exibe-o-escudo-do-Real-Madrid-apos-marcar-um-gol-pelo-time-da-Espanha-edited-476x356.webp 476w, https:\/\/www.gaveanews.com\/wp-content\/uploads\/Vinicius-Junior-exibe-o-escudo-do-Real-Madrid-apos-marcar-um-gol-pelo-time-da-Espanha-edited-640x480.webp 640w, https:\/\/www.gaveanews.com\/wp-content\/uploads\/Vinicius-Junior-exibe-o-escudo-do-Real-Madrid-apos-marcar-um-gol-pelo-time-da-Espanha-edited-1280x960.webp 1280w, https:\/\/www.gaveanews.com\/wp-content\/uploads\/Vinicius-Junior-exibe-o-escudo-do-Real-Madrid-apos-marcar-um-gol-pelo-time-da-Espanha-edited-681x511.webp 681w, https:\/\/www.gaveanews.com\/wp-content\/uploads\/Vinicius-Junior-exibe-o-escudo-do-Real-Madrid-apos-marcar-um-gol-pelo-time-da-Espanha-edited-1362x1022.webp 1362w, https:\/\/www.gaveanews.com\/wp-content\/uploads\/Vinicius-Junior-exibe-o-escudo-do-Real-Madrid-apos-marcar-um-gol-pelo-time-da-Espanha-edited.webp 1440w\" sizes=\"auto, (max-width: 1024px) 100vw, 1024px\" \/><figcaption class=\"wp-element-caption\">Vinicius J\u00fanior (Foto: Reprodu\u00e7\u00e3o\/Instagram)<\/figcaption><\/figure>\n\n\n\n<p>Inicialmente, o Real Madrid deixou claro que n\u00e3o tem interesse em negociar o jogador, o que significa que o Al Ahli precisaria pagar a multa rescis\u00f3ria, que atualmente \u00e9 de 1 bilh\u00e3o de euros (aproximadamente R$ 6 bilh\u00f5es). A GOAL recebeu informa\u00e7\u00f5es de pessoas ligadas \u00e0 negocia\u00e7\u00e3o que o fundo saudita n\u00e3o se dispor\u00e1 a desembolsar essa quantia, mas continua mantendo conversas com o clube merengue.<\/p>\n\n\n\n<p>Com 23 anos, o camisa 7 se reinventou e encerrou a temporada como o goleador do Real Madrid, alcan\u00e7ando o 24\u00ba gol exatamente na final da Champions League. A \u00faltima temporada foi a mais produtiva de Vinicius Jr pelo time merengue desde sua chegada a Madri, com 24 gols em 39 partidas.<\/p>\n\n\n\n<p>Atualmente, o Al-Ahli possui dois jogadores brasileiros em seu time: o zagueiro Iba\u00f1ez, ex-Fluminense e Roma, e o atacante Roberto Firmino, ex-Liverpool. Al\u00e9m deles, h\u00e1 outras estrelas do futebol internacional, como o atacante argelino Riyad Mahrez, que era do Manchester City.<\/p>\n","protected":false},"excerpt":{"rendered":"<p>Vini Jr vai aceitar a proposta do Al-Ahli para deixar o Real Madrid?<\/p>\n","protected":false},"author":16,"featured_media":131354,"comment_status":"open","ping_status":"closed","sticky":false,"template":"","format":"standard","meta":{"footnotes":""},"categories":[88],"tags":[],"class_list":["post-158030","post","type-post","status-publish","format-standard","has-post-thumbnail","hentry","category-real-madrid"],"yoast_head":"<!-- This site is optimized with the Yoast SEO Premium plugin v24.2 (Yoast SEO v26.9) - https:\/\/yoast.com\/product\/yoast-seo-premium-wordpress\/ -->\n<title>Vini Jr vai aceitar a proposta do Al-Ahli para deixar o Real Madrid?<\/title>\n<meta name=\"robots\" content=\"index, follow, max-snippet:-1, max-image-preview:large, max-video-preview:-1\" \/>\n<link rel=\"canonical\" href=\"https:\/\/www.gaveanews.com\/index.php\/2024\/08\/12\/vini-jr-vai-aceitar-a-proposta-do-al-ahli-para-deixar-o-real-madrid\/\" \/>\n<meta property=\"og:locale\" content=\"pt_BR\" \/>\n<meta property=\"og:type\" content=\"article\" \/>\n<meta property=\"og:title\" content=\"Vini Jr vai aceitar a proposta do Al-Ahli para deixar o Real Madrid?\" \/>\n<meta property=\"og:description\" content=\"Vini Jr vai aceitar a proposta do Al-Ahli para deixar o Real Madrid?\" \/>\n<meta property=\"og:url\" content=\"https:\/\/www.gaveanews.com\/index.php\/2024\/08\/12\/vini-jr-vai-aceitar-a-proposta-do-al-ahli-para-deixar-o-real-madrid\/\" \/>\n<meta property=\"og:site_name\" content=\"G\u00e1vea News\" \/>\n<meta property=\"article:publisher\" content=\"https:\/\/facebook.com\/gaveaNews\/\" \/>\n<meta property=\"article:published_time\" content=\"2024-08-12T18:38:12+00:00\" \/>\n<meta property=\"article:modified_time\" content=\"2024-08-12T18:38:15+00:00\" \/>\n<meta property=\"og:image\" content=\"https:\/\/www.gaveanews.com\/wp-content\/uploads\/vinicius-junior-hat-trick-real-madrid-barcelona.webp\" \/>\n\t<meta property=\"og:image:width\" content=\"1080\" \/>\n\t<meta property=\"og:image:height\" content=\"607\" \/>\n\t<meta property=\"og:image:type\" content=\"image\/webp\" \/>\n<meta name=\"author\" content=\"D\u00e9bora Figueiredo\" \/>\n<meta name=\"twitter:card\" content=\"summary_large_image\" \/>\n<meta name=\"twitter:label1\" content=\"Escrito por\" \/>\n\t<meta name=\"twitter:data1\" content=\"D\u00e9bora Figueiredo\" \/>\n\t<meta name=\"twitter:label2\" content=\"Est. tempo de leitura\" \/>\n\t<meta name=\"twitter:data2\" content=\"3 minutos\" \/>\n<script type=\"application\/ld+json\" class=\"yoast-schema-graph\">{\"@context\":\"https:\/\/schema.org\",\"@graph\":[{\"@type\":\"NewsArticle\",\"@id\":\"https:\/\/www.gaveanews.com\/index.php\/2024\/08\/12\/vini-jr-vai-aceitar-a-proposta-do-al-ahli-para-deixar-o-real-madrid\/#article\",\"isPartOf\":{\"@id\":\"https:\/\/www.gaveanews.com\/index.php\/2024\/08\/12\/vini-jr-vai-aceitar-a-proposta-do-al-ahli-para-deixar-o-real-madrid\/\"},\"author\":{\"name\":\"D\u00e9bora Figueiredo\",\"@id\":\"https:\/\/www.gaveanews.com\/#\/schema\/person\/37122681a8575a5c8db05a56f099a5e4\"},\"headline\":\"Vini Jr vai aceitar a proposta do Al-Ahli para deixar o Real Madrid?\",\"datePublished\":\"2024-08-12T18:38:12+00:00\",\"dateModified\":\"2024-08-12T18:38:15+00:00\",\"mainEntityOfPage\":{\"@id\":\"https:\/\/www.gaveanews.com\/index.php\/2024\/08\/12\/vini-jr-vai-aceitar-a-proposta-do-al-ahli-para-deixar-o-real-madrid\/\"},\"wordCount\":407,\"commentCount\":0,\"image\":{\"@id\":\"https:\/\/www.gaveanews.com\/index.php\/2024\/08\/12\/vini-jr-vai-aceitar-a-proposta-do-al-ahli-para-deixar-o-real-madrid\/#primaryimage\"},\"thumbnailUrl\":\"https:\/\/www.gaveanews.com\/wp-content\/uploads\/vinicius-junior-hat-trick-real-madrid-barcelona.webp\",\"articleSection\":[\"Real Madrid\"],\"inLanguage\":\"pt-BR\",\"potentialAction\":[{\"@type\":\"CommentAction\",\"name\":\"Comment\",\"target\":[\"https:\/\/www.gaveanews.com\/index.php\/2024\/08\/12\/vini-jr-vai-aceitar-a-proposta-do-al-ahli-para-deixar-o-real-madrid\/#respond\"]}],\"copyrightYear\":\"2024\",\"copyrightHolder\":{\"@id\":\"https:\/\/www.gaveanews.com\/#organization\"}},{\"@type\":\"WebPage\",\"@id\":\"https:\/\/www.gaveanews.com\/index.php\/2024\/08\/12\/vini-jr-vai-aceitar-a-proposta-do-al-ahli-para-deixar-o-real-madrid\/\",\"url\":\"https:\/\/www.gaveanews.com\/index.php\/2024\/08\/12\/vini-jr-vai-aceitar-a-proposta-do-al-ahli-para-deixar-o-real-madrid\/\",\"name\":\"Vini Jr vai aceitar a proposta do Al-Ahli para deixar o Real Madrid?\",\"isPartOf\":{\"@id\":\"https:\/\/www.gaveanews.com\/#website\"},\"primaryImageOfPage\":{\"@id\":\"https:\/\/www.gaveanews.com\/index.php\/2024\/08\/12\/vini-jr-vai-aceitar-a-proposta-do-al-ahli-para-deixar-o-real-madrid\/#primaryimage\"},\"image\":{\"@id\":\"https:\/\/www.gaveanews.com\/index.php\/2024\/08\/12\/vini-jr-vai-aceitar-a-proposta-do-al-ahli-para-deixar-o-real-madrid\/#primaryimage\"},\"thumbnailUrl\":\"https:\/\/www.gaveanews.com\/wp-content\/uploads\/vinicius-junior-hat-trick-real-madrid-barcelona.webp\",\"datePublished\":\"2024-08-12T18:38:12+00:00\",\"dateModified\":\"2024-08-12T18:38:15+00:00\",\"author\":{\"@id\":\"https:\/\/www.gaveanews.com\/#\/schema\/person\/37122681a8575a5c8db05a56f099a5e4\"},\"breadcrumb\":{\"@id\":\"https:\/\/www.gaveanews.com\/index.php\/2024\/08\/12\/vini-jr-vai-aceitar-a-proposta-do-al-ahli-para-deixar-o-real-madrid\/#breadcrumb\"},\"inLanguage\":\"pt-BR\",\"potentialAction\":[{\"@type\":\"ReadAction\",\"target\":[\"https:\/\/www.gaveanews.com\/index.php\/2024\/08\/12\/vini-jr-vai-aceitar-a-proposta-do-al-ahli-para-deixar-o-real-madrid\/\"]}]},{\"@type\":\"ImageObject\",\"inLanguage\":\"pt-BR\",\"@id\":\"https:\/\/www.gaveanews.com\/index.php\/2024\/08\/12\/vini-jr-vai-aceitar-a-proposta-do-al-ahli-para-deixar-o-real-madrid\/#primaryimage\",\"url\":\"https:\/\/www.gaveanews.com\/wp-content\/uploads\/vinicius-junior-hat-trick-real-madrid-barcelona.webp\",\"contentUrl\":\"https:\/\/www.gaveanews.com\/wp-content\/uploads\/vinicius-junior-hat-trick-real-madrid-barcelona.webp\",\"width\":1080,\"height\":607,\"caption\":\"Vin\u00edcius J\u00fanior ao comemorar gol marcado contra o Barcelona (Foto: Reprodu\u00e7\u00e3o\/Real Madrid)\"},{\"@type\":\"BreadcrumbList\",\"@id\":\"https:\/\/www.gaveanews.com\/index.php\/2024\/08\/12\/vini-jr-vai-aceitar-a-proposta-do-al-ahli-para-deixar-o-real-madrid\/#breadcrumb\",\"itemListElement\":[{\"@type\":\"ListItem\",\"position\":1,\"name\":\"Home\",\"item\":\"https:\/\/www.gaveanews.com\/\"},{\"@type\":\"ListItem\",\"position\":2,\"name\":\"Vini Jr vai aceitar a proposta do Al-Ahli para deixar o Real Madrid?\"}]},{\"@type\":\"WebSite\",\"@id\":\"https:\/\/www.gaveanews.com\/#website\",\"url\":\"https:\/\/www.gaveanews.com\/\",\"name\":\"G\u00e1vea News\",\"description\":\"Veja todas as not\u00edcias sobre o Flamengo: Contrata\u00e7\u00f5es, categorias de base, resultados das partidas, tabela de classifica\u00e7\u00e3o, pr\u00f3ximos jogos!\",\"potentialAction\":[{\"@type\":\"SearchAction\",\"target\":{\"@type\":\"EntryPoint\",\"urlTemplate\":\"https:\/\/www.gaveanews.com\/?s={search_term_string}\"},\"query-input\":{\"@type\":\"PropertyValueSpecification\",\"valueRequired\":true,\"valueName\":\"search_term_string\"}}],\"inLanguage\":\"pt-BR\"},{\"@type\":\"Person\",\"@id\":\"https:\/\/www.gaveanews.com\/#\/schema\/person\/37122681a8575a5c8db05a56f099a5e4\",\"name\":\"D\u00e9bora Figueiredo\",\"image\":{\"@type\":\"ImageObject\",\"inLanguage\":\"pt-BR\",\"@id\":\"https:\/\/www.gaveanews.com\/#\/schema\/person\/image\/\",\"url\":\"https:\/\/secure.gravatar.com\/avatar\/1f44802859351588499d26f52aed1d15796ce17e67602895b72837c08018868d?s=96&d=mm&r=g\",\"contentUrl\":\"https:\/\/secure.gravatar.com\/avatar\/1f44802859351588499d26f52aed1d15796ce17e67602895b72837c08018868d?s=96&d=mm&r=g\",\"caption\":\"D\u00e9bora Figueiredo\"}}]}<\/script>\n<!-- \/ Yoast SEO Premium plugin. -->","yoast_head_json":{"title":"Vini Jr vai aceitar a proposta do Al-Ahli para deixar o Real Madrid?","robots":{"index":"index","follow":"follow","max-snippet":"max-snippet:-1","max-image-preview":"max-image-preview:large","max-video-preview":"max-video-preview:-1"},"canonical":"https:\/\/www.gaveanews.com\/index.php\/2024\/08\/12\/vini-jr-vai-aceitar-a-proposta-do-al-ahli-para-deixar-o-real-madrid\/","og_locale":"pt_BR","og_type":"article","og_title":"Vini Jr vai aceitar a proposta do Al-Ahli para deixar o Real Madrid?","og_description":"Vini Jr vai aceitar a proposta do Al-Ahli para deixar o Real Madrid?","og_url":"https:\/\/www.gaveanews.com\/index.php\/2024\/08\/12\/vini-jr-vai-aceitar-a-proposta-do-al-ahli-para-deixar-o-real-madrid\/","og_site_name":"G\u00e1vea News","article_publisher":"https:\/\/facebook.com\/gaveaNews\/","article_published_time":"2024-08-12T18:38:12+00:00","article_modified_time":"2024-08-12T18:38:15+00:00","og_image":[{"width":1080,"height":607,"url":"https:\/\/www.gaveanews.com\/wp-content\/uploads\/vinicius-junior-hat-trick-real-madrid-barcelona.webp","type":"image\/webp"}],"author":"D\u00e9bora Figueiredo","twitter_card":"summary_large_image","twitter_misc":{"Escrito por":"D\u00e9bora Figueiredo","Est. tempo de leitura":"3 minutos"},"schema":{"@context":"https:\/\/schema.org","@graph":[{"@type":"NewsArticle","@id":"https:\/\/www.gaveanews.com\/index.php\/2024\/08\/12\/vini-jr-vai-aceitar-a-proposta-do-al-ahli-para-deixar-o-real-madrid\/#article","isPartOf":{"@id":"https:\/\/www.gaveanews.com\/index.php\/2024\/08\/12\/vini-jr-vai-aceitar-a-proposta-do-al-ahli-para-deixar-o-real-madrid\/"},"author":{"name":"D\u00e9bora Figueiredo","@id":"https:\/\/www.gaveanews.com\/#\/schema\/person\/37122681a8575a5c8db05a56f099a5e4"},"headline":"Vini Jr vai aceitar a proposta do Al-Ahli para deixar o Real Madrid?","datePublished":"2024-08-12T18:38:12+00:00","dateModified":"2024-08-12T18:38:15+00:00","mainEntityOfPage":{"@id":"https:\/\/www.gaveanews.com\/index.php\/2024\/08\/12\/vini-jr-vai-aceitar-a-proposta-do-al-ahli-para-deixar-o-real-madrid\/"},"wordCount":407,"commentCount":0,"image":{"@id":"https:\/\/www.gaveanews.com\/index.php\/2024\/08\/12\/vini-jr-vai-aceitar-a-proposta-do-al-ahli-para-deixar-o-real-madrid\/#primaryimage"},"thumbnailUrl":"https:\/\/www.gaveanews.com\/wp-content\/uploads\/vinicius-junior-hat-trick-real-madrid-barcelona.webp","articleSection":["Real Madrid"],"inLanguage":"pt-BR","potentialAction":[{"@type":"CommentAction","name":"Comment","target":["https:\/\/www.gaveanews.com\/index.php\/2024\/08\/12\/vini-jr-vai-aceitar-a-proposta-do-al-ahli-para-deixar-o-real-madrid\/#respond"]}],"copyrightYear":"2024","copyrightHolder":{"@id":"https:\/\/www.gaveanews.com\/#organization"}},{"@type":"WebPage","@id":"https:\/\/www.gaveanews.com\/index.php\/2024\/08\/12\/vini-jr-vai-aceitar-a-proposta-do-al-ahli-para-deixar-o-real-madrid\/","url":"https:\/\/www.gaveanews.com\/index.php\/2024\/08\/12\/vini-jr-vai-aceitar-a-proposta-do-al-ahli-para-deixar-o-real-madrid\/","name":"Vini Jr vai aceitar a proposta do Al-Ahli para deixar o Real Madrid?","isPartOf":{"@id":"https:\/\/www.gaveanews.com\/#website"},"primaryImageOfPage":{"@id":"https:\/\/www.gaveanews.com\/index.php\/2024\/08\/12\/vini-jr-vai-aceitar-a-proposta-do-al-ahli-para-deixar-o-real-madrid\/#primaryimage"},"image":{"@id":"https:\/\/www.gaveanews.com\/index.php\/2024\/08\/12\/vini-jr-vai-aceitar-a-proposta-do-al-ahli-para-deixar-o-real-madrid\/#primaryimage"},"thumbnailUrl":"https:\/\/www.gaveanews.com\/wp-content\/uploads\/vinicius-junior-hat-trick-real-madrid-barcelona.webp","datePublished":"2024-08-12T18:38:12+00:00","dateModified":"2024-08-12T18:38:15+00:00","author":{"@id":"https:\/\/www.gaveanews.com\/#\/schema\/person\/37122681a8575a5c8db05a56f099a5e4"},"breadcrumb":{"@id":"https:\/\/www.gaveanews.com\/index.php\/2024\/08\/12\/vini-jr-vai-aceitar-a-proposta-do-al-ahli-para-deixar-o-real-madrid\/#breadcrumb"},"inLanguage":"pt-BR","potentialAction":[{"@type":"ReadAction","target":["https:\/\/www.gaveanews.com\/index.php\/2024\/08\/12\/vini-jr-vai-aceitar-a-proposta-do-al-ahli-para-deixar-o-real-madrid\/"]}]},{"@type":"ImageObject","inLanguage":"pt-BR","@id":"https:\/\/www.gaveanews.com\/index.php\/2024\/08\/12\/vini-jr-vai-aceitar-a-proposta-do-al-ahli-para-deixar-o-real-madrid\/#primaryimage","url":"https:\/\/www.gaveanews.com\/wp-content\/uploads\/vinicius-junior-hat-trick-real-madrid-barcelona.webp","contentUrl":"https:\/\/www.gaveanews.com\/wp-content\/uploads\/vinicius-junior-hat-trick-real-madrid-barcelona.webp","width":1080,"height":607,"caption":"Vin\u00edcius J\u00fanior ao comemorar gol marcado contra o Barcelona (Foto: Reprodu\u00e7\u00e3o\/Real Madrid)"},{"@type":"BreadcrumbList","@id":"https:\/\/www.gaveanews.com\/index.php\/2024\/08\/12\/vini-jr-vai-aceitar-a-proposta-do-al-ahli-para-deixar-o-real-madrid\/#breadcrumb","itemListElement":[{"@type":"ListItem","position":1,"name":"Home","item":"https:\/\/www.gaveanews.com\/"},{"@type":"ListItem","position":2,"name":"Vini Jr vai aceitar a proposta do Al-Ahli para deixar o Real Madrid?"}]},{"@type":"WebSite","@id":"https:\/\/www.gaveanews.com\/#website","url":"https:\/\/www.gaveanews.com\/","name":"G\u00e1vea News","description":"Veja todas as not\u00edcias sobre o Flamengo: Contrata\u00e7\u00f5es, categorias de base, resultados das partidas, tabela de classifica\u00e7\u00e3o, pr\u00f3ximos jogos!","potentialAction":[{"@type":"SearchAction","target":{"@type":"EntryPoint","urlTemplate":"https:\/\/www.gaveanews.com\/?s={search_term_string}"},"query-input":{"@type":"PropertyValueSpecification","valueRequired":true,"valueName":"search_term_string"}}],"inLanguage":"pt-BR"},{"@type":"Person","@id":"https:\/\/www.gaveanews.com\/#\/schema\/person\/37122681a8575a5c8db05a56f099a5e4","name":"D\u00e9bora Figueiredo","image":{"@type":"ImageObject","inLanguage":"pt-BR","@id":"https:\/\/www.gaveanews.com\/#\/schema\/person\/image\/","url":"https:\/\/secure.gravatar.com\/avatar\/1f44802859351588499d26f52aed1d15796ce17e67602895b72837c08018868d?s=96&d=mm&r=g","contentUrl":"https:\/\/secure.gravatar.com\/avatar\/1f44802859351588499d26f52aed1d15796ce17e67602895b72837c08018868d?s=96&d=mm&r=g","caption":"D\u00e9bora Figueiredo"}}]}},"_links":{"self":[{"href":"https:\/\/www.gaveanews.com\/index.php\/wp-json\/wp\/v2\/posts\/158030","targetHints":{"allow":["GET"]}}],"collection":[{"href":"https:\/\/www.gaveanews.com\/index.php\/wp-json\/wp\/v2\/posts"}],"about":[{"href":"https:\/\/www.gaveanews.com\/index.php\/wp-json\/wp\/v2\/types\/post"}],"author":[{"embeddable":true,"href":"https:\/\/www.gaveanews.com\/index.php\/wp-json\/wp\/v2\/users\/16"}],"replies":[{"embeddable":true,"href":"https:\/\/www.gaveanews.com\/index.php\/wp-json\/wp\/v2\/comments?post=158030"}],"version-history":[{"count":1,"href":"https:\/\/www.gaveanews.com\/index.php\/wp-json\/wp\/v2\/posts\/158030\/revisions"}],"predecessor-version":[{"id":158054,"href":"https:\/\/www.gaveanews.com\/index.php\/wp-json\/wp\/v2\/posts\/158030\/revisions\/158054"}],"wp:featuredmedia":[{"embeddable":true,"href":"https:\/\/www.gaveanews.com\/index.php\/wp-json\/wp\/v2\/media\/131354"}],"wp:attachment":[{"href":"https:\/\/www.gaveanews.com\/index.php\/wp-json\/wp\/v2\/media?parent=158030"}],"wp:term":[{"taxonomy":"category","embeddable":true,"href":"https:\/\/www.gaveanews.com\/index.php\/wp-json\/wp\/v2\/categories?post=158030"},{"taxonomy":"post_tag","embeddable":true,"href":"https:\/\/www.gaveanews.com\/index.php\/wp-json\/wp\/v2\/tags?post=158030"}],"curies":[{"name":"wp","href":"https:\/\/api.w.org\/{rel}","templated":true}]}}