{"id":158039,"date":"2024-08-12T19:41:56","date_gmt":"2024-08-12T22:41:56","guid":{"rendered":"https:\/\/www.gaveanews.com\/?p=158039"},"modified":"2024-08-12T19:41:59","modified_gmt":"2024-08-12T22:41:59","slug":"em-crise-internacional-anuncia-mais-uma-saida","status":"publish","type":"post","link":"https:\/\/www.gaveanews.com\/index.php\/2024\/08\/12\/em-crise-internacional-anuncia-mais-uma-saida\/","title":{"rendered":"Em crise, Internacional anuncia mais uma sa\u00edda"},"content":{"rendered":"\n<p>Na noite deste domingo (11), o Internacional anunciou a demiss\u00e3o do diretor de futebol Magr\u00e3o, ap\u00f3s o time empatar por 2 a 2 com o Athletico-PR pelo Campeonato Brasileiro.<\/p>\n\n\n\n<ul class=\"wp-block-list\">\n<li><a href=\"https:\/\/www.gaveanews.com\/index.php\/2024\/08\/12\/internacional-x-athletico-pr-a-declaracao-do-tecnico-martin-varini\/\">Internacional x Athletico-PR: a declara\u00e7\u00e3o do t\u00e9cnico Mart\u00edn Varini<\/a><\/li>\n\n\n\n<li><a href=\"https:\/\/www.gaveanews.com\/index.php\/2024\/08\/09\/agora-e-oficial-internacional-acerta-venda-para-o-exterior\/\">Agora \u00e9 oficial: Internacional acerta venda para o exterior<\/a><\/li>\n<\/ul>\n\n\n\n<p>O comunicado veio atrav\u00e9s do presidente Alessandro Barcellos que apareceu na sala de imprensa do Beira-Rio logo depois da entrevista coletiva do t\u00e9cnico colorado Roger Machado e explicou por que decidiu pela sa\u00edda do dirigente:<\/p>\n\n\n\n<p>&#8220;Queria comunicar a todos o desligamento do nosso diretor esportivo Magr\u00e3o. Entendemos que o Magr\u00e3o at\u00e9 o dia de hoje cumpriu o seu papel em uma fun\u00e7\u00e3o nova no futebol brasileiro e nova para ele. Mesmo sendo um cara do futebol. Neste per\u00edodo de gest\u00e3o do futebol, os resultados n\u00e3o foram satisfat\u00f3rios. Em um ambiente de profissionaliza\u00e7\u00e3o \u00e9 necess\u00e1rio. Quando os resultados n\u00e3o acontecem, voc\u00ea precisa corrigir rumos e fazer mudan\u00e7as&#8221; declarou o presidente.<\/p>\n\n\n\n<p>Ao continuar dando a entrevista, Barcellos tamb\u00e9m comentou sobre o suposto conflito de interesses de Magr\u00e3o \u00e0 frente da principal pasta do clube, diante da contrata\u00e7\u00e3o de Lucca Drummond e um \u00e1udio vazado do filho do ex-dirigente sobre a chance de jogar no Internacional:<\/p>\n\n\n\n<p>&#8220;Entendemos que era hora de encerrar o ciclo. Falarei rapidamente sobre os epis\u00f3dios citados. Basicamente a contrata\u00e7\u00e3o do Lucca Drummond e a poss\u00edvel do seu filho. A do Lucca Drummond se deu dentro dos processos que acontecem em centenas de vezes no departamento de futebol. Mais especificamente nas categorias de base. J\u00e1 respondemos este questionamento. Para n\u00f3s, \u00e9 um assunto superado, mas em algum momento, se volta a tratar do tema. Parece que n\u00e3o tem rela\u00e7\u00e3o alguma desde que chegou ao clube com a fun\u00e7\u00e3o que o Magr\u00e3o exercia&#8221;, explicou Barcellos.<\/p>\n\n\n\n<p>&#8220;A contrata\u00e7\u00e3o do Magr\u00e3o foi objeto de preocupa\u00e7\u00e3o nossa. H\u00e1 uma cl\u00e1usula que parte da descompatibiliza\u00e7\u00e3o e algum conflito. Foi exigido e apresentado ao clube um atestado da CBF que deixa muito claro que a empresa que o Magr\u00e3o trabalhava estava inativa antes da data que entrou. O clube se resguardou&#8221;, acrescentou.<\/p>\n\n\n\n<p>&#8220;Do filho ao clube, que causou pol\u00eamica nos \u00faltimos dias, at\u00e9 por j\u00e1 termos outros casos no Beira-Rio. Independentemente do m\u00e9rito t\u00e9cnico, quero deixar claro a todos que jamais este assunto foi autorizado por este presidente. Que fique bem claro. O \u00e1udio do filho do Magr\u00e3o era que o presidente teria autorizado. Eu jamais autorizei. N\u00e3o por alguma raz\u00e3o t\u00e9cnica porque eu n\u00e3o conhecia, mas por tipo de contrata\u00e7\u00e3o geraria uma grande pol\u00eamica como est\u00e1 instaurada nos \u00faltimos dias&#8221;, finalizou o presidente do Inter.<\/p>\n\n\n\n<h2 class=\"wp-block-heading\" id=\"h-proximo-jogo-do-inter\">Pr\u00f3ximo jogo do Inter<\/h2>\n\n\n\n<p>O Internacional volta a campo na quarta-feira (14), \u00e0s 19h30 (hor\u00e1rio de Bras\u00edlia), no Beira-Rio, para enfrentar o Juventude, em jogo v\u00e1lido pela 23\u00aa rodada do Campeonato Brasileiro.<\/p>\n","protected":false},"excerpt":{"rendered":"<p>Na noite deste domingo (11), o Internacional anunciou a demiss\u00e3o do diretor de futebol Magr\u00e3o, ap\u00f3s o time empatar por 2 a 2 com o Athletico-PR pelo Campeonato Brasileiro. O comunicado veio atrav\u00e9s do presidente Alessandro Barcellos que apareceu na sala de imprensa do Beira-Rio logo depois da entrevista coletiva do t\u00e9cnico colorado Roger Machado [&hellip;]<\/p>\n","protected":false},"author":22,"featured_media":88472,"comment_status":"open","ping_status":"closed","sticky":false,"template":"","format":"standard","meta":{"footnotes":""},"categories":[148],"tags":[],"class_list":["post-158039","post","type-post","status-publish","format-standard","has-post-thumbnail","hentry","category-internacional"],"yoast_head":"<!-- This site is optimized with the Yoast SEO Premium plugin v24.2 (Yoast SEO v26.9) - https:\/\/yoast.com\/product\/yoast-seo-premium-wordpress\/ -->\n<title>Em crise, Internacional anuncia mais uma sa\u00edda<\/title>\n<meta name=\"robots\" content=\"index, follow, max-snippet:-1, max-image-preview:large, max-video-preview:-1\" \/>\n<link rel=\"canonical\" href=\"https:\/\/www.gaveanews.com\/index.php\/2024\/08\/12\/em-crise-internacional-anuncia-mais-uma-saida\/\" \/>\n<meta property=\"og:locale\" content=\"pt_BR\" \/>\n<meta property=\"og:type\" content=\"article\" \/>\n<meta property=\"og:title\" content=\"Em crise, Internacional anuncia mais uma sa\u00edda\" \/>\n<meta property=\"og:description\" content=\"Na noite deste domingo (11), o Internacional anunciou a demiss\u00e3o do diretor de futebol Magr\u00e3o, ap\u00f3s o time empatar por 2 a 2 com o Athletico-PR pelo Campeonato Brasileiro. O comunicado veio atrav\u00e9s do presidente Alessandro Barcellos que apareceu na sala de imprensa do Beira-Rio logo depois da entrevista coletiva do t\u00e9cnico colorado Roger Machado [&hellip;]\" \/>\n<meta property=\"og:url\" content=\"https:\/\/www.gaveanews.com\/index.php\/2024\/08\/12\/em-crise-internacional-anuncia-mais-uma-saida\/\" \/>\n<meta property=\"og:site_name\" content=\"G\u00e1vea News\" \/>\n<meta property=\"article:publisher\" content=\"https:\/\/facebook.com\/gaveaNews\/\" \/>\n<meta property=\"article:published_time\" content=\"2024-08-12T22:41:56+00:00\" \/>\n<meta property=\"article:modified_time\" content=\"2024-08-12T22:41:59+00:00\" \/>\n<meta property=\"og:image\" content=\"https:\/\/www.gaveanews.com\/wp-content\/uploads\/Elenco-Internacional.webp\" \/>\n\t<meta property=\"og:image:width\" content=\"799\" \/>\n\t<meta property=\"og:image:height\" content=\"532\" \/>\n\t<meta property=\"og:image:type\" content=\"image\/webp\" \/>\n<meta name=\"author\" content=\"Emilly Lima\" \/>\n<meta name=\"twitter:card\" content=\"summary_large_image\" \/>\n<meta name=\"twitter:label1\" content=\"Escrito por\" \/>\n\t<meta name=\"twitter:data1\" content=\"Emilly Lima\" \/>\n\t<meta name=\"twitter:label2\" content=\"Est. tempo de leitura\" \/>\n\t<meta name=\"twitter:data2\" content=\"3 minutos\" \/>\n<script type=\"application\/ld+json\" class=\"yoast-schema-graph\">{\"@context\":\"https:\/\/schema.org\",\"@graph\":[{\"@type\":\"NewsArticle\",\"@id\":\"https:\/\/www.gaveanews.com\/index.php\/2024\/08\/12\/em-crise-internacional-anuncia-mais-uma-saida\/#article\",\"isPartOf\":{\"@id\":\"https:\/\/www.gaveanews.com\/index.php\/2024\/08\/12\/em-crise-internacional-anuncia-mais-uma-saida\/\"},\"author\":{\"name\":\"Emilly Lima\",\"@id\":\"https:\/\/www.gaveanews.com\/#\/schema\/person\/8597dbe3f4d8513dd20048ce95a1895b\"},\"headline\":\"Em crise, Internacional anuncia mais uma sa\u00edda\",\"datePublished\":\"2024-08-12T22:41:56+00:00\",\"dateModified\":\"2024-08-12T22:41:59+00:00\",\"mainEntityOfPage\":{\"@id\":\"https:\/\/www.gaveanews.com\/index.php\/2024\/08\/12\/em-crise-internacional-anuncia-mais-uma-saida\/\"},\"wordCount\":509,\"commentCount\":0,\"image\":{\"@id\":\"https:\/\/www.gaveanews.com\/index.php\/2024\/08\/12\/em-crise-internacional-anuncia-mais-uma-saida\/#primaryimage\"},\"thumbnailUrl\":\"https:\/\/www.gaveanews.com\/wp-content\/uploads\/Elenco-Internacional.webp\",\"articleSection\":[\"Internacional\"],\"inLanguage\":\"pt-BR\",\"potentialAction\":[{\"@type\":\"CommentAction\",\"name\":\"Comment\",\"target\":[\"https:\/\/www.gaveanews.com\/index.php\/2024\/08\/12\/em-crise-internacional-anuncia-mais-uma-saida\/#respond\"]}],\"copyrightYear\":\"2024\",\"copyrightHolder\":{\"@id\":\"https:\/\/www.gaveanews.com\/#organization\"}},{\"@type\":\"WebPage\",\"@id\":\"https:\/\/www.gaveanews.com\/index.php\/2024\/08\/12\/em-crise-internacional-anuncia-mais-uma-saida\/\",\"url\":\"https:\/\/www.gaveanews.com\/index.php\/2024\/08\/12\/em-crise-internacional-anuncia-mais-uma-saida\/\",\"name\":\"Em crise, Internacional anuncia mais uma sa\u00edda\",\"isPartOf\":{\"@id\":\"https:\/\/www.gaveanews.com\/#website\"},\"primaryImageOfPage\":{\"@id\":\"https:\/\/www.gaveanews.com\/index.php\/2024\/08\/12\/em-crise-internacional-anuncia-mais-uma-saida\/#primaryimage\"},\"image\":{\"@id\":\"https:\/\/www.gaveanews.com\/index.php\/2024\/08\/12\/em-crise-internacional-anuncia-mais-uma-saida\/#primaryimage\"},\"thumbnailUrl\":\"https:\/\/www.gaveanews.com\/wp-content\/uploads\/Elenco-Internacional.webp\",\"datePublished\":\"2024-08-12T22:41:56+00:00\",\"dateModified\":\"2024-08-12T22:41:59+00:00\",\"author\":{\"@id\":\"https:\/\/www.gaveanews.com\/#\/schema\/person\/8597dbe3f4d8513dd20048ce95a1895b\"},\"breadcrumb\":{\"@id\":\"https:\/\/www.gaveanews.com\/index.php\/2024\/08\/12\/em-crise-internacional-anuncia-mais-uma-saida\/#breadcrumb\"},\"inLanguage\":\"pt-BR\",\"potentialAction\":[{\"@type\":\"ReadAction\",\"target\":[\"https:\/\/www.gaveanews.com\/index.php\/2024\/08\/12\/em-crise-internacional-anuncia-mais-uma-saida\/\"]}]},{\"@type\":\"ImageObject\",\"inLanguage\":\"pt-BR\",\"@id\":\"https:\/\/www.gaveanews.com\/index.php\/2024\/08\/12\/em-crise-internacional-anuncia-mais-uma-saida\/#primaryimage\",\"url\":\"https:\/\/www.gaveanews.com\/wp-content\/uploads\/Elenco-Internacional.webp\",\"contentUrl\":\"https:\/\/www.gaveanews.com\/wp-content\/uploads\/Elenco-Internacional.webp\",\"width\":799,\"height\":532,\"caption\":\"Elenco do Internacional antes de partida (Foto: Divulga\u00e7\u00e3o\/Internacional)\"},{\"@type\":\"BreadcrumbList\",\"@id\":\"https:\/\/www.gaveanews.com\/index.php\/2024\/08\/12\/em-crise-internacional-anuncia-mais-uma-saida\/#breadcrumb\",\"itemListElement\":[{\"@type\":\"ListItem\",\"position\":1,\"name\":\"Home\",\"item\":\"https:\/\/www.gaveanews.com\/\"},{\"@type\":\"ListItem\",\"position\":2,\"name\":\"Em crise, Internacional anuncia mais uma sa\u00edda\"}]},{\"@type\":\"WebSite\",\"@id\":\"https:\/\/www.gaveanews.com\/#website\",\"url\":\"https:\/\/www.gaveanews.com\/\",\"name\":\"G\u00e1vea News\",\"description\":\"Veja todas as not\u00edcias sobre o Flamengo: Contrata\u00e7\u00f5es, categorias de base, resultados das partidas, tabela de classifica\u00e7\u00e3o, pr\u00f3ximos jogos!\",\"potentialAction\":[{\"@type\":\"SearchAction\",\"target\":{\"@type\":\"EntryPoint\",\"urlTemplate\":\"https:\/\/www.gaveanews.com\/?s={search_term_string}\"},\"query-input\":{\"@type\":\"PropertyValueSpecification\",\"valueRequired\":true,\"valueName\":\"search_term_string\"}}],\"inLanguage\":\"pt-BR\"},{\"@type\":\"Person\",\"@id\":\"https:\/\/www.gaveanews.com\/#\/schema\/person\/8597dbe3f4d8513dd20048ce95a1895b\",\"name\":\"Emilly Lima\",\"image\":{\"@type\":\"ImageObject\",\"inLanguage\":\"pt-BR\",\"@id\":\"https:\/\/www.gaveanews.com\/#\/schema\/person\/image\/\",\"url\":\"https:\/\/secure.gravatar.com\/avatar\/ddb4d0548bae01de3cb52e0fe30386754e9c41797565aa0a5bf4440ab4f7c0be?s=96&d=mm&r=g\",\"contentUrl\":\"https:\/\/secure.gravatar.com\/avatar\/ddb4d0548bae01de3cb52e0fe30386754e9c41797565aa0a5bf4440ab4f7c0be?s=96&d=mm&r=g\",\"caption\":\"Emilly Lima\"}}]}<\/script>\n<!-- \/ Yoast SEO Premium plugin. -->","yoast_head_json":{"title":"Em crise, Internacional anuncia mais uma sa\u00edda","robots":{"index":"index","follow":"follow","max-snippet":"max-snippet:-1","max-image-preview":"max-image-preview:large","max-video-preview":"max-video-preview:-1"},"canonical":"https:\/\/www.gaveanews.com\/index.php\/2024\/08\/12\/em-crise-internacional-anuncia-mais-uma-saida\/","og_locale":"pt_BR","og_type":"article","og_title":"Em crise, Internacional anuncia mais uma sa\u00edda","og_description":"Na noite deste domingo (11), o Internacional anunciou a demiss\u00e3o do diretor de futebol Magr\u00e3o, ap\u00f3s o time empatar por 2 a 2 com o Athletico-PR pelo Campeonato Brasileiro. O comunicado veio atrav\u00e9s do presidente Alessandro Barcellos que apareceu na sala de imprensa do Beira-Rio logo depois da entrevista coletiva do t\u00e9cnico colorado Roger Machado [&hellip;]","og_url":"https:\/\/www.gaveanews.com\/index.php\/2024\/08\/12\/em-crise-internacional-anuncia-mais-uma-saida\/","og_site_name":"G\u00e1vea News","article_publisher":"https:\/\/facebook.com\/gaveaNews\/","article_published_time":"2024-08-12T22:41:56+00:00","article_modified_time":"2024-08-12T22:41:59+00:00","og_image":[{"width":799,"height":532,"url":"https:\/\/www.gaveanews.com\/wp-content\/uploads\/Elenco-Internacional.webp","type":"image\/webp"}],"author":"Emilly Lima","twitter_card":"summary_large_image","twitter_misc":{"Escrito por":"Emilly Lima","Est. tempo de leitura":"3 minutos"},"schema":{"@context":"https:\/\/schema.org","@graph":[{"@type":"NewsArticle","@id":"https:\/\/www.gaveanews.com\/index.php\/2024\/08\/12\/em-crise-internacional-anuncia-mais-uma-saida\/#article","isPartOf":{"@id":"https:\/\/www.gaveanews.com\/index.php\/2024\/08\/12\/em-crise-internacional-anuncia-mais-uma-saida\/"},"author":{"name":"Emilly Lima","@id":"https:\/\/www.gaveanews.com\/#\/schema\/person\/8597dbe3f4d8513dd20048ce95a1895b"},"headline":"Em crise, Internacional anuncia mais uma sa\u00edda","datePublished":"2024-08-12T22:41:56+00:00","dateModified":"2024-08-12T22:41:59+00:00","mainEntityOfPage":{"@id":"https:\/\/www.gaveanews.com\/index.php\/2024\/08\/12\/em-crise-internacional-anuncia-mais-uma-saida\/"},"wordCount":509,"commentCount":0,"image":{"@id":"https:\/\/www.gaveanews.com\/index.php\/2024\/08\/12\/em-crise-internacional-anuncia-mais-uma-saida\/#primaryimage"},"thumbnailUrl":"https:\/\/www.gaveanews.com\/wp-content\/uploads\/Elenco-Internacional.webp","articleSection":["Internacional"],"inLanguage":"pt-BR","potentialAction":[{"@type":"CommentAction","name":"Comment","target":["https:\/\/www.gaveanews.com\/index.php\/2024\/08\/12\/em-crise-internacional-anuncia-mais-uma-saida\/#respond"]}],"copyrightYear":"2024","copyrightHolder":{"@id":"https:\/\/www.gaveanews.com\/#organization"}},{"@type":"WebPage","@id":"https:\/\/www.gaveanews.com\/index.php\/2024\/08\/12\/em-crise-internacional-anuncia-mais-uma-saida\/","url":"https:\/\/www.gaveanews.com\/index.php\/2024\/08\/12\/em-crise-internacional-anuncia-mais-uma-saida\/","name":"Em crise, Internacional anuncia mais uma sa\u00edda","isPartOf":{"@id":"https:\/\/www.gaveanews.com\/#website"},"primaryImageOfPage":{"@id":"https:\/\/www.gaveanews.com\/index.php\/2024\/08\/12\/em-crise-internacional-anuncia-mais-uma-saida\/#primaryimage"},"image":{"@id":"https:\/\/www.gaveanews.com\/index.php\/2024\/08\/12\/em-crise-internacional-anuncia-mais-uma-saida\/#primaryimage"},"thumbnailUrl":"https:\/\/www.gaveanews.com\/wp-content\/uploads\/Elenco-Internacional.webp","datePublished":"2024-08-12T22:41:56+00:00","dateModified":"2024-08-12T22:41:59+00:00","author":{"@id":"https:\/\/www.gaveanews.com\/#\/schema\/person\/8597dbe3f4d8513dd20048ce95a1895b"},"breadcrumb":{"@id":"https:\/\/www.gaveanews.com\/index.php\/2024\/08\/12\/em-crise-internacional-anuncia-mais-uma-saida\/#breadcrumb"},"inLanguage":"pt-BR","potentialAction":[{"@type":"ReadAction","target":["https:\/\/www.gaveanews.com\/index.php\/2024\/08\/12\/em-crise-internacional-anuncia-mais-uma-saida\/"]}]},{"@type":"ImageObject","inLanguage":"pt-BR","@id":"https:\/\/www.gaveanews.com\/index.php\/2024\/08\/12\/em-crise-internacional-anuncia-mais-uma-saida\/#primaryimage","url":"https:\/\/www.gaveanews.com\/wp-content\/uploads\/Elenco-Internacional.webp","contentUrl":"https:\/\/www.gaveanews.com\/wp-content\/uploads\/Elenco-Internacional.webp","width":799,"height":532,"caption":"Elenco do Internacional antes de partida (Foto: Divulga\u00e7\u00e3o\/Internacional)"},{"@type":"BreadcrumbList","@id":"https:\/\/www.gaveanews.com\/index.php\/2024\/08\/12\/em-crise-internacional-anuncia-mais-uma-saida\/#breadcrumb","itemListElement":[{"@type":"ListItem","position":1,"name":"Home","item":"https:\/\/www.gaveanews.com\/"},{"@type":"ListItem","position":2,"name":"Em crise, Internacional anuncia mais uma sa\u00edda"}]},{"@type":"WebSite","@id":"https:\/\/www.gaveanews.com\/#website","url":"https:\/\/www.gaveanews.com\/","name":"G\u00e1vea News","description":"Veja todas as not\u00edcias sobre o Flamengo: Contrata\u00e7\u00f5es, categorias de base, resultados das partidas, tabela de classifica\u00e7\u00e3o, pr\u00f3ximos jogos!","potentialAction":[{"@type":"SearchAction","target":{"@type":"EntryPoint","urlTemplate":"https:\/\/www.gaveanews.com\/?s={search_term_string}"},"query-input":{"@type":"PropertyValueSpecification","valueRequired":true,"valueName":"search_term_string"}}],"inLanguage":"pt-BR"},{"@type":"Person","@id":"https:\/\/www.gaveanews.com\/#\/schema\/person\/8597dbe3f4d8513dd20048ce95a1895b","name":"Emilly Lima","image":{"@type":"ImageObject","inLanguage":"pt-BR","@id":"https:\/\/www.gaveanews.com\/#\/schema\/person\/image\/","url":"https:\/\/secure.gravatar.com\/avatar\/ddb4d0548bae01de3cb52e0fe30386754e9c41797565aa0a5bf4440ab4f7c0be?s=96&d=mm&r=g","contentUrl":"https:\/\/secure.gravatar.com\/avatar\/ddb4d0548bae01de3cb52e0fe30386754e9c41797565aa0a5bf4440ab4f7c0be?s=96&d=mm&r=g","caption":"Emilly Lima"}}]}},"_links":{"self":[{"href":"https:\/\/www.gaveanews.com\/index.php\/wp-json\/wp\/v2\/posts\/158039","targetHints":{"allow":["GET"]}}],"collection":[{"href":"https:\/\/www.gaveanews.com\/index.php\/wp-json\/wp\/v2\/posts"}],"about":[{"href":"https:\/\/www.gaveanews.com\/index.php\/wp-json\/wp\/v2\/types\/post"}],"author":[{"embeddable":true,"href":"https:\/\/www.gaveanews.com\/index.php\/wp-json\/wp\/v2\/users\/22"}],"replies":[{"embeddable":true,"href":"https:\/\/www.gaveanews.com\/index.php\/wp-json\/wp\/v2\/comments?post=158039"}],"version-history":[{"count":2,"href":"https:\/\/www.gaveanews.com\/index.php\/wp-json\/wp\/v2\/posts\/158039\/revisions"}],"predecessor-version":[{"id":158127,"href":"https:\/\/www.gaveanews.com\/index.php\/wp-json\/wp\/v2\/posts\/158039\/revisions\/158127"}],"wp:featuredmedia":[{"embeddable":true,"href":"https:\/\/www.gaveanews.com\/index.php\/wp-json\/wp\/v2\/media\/88472"}],"wp:attachment":[{"href":"https:\/\/www.gaveanews.com\/index.php\/wp-json\/wp\/v2\/media?parent=158039"}],"wp:term":[{"taxonomy":"category","embeddable":true,"href":"https:\/\/www.gaveanews.com\/index.php\/wp-json\/wp\/v2\/categories?post=158039"},{"taxonomy":"post_tag","embeddable":true,"href":"https:\/\/www.gaveanews.com\/index.php\/wp-json\/wp\/v2\/tags?post=158039"}],"curies":[{"name":"wp","href":"https:\/\/api.w.org\/{rel}","templated":true}]}}