{"id":158041,"date":"2024-08-13T05:45:00","date_gmt":"2024-08-13T08:45:00","guid":{"rendered":"https:\/\/www.gaveanews.com\/?p=158041"},"modified":"2024-08-13T03:20:53","modified_gmt":"2024-08-13T06:20:53","slug":"a-declaracao-de-tiago-leifert-sobre-ronaldo-fenomeno","status":"publish","type":"post","link":"https:\/\/www.gaveanews.com\/index.php\/2024\/08\/13\/a-declaracao-de-tiago-leifert-sobre-ronaldo-fenomeno\/","title":{"rendered":"A declara\u00e7\u00e3o de Tiago Leifert sobre Ronaldo Fen\u00f4meno"},"content":{"rendered":"\n<p>Tiago Leifert, em seu canal no Youtube, comentou sobre uma publica\u00e7\u00e3o da famosa p\u00e1gina de futebol &#8216;433&#8217; em que compara o pique dado por Mbapp\u00e9 e o t\u00edtulo dos 100m rasos em que Usain Bolt bateu e manteve o recorde mundial e ol\u00edmpico.<\/p>\n\n\n\n<p>&#8211; <em>A 433 fez uma publica\u00e7\u00e3o no Instagram comparando o pique que o Mbapp\u00e9 deu com o Usain Bolt. A legenda \u00e9: &#8216;Kyllian Mbapp\u00e9 quase bateu o recorde mundial do Usain Bolt nos 100m&#8217;. N\u00e3o. Isso \u00e9 um erro esportivo assim grotesco. 10.9 segundos para 9.58 segundos no 100 metros \u00e9 uma diferen\u00e7a abissal. O Mbapp\u00e9 ele sai de p\u00e9 e j\u00e1 correndo. O Bolt sai agachado de uma plataforma e do 0. L\u00e1 atr\u00e1s, no Globo Esporte, a gente pegou um pique do Ronaldo gordo. Era um jovem laifinho. Em 2009, o Ronaldo pesando 400 quilos, sem joelho, ele tinha a velocidade do Mbapp\u00e9, para voc\u00eas verem o tamanho de Ronaldo Fen\u00f4meno. <\/em><\/p>\n\n\n\n<ul class=\"wp-block-list\">\n<li><a href=\"https:\/\/www.gaveanews.com\/index.php\/2024\/08\/08\/brasileiro-revela-as-exigencias-que-o-real-madrid-faz-antes-de-assinar-com-qualquer-jogador\/\">Brasileiro revela as exig\u00eancias que o Real Madrid faz antes de assinar com qualquer jogador<\/a><\/li>\n\n\n\n<li><a href=\"https:\/\/www.gaveanews.com\/index.php\/2024\/08\/08\/bayern-de-munique-pode-perder-lateral-para-o-real-madrid\/\">Bayern de Munique pode perder lateral para o Real Madrid<\/a><\/li>\n<\/ul>\n\n\n\n<figure class=\"wp-block-embed is-type-video is-provider-youtube wp-block-embed-youtube wp-embed-aspect-16-9 wp-has-aspect-ratio\"><div class=\"wp-block-embed__wrapper\">\n<iframe loading=\"lazy\" title=\"Ronaldo Fen\u00f4meno sem joelho e acima do peso era mais veloz que Mbapp\u00e9!  #tiagoleifert #R9 #mbappe\" width=\"640\" height=\"360\" src=\"https:\/\/www.youtube.com\/embed\/c6vtTk6cOEQ?feature=oembed\" frameborder=\"0\" allow=\"accelerometer; autoplay; clipboard-write; encrypted-media; gyroscope; picture-in-picture; web-share\" referrerpolicy=\"strict-origin-when-cross-origin\" allowfullscreen><\/iframe>\n<\/div><\/figure>\n\n\n\n<p>Usain Bolt j\u00e1 chegou a correr em 45km\/h. Al\u00e9m disso, ele det\u00e9m os seguintes recordes mundiais:<\/p>\n\n\n\n<ul class=\"wp-block-list\">\n<li><strong>Recordes Mundiais:<\/strong>&nbsp;100m (9s58), 200m (19s19) e revezamento 4x100m (36s84).<\/li>\n\n\n\n<li><strong>Recordes Ol\u00edmpicos<\/strong>: 100m (9s69), 200m (19s30) e revezamento 4x100m (36s84).<\/li>\n\n\n\n<li><strong>Campeonatos Mundiais<\/strong>: 11 medalhas de ouro, 2 de prata e 1 de bronze.<\/li>\n<\/ul>\n\n\n\n<p>Mbapp\u00e9 \u00e9 considerado um grande velocista para o futebol e essa \u00e9 uma das suas principais caracter\u00edsticas. Se Mbapp\u00e9 ainda pensa em se aventurar no mundo do atletismo, Usain Bolt j\u00e1 realizou um sonho e se arriscou no futebol. O jamaicano&nbsp;jogou no futebol autraliano em 2018 e chegou a marcar dois gols em um s\u00f3 jogo.<\/p>\n\n\n\n<h2 class=\"wp-block-heading\" id=\"h-quando-comeca-a-temporada-do-real-madrid\">Quando come\u00e7a a temporada do Real Madrid?<\/h2>\n\n\n\n<p>O Real Madrid inicia a sua temporada oficial na quarta-feira, em partida contra a equipe do Atalanta v\u00e1lido pelo t\u00edtulo da Supercopa da UEFA aonde re\u00fane o campe\u00e3o da Champions League e o da Europa League. <\/p>\n","protected":false},"excerpt":{"rendered":"<p>Tiago Leifert, em seu canal no Youtube, comentou sobre uma publica\u00e7\u00e3o da famosa p\u00e1gina de futebol &#8216;433&#8217; em que compara o pique dado por Mbapp\u00e9 e o t\u00edtulo dos 100m rasos em que Usain Bolt bateu e manteve o recorde mundial e ol\u00edmpico. &#8211; A 433 fez uma publica\u00e7\u00e3o no Instagram comparando o pique que [&hellip;]<\/p>\n","protected":false},"author":19,"featured_media":102417,"comment_status":"open","ping_status":"closed","sticky":false,"template":"","format":"standard","meta":{"footnotes":""},"categories":[141,88],"tags":[],"class_list":["post-158041","post","type-post","status-publish","format-standard","has-post-thumbnail","hentry","category-corinthians","category-real-madrid"],"yoast_head":"<!-- This site is optimized with the Yoast SEO Premium plugin v24.2 (Yoast SEO v26.9) - https:\/\/yoast.com\/product\/yoast-seo-premium-wordpress\/ -->\n<title>A declara\u00e7\u00e3o de Tiago Leifert sobre Ronaldo Fen\u00f4meno<\/title>\n<meta name=\"robots\" content=\"index, follow, max-snippet:-1, max-image-preview:large, max-video-preview:-1\" \/>\n<link rel=\"canonical\" href=\"https:\/\/www.gaveanews.com\/index.php\/2024\/08\/13\/a-declaracao-de-tiago-leifert-sobre-ronaldo-fenomeno\/\" \/>\n<meta property=\"og:locale\" content=\"pt_BR\" \/>\n<meta property=\"og:type\" content=\"article\" \/>\n<meta property=\"og:title\" content=\"A declara\u00e7\u00e3o de Tiago Leifert sobre Ronaldo Fen\u00f4meno\" \/>\n<meta property=\"og:description\" content=\"Tiago Leifert, em seu canal no Youtube, comentou sobre uma publica\u00e7\u00e3o da famosa p\u00e1gina de futebol &#8216;433&#8217; em que compara o pique dado por Mbapp\u00e9 e o t\u00edtulo dos 100m rasos em que Usain Bolt bateu e manteve o recorde mundial e ol\u00edmpico. &#8211; A 433 fez uma publica\u00e7\u00e3o no Instagram comparando o pique que [&hellip;]\" \/>\n<meta property=\"og:url\" content=\"https:\/\/www.gaveanews.com\/index.php\/2024\/08\/13\/a-declaracao-de-tiago-leifert-sobre-ronaldo-fenomeno\/\" \/>\n<meta property=\"og:site_name\" content=\"G\u00e1vea News\" \/>\n<meta property=\"article:publisher\" content=\"https:\/\/facebook.com\/gaveaNews\/\" \/>\n<meta property=\"article:published_time\" content=\"2024-08-13T08:45:00+00:00\" \/>\n<meta property=\"og:image\" content=\"https:\/\/www.gaveanews.com\/wp-content\/uploads\/tiago-leifert-morte-torcedora-palmeiras-flamengo.webp\" \/>\n\t<meta property=\"og:image:width\" content=\"640\" \/>\n\t<meta property=\"og:image:height\" content=\"400\" \/>\n\t<meta property=\"og:image:type\" content=\"image\/jpeg\" \/>\n<meta name=\"author\" content=\"Bruno Zanchetta\" \/>\n<meta name=\"twitter:card\" content=\"summary_large_image\" \/>\n<meta name=\"twitter:label1\" content=\"Escrito por\" \/>\n\t<meta name=\"twitter:data1\" content=\"Bruno Zanchetta\" \/>\n\t<meta name=\"twitter:label2\" content=\"Est. tempo de leitura\" \/>\n\t<meta name=\"twitter:data2\" content=\"3 minutos\" \/>\n<script type=\"application\/ld+json\" class=\"yoast-schema-graph\">{\"@context\":\"https:\/\/schema.org\",\"@graph\":[{\"@type\":\"NewsArticle\",\"@id\":\"https:\/\/www.gaveanews.com\/index.php\/2024\/08\/13\/a-declaracao-de-tiago-leifert-sobre-ronaldo-fenomeno\/#article\",\"isPartOf\":{\"@id\":\"https:\/\/www.gaveanews.com\/index.php\/2024\/08\/13\/a-declaracao-de-tiago-leifert-sobre-ronaldo-fenomeno\/\"},\"author\":{\"name\":\"Bruno Zanchetta\",\"@id\":\"https:\/\/www.gaveanews.com\/#\/schema\/person\/32fddefab25b466689f181be346cd98c\"},\"headline\":\"A declara\u00e7\u00e3o de Tiago Leifert sobre Ronaldo Fen\u00f4meno\",\"datePublished\":\"2024-08-13T08:45:00+00:00\",\"mainEntityOfPage\":{\"@id\":\"https:\/\/www.gaveanews.com\/index.php\/2024\/08\/13\/a-declaracao-de-tiago-leifert-sobre-ronaldo-fenomeno\/\"},\"wordCount\":356,\"commentCount\":0,\"image\":{\"@id\":\"https:\/\/www.gaveanews.com\/index.php\/2024\/08\/13\/a-declaracao-de-tiago-leifert-sobre-ronaldo-fenomeno\/#primaryimage\"},\"thumbnailUrl\":\"https:\/\/www.gaveanews.com\/wp-content\/uploads\/tiago-leifert-morte-torcedora-palmeiras-flamengo.webp\",\"articleSection\":[\"Corinthians\",\"Real Madrid\"],\"inLanguage\":\"pt-BR\",\"potentialAction\":[{\"@type\":\"CommentAction\",\"name\":\"Comment\",\"target\":[\"https:\/\/www.gaveanews.com\/index.php\/2024\/08\/13\/a-declaracao-de-tiago-leifert-sobre-ronaldo-fenomeno\/#respond\"]}],\"copyrightYear\":\"2024\",\"copyrightHolder\":{\"@id\":\"https:\/\/www.gaveanews.com\/#organization\"}},{\"@type\":\"WebPage\",\"@id\":\"https:\/\/www.gaveanews.com\/index.php\/2024\/08\/13\/a-declaracao-de-tiago-leifert-sobre-ronaldo-fenomeno\/\",\"url\":\"https:\/\/www.gaveanews.com\/index.php\/2024\/08\/13\/a-declaracao-de-tiago-leifert-sobre-ronaldo-fenomeno\/\",\"name\":\"A declara\u00e7\u00e3o de Tiago Leifert sobre Ronaldo Fen\u00f4meno\",\"isPartOf\":{\"@id\":\"https:\/\/www.gaveanews.com\/#website\"},\"primaryImageOfPage\":{\"@id\":\"https:\/\/www.gaveanews.com\/index.php\/2024\/08\/13\/a-declaracao-de-tiago-leifert-sobre-ronaldo-fenomeno\/#primaryimage\"},\"image\":{\"@id\":\"https:\/\/www.gaveanews.com\/index.php\/2024\/08\/13\/a-declaracao-de-tiago-leifert-sobre-ronaldo-fenomeno\/#primaryimage\"},\"thumbnailUrl\":\"https:\/\/www.gaveanews.com\/wp-content\/uploads\/tiago-leifert-morte-torcedora-palmeiras-flamengo.webp\",\"datePublished\":\"2024-08-13T08:45:00+00:00\",\"author\":{\"@id\":\"https:\/\/www.gaveanews.com\/#\/schema\/person\/32fddefab25b466689f181be346cd98c\"},\"breadcrumb\":{\"@id\":\"https:\/\/www.gaveanews.com\/index.php\/2024\/08\/13\/a-declaracao-de-tiago-leifert-sobre-ronaldo-fenomeno\/#breadcrumb\"},\"inLanguage\":\"pt-BR\",\"potentialAction\":[{\"@type\":\"ReadAction\",\"target\":[\"https:\/\/www.gaveanews.com\/index.php\/2024\/08\/13\/a-declaracao-de-tiago-leifert-sobre-ronaldo-fenomeno\/\"]}]},{\"@type\":\"ImageObject\",\"inLanguage\":\"pt-BR\",\"@id\":\"https:\/\/www.gaveanews.com\/index.php\/2024\/08\/13\/a-declaracao-de-tiago-leifert-sobre-ronaldo-fenomeno\/#primaryimage\",\"url\":\"https:\/\/www.gaveanews.com\/wp-content\/uploads\/tiago-leifert-morte-torcedora-palmeiras-flamengo.webp\",\"contentUrl\":\"https:\/\/www.gaveanews.com\/wp-content\/uploads\/tiago-leifert-morte-torcedora-palmeiras-flamengo.webp\",\"width\":640,\"height\":400,\"caption\":\"Tiago Leifert (Foto: Reprodu\u00e7\u00e3o)\"},{\"@type\":\"BreadcrumbList\",\"@id\":\"https:\/\/www.gaveanews.com\/index.php\/2024\/08\/13\/a-declaracao-de-tiago-leifert-sobre-ronaldo-fenomeno\/#breadcrumb\",\"itemListElement\":[{\"@type\":\"ListItem\",\"position\":1,\"name\":\"Home\",\"item\":\"https:\/\/www.gaveanews.com\/\"},{\"@type\":\"ListItem\",\"position\":2,\"name\":\"A declara\u00e7\u00e3o de Tiago Leifert sobre Ronaldo Fen\u00f4meno\"}]},{\"@type\":\"WebSite\",\"@id\":\"https:\/\/www.gaveanews.com\/#website\",\"url\":\"https:\/\/www.gaveanews.com\/\",\"name\":\"G\u00e1vea News\",\"description\":\"Veja todas as not\u00edcias sobre o Flamengo: Contrata\u00e7\u00f5es, categorias de base, resultados das partidas, tabela de classifica\u00e7\u00e3o, pr\u00f3ximos jogos!\",\"potentialAction\":[{\"@type\":\"SearchAction\",\"target\":{\"@type\":\"EntryPoint\",\"urlTemplate\":\"https:\/\/www.gaveanews.com\/?s={search_term_string}\"},\"query-input\":{\"@type\":\"PropertyValueSpecification\",\"valueRequired\":true,\"valueName\":\"search_term_string\"}}],\"inLanguage\":\"pt-BR\"},{\"@type\":\"Person\",\"@id\":\"https:\/\/www.gaveanews.com\/#\/schema\/person\/32fddefab25b466689f181be346cd98c\",\"name\":\"Bruno Zanchetta\",\"image\":{\"@type\":\"ImageObject\",\"inLanguage\":\"pt-BR\",\"@id\":\"https:\/\/www.gaveanews.com\/#\/schema\/person\/image\/\",\"url\":\"https:\/\/secure.gravatar.com\/avatar\/3ba2d39f8a912ad65276975a996d6ad8d9e3dd13448684be8dc4d7c17099d2ee?s=96&d=mm&r=g\",\"contentUrl\":\"https:\/\/secure.gravatar.com\/avatar\/3ba2d39f8a912ad65276975a996d6ad8d9e3dd13448684be8dc4d7c17099d2ee?s=96&d=mm&r=g\",\"caption\":\"Bruno Zanchetta\"}}]}<\/script>\n<!-- \/ Yoast SEO Premium plugin. -->","yoast_head_json":{"title":"A declara\u00e7\u00e3o de Tiago Leifert sobre Ronaldo Fen\u00f4meno","robots":{"index":"index","follow":"follow","max-snippet":"max-snippet:-1","max-image-preview":"max-image-preview:large","max-video-preview":"max-video-preview:-1"},"canonical":"https:\/\/www.gaveanews.com\/index.php\/2024\/08\/13\/a-declaracao-de-tiago-leifert-sobre-ronaldo-fenomeno\/","og_locale":"pt_BR","og_type":"article","og_title":"A declara\u00e7\u00e3o de Tiago Leifert sobre Ronaldo Fen\u00f4meno","og_description":"Tiago Leifert, em seu canal no Youtube, comentou sobre uma publica\u00e7\u00e3o da famosa p\u00e1gina de futebol &#8216;433&#8217; em que compara o pique dado por Mbapp\u00e9 e o t\u00edtulo dos 100m rasos em que Usain Bolt bateu e manteve o recorde mundial e ol\u00edmpico. &#8211; A 433 fez uma publica\u00e7\u00e3o no Instagram comparando o pique que [&hellip;]","og_url":"https:\/\/www.gaveanews.com\/index.php\/2024\/08\/13\/a-declaracao-de-tiago-leifert-sobre-ronaldo-fenomeno\/","og_site_name":"G\u00e1vea News","article_publisher":"https:\/\/facebook.com\/gaveaNews\/","article_published_time":"2024-08-13T08:45:00+00:00","og_image":[{"width":640,"height":400,"url":"https:\/\/www.gaveanews.com\/wp-content\/uploads\/tiago-leifert-morte-torcedora-palmeiras-flamengo.webp","type":"image\/jpeg"}],"author":"Bruno Zanchetta","twitter_card":"summary_large_image","twitter_misc":{"Escrito por":"Bruno Zanchetta","Est. tempo de leitura":"3 minutos"},"schema":{"@context":"https:\/\/schema.org","@graph":[{"@type":"NewsArticle","@id":"https:\/\/www.gaveanews.com\/index.php\/2024\/08\/13\/a-declaracao-de-tiago-leifert-sobre-ronaldo-fenomeno\/#article","isPartOf":{"@id":"https:\/\/www.gaveanews.com\/index.php\/2024\/08\/13\/a-declaracao-de-tiago-leifert-sobre-ronaldo-fenomeno\/"},"author":{"name":"Bruno Zanchetta","@id":"https:\/\/www.gaveanews.com\/#\/schema\/person\/32fddefab25b466689f181be346cd98c"},"headline":"A declara\u00e7\u00e3o de Tiago Leifert sobre Ronaldo Fen\u00f4meno","datePublished":"2024-08-13T08:45:00+00:00","mainEntityOfPage":{"@id":"https:\/\/www.gaveanews.com\/index.php\/2024\/08\/13\/a-declaracao-de-tiago-leifert-sobre-ronaldo-fenomeno\/"},"wordCount":356,"commentCount":0,"image":{"@id":"https:\/\/www.gaveanews.com\/index.php\/2024\/08\/13\/a-declaracao-de-tiago-leifert-sobre-ronaldo-fenomeno\/#primaryimage"},"thumbnailUrl":"https:\/\/www.gaveanews.com\/wp-content\/uploads\/tiago-leifert-morte-torcedora-palmeiras-flamengo.webp","articleSection":["Corinthians","Real Madrid"],"inLanguage":"pt-BR","potentialAction":[{"@type":"CommentAction","name":"Comment","target":["https:\/\/www.gaveanews.com\/index.php\/2024\/08\/13\/a-declaracao-de-tiago-leifert-sobre-ronaldo-fenomeno\/#respond"]}],"copyrightYear":"2024","copyrightHolder":{"@id":"https:\/\/www.gaveanews.com\/#organization"}},{"@type":"WebPage","@id":"https:\/\/www.gaveanews.com\/index.php\/2024\/08\/13\/a-declaracao-de-tiago-leifert-sobre-ronaldo-fenomeno\/","url":"https:\/\/www.gaveanews.com\/index.php\/2024\/08\/13\/a-declaracao-de-tiago-leifert-sobre-ronaldo-fenomeno\/","name":"A declara\u00e7\u00e3o de Tiago Leifert sobre Ronaldo Fen\u00f4meno","isPartOf":{"@id":"https:\/\/www.gaveanews.com\/#website"},"primaryImageOfPage":{"@id":"https:\/\/www.gaveanews.com\/index.php\/2024\/08\/13\/a-declaracao-de-tiago-leifert-sobre-ronaldo-fenomeno\/#primaryimage"},"image":{"@id":"https:\/\/www.gaveanews.com\/index.php\/2024\/08\/13\/a-declaracao-de-tiago-leifert-sobre-ronaldo-fenomeno\/#primaryimage"},"thumbnailUrl":"https:\/\/www.gaveanews.com\/wp-content\/uploads\/tiago-leifert-morte-torcedora-palmeiras-flamengo.webp","datePublished":"2024-08-13T08:45:00+00:00","author":{"@id":"https:\/\/www.gaveanews.com\/#\/schema\/person\/32fddefab25b466689f181be346cd98c"},"breadcrumb":{"@id":"https:\/\/www.gaveanews.com\/index.php\/2024\/08\/13\/a-declaracao-de-tiago-leifert-sobre-ronaldo-fenomeno\/#breadcrumb"},"inLanguage":"pt-BR","potentialAction":[{"@type":"ReadAction","target":["https:\/\/www.gaveanews.com\/index.php\/2024\/08\/13\/a-declaracao-de-tiago-leifert-sobre-ronaldo-fenomeno\/"]}]},{"@type":"ImageObject","inLanguage":"pt-BR","@id":"https:\/\/www.gaveanews.com\/index.php\/2024\/08\/13\/a-declaracao-de-tiago-leifert-sobre-ronaldo-fenomeno\/#primaryimage","url":"https:\/\/www.gaveanews.com\/wp-content\/uploads\/tiago-leifert-morte-torcedora-palmeiras-flamengo.webp","contentUrl":"https:\/\/www.gaveanews.com\/wp-content\/uploads\/tiago-leifert-morte-torcedora-palmeiras-flamengo.webp","width":640,"height":400,"caption":"Tiago Leifert (Foto: Reprodu\u00e7\u00e3o)"},{"@type":"BreadcrumbList","@id":"https:\/\/www.gaveanews.com\/index.php\/2024\/08\/13\/a-declaracao-de-tiago-leifert-sobre-ronaldo-fenomeno\/#breadcrumb","itemListElement":[{"@type":"ListItem","position":1,"name":"Home","item":"https:\/\/www.gaveanews.com\/"},{"@type":"ListItem","position":2,"name":"A declara\u00e7\u00e3o de Tiago Leifert sobre Ronaldo Fen\u00f4meno"}]},{"@type":"WebSite","@id":"https:\/\/www.gaveanews.com\/#website","url":"https:\/\/www.gaveanews.com\/","name":"G\u00e1vea News","description":"Veja todas as not\u00edcias sobre o Flamengo: Contrata\u00e7\u00f5es, categorias de base, resultados das partidas, tabela de classifica\u00e7\u00e3o, pr\u00f3ximos jogos!","potentialAction":[{"@type":"SearchAction","target":{"@type":"EntryPoint","urlTemplate":"https:\/\/www.gaveanews.com\/?s={search_term_string}"},"query-input":{"@type":"PropertyValueSpecification","valueRequired":true,"valueName":"search_term_string"}}],"inLanguage":"pt-BR"},{"@type":"Person","@id":"https:\/\/www.gaveanews.com\/#\/schema\/person\/32fddefab25b466689f181be346cd98c","name":"Bruno Zanchetta","image":{"@type":"ImageObject","inLanguage":"pt-BR","@id":"https:\/\/www.gaveanews.com\/#\/schema\/person\/image\/","url":"https:\/\/secure.gravatar.com\/avatar\/3ba2d39f8a912ad65276975a996d6ad8d9e3dd13448684be8dc4d7c17099d2ee?s=96&d=mm&r=g","contentUrl":"https:\/\/secure.gravatar.com\/avatar\/3ba2d39f8a912ad65276975a996d6ad8d9e3dd13448684be8dc4d7c17099d2ee?s=96&d=mm&r=g","caption":"Bruno Zanchetta"}}]}},"_links":{"self":[{"href":"https:\/\/www.gaveanews.com\/index.php\/wp-json\/wp\/v2\/posts\/158041","targetHints":{"allow":["GET"]}}],"collection":[{"href":"https:\/\/www.gaveanews.com\/index.php\/wp-json\/wp\/v2\/posts"}],"about":[{"href":"https:\/\/www.gaveanews.com\/index.php\/wp-json\/wp\/v2\/types\/post"}],"author":[{"embeddable":true,"href":"https:\/\/www.gaveanews.com\/index.php\/wp-json\/wp\/v2\/users\/19"}],"replies":[{"embeddable":true,"href":"https:\/\/www.gaveanews.com\/index.php\/wp-json\/wp\/v2\/comments?post=158041"}],"version-history":[{"count":2,"href":"https:\/\/www.gaveanews.com\/index.php\/wp-json\/wp\/v2\/posts\/158041\/revisions"}],"predecessor-version":[{"id":158184,"href":"https:\/\/www.gaveanews.com\/index.php\/wp-json\/wp\/v2\/posts\/158041\/revisions\/158184"}],"wp:featuredmedia":[{"embeddable":true,"href":"https:\/\/www.gaveanews.com\/index.php\/wp-json\/wp\/v2\/media\/102417"}],"wp:attachment":[{"href":"https:\/\/www.gaveanews.com\/index.php\/wp-json\/wp\/v2\/media?parent=158041"}],"wp:term":[{"taxonomy":"category","embeddable":true,"href":"https:\/\/www.gaveanews.com\/index.php\/wp-json\/wp\/v2\/categories?post=158041"},{"taxonomy":"post_tag","embeddable":true,"href":"https:\/\/www.gaveanews.com\/index.php\/wp-json\/wp\/v2\/tags?post=158041"}],"curies":[{"name":"wp","href":"https:\/\/api.w.org\/{rel}","templated":true}]}}