{"id":158197,"date":"2024-08-13T09:00:07","date_gmt":"2024-08-13T12:00:07","guid":{"rendered":"https:\/\/www.gaveanews.com\/?p=158197"},"modified":"2024-08-13T09:00:14","modified_gmt":"2024-08-13T12:00:14","slug":"a-declaracao-de-tite-sobre-o-jogo-do-flamengo-na-libertadores","status":"publish","type":"post","link":"https:\/\/www.gaveanews.com\/index.php\/2024\/08\/13\/a-declaracao-de-tite-sobre-o-jogo-do-flamengo-na-libertadores\/","title":{"rendered":"A declara\u00e7\u00e3o de Tite sobre o jogo do Flamengo na Libertadores"},"content":{"rendered":"\n<h2 class=\"wp-block-heading\" id=\"h-flamengo-e-bolivar-se-enfrentam-na-proxima-quinta-feira-15\">Flamengo\u00a0e Bol\u00edvar se enfrentam na pr\u00f3xima quinta-feira (15)<\/h2>\n\n\n\n<p>O Flamengo deixou escapar, nos \u00faltimos momentos, a chance de voltar ao topo do Campeonato Brasileiro ao empatar em 1 a 1 com o Palmeiras, no \u00faltimo domingo, no Maracan\u00e3. O gol sofrido nos momentos finais do jogo, em uma jogada de bola cruzada na grande \u00e1rea, deixou um sentimento de decep\u00e7\u00e3o para os torcedores rubro-negros, que estiveram pr\u00f3ximos de garantir uma vit\u00f3ria importante na disputa pelo t\u00edtulo.<\/p>\n\n\n\n<ul class=\"wp-block-list\">\n<li><a href=\"https:\/\/www.gaveanews.com\/index.php\/2024\/08\/13\/flamengo-vive-inconstancia-e-precisa-recuperar-equilibrio-para-enfrentar-maratona-de-jogos\/\">Flamengo vive inconst\u00e2ncia e precisa recuperar equil\u00edbrio para enfrentar maratona de jogos<\/a><\/li>\n\n\n\n<li><a href=\"https:\/\/www.gaveanews.com\/index.php\/2024\/08\/12\/flamengo-define-que-vai-contratar-substituto-para-everton-cebolinha\/\">Flamengo define que vai contratar substituto para Everton Cebolinha<br><\/a><\/li>\n<\/ul>\n\n\n\n<p>O confronto entre duas das equipes mais fortes do futebol brasileiro foi muito intenso e equilibrado. O Flamengo abriu o placar com um gol de Arrascaeta e dominava as a\u00e7\u00f5es, parecendo encaminhar-se para uma vit\u00f3ria crucial. No entanto, o Palmeiras empatou no final do segundo tempo, em uma jogada de rebote, definindo assim o desfecho da partida.<\/p>\n\n\n\n<p>Depois da partida, o treinador Tite falou sobre o desgaste dos atletas pensando na partida da Libertadores na quinta-feira (15).<\/p>\n\n\n\n<figure class=\"wp-block-image size-full\"><img loading=\"lazy\" decoding=\"async\" width=\"640\" height=\"400\" src=\"https:\/\/www.gaveanews.com\/wp-content\/uploads\/tite1-1.webp\" alt=\"\" class=\"wp-image-143499\" srcset=\"https:\/\/www.gaveanews.com\/wp-content\/uploads\/tite1-1.webp 640w, https:\/\/www.gaveanews.com\/wp-content\/uploads\/tite1-1-300x188.webp 300w, https:\/\/www.gaveanews.com\/wp-content\/uploads\/tite1-1-100x63.webp 100w\" sizes=\"auto, (max-width: 640px) 100vw, 640px\" \/><figcaption class=\"wp-element-caption\">Foto: Reprodu\u00e7\u00e3o\/FlaTV\n<\/figcaption><\/figure>\n\n\n\n<p><em>-A gente come\u00e7a a pensar em todo enfrentamento que temos contra o Bol\u00edvar e vamos avaliar os atletas dispon\u00edveis nesse processo de recupera\u00e7\u00e3o, disse o comandante do time carioca ao final da partida contra o Palmeiras.<\/em><\/p>\n\n\n\n<p><em>-Est\u00edmulo e recupera\u00e7\u00e3o s\u00e3o um grande desafio. Quem fala \u00e9 um professor de educa\u00e7\u00e3o f\u00edsica. Se houver est\u00edmulo e n\u00e3o houver tempo de recupera\u00e7\u00e3o, abrem-se possibilidades para que problemas ocorram.<\/em><\/p>\n\n\n\n<p><em>-Digo isso pelos desgastes f\u00edsico e mental. Vimos uma classifica\u00e7\u00e3o na Copa do Brasil e uma briga pela lideran\u00e7a. O Flamengo est\u00e1 nas tr\u00eas competi\u00e7\u00f5es na parte de cima. Estou falando isso para os atletas e suas fam\u00edlias, pois o t\u00e9cnico sabe reconhecer o trabalho. Os atletas est\u00e3o se dedicando nesse aspecto f\u00edsico, na recupera\u00e7\u00e3o e nas substitui\u00e7\u00f5es. Hoje, seguramos o Nico. O desgaste f\u00edsico \u00e9 inevit\u00e1vel, como aconteceu com a perda de atletas por les\u00f5es, resumiu Tite.<\/em><\/p>\n\n\n\n<p>Na pr\u00f3xima quinta-feira (15), o Flamengo volta a jogar pelas oitavas de final da Copa Libertadores contra o Bol\u00edvar. Tr\u00eas jogadores do time rubro-negro est\u00e3o ausentes para o jogo decisivo no Maracan\u00e3, Mat\u00edas Vi\u00f1a, Bruno Henrique e Everton Cebolinha.<\/p>\n\n\n\n<p>Isso se deve ao fato de Bruno Henrique ter sido demitido ap\u00f3s receber um cart\u00e3o vermelho na \u00faltima rodada da fase de grupos. Al\u00e9m disso, Everton Cebolinha rompeu o tend\u00e3o de Aquiles da perna esquerda, enquanto Mat\u00edas Vi\u00f1a sofreu uma les\u00e3o no joelho direito. Ambos ser\u00e3o submetidos a cirurgias como resultado. Por fim, o atacante deixar\u00e1 a equipe em 2024.<\/p>\n\n\n\n<p>Al\u00e9m dos jogadores ausentes, o Flamengo chega ao jogo com o objetivo de melhorar sua situa\u00e7\u00e3o na temporada. O time rubro-negro n\u00e3o venceu h\u00e1 tr\u00eas jogos, enquanto o Bol\u00edvar joga contra o time carioca com um retrospecto recente positivo. A equipe de La Paz ganhou os \u00faltimos tr\u00eas jogos, marcando sete gols e n\u00e3o sofrendo nenhum gol. Assim, os bolivianos lideram o campeonato nacional com 23 pontos.<\/p>\n","protected":false},"excerpt":{"rendered":"<p>A declara\u00e7\u00e3o de Tite sobre o jogo do Flamengo na Libertadores<\/p>\n","protected":false},"author":16,"featured_media":108382,"comment_status":"open","ping_status":"closed","sticky":false,"template":"","format":"standard","meta":{"footnotes":""},"categories":[1],"tags":[],"class_list":["post-158197","post","type-post","status-publish","format-standard","has-post-thumbnail","hentry","category-flamengo"],"yoast_head":"<!-- This site is optimized with the Yoast SEO Premium plugin v24.2 (Yoast SEO v26.9) - https:\/\/yoast.com\/product\/yoast-seo-premium-wordpress\/ -->\n<title>A declara\u00e7\u00e3o de Tite sobre o jogo do Flamengo na Libertadores<\/title>\n<meta name=\"robots\" content=\"index, follow, max-snippet:-1, max-image-preview:large, max-video-preview:-1\" \/>\n<link rel=\"canonical\" href=\"https:\/\/www.gaveanews.com\/index.php\/2024\/08\/13\/a-declaracao-de-tite-sobre-o-jogo-do-flamengo-na-libertadores\/\" \/>\n<meta property=\"og:locale\" content=\"pt_BR\" \/>\n<meta property=\"og:type\" content=\"article\" \/>\n<meta property=\"og:title\" content=\"A declara\u00e7\u00e3o de Tite sobre o jogo do Flamengo na Libertadores\" \/>\n<meta property=\"og:description\" content=\"A declara\u00e7\u00e3o de Tite sobre o jogo do Flamengo na Libertadores\" \/>\n<meta property=\"og:url\" content=\"https:\/\/www.gaveanews.com\/index.php\/2024\/08\/13\/a-declaracao-de-tite-sobre-o-jogo-do-flamengo-na-libertadores\/\" \/>\n<meta property=\"og:site_name\" content=\"G\u00e1vea News\" \/>\n<meta property=\"article:publisher\" content=\"https:\/\/facebook.com\/gaveaNews\/\" \/>\n<meta property=\"article:published_time\" content=\"2024-08-13T12:00:07+00:00\" \/>\n<meta property=\"article:modified_time\" content=\"2024-08-13T12:00:14+00:00\" \/>\n<meta property=\"og:image\" content=\"https:\/\/www.gaveanews.com\/wp-content\/uploads\/tite-flamengo-coletiva.webp\" \/>\n\t<meta property=\"og:image:width\" content=\"900\" \/>\n\t<meta property=\"og:image:height\" content=\"599\" \/>\n\t<meta property=\"og:image:type\" content=\"image\/jpeg\" \/>\n<meta name=\"author\" content=\"D\u00e9bora Figueiredo\" \/>\n<meta name=\"twitter:card\" content=\"summary_large_image\" \/>\n<meta name=\"twitter:label1\" content=\"Escrito por\" \/>\n\t<meta name=\"twitter:data1\" content=\"D\u00e9bora Figueiredo\" \/>\n\t<meta name=\"twitter:label2\" content=\"Est. tempo de leitura\" \/>\n\t<meta name=\"twitter:data2\" content=\"3 minutos\" \/>\n<script type=\"application\/ld+json\" class=\"yoast-schema-graph\">{\"@context\":\"https:\/\/schema.org\",\"@graph\":[{\"@type\":\"NewsArticle\",\"@id\":\"https:\/\/www.gaveanews.com\/index.php\/2024\/08\/13\/a-declaracao-de-tite-sobre-o-jogo-do-flamengo-na-libertadores\/#article\",\"isPartOf\":{\"@id\":\"https:\/\/www.gaveanews.com\/index.php\/2024\/08\/13\/a-declaracao-de-tite-sobre-o-jogo-do-flamengo-na-libertadores\/\"},\"author\":{\"name\":\"D\u00e9bora Figueiredo\",\"@id\":\"https:\/\/www.gaveanews.com\/#\/schema\/person\/37122681a8575a5c8db05a56f099a5e4\"},\"headline\":\"A declara\u00e7\u00e3o de Tite sobre o jogo do Flamengo na Libertadores\",\"datePublished\":\"2024-08-13T12:00:07+00:00\",\"dateModified\":\"2024-08-13T12:00:14+00:00\",\"mainEntityOfPage\":{\"@id\":\"https:\/\/www.gaveanews.com\/index.php\/2024\/08\/13\/a-declaracao-de-tite-sobre-o-jogo-do-flamengo-na-libertadores\/\"},\"wordCount\":549,\"commentCount\":0,\"image\":{\"@id\":\"https:\/\/www.gaveanews.com\/index.php\/2024\/08\/13\/a-declaracao-de-tite-sobre-o-jogo-do-flamengo-na-libertadores\/#primaryimage\"},\"thumbnailUrl\":\"https:\/\/www.gaveanews.com\/wp-content\/uploads\/tite-flamengo-coletiva.webp\",\"articleSection\":[\"Flamengo\"],\"inLanguage\":\"pt-BR\",\"potentialAction\":[{\"@type\":\"CommentAction\",\"name\":\"Comment\",\"target\":[\"https:\/\/www.gaveanews.com\/index.php\/2024\/08\/13\/a-declaracao-de-tite-sobre-o-jogo-do-flamengo-na-libertadores\/#respond\"]}],\"copyrightYear\":\"2024\",\"copyrightHolder\":{\"@id\":\"https:\/\/www.gaveanews.com\/#organization\"}},{\"@type\":\"WebPage\",\"@id\":\"https:\/\/www.gaveanews.com\/index.php\/2024\/08\/13\/a-declaracao-de-tite-sobre-o-jogo-do-flamengo-na-libertadores\/\",\"url\":\"https:\/\/www.gaveanews.com\/index.php\/2024\/08\/13\/a-declaracao-de-tite-sobre-o-jogo-do-flamengo-na-libertadores\/\",\"name\":\"A declara\u00e7\u00e3o de Tite sobre o jogo do Flamengo na Libertadores\",\"isPartOf\":{\"@id\":\"https:\/\/www.gaveanews.com\/#website\"},\"primaryImageOfPage\":{\"@id\":\"https:\/\/www.gaveanews.com\/index.php\/2024\/08\/13\/a-declaracao-de-tite-sobre-o-jogo-do-flamengo-na-libertadores\/#primaryimage\"},\"image\":{\"@id\":\"https:\/\/www.gaveanews.com\/index.php\/2024\/08\/13\/a-declaracao-de-tite-sobre-o-jogo-do-flamengo-na-libertadores\/#primaryimage\"},\"thumbnailUrl\":\"https:\/\/www.gaveanews.com\/wp-content\/uploads\/tite-flamengo-coletiva.webp\",\"datePublished\":\"2024-08-13T12:00:07+00:00\",\"dateModified\":\"2024-08-13T12:00:14+00:00\",\"author\":{\"@id\":\"https:\/\/www.gaveanews.com\/#\/schema\/person\/37122681a8575a5c8db05a56f099a5e4\"},\"breadcrumb\":{\"@id\":\"https:\/\/www.gaveanews.com\/index.php\/2024\/08\/13\/a-declaracao-de-tite-sobre-o-jogo-do-flamengo-na-libertadores\/#breadcrumb\"},\"inLanguage\":\"pt-BR\",\"potentialAction\":[{\"@type\":\"ReadAction\",\"target\":[\"https:\/\/www.gaveanews.com\/index.php\/2024\/08\/13\/a-declaracao-de-tite-sobre-o-jogo-do-flamengo-na-libertadores\/\"]}]},{\"@type\":\"ImageObject\",\"inLanguage\":\"pt-BR\",\"@id\":\"https:\/\/www.gaveanews.com\/index.php\/2024\/08\/13\/a-declaracao-de-tite-sobre-o-jogo-do-flamengo-na-libertadores\/#primaryimage\",\"url\":\"https:\/\/www.gaveanews.com\/wp-content\/uploads\/tite-flamengo-coletiva.webp\",\"contentUrl\":\"https:\/\/www.gaveanews.com\/wp-content\/uploads\/tite-flamengo-coletiva.webp\",\"width\":900,\"height\":599,\"caption\":\"Tite em entrevista coletiva do Flamengo (Foto: Marcelo Cortes\/Flamengo)\"},{\"@type\":\"BreadcrumbList\",\"@id\":\"https:\/\/www.gaveanews.com\/index.php\/2024\/08\/13\/a-declaracao-de-tite-sobre-o-jogo-do-flamengo-na-libertadores\/#breadcrumb\",\"itemListElement\":[{\"@type\":\"ListItem\",\"position\":1,\"name\":\"Home\",\"item\":\"https:\/\/www.gaveanews.com\/\"},{\"@type\":\"ListItem\",\"position\":2,\"name\":\"A declara\u00e7\u00e3o de Tite sobre o jogo do Flamengo na Libertadores\"}]},{\"@type\":\"WebSite\",\"@id\":\"https:\/\/www.gaveanews.com\/#website\",\"url\":\"https:\/\/www.gaveanews.com\/\",\"name\":\"G\u00e1vea News\",\"description\":\"Veja todas as not\u00edcias sobre o Flamengo: Contrata\u00e7\u00f5es, categorias de base, resultados das partidas, tabela de classifica\u00e7\u00e3o, pr\u00f3ximos jogos!\",\"potentialAction\":[{\"@type\":\"SearchAction\",\"target\":{\"@type\":\"EntryPoint\",\"urlTemplate\":\"https:\/\/www.gaveanews.com\/?s={search_term_string}\"},\"query-input\":{\"@type\":\"PropertyValueSpecification\",\"valueRequired\":true,\"valueName\":\"search_term_string\"}}],\"inLanguage\":\"pt-BR\"},{\"@type\":\"Person\",\"@id\":\"https:\/\/www.gaveanews.com\/#\/schema\/person\/37122681a8575a5c8db05a56f099a5e4\",\"name\":\"D\u00e9bora Figueiredo\",\"image\":{\"@type\":\"ImageObject\",\"inLanguage\":\"pt-BR\",\"@id\":\"https:\/\/www.gaveanews.com\/#\/schema\/person\/image\/\",\"url\":\"https:\/\/secure.gravatar.com\/avatar\/1f44802859351588499d26f52aed1d15796ce17e67602895b72837c08018868d?s=96&d=mm&r=g\",\"contentUrl\":\"https:\/\/secure.gravatar.com\/avatar\/1f44802859351588499d26f52aed1d15796ce17e67602895b72837c08018868d?s=96&d=mm&r=g\",\"caption\":\"D\u00e9bora Figueiredo\"}}]}<\/script>\n<!-- \/ Yoast SEO Premium plugin. -->","yoast_head_json":{"title":"A declara\u00e7\u00e3o de Tite sobre o jogo do Flamengo na Libertadores","robots":{"index":"index","follow":"follow","max-snippet":"max-snippet:-1","max-image-preview":"max-image-preview:large","max-video-preview":"max-video-preview:-1"},"canonical":"https:\/\/www.gaveanews.com\/index.php\/2024\/08\/13\/a-declaracao-de-tite-sobre-o-jogo-do-flamengo-na-libertadores\/","og_locale":"pt_BR","og_type":"article","og_title":"A declara\u00e7\u00e3o de Tite sobre o jogo do Flamengo na Libertadores","og_description":"A declara\u00e7\u00e3o de Tite sobre o jogo do Flamengo na Libertadores","og_url":"https:\/\/www.gaveanews.com\/index.php\/2024\/08\/13\/a-declaracao-de-tite-sobre-o-jogo-do-flamengo-na-libertadores\/","og_site_name":"G\u00e1vea News","article_publisher":"https:\/\/facebook.com\/gaveaNews\/","article_published_time":"2024-08-13T12:00:07+00:00","article_modified_time":"2024-08-13T12:00:14+00:00","og_image":[{"width":900,"height":599,"url":"https:\/\/www.gaveanews.com\/wp-content\/uploads\/tite-flamengo-coletiva.webp","type":"image\/jpeg"}],"author":"D\u00e9bora Figueiredo","twitter_card":"summary_large_image","twitter_misc":{"Escrito por":"D\u00e9bora Figueiredo","Est. tempo de leitura":"3 minutos"},"schema":{"@context":"https:\/\/schema.org","@graph":[{"@type":"NewsArticle","@id":"https:\/\/www.gaveanews.com\/index.php\/2024\/08\/13\/a-declaracao-de-tite-sobre-o-jogo-do-flamengo-na-libertadores\/#article","isPartOf":{"@id":"https:\/\/www.gaveanews.com\/index.php\/2024\/08\/13\/a-declaracao-de-tite-sobre-o-jogo-do-flamengo-na-libertadores\/"},"author":{"name":"D\u00e9bora Figueiredo","@id":"https:\/\/www.gaveanews.com\/#\/schema\/person\/37122681a8575a5c8db05a56f099a5e4"},"headline":"A declara\u00e7\u00e3o de Tite sobre o jogo do Flamengo na Libertadores","datePublished":"2024-08-13T12:00:07+00:00","dateModified":"2024-08-13T12:00:14+00:00","mainEntityOfPage":{"@id":"https:\/\/www.gaveanews.com\/index.php\/2024\/08\/13\/a-declaracao-de-tite-sobre-o-jogo-do-flamengo-na-libertadores\/"},"wordCount":549,"commentCount":0,"image":{"@id":"https:\/\/www.gaveanews.com\/index.php\/2024\/08\/13\/a-declaracao-de-tite-sobre-o-jogo-do-flamengo-na-libertadores\/#primaryimage"},"thumbnailUrl":"https:\/\/www.gaveanews.com\/wp-content\/uploads\/tite-flamengo-coletiva.webp","articleSection":["Flamengo"],"inLanguage":"pt-BR","potentialAction":[{"@type":"CommentAction","name":"Comment","target":["https:\/\/www.gaveanews.com\/index.php\/2024\/08\/13\/a-declaracao-de-tite-sobre-o-jogo-do-flamengo-na-libertadores\/#respond"]}],"copyrightYear":"2024","copyrightHolder":{"@id":"https:\/\/www.gaveanews.com\/#organization"}},{"@type":"WebPage","@id":"https:\/\/www.gaveanews.com\/index.php\/2024\/08\/13\/a-declaracao-de-tite-sobre-o-jogo-do-flamengo-na-libertadores\/","url":"https:\/\/www.gaveanews.com\/index.php\/2024\/08\/13\/a-declaracao-de-tite-sobre-o-jogo-do-flamengo-na-libertadores\/","name":"A declara\u00e7\u00e3o de Tite sobre o jogo do Flamengo na Libertadores","isPartOf":{"@id":"https:\/\/www.gaveanews.com\/#website"},"primaryImageOfPage":{"@id":"https:\/\/www.gaveanews.com\/index.php\/2024\/08\/13\/a-declaracao-de-tite-sobre-o-jogo-do-flamengo-na-libertadores\/#primaryimage"},"image":{"@id":"https:\/\/www.gaveanews.com\/index.php\/2024\/08\/13\/a-declaracao-de-tite-sobre-o-jogo-do-flamengo-na-libertadores\/#primaryimage"},"thumbnailUrl":"https:\/\/www.gaveanews.com\/wp-content\/uploads\/tite-flamengo-coletiva.webp","datePublished":"2024-08-13T12:00:07+00:00","dateModified":"2024-08-13T12:00:14+00:00","author":{"@id":"https:\/\/www.gaveanews.com\/#\/schema\/person\/37122681a8575a5c8db05a56f099a5e4"},"breadcrumb":{"@id":"https:\/\/www.gaveanews.com\/index.php\/2024\/08\/13\/a-declaracao-de-tite-sobre-o-jogo-do-flamengo-na-libertadores\/#breadcrumb"},"inLanguage":"pt-BR","potentialAction":[{"@type":"ReadAction","target":["https:\/\/www.gaveanews.com\/index.php\/2024\/08\/13\/a-declaracao-de-tite-sobre-o-jogo-do-flamengo-na-libertadores\/"]}]},{"@type":"ImageObject","inLanguage":"pt-BR","@id":"https:\/\/www.gaveanews.com\/index.php\/2024\/08\/13\/a-declaracao-de-tite-sobre-o-jogo-do-flamengo-na-libertadores\/#primaryimage","url":"https:\/\/www.gaveanews.com\/wp-content\/uploads\/tite-flamengo-coletiva.webp","contentUrl":"https:\/\/www.gaveanews.com\/wp-content\/uploads\/tite-flamengo-coletiva.webp","width":900,"height":599,"caption":"Tite em entrevista coletiva do Flamengo (Foto: Marcelo Cortes\/Flamengo)"},{"@type":"BreadcrumbList","@id":"https:\/\/www.gaveanews.com\/index.php\/2024\/08\/13\/a-declaracao-de-tite-sobre-o-jogo-do-flamengo-na-libertadores\/#breadcrumb","itemListElement":[{"@type":"ListItem","position":1,"name":"Home","item":"https:\/\/www.gaveanews.com\/"},{"@type":"ListItem","position":2,"name":"A declara\u00e7\u00e3o de Tite sobre o jogo do Flamengo na Libertadores"}]},{"@type":"WebSite","@id":"https:\/\/www.gaveanews.com\/#website","url":"https:\/\/www.gaveanews.com\/","name":"G\u00e1vea News","description":"Veja todas as not\u00edcias sobre o Flamengo: Contrata\u00e7\u00f5es, categorias de base, resultados das partidas, tabela de classifica\u00e7\u00e3o, pr\u00f3ximos jogos!","potentialAction":[{"@type":"SearchAction","target":{"@type":"EntryPoint","urlTemplate":"https:\/\/www.gaveanews.com\/?s={search_term_string}"},"query-input":{"@type":"PropertyValueSpecification","valueRequired":true,"valueName":"search_term_string"}}],"inLanguage":"pt-BR"},{"@type":"Person","@id":"https:\/\/www.gaveanews.com\/#\/schema\/person\/37122681a8575a5c8db05a56f099a5e4","name":"D\u00e9bora Figueiredo","image":{"@type":"ImageObject","inLanguage":"pt-BR","@id":"https:\/\/www.gaveanews.com\/#\/schema\/person\/image\/","url":"https:\/\/secure.gravatar.com\/avatar\/1f44802859351588499d26f52aed1d15796ce17e67602895b72837c08018868d?s=96&d=mm&r=g","contentUrl":"https:\/\/secure.gravatar.com\/avatar\/1f44802859351588499d26f52aed1d15796ce17e67602895b72837c08018868d?s=96&d=mm&r=g","caption":"D\u00e9bora Figueiredo"}}]}},"_links":{"self":[{"href":"https:\/\/www.gaveanews.com\/index.php\/wp-json\/wp\/v2\/posts\/158197","targetHints":{"allow":["GET"]}}],"collection":[{"href":"https:\/\/www.gaveanews.com\/index.php\/wp-json\/wp\/v2\/posts"}],"about":[{"href":"https:\/\/www.gaveanews.com\/index.php\/wp-json\/wp\/v2\/types\/post"}],"author":[{"embeddable":true,"href":"https:\/\/www.gaveanews.com\/index.php\/wp-json\/wp\/v2\/users\/16"}],"replies":[{"embeddable":true,"href":"https:\/\/www.gaveanews.com\/index.php\/wp-json\/wp\/v2\/comments?post=158197"}],"version-history":[{"count":1,"href":"https:\/\/www.gaveanews.com\/index.php\/wp-json\/wp\/v2\/posts\/158197\/revisions"}],"predecessor-version":[{"id":158198,"href":"https:\/\/www.gaveanews.com\/index.php\/wp-json\/wp\/v2\/posts\/158197\/revisions\/158198"}],"wp:featuredmedia":[{"embeddable":true,"href":"https:\/\/www.gaveanews.com\/index.php\/wp-json\/wp\/v2\/media\/108382"}],"wp:attachment":[{"href":"https:\/\/www.gaveanews.com\/index.php\/wp-json\/wp\/v2\/media?parent=158197"}],"wp:term":[{"taxonomy":"category","embeddable":true,"href":"https:\/\/www.gaveanews.com\/index.php\/wp-json\/wp\/v2\/categories?post=158197"},{"taxonomy":"post_tag","embeddable":true,"href":"https:\/\/www.gaveanews.com\/index.php\/wp-json\/wp\/v2\/tags?post=158197"}],"curies":[{"name":"wp","href":"https:\/\/api.w.org\/{rel}","templated":true}]}}