{"id":158203,"date":"2024-08-13T12:00:00","date_gmt":"2024-08-13T15:00:00","guid":{"rendered":"https:\/\/www.gaveanews.com\/?p=158203"},"modified":"2024-08-13T11:53:54","modified_gmt":"2024-08-13T14:53:54","slug":"adversario-do-flamengo-na-libertadores-e-beneficiado-por-entidade-fora-dos-gramados","status":"publish","type":"post","link":"https:\/\/www.gaveanews.com\/index.php\/2024\/08\/13\/adversario-do-flamengo-na-libertadores-e-beneficiado-por-entidade-fora-dos-gramados\/","title":{"rendered":"Advers\u00e1rio do Flamengo na Libertadores \u00e9 beneficiado por entidade fora dos gramados"},"content":{"rendered":"\n<h2 class=\"wp-block-heading\" id=\"h-flamengo-e-bolivar-se-enfrentam-na-proxima-quinta-feira-15-as-21h30\">Flamengo\u00a0e\u00a0Bol\u00edvar se enfrentam\u00a0na pr\u00f3xima\u00a0quinta-feira\u00a0(15), \u00e0s 21h30<\/h2>\n\n\n\n<p>As federa\u00e7\u00f5es geralmente ajudam suas equipes nas competi\u00e7\u00f5es internacionais e fazem tudo poss\u00edvel para ajudar seus clubes nas partidas mais importantes. A Federa\u00e7\u00e3o Boliviana de Futebol (FBF), por exemplo, priorizou os clubes da Copa Libertadores ao adiar seus jogos no campeonato nacional. A CBF, por sua vez, fez o contr\u00e1rio.<\/p>\n\n\n\n<ul class=\"wp-block-list\">\n<li><a href=\"https:\/\/www.gaveanews.com\/index.php\/2024\/08\/13\/jogador-do-bolivar-manda-recado-para-o-flamengo\/\">Jogador do Bol\u00edvar manda recado para o Flamengo<\/a><\/li>\n\n\n\n<li><a href=\"https:\/\/www.gaveanews.com\/index.php\/2024\/08\/13\/a-declaracao-de-tite-sobre-o-jogo-do-flamengo-na-libertadores\/\">A declara\u00e7\u00e3o de Tite sobre o jogo do Flamengo na Libertadores<br><\/a><\/li>\n<\/ul>\n\n\n\n<p>Bol\u00edvar e The Strongest s\u00e3o os dois times bolivianos que jogam no \u00faltimo domingo (11) como representantes da Bol\u00edvia na Copa Libertadores 2024. A FBF optou por adiar essa partida para que ambas as equipes pudessem se concentrar totalmente na competi\u00e7\u00e3o Libertadores. Como resultado, o Bol\u00edvar chega ao confronto no Maracan\u00e3 com mais tempo livre para se preparar e se concentrar no Rubro-Negro.<\/p>\n\n\n\n<p>Ao mesmo tempo em que o Bol\u00edvar teve seu jogo adiado, o Flamengo come\u00e7ou a jogar em um jogo crucial para manter a lideran\u00e7a do Brasileir\u00e3o. A equipe liderada por Tite chegou a abrir o placar com 1 a 0, mas acabou sofrendo o empate nos minutos finais da partida e agora precisa come\u00e7ar de novo na Libertadores depois de perder tr\u00eas jogos consecutivos.<\/p>\n\n\n\n<figure class=\"wp-block-image size-large\"><img loading=\"lazy\" decoding=\"async\" width=\"1024\" height=\"566\" src=\"https:\/\/www.gaveanews.com\/wp-content\/uploads\/flamengo-bolivar-libertadores-e1714011822884-1024x566.webp\" alt=\"\" class=\"wp-image-142963\" srcset=\"https:\/\/www.gaveanews.com\/wp-content\/uploads\/flamengo-bolivar-libertadores-e1714011822884-1024x566.webp 1024w, https:\/\/www.gaveanews.com\/wp-content\/uploads\/flamengo-bolivar-libertadores-e1714011822884-300x166.webp 300w, https:\/\/www.gaveanews.com\/wp-content\/uploads\/flamengo-bolivar-libertadores-e1714011822884-768x424.webp 768w, https:\/\/www.gaveanews.com\/wp-content\/uploads\/flamengo-bolivar-libertadores-e1714011822884-760x420.webp 760w, https:\/\/www.gaveanews.com\/wp-content\/uploads\/flamengo-bolivar-libertadores-e1714011822884-640x354.webp 640w, https:\/\/www.gaveanews.com\/wp-content\/uploads\/flamengo-bolivar-libertadores-e1714011822884-681x376.webp 681w, https:\/\/www.gaveanews.com\/wp-content\/uploads\/flamengo-bolivar-libertadores-e1714011822884-100x55.webp 100w, https:\/\/www.gaveanews.com\/wp-content\/uploads\/flamengo-bolivar-libertadores-e1714011822884.webp 1220w\" sizes=\"auto, (max-width: 1024px) 100vw, 1024px\" \/><figcaption class=\"wp-element-caption\">Gaston Brito Miserocchi\/Getty Images\n<\/figcaption><\/figure>\n\n\n\n<p>No entanto, o Flamengo tem poucos dias para se concentrar na partida contra o Bol\u00edvar depois de vencer o Palmeiras no \u00faltimo domingo (11). Al\u00e9m disso, devido \u00e0 sequ\u00eancia de jogos intensa, a equipe ser\u00e1 prejudicada at\u00e9 o final da temporada devido \u00e0s aus\u00eancias de Everton Cebolinha e Mat\u00edas Vi\u00f1a ambos est\u00e3o lesionados o atacante j\u00e1 n\u00e3o deve mais atuar esse ano j\u00e1 o lateral falta informa\u00e7\u00f5es.<\/p>\n\n\n\n<p>O Flamengo enfrentar\u00e1 o Botafogo em um cl\u00e1ssico contra o l\u00edder do Brasileir\u00e3o entre as oitavas de final da Libertadores com isso n\u00e3o vai poder descansar direito para o volta da volta fora de casa visando a classifica\u00e7\u00e3o da Libertadores.<\/p>\n\n\n\n<p>Os momentos das equipes s\u00e3o totalmente diferentes por enquanto que o Bol\u00edvar tem 3 vit\u00f3rias seguidas, o Flamengo vem de alguns resultados negativos, 1 derrota no Brasileir\u00e3o e um empate e uma derrota para o Palmeiras na Copa do Brasil apesar de ter classificado.<\/p>\n\n\n\n<p><\/p>\n","protected":false},"excerpt":{"rendered":"<p>Advers\u00e1rio do Flamengo na Libertadores \u00e9 beneficiado por entidade fora dos gramados<\/p>\n","protected":false},"author":16,"featured_media":146502,"comment_status":"open","ping_status":"closed","sticky":false,"template":"","format":"standard","meta":{"footnotes":""},"categories":[1],"tags":[],"class_list":["post-158203","post","type-post","status-publish","format-standard","has-post-thumbnail","hentry","category-flamengo"],"yoast_head":"<!-- This site is optimized with the Yoast SEO Premium plugin v24.2 (Yoast SEO v26.9) - https:\/\/yoast.com\/product\/yoast-seo-premium-wordpress\/ -->\n<title>Advers\u00e1rio do Flamengo na Libertadores \u00e9 beneficiado por entidade fora dos gramados<\/title>\n<meta name=\"robots\" content=\"index, follow, max-snippet:-1, max-image-preview:large, max-video-preview:-1\" \/>\n<link rel=\"canonical\" href=\"https:\/\/www.gaveanews.com\/index.php\/2024\/08\/13\/adversario-do-flamengo-na-libertadores-e-beneficiado-por-entidade-fora-dos-gramados\/\" \/>\n<meta property=\"og:locale\" content=\"pt_BR\" \/>\n<meta property=\"og:type\" content=\"article\" \/>\n<meta property=\"og:title\" content=\"Advers\u00e1rio do Flamengo na Libertadores \u00e9 beneficiado por entidade fora dos gramados\" \/>\n<meta property=\"og:description\" content=\"Advers\u00e1rio do Flamengo na Libertadores \u00e9 beneficiado por entidade fora dos gramados\" \/>\n<meta property=\"og:url\" content=\"https:\/\/www.gaveanews.com\/index.php\/2024\/08\/13\/adversario-do-flamengo-na-libertadores-e-beneficiado-por-entidade-fora-dos-gramados\/\" \/>\n<meta property=\"og:site_name\" content=\"G\u00e1vea News\" \/>\n<meta property=\"article:publisher\" content=\"https:\/\/facebook.com\/gaveaNews\/\" \/>\n<meta property=\"article:published_time\" content=\"2024-08-13T15:00:00+00:00\" \/>\n<meta property=\"og:image\" content=\"https:\/\/www.gaveanews.com\/wp-content\/uploads\/torcida-do-bolivar-lamenta-decisao-contra-o-flamengo-pior_widelg.webp\" \/>\n\t<meta property=\"og:image:width\" content=\"800\" \/>\n\t<meta property=\"og:image:height\" content=\"450\" \/>\n\t<meta property=\"og:image:type\" content=\"image\/jpeg\" \/>\n<meta name=\"author\" content=\"D\u00e9bora Figueiredo\" \/>\n<meta name=\"twitter:card\" content=\"summary_large_image\" \/>\n<meta name=\"twitter:label1\" content=\"Escrito por\" \/>\n\t<meta name=\"twitter:data1\" content=\"D\u00e9bora Figueiredo\" \/>\n\t<meta name=\"twitter:label2\" content=\"Est. tempo de leitura\" \/>\n\t<meta name=\"twitter:data2\" content=\"3 minutos\" \/>\n<script type=\"application\/ld+json\" class=\"yoast-schema-graph\">{\"@context\":\"https:\/\/schema.org\",\"@graph\":[{\"@type\":\"NewsArticle\",\"@id\":\"https:\/\/www.gaveanews.com\/index.php\/2024\/08\/13\/adversario-do-flamengo-na-libertadores-e-beneficiado-por-entidade-fora-dos-gramados\/#article\",\"isPartOf\":{\"@id\":\"https:\/\/www.gaveanews.com\/index.php\/2024\/08\/13\/adversario-do-flamengo-na-libertadores-e-beneficiado-por-entidade-fora-dos-gramados\/\"},\"author\":{\"name\":\"D\u00e9bora Figueiredo\",\"@id\":\"https:\/\/www.gaveanews.com\/#\/schema\/person\/37122681a8575a5c8db05a56f099a5e4\"},\"headline\":\"Advers\u00e1rio do Flamengo na Libertadores \u00e9 beneficiado por entidade fora dos gramados\",\"datePublished\":\"2024-08-13T15:00:00+00:00\",\"mainEntityOfPage\":{\"@id\":\"https:\/\/www.gaveanews.com\/index.php\/2024\/08\/13\/adversario-do-flamengo-na-libertadores-e-beneficiado-por-entidade-fora-dos-gramados\/\"},\"wordCount\":404,\"commentCount\":0,\"image\":{\"@id\":\"https:\/\/www.gaveanews.com\/index.php\/2024\/08\/13\/adversario-do-flamengo-na-libertadores-e-beneficiado-por-entidade-fora-dos-gramados\/#primaryimage\"},\"thumbnailUrl\":\"https:\/\/www.gaveanews.com\/wp-content\/uploads\/torcida-do-bolivar-lamenta-decisao-contra-o-flamengo-pior_widelg.webp\",\"articleSection\":[\"Flamengo\"],\"inLanguage\":\"pt-BR\",\"potentialAction\":[{\"@type\":\"CommentAction\",\"name\":\"Comment\",\"target\":[\"https:\/\/www.gaveanews.com\/index.php\/2024\/08\/13\/adversario-do-flamengo-na-libertadores-e-beneficiado-por-entidade-fora-dos-gramados\/#respond\"]}],\"copyrightYear\":\"2024\",\"copyrightHolder\":{\"@id\":\"https:\/\/www.gaveanews.com\/#organization\"}},{\"@type\":\"WebPage\",\"@id\":\"https:\/\/www.gaveanews.com\/index.php\/2024\/08\/13\/adversario-do-flamengo-na-libertadores-e-beneficiado-por-entidade-fora-dos-gramados\/\",\"url\":\"https:\/\/www.gaveanews.com\/index.php\/2024\/08\/13\/adversario-do-flamengo-na-libertadores-e-beneficiado-por-entidade-fora-dos-gramados\/\",\"name\":\"Advers\u00e1rio do Flamengo na Libertadores \u00e9 beneficiado por entidade fora dos gramados\",\"isPartOf\":{\"@id\":\"https:\/\/www.gaveanews.com\/#website\"},\"primaryImageOfPage\":{\"@id\":\"https:\/\/www.gaveanews.com\/index.php\/2024\/08\/13\/adversario-do-flamengo-na-libertadores-e-beneficiado-por-entidade-fora-dos-gramados\/#primaryimage\"},\"image\":{\"@id\":\"https:\/\/www.gaveanews.com\/index.php\/2024\/08\/13\/adversario-do-flamengo-na-libertadores-e-beneficiado-por-entidade-fora-dos-gramados\/#primaryimage\"},\"thumbnailUrl\":\"https:\/\/www.gaveanews.com\/wp-content\/uploads\/torcida-do-bolivar-lamenta-decisao-contra-o-flamengo-pior_widelg.webp\",\"datePublished\":\"2024-08-13T15:00:00+00:00\",\"author\":{\"@id\":\"https:\/\/www.gaveanews.com\/#\/schema\/person\/37122681a8575a5c8db05a56f099a5e4\"},\"breadcrumb\":{\"@id\":\"https:\/\/www.gaveanews.com\/index.php\/2024\/08\/13\/adversario-do-flamengo-na-libertadores-e-beneficiado-por-entidade-fora-dos-gramados\/#breadcrumb\"},\"inLanguage\":\"pt-BR\",\"potentialAction\":[{\"@type\":\"ReadAction\",\"target\":[\"https:\/\/www.gaveanews.com\/index.php\/2024\/08\/13\/adversario-do-flamengo-na-libertadores-e-beneficiado-por-entidade-fora-dos-gramados\/\"]}]},{\"@type\":\"ImageObject\",\"inLanguage\":\"pt-BR\",\"@id\":\"https:\/\/www.gaveanews.com\/index.php\/2024\/08\/13\/adversario-do-flamengo-na-libertadores-e-beneficiado-por-entidade-fora-dos-gramados\/#primaryimage\",\"url\":\"https:\/\/www.gaveanews.com\/wp-content\/uploads\/torcida-do-bolivar-lamenta-decisao-contra-o-flamengo-pior_widelg.webp\",\"contentUrl\":\"https:\/\/www.gaveanews.com\/wp-content\/uploads\/torcida-do-bolivar-lamenta-decisao-contra-o-flamengo-pior_widelg.webp\",\"width\":800,\"height\":450,\"caption\":\"Flamengo enfrentando o Bol\u00edvar na Libertadores - Getty Images\"},{\"@type\":\"BreadcrumbList\",\"@id\":\"https:\/\/www.gaveanews.com\/index.php\/2024\/08\/13\/adversario-do-flamengo-na-libertadores-e-beneficiado-por-entidade-fora-dos-gramados\/#breadcrumb\",\"itemListElement\":[{\"@type\":\"ListItem\",\"position\":1,\"name\":\"Home\",\"item\":\"https:\/\/www.gaveanews.com\/\"},{\"@type\":\"ListItem\",\"position\":2,\"name\":\"Advers\u00e1rio do Flamengo na Libertadores \u00e9 beneficiado por entidade fora dos gramados\"}]},{\"@type\":\"WebSite\",\"@id\":\"https:\/\/www.gaveanews.com\/#website\",\"url\":\"https:\/\/www.gaveanews.com\/\",\"name\":\"G\u00e1vea News\",\"description\":\"Veja todas as not\u00edcias sobre o Flamengo: Contrata\u00e7\u00f5es, categorias de base, resultados das partidas, tabela de classifica\u00e7\u00e3o, pr\u00f3ximos jogos!\",\"potentialAction\":[{\"@type\":\"SearchAction\",\"target\":{\"@type\":\"EntryPoint\",\"urlTemplate\":\"https:\/\/www.gaveanews.com\/?s={search_term_string}\"},\"query-input\":{\"@type\":\"PropertyValueSpecification\",\"valueRequired\":true,\"valueName\":\"search_term_string\"}}],\"inLanguage\":\"pt-BR\"},{\"@type\":\"Person\",\"@id\":\"https:\/\/www.gaveanews.com\/#\/schema\/person\/37122681a8575a5c8db05a56f099a5e4\",\"name\":\"D\u00e9bora Figueiredo\",\"image\":{\"@type\":\"ImageObject\",\"inLanguage\":\"pt-BR\",\"@id\":\"https:\/\/www.gaveanews.com\/#\/schema\/person\/image\/\",\"url\":\"https:\/\/secure.gravatar.com\/avatar\/1f44802859351588499d26f52aed1d15796ce17e67602895b72837c08018868d?s=96&d=mm&r=g\",\"contentUrl\":\"https:\/\/secure.gravatar.com\/avatar\/1f44802859351588499d26f52aed1d15796ce17e67602895b72837c08018868d?s=96&d=mm&r=g\",\"caption\":\"D\u00e9bora Figueiredo\"}}]}<\/script>\n<!-- \/ Yoast SEO Premium plugin. -->","yoast_head_json":{"title":"Advers\u00e1rio do Flamengo na Libertadores \u00e9 beneficiado por entidade fora dos gramados","robots":{"index":"index","follow":"follow","max-snippet":"max-snippet:-1","max-image-preview":"max-image-preview:large","max-video-preview":"max-video-preview:-1"},"canonical":"https:\/\/www.gaveanews.com\/index.php\/2024\/08\/13\/adversario-do-flamengo-na-libertadores-e-beneficiado-por-entidade-fora-dos-gramados\/","og_locale":"pt_BR","og_type":"article","og_title":"Advers\u00e1rio do Flamengo na Libertadores \u00e9 beneficiado por entidade fora dos gramados","og_description":"Advers\u00e1rio do Flamengo na Libertadores \u00e9 beneficiado por entidade fora dos gramados","og_url":"https:\/\/www.gaveanews.com\/index.php\/2024\/08\/13\/adversario-do-flamengo-na-libertadores-e-beneficiado-por-entidade-fora-dos-gramados\/","og_site_name":"G\u00e1vea News","article_publisher":"https:\/\/facebook.com\/gaveaNews\/","article_published_time":"2024-08-13T15:00:00+00:00","og_image":[{"width":800,"height":450,"url":"https:\/\/www.gaveanews.com\/wp-content\/uploads\/torcida-do-bolivar-lamenta-decisao-contra-o-flamengo-pior_widelg.webp","type":"image\/jpeg"}],"author":"D\u00e9bora Figueiredo","twitter_card":"summary_large_image","twitter_misc":{"Escrito por":"D\u00e9bora Figueiredo","Est. tempo de leitura":"3 minutos"},"schema":{"@context":"https:\/\/schema.org","@graph":[{"@type":"NewsArticle","@id":"https:\/\/www.gaveanews.com\/index.php\/2024\/08\/13\/adversario-do-flamengo-na-libertadores-e-beneficiado-por-entidade-fora-dos-gramados\/#article","isPartOf":{"@id":"https:\/\/www.gaveanews.com\/index.php\/2024\/08\/13\/adversario-do-flamengo-na-libertadores-e-beneficiado-por-entidade-fora-dos-gramados\/"},"author":{"name":"D\u00e9bora Figueiredo","@id":"https:\/\/www.gaveanews.com\/#\/schema\/person\/37122681a8575a5c8db05a56f099a5e4"},"headline":"Advers\u00e1rio do Flamengo na Libertadores \u00e9 beneficiado por entidade fora dos gramados","datePublished":"2024-08-13T15:00:00+00:00","mainEntityOfPage":{"@id":"https:\/\/www.gaveanews.com\/index.php\/2024\/08\/13\/adversario-do-flamengo-na-libertadores-e-beneficiado-por-entidade-fora-dos-gramados\/"},"wordCount":404,"commentCount":0,"image":{"@id":"https:\/\/www.gaveanews.com\/index.php\/2024\/08\/13\/adversario-do-flamengo-na-libertadores-e-beneficiado-por-entidade-fora-dos-gramados\/#primaryimage"},"thumbnailUrl":"https:\/\/www.gaveanews.com\/wp-content\/uploads\/torcida-do-bolivar-lamenta-decisao-contra-o-flamengo-pior_widelg.webp","articleSection":["Flamengo"],"inLanguage":"pt-BR","potentialAction":[{"@type":"CommentAction","name":"Comment","target":["https:\/\/www.gaveanews.com\/index.php\/2024\/08\/13\/adversario-do-flamengo-na-libertadores-e-beneficiado-por-entidade-fora-dos-gramados\/#respond"]}],"copyrightYear":"2024","copyrightHolder":{"@id":"https:\/\/www.gaveanews.com\/#organization"}},{"@type":"WebPage","@id":"https:\/\/www.gaveanews.com\/index.php\/2024\/08\/13\/adversario-do-flamengo-na-libertadores-e-beneficiado-por-entidade-fora-dos-gramados\/","url":"https:\/\/www.gaveanews.com\/index.php\/2024\/08\/13\/adversario-do-flamengo-na-libertadores-e-beneficiado-por-entidade-fora-dos-gramados\/","name":"Advers\u00e1rio do Flamengo na Libertadores \u00e9 beneficiado por entidade fora dos gramados","isPartOf":{"@id":"https:\/\/www.gaveanews.com\/#website"},"primaryImageOfPage":{"@id":"https:\/\/www.gaveanews.com\/index.php\/2024\/08\/13\/adversario-do-flamengo-na-libertadores-e-beneficiado-por-entidade-fora-dos-gramados\/#primaryimage"},"image":{"@id":"https:\/\/www.gaveanews.com\/index.php\/2024\/08\/13\/adversario-do-flamengo-na-libertadores-e-beneficiado-por-entidade-fora-dos-gramados\/#primaryimage"},"thumbnailUrl":"https:\/\/www.gaveanews.com\/wp-content\/uploads\/torcida-do-bolivar-lamenta-decisao-contra-o-flamengo-pior_widelg.webp","datePublished":"2024-08-13T15:00:00+00:00","author":{"@id":"https:\/\/www.gaveanews.com\/#\/schema\/person\/37122681a8575a5c8db05a56f099a5e4"},"breadcrumb":{"@id":"https:\/\/www.gaveanews.com\/index.php\/2024\/08\/13\/adversario-do-flamengo-na-libertadores-e-beneficiado-por-entidade-fora-dos-gramados\/#breadcrumb"},"inLanguage":"pt-BR","potentialAction":[{"@type":"ReadAction","target":["https:\/\/www.gaveanews.com\/index.php\/2024\/08\/13\/adversario-do-flamengo-na-libertadores-e-beneficiado-por-entidade-fora-dos-gramados\/"]}]},{"@type":"ImageObject","inLanguage":"pt-BR","@id":"https:\/\/www.gaveanews.com\/index.php\/2024\/08\/13\/adversario-do-flamengo-na-libertadores-e-beneficiado-por-entidade-fora-dos-gramados\/#primaryimage","url":"https:\/\/www.gaveanews.com\/wp-content\/uploads\/torcida-do-bolivar-lamenta-decisao-contra-o-flamengo-pior_widelg.webp","contentUrl":"https:\/\/www.gaveanews.com\/wp-content\/uploads\/torcida-do-bolivar-lamenta-decisao-contra-o-flamengo-pior_widelg.webp","width":800,"height":450,"caption":"Flamengo enfrentando o Bol\u00edvar na Libertadores - Getty Images"},{"@type":"BreadcrumbList","@id":"https:\/\/www.gaveanews.com\/index.php\/2024\/08\/13\/adversario-do-flamengo-na-libertadores-e-beneficiado-por-entidade-fora-dos-gramados\/#breadcrumb","itemListElement":[{"@type":"ListItem","position":1,"name":"Home","item":"https:\/\/www.gaveanews.com\/"},{"@type":"ListItem","position":2,"name":"Advers\u00e1rio do Flamengo na Libertadores \u00e9 beneficiado por entidade fora dos gramados"}]},{"@type":"WebSite","@id":"https:\/\/www.gaveanews.com\/#website","url":"https:\/\/www.gaveanews.com\/","name":"G\u00e1vea News","description":"Veja todas as not\u00edcias sobre o Flamengo: Contrata\u00e7\u00f5es, categorias de base, resultados das partidas, tabela de classifica\u00e7\u00e3o, pr\u00f3ximos jogos!","potentialAction":[{"@type":"SearchAction","target":{"@type":"EntryPoint","urlTemplate":"https:\/\/www.gaveanews.com\/?s={search_term_string}"},"query-input":{"@type":"PropertyValueSpecification","valueRequired":true,"valueName":"search_term_string"}}],"inLanguage":"pt-BR"},{"@type":"Person","@id":"https:\/\/www.gaveanews.com\/#\/schema\/person\/37122681a8575a5c8db05a56f099a5e4","name":"D\u00e9bora Figueiredo","image":{"@type":"ImageObject","inLanguage":"pt-BR","@id":"https:\/\/www.gaveanews.com\/#\/schema\/person\/image\/","url":"https:\/\/secure.gravatar.com\/avatar\/1f44802859351588499d26f52aed1d15796ce17e67602895b72837c08018868d?s=96&d=mm&r=g","contentUrl":"https:\/\/secure.gravatar.com\/avatar\/1f44802859351588499d26f52aed1d15796ce17e67602895b72837c08018868d?s=96&d=mm&r=g","caption":"D\u00e9bora Figueiredo"}}]}},"_links":{"self":[{"href":"https:\/\/www.gaveanews.com\/index.php\/wp-json\/wp\/v2\/posts\/158203","targetHints":{"allow":["GET"]}}],"collection":[{"href":"https:\/\/www.gaveanews.com\/index.php\/wp-json\/wp\/v2\/posts"}],"about":[{"href":"https:\/\/www.gaveanews.com\/index.php\/wp-json\/wp\/v2\/types\/post"}],"author":[{"embeddable":true,"href":"https:\/\/www.gaveanews.com\/index.php\/wp-json\/wp\/v2\/users\/16"}],"replies":[{"embeddable":true,"href":"https:\/\/www.gaveanews.com\/index.php\/wp-json\/wp\/v2\/comments?post=158203"}],"version-history":[{"count":1,"href":"https:\/\/www.gaveanews.com\/index.php\/wp-json\/wp\/v2\/posts\/158203\/revisions"}],"predecessor-version":[{"id":158218,"href":"https:\/\/www.gaveanews.com\/index.php\/wp-json\/wp\/v2\/posts\/158203\/revisions\/158218"}],"wp:featuredmedia":[{"embeddable":true,"href":"https:\/\/www.gaveanews.com\/index.php\/wp-json\/wp\/v2\/media\/146502"}],"wp:attachment":[{"href":"https:\/\/www.gaveanews.com\/index.php\/wp-json\/wp\/v2\/media?parent=158203"}],"wp:term":[{"taxonomy":"category","embeddable":true,"href":"https:\/\/www.gaveanews.com\/index.php\/wp-json\/wp\/v2\/categories?post=158203"},{"taxonomy":"post_tag","embeddable":true,"href":"https:\/\/www.gaveanews.com\/index.php\/wp-json\/wp\/v2\/tags?post=158203"}],"curies":[{"name":"wp","href":"https:\/\/api.w.org\/{rel}","templated":true}]}}