{"id":158206,"date":"2024-08-13T11:14:16","date_gmt":"2024-08-13T14:14:16","guid":{"rendered":"https:\/\/www.gaveanews.com\/?p=158206"},"modified":"2024-08-13T11:14:17","modified_gmt":"2024-08-13T14:14:17","slug":"san-lorenzo-x-atletico-mg-deyverson-joga","status":"publish","type":"post","link":"https:\/\/www.gaveanews.com\/index.php\/2024\/08\/13\/san-lorenzo-x-atletico-mg-deyverson-joga\/","title":{"rendered":"San Lorenzo x Atl\u00e9tico-MG: Deyverson joga?"},"content":{"rendered":"\n<p>Deyverson teve sua contrata\u00e7\u00e3o confirmada pelo Atl\u00e9tico Mineiro na \u00faltima semana. J\u00e1 n\u00e3o pode jogar a Copa do Brasil pois participou da competi\u00e7\u00e3o pelo Cuiab\u00e1 e est\u00e1 apto a jogar a Libertadores e o Brasileir\u00e3o pelo Galo.<\/p>\n\n\n\n<p>Os torcedores se questionam se o homem que deu o t\u00edtulo a \u00faltima conquista do Palmeiras em cima do Flamengo ter\u00e1 condi\u00e7\u00f5es de estrear contra o San Lorenzo, na Argentina.<\/p>\n\n\n\n<ul class=\"wp-block-list\">\n<li><a href=\"https:\/\/www.gaveanews.com\/index.php\/2024\/07\/23\/guardiola-rasga-elogios-a-atacante-ex-atletico-mineiro\/\">Guardiola rasga elogios a atacante ex-Atl\u00e9tico Mineiro<\/a><\/li>\n\n\n\n<li><a href=\"https:\/\/www.gaveanews.com\/index.php\/2023\/08\/30\/atletico-mineiro-podera-ser-punido-pela-cbf-devido-ao-jogo-contra-o-flamengo-pelo-brasileirao\/\">Atl\u00e9tico Mineiro poder\u00e1 ser punido pela CBF devido ao jogo contra o Flamengo pelo Brasileir\u00e3o<\/a><\/li>\n<\/ul>\n\n\n\n<p>De acordo com o Portal Atleticano, no \u00faltimo domingo (11), o Atl\u00e9tico Mineiro divulgou a lista dos jogadores convocados para a primeira partida das oitavas de final da Libertadores. \u00a0<\/p>\n\n\n\n<p>Hulk \u00e9 desfalque j\u00e1 que est\u00e1 h\u00e1 um bom tempo se recuperando de uma les\u00e3o na panturrilha direita. A outra aus\u00eancia \u00e9 do atacante Eduardo Vargas, afastado pelo Departamento M\u00e9dico devido a uma dor no joelho direito. Gabriel Milito, para o lugar deles, conta com todos os refor\u00e7os contratados nessa janela de transfer\u00eancias, inclusive Deyverson, que foi regularizado na Libertadores e estreou no \u00faltimo final de semana no empate em 0 a 0 com o Cruzeiro. <\/p>\n\n\n\n<p>Fausto Vera, Lyanco, Alonso e Bernard tamb\u00e9m estar\u00e3o dispon\u00edveis para a partida contra o San Lorenzo. Alisson, que estava fora da equipe do Galo desde o dia 24 de junho por conta de uma les\u00e3o no ligamento do tornozelo esquerdo, tamb\u00e9m est\u00e1 de volta a equipe.<\/p>\n\n\n\n<h2 class=\"wp-block-heading\" id=\"h-onde-assistir-atletico-mineiro-e-san-lorenzo\">Onde assistir Atl\u00e9tico Mineiro e San Lorenzo?<\/h2>\n\n\n\n<p>San Lorenzo e Atl\u00e9tico se enfrentam a partir das 21h30 desta ter\u00e7a-feira (13\/8), no Est\u00e1dio El Nuevo Gas\u00f3metro, em Buenos Aires. O San Lorenzo atravessa crise dentro e fora das quatro linhas. No \u00e2mbito pol\u00edtico, no \u00faltimo domingo (11\/8), a diretoria do clube argentino anunciou mudan\u00e7as no departamento de futebol, com a sa\u00edda de N\u00e9stor Ortigoza \u2013 ex-jogador e \u00eddolo da institui\u00e7\u00e3o.<\/p>\n\n\n\n<p>Dentro de campo, j\u00e1 s\u00e3o quatro jogos sem vencer, com dois empates e duas derrotas no recorte mais recente. Nas \u00faltimas semanas, com os resultados negativos, o San Lorenzo foi eliminado nas oitavas de final da Copa Argentina e caiu para a 24\u00aa posi\u00e7\u00e3o do Campeonato Argentino (entre 28 times).<\/p>\n\n\n\n<p>O Atl\u00e9tico, por sua vez, trabalha para confirmar o crescimento dentro das quatro linhas. Nos \u00faltimos dois compromissos,\u00a0o Galo eliminou o CRB\u00a0(3 a 0) nas oitavas de final da Copa do Brasil e, mesmo superior ao advers\u00e1rio,\u00a0empatou cl\u00e1ssico com o arquirrival Cruzeiro\u00a0(0 a 0) na 22\u00aa rodada da S\u00e9rie A do Campeonato Brasileiro.<\/p>\n\n\n\n<p>O duelo de ida das oitavas de final da Copa Libertadores ter\u00e1 transmiss\u00e3o exclusiva por servi\u00e7o de streaming sendo o da Paramount +.<\/p>\n","protected":false},"excerpt":{"rendered":"<p>Deyverson teve sua contrata\u00e7\u00e3o confirmada pelo Atl\u00e9tico Mineiro na \u00faltima semana. J\u00e1 n\u00e3o pode jogar a Copa do Brasil pois participou da competi\u00e7\u00e3o pelo Cuiab\u00e1 e est\u00e1 apto a jogar a Libertadores e o Brasileir\u00e3o pelo Galo. Os torcedores se questionam se o homem que deu o t\u00edtulo a \u00faltima conquista do Palmeiras em cima [&hellip;]<\/p>\n","protected":false},"author":19,"featured_media":158213,"comment_status":"open","ping_status":"closed","sticky":false,"template":"","format":"standard","meta":{"footnotes":""},"categories":[136],"tags":[],"class_list":["post-158206","post","type-post","status-publish","format-standard","has-post-thumbnail","hentry","category-atletico-mg"],"yoast_head":"<!-- This site is optimized with the Yoast SEO Premium plugin v24.2 (Yoast SEO v26.9) - https:\/\/yoast.com\/product\/yoast-seo-premium-wordpress\/ -->\n<title>San Lorenzo x Atl\u00e9tico-MG: Deyverson joga?<\/title>\n<meta name=\"robots\" content=\"index, follow, max-snippet:-1, max-image-preview:large, max-video-preview:-1\" \/>\n<link rel=\"canonical\" href=\"https:\/\/www.gaveanews.com\/index.php\/2024\/08\/13\/san-lorenzo-x-atletico-mg-deyverson-joga\/\" \/>\n<meta property=\"og:locale\" content=\"pt_BR\" \/>\n<meta property=\"og:type\" content=\"article\" \/>\n<meta property=\"og:title\" content=\"San Lorenzo x Atl\u00e9tico-MG: Deyverson joga?\" \/>\n<meta property=\"og:description\" content=\"Deyverson teve sua contrata\u00e7\u00e3o confirmada pelo Atl\u00e9tico Mineiro na \u00faltima semana. J\u00e1 n\u00e3o pode jogar a Copa do Brasil pois participou da competi\u00e7\u00e3o pelo Cuiab\u00e1 e est\u00e1 apto a jogar a Libertadores e o Brasileir\u00e3o pelo Galo. Os torcedores se questionam se o homem que deu o t\u00edtulo a \u00faltima conquista do Palmeiras em cima [&hellip;]\" \/>\n<meta property=\"og:url\" content=\"https:\/\/www.gaveanews.com\/index.php\/2024\/08\/13\/san-lorenzo-x-atletico-mg-deyverson-joga\/\" \/>\n<meta property=\"og:site_name\" content=\"G\u00e1vea News\" \/>\n<meta property=\"article:publisher\" content=\"https:\/\/facebook.com\/gaveaNews\/\" \/>\n<meta property=\"article:published_time\" content=\"2024-08-13T14:14:16+00:00\" \/>\n<meta property=\"article:modified_time\" content=\"2024-08-13T14:14:17+00:00\" \/>\n<meta property=\"og:image\" content=\"https:\/\/www.gaveanews.com\/wp-content\/uploads\/Deyverson-com-a-camisa-do-Atletico-Mineiro-em-2024.webp\" \/>\n\t<meta property=\"og:image:width\" content=\"1350\" \/>\n\t<meta property=\"og:image:height\" content=\"1013\" \/>\n\t<meta property=\"og:image:type\" content=\"image\/webp\" \/>\n<meta name=\"author\" content=\"Bruno Zanchetta\" \/>\n<meta name=\"twitter:card\" content=\"summary_large_image\" \/>\n<meta name=\"twitter:label1\" content=\"Escrito por\" \/>\n\t<meta name=\"twitter:data1\" content=\"Bruno Zanchetta\" \/>\n\t<meta name=\"twitter:label2\" content=\"Est. tempo de leitura\" \/>\n\t<meta name=\"twitter:data2\" content=\"3 minutos\" \/>\n<script type=\"application\/ld+json\" class=\"yoast-schema-graph\">{\"@context\":\"https:\/\/schema.org\",\"@graph\":[{\"@type\":\"NewsArticle\",\"@id\":\"https:\/\/www.gaveanews.com\/index.php\/2024\/08\/13\/san-lorenzo-x-atletico-mg-deyverson-joga\/#article\",\"isPartOf\":{\"@id\":\"https:\/\/www.gaveanews.com\/index.php\/2024\/08\/13\/san-lorenzo-x-atletico-mg-deyverson-joga\/\"},\"author\":{\"name\":\"Bruno Zanchetta\",\"@id\":\"https:\/\/www.gaveanews.com\/#\/schema\/person\/32fddefab25b466689f181be346cd98c\"},\"headline\":\"San Lorenzo x Atl\u00e9tico-MG: Deyverson joga?\",\"datePublished\":\"2024-08-13T14:14:16+00:00\",\"dateModified\":\"2024-08-13T14:14:17+00:00\",\"mainEntityOfPage\":{\"@id\":\"https:\/\/www.gaveanews.com\/index.php\/2024\/08\/13\/san-lorenzo-x-atletico-mg-deyverson-joga\/\"},\"wordCount\":468,\"commentCount\":0,\"image\":{\"@id\":\"https:\/\/www.gaveanews.com\/index.php\/2024\/08\/13\/san-lorenzo-x-atletico-mg-deyverson-joga\/#primaryimage\"},\"thumbnailUrl\":\"https:\/\/www.gaveanews.com\/wp-content\/uploads\/Deyverson-com-a-camisa-do-Atletico-Mineiro-em-2024.webp\",\"articleSection\":[\"Atl\u00e9tico-MG\"],\"inLanguage\":\"pt-BR\",\"potentialAction\":[{\"@type\":\"CommentAction\",\"name\":\"Comment\",\"target\":[\"https:\/\/www.gaveanews.com\/index.php\/2024\/08\/13\/san-lorenzo-x-atletico-mg-deyverson-joga\/#respond\"]}],\"copyrightYear\":\"2024\",\"copyrightHolder\":{\"@id\":\"https:\/\/www.gaveanews.com\/#organization\"}},{\"@type\":\"WebPage\",\"@id\":\"https:\/\/www.gaveanews.com\/index.php\/2024\/08\/13\/san-lorenzo-x-atletico-mg-deyverson-joga\/\",\"url\":\"https:\/\/www.gaveanews.com\/index.php\/2024\/08\/13\/san-lorenzo-x-atletico-mg-deyverson-joga\/\",\"name\":\"San Lorenzo x Atl\u00e9tico-MG: Deyverson joga?\",\"isPartOf\":{\"@id\":\"https:\/\/www.gaveanews.com\/#website\"},\"primaryImageOfPage\":{\"@id\":\"https:\/\/www.gaveanews.com\/index.php\/2024\/08\/13\/san-lorenzo-x-atletico-mg-deyverson-joga\/#primaryimage\"},\"image\":{\"@id\":\"https:\/\/www.gaveanews.com\/index.php\/2024\/08\/13\/san-lorenzo-x-atletico-mg-deyverson-joga\/#primaryimage\"},\"thumbnailUrl\":\"https:\/\/www.gaveanews.com\/wp-content\/uploads\/Deyverson-com-a-camisa-do-Atletico-Mineiro-em-2024.webp\",\"datePublished\":\"2024-08-13T14:14:16+00:00\",\"dateModified\":\"2024-08-13T14:14:17+00:00\",\"author\":{\"@id\":\"https:\/\/www.gaveanews.com\/#\/schema\/person\/32fddefab25b466689f181be346cd98c\"},\"breadcrumb\":{\"@id\":\"https:\/\/www.gaveanews.com\/index.php\/2024\/08\/13\/san-lorenzo-x-atletico-mg-deyverson-joga\/#breadcrumb\"},\"inLanguage\":\"pt-BR\",\"potentialAction\":[{\"@type\":\"ReadAction\",\"target\":[\"https:\/\/www.gaveanews.com\/index.php\/2024\/08\/13\/san-lorenzo-x-atletico-mg-deyverson-joga\/\"]}]},{\"@type\":\"ImageObject\",\"inLanguage\":\"pt-BR\",\"@id\":\"https:\/\/www.gaveanews.com\/index.php\/2024\/08\/13\/san-lorenzo-x-atletico-mg-deyverson-joga\/#primaryimage\",\"url\":\"https:\/\/www.gaveanews.com\/wp-content\/uploads\/Deyverson-com-a-camisa-do-Atletico-Mineiro-em-2024.webp\",\"contentUrl\":\"https:\/\/www.gaveanews.com\/wp-content\/uploads\/Deyverson-com-a-camisa-do-Atletico-Mineiro-em-2024.webp\",\"width\":1350,\"height\":1013,\"caption\":\"Deyverson com a camisa do Atl\u00e9tico Mineiro em 2024 (Foto: Divulga\u00e7\u00e3o\/Atl\u00e9tico Mineiro)\"},{\"@type\":\"BreadcrumbList\",\"@id\":\"https:\/\/www.gaveanews.com\/index.php\/2024\/08\/13\/san-lorenzo-x-atletico-mg-deyverson-joga\/#breadcrumb\",\"itemListElement\":[{\"@type\":\"ListItem\",\"position\":1,\"name\":\"Home\",\"item\":\"https:\/\/www.gaveanews.com\/\"},{\"@type\":\"ListItem\",\"position\":2,\"name\":\"San Lorenzo x Atl\u00e9tico-MG: Deyverson joga?\"}]},{\"@type\":\"WebSite\",\"@id\":\"https:\/\/www.gaveanews.com\/#website\",\"url\":\"https:\/\/www.gaveanews.com\/\",\"name\":\"G\u00e1vea News\",\"description\":\"Veja todas as not\u00edcias sobre o Flamengo: Contrata\u00e7\u00f5es, categorias de base, resultados das partidas, tabela de classifica\u00e7\u00e3o, pr\u00f3ximos jogos!\",\"potentialAction\":[{\"@type\":\"SearchAction\",\"target\":{\"@type\":\"EntryPoint\",\"urlTemplate\":\"https:\/\/www.gaveanews.com\/?s={search_term_string}\"},\"query-input\":{\"@type\":\"PropertyValueSpecification\",\"valueRequired\":true,\"valueName\":\"search_term_string\"}}],\"inLanguage\":\"pt-BR\"},{\"@type\":\"Person\",\"@id\":\"https:\/\/www.gaveanews.com\/#\/schema\/person\/32fddefab25b466689f181be346cd98c\",\"name\":\"Bruno Zanchetta\",\"image\":{\"@type\":\"ImageObject\",\"inLanguage\":\"pt-BR\",\"@id\":\"https:\/\/www.gaveanews.com\/#\/schema\/person\/image\/\",\"url\":\"https:\/\/secure.gravatar.com\/avatar\/3ba2d39f8a912ad65276975a996d6ad8d9e3dd13448684be8dc4d7c17099d2ee?s=96&d=mm&r=g\",\"contentUrl\":\"https:\/\/secure.gravatar.com\/avatar\/3ba2d39f8a912ad65276975a996d6ad8d9e3dd13448684be8dc4d7c17099d2ee?s=96&d=mm&r=g\",\"caption\":\"Bruno Zanchetta\"}}]}<\/script>\n<!-- \/ Yoast SEO Premium plugin. -->","yoast_head_json":{"title":"San Lorenzo x Atl\u00e9tico-MG: Deyverson joga?","robots":{"index":"index","follow":"follow","max-snippet":"max-snippet:-1","max-image-preview":"max-image-preview:large","max-video-preview":"max-video-preview:-1"},"canonical":"https:\/\/www.gaveanews.com\/index.php\/2024\/08\/13\/san-lorenzo-x-atletico-mg-deyverson-joga\/","og_locale":"pt_BR","og_type":"article","og_title":"San Lorenzo x Atl\u00e9tico-MG: Deyverson joga?","og_description":"Deyverson teve sua contrata\u00e7\u00e3o confirmada pelo Atl\u00e9tico Mineiro na \u00faltima semana. J\u00e1 n\u00e3o pode jogar a Copa do Brasil pois participou da competi\u00e7\u00e3o pelo Cuiab\u00e1 e est\u00e1 apto a jogar a Libertadores e o Brasileir\u00e3o pelo Galo. Os torcedores se questionam se o homem que deu o t\u00edtulo a \u00faltima conquista do Palmeiras em cima [&hellip;]","og_url":"https:\/\/www.gaveanews.com\/index.php\/2024\/08\/13\/san-lorenzo-x-atletico-mg-deyverson-joga\/","og_site_name":"G\u00e1vea News","article_publisher":"https:\/\/facebook.com\/gaveaNews\/","article_published_time":"2024-08-13T14:14:16+00:00","article_modified_time":"2024-08-13T14:14:17+00:00","og_image":[{"width":1350,"height":1013,"url":"https:\/\/www.gaveanews.com\/wp-content\/uploads\/Deyverson-com-a-camisa-do-Atletico-Mineiro-em-2024.webp","type":"image\/webp"}],"author":"Bruno Zanchetta","twitter_card":"summary_large_image","twitter_misc":{"Escrito por":"Bruno Zanchetta","Est. tempo de leitura":"3 minutos"},"schema":{"@context":"https:\/\/schema.org","@graph":[{"@type":"NewsArticle","@id":"https:\/\/www.gaveanews.com\/index.php\/2024\/08\/13\/san-lorenzo-x-atletico-mg-deyverson-joga\/#article","isPartOf":{"@id":"https:\/\/www.gaveanews.com\/index.php\/2024\/08\/13\/san-lorenzo-x-atletico-mg-deyverson-joga\/"},"author":{"name":"Bruno Zanchetta","@id":"https:\/\/www.gaveanews.com\/#\/schema\/person\/32fddefab25b466689f181be346cd98c"},"headline":"San Lorenzo x Atl\u00e9tico-MG: Deyverson joga?","datePublished":"2024-08-13T14:14:16+00:00","dateModified":"2024-08-13T14:14:17+00:00","mainEntityOfPage":{"@id":"https:\/\/www.gaveanews.com\/index.php\/2024\/08\/13\/san-lorenzo-x-atletico-mg-deyverson-joga\/"},"wordCount":468,"commentCount":0,"image":{"@id":"https:\/\/www.gaveanews.com\/index.php\/2024\/08\/13\/san-lorenzo-x-atletico-mg-deyverson-joga\/#primaryimage"},"thumbnailUrl":"https:\/\/www.gaveanews.com\/wp-content\/uploads\/Deyverson-com-a-camisa-do-Atletico-Mineiro-em-2024.webp","articleSection":["Atl\u00e9tico-MG"],"inLanguage":"pt-BR","potentialAction":[{"@type":"CommentAction","name":"Comment","target":["https:\/\/www.gaveanews.com\/index.php\/2024\/08\/13\/san-lorenzo-x-atletico-mg-deyverson-joga\/#respond"]}],"copyrightYear":"2024","copyrightHolder":{"@id":"https:\/\/www.gaveanews.com\/#organization"}},{"@type":"WebPage","@id":"https:\/\/www.gaveanews.com\/index.php\/2024\/08\/13\/san-lorenzo-x-atletico-mg-deyverson-joga\/","url":"https:\/\/www.gaveanews.com\/index.php\/2024\/08\/13\/san-lorenzo-x-atletico-mg-deyverson-joga\/","name":"San Lorenzo x Atl\u00e9tico-MG: Deyverson joga?","isPartOf":{"@id":"https:\/\/www.gaveanews.com\/#website"},"primaryImageOfPage":{"@id":"https:\/\/www.gaveanews.com\/index.php\/2024\/08\/13\/san-lorenzo-x-atletico-mg-deyverson-joga\/#primaryimage"},"image":{"@id":"https:\/\/www.gaveanews.com\/index.php\/2024\/08\/13\/san-lorenzo-x-atletico-mg-deyverson-joga\/#primaryimage"},"thumbnailUrl":"https:\/\/www.gaveanews.com\/wp-content\/uploads\/Deyverson-com-a-camisa-do-Atletico-Mineiro-em-2024.webp","datePublished":"2024-08-13T14:14:16+00:00","dateModified":"2024-08-13T14:14:17+00:00","author":{"@id":"https:\/\/www.gaveanews.com\/#\/schema\/person\/32fddefab25b466689f181be346cd98c"},"breadcrumb":{"@id":"https:\/\/www.gaveanews.com\/index.php\/2024\/08\/13\/san-lorenzo-x-atletico-mg-deyverson-joga\/#breadcrumb"},"inLanguage":"pt-BR","potentialAction":[{"@type":"ReadAction","target":["https:\/\/www.gaveanews.com\/index.php\/2024\/08\/13\/san-lorenzo-x-atletico-mg-deyverson-joga\/"]}]},{"@type":"ImageObject","inLanguage":"pt-BR","@id":"https:\/\/www.gaveanews.com\/index.php\/2024\/08\/13\/san-lorenzo-x-atletico-mg-deyverson-joga\/#primaryimage","url":"https:\/\/www.gaveanews.com\/wp-content\/uploads\/Deyverson-com-a-camisa-do-Atletico-Mineiro-em-2024.webp","contentUrl":"https:\/\/www.gaveanews.com\/wp-content\/uploads\/Deyverson-com-a-camisa-do-Atletico-Mineiro-em-2024.webp","width":1350,"height":1013,"caption":"Deyverson com a camisa do Atl\u00e9tico Mineiro em 2024 (Foto: Divulga\u00e7\u00e3o\/Atl\u00e9tico Mineiro)"},{"@type":"BreadcrumbList","@id":"https:\/\/www.gaveanews.com\/index.php\/2024\/08\/13\/san-lorenzo-x-atletico-mg-deyverson-joga\/#breadcrumb","itemListElement":[{"@type":"ListItem","position":1,"name":"Home","item":"https:\/\/www.gaveanews.com\/"},{"@type":"ListItem","position":2,"name":"San Lorenzo x Atl\u00e9tico-MG: Deyverson joga?"}]},{"@type":"WebSite","@id":"https:\/\/www.gaveanews.com\/#website","url":"https:\/\/www.gaveanews.com\/","name":"G\u00e1vea News","description":"Veja todas as not\u00edcias sobre o Flamengo: Contrata\u00e7\u00f5es, categorias de base, resultados das partidas, tabela de classifica\u00e7\u00e3o, pr\u00f3ximos jogos!","potentialAction":[{"@type":"SearchAction","target":{"@type":"EntryPoint","urlTemplate":"https:\/\/www.gaveanews.com\/?s={search_term_string}"},"query-input":{"@type":"PropertyValueSpecification","valueRequired":true,"valueName":"search_term_string"}}],"inLanguage":"pt-BR"},{"@type":"Person","@id":"https:\/\/www.gaveanews.com\/#\/schema\/person\/32fddefab25b466689f181be346cd98c","name":"Bruno Zanchetta","image":{"@type":"ImageObject","inLanguage":"pt-BR","@id":"https:\/\/www.gaveanews.com\/#\/schema\/person\/image\/","url":"https:\/\/secure.gravatar.com\/avatar\/3ba2d39f8a912ad65276975a996d6ad8d9e3dd13448684be8dc4d7c17099d2ee?s=96&d=mm&r=g","contentUrl":"https:\/\/secure.gravatar.com\/avatar\/3ba2d39f8a912ad65276975a996d6ad8d9e3dd13448684be8dc4d7c17099d2ee?s=96&d=mm&r=g","caption":"Bruno Zanchetta"}}]}},"_links":{"self":[{"href":"https:\/\/www.gaveanews.com\/index.php\/wp-json\/wp\/v2\/posts\/158206","targetHints":{"allow":["GET"]}}],"collection":[{"href":"https:\/\/www.gaveanews.com\/index.php\/wp-json\/wp\/v2\/posts"}],"about":[{"href":"https:\/\/www.gaveanews.com\/index.php\/wp-json\/wp\/v2\/types\/post"}],"author":[{"embeddable":true,"href":"https:\/\/www.gaveanews.com\/index.php\/wp-json\/wp\/v2\/users\/19"}],"replies":[{"embeddable":true,"href":"https:\/\/www.gaveanews.com\/index.php\/wp-json\/wp\/v2\/comments?post=158206"}],"version-history":[{"count":1,"href":"https:\/\/www.gaveanews.com\/index.php\/wp-json\/wp\/v2\/posts\/158206\/revisions"}],"predecessor-version":[{"id":158211,"href":"https:\/\/www.gaveanews.com\/index.php\/wp-json\/wp\/v2\/posts\/158206\/revisions\/158211"}],"wp:featuredmedia":[{"embeddable":true,"href":"https:\/\/www.gaveanews.com\/index.php\/wp-json\/wp\/v2\/media\/158213"}],"wp:attachment":[{"href":"https:\/\/www.gaveanews.com\/index.php\/wp-json\/wp\/v2\/media?parent=158206"}],"wp:term":[{"taxonomy":"category","embeddable":true,"href":"https:\/\/www.gaveanews.com\/index.php\/wp-json\/wp\/v2\/categories?post=158206"},{"taxonomy":"post_tag","embeddable":true,"href":"https:\/\/www.gaveanews.com\/index.php\/wp-json\/wp\/v2\/tags?post=158206"}],"curies":[{"name":"wp","href":"https:\/\/api.w.org\/{rel}","templated":true}]}}