{"id":158223,"date":"2024-08-13T12:30:00","date_gmt":"2024-08-13T15:30:00","guid":{"rendered":"https:\/\/www.gaveanews.com\/?p=158223"},"modified":"2024-08-13T12:23:14","modified_gmt":"2024-08-13T15:23:14","slug":"flamengo-tenta-contratacao-de-lateral-na-europa","status":"publish","type":"post","link":"https:\/\/www.gaveanews.com\/index.php\/2024\/08\/13\/flamengo-tenta-contratacao-de-lateral-na-europa\/","title":{"rendered":"Flamengo tenta contrata\u00e7\u00e3o de lateral na Europa"},"content":{"rendered":"\n<h2 class=\"wp-block-heading\" id=\"h-flamengo-vai-atras-de-arthur-lateral-do-bayer-leverkusen-ale\">Flamengo vai atr\u00e1s de Arthur, lateral do Bayer Leverkusen (ALE)<br><\/h2>\n\n\n\n<p>O Flamengo est\u00e1 ativo na janela de transfer\u00eancias atual, buscando atender suas principais necessidades nesse per\u00edodo, que se encerra no dia 2 de setembro. A diretoria \u00e9 consciente da import\u00e2ncia de agir rapidamente diante das urg\u00eancias enfrentadas pelo elenco Rubro-Negro.<\/p>\n\n\n\n<ul class=\"wp-block-list\">\n<li><a href=\"https:\/\/www.gaveanews.com\/index.php\/2024\/08\/13\/alvo-definido-flamengo-estipula-nome-preferido-para-substituir-everton-cebolinha\/\">Alvo definido: Flamengo estipula nome preferido para substituir Everton Cebolinha<\/a><\/li>\n\n\n\n<li><a href=\"https:\/\/www.gaveanews.com\/index.php\/2024\/08\/12\/time-italiano-pode-contratar-meia-desejado-pelo-flamengo\/\">Time italiano pode contratar meia desejado pelo Flamengo<br><\/a><\/li>\n<\/ul>\n\n\n\n<p>Visando a temporada, o clube iniciou conversas com o lateral-direito Arthur, atleta do Bayer Leverkusen, que j\u00e1 passou pela base do Flamengo em um empr\u00e9stimo entre 2020 e 2021. Naquela ocasi\u00e3o, a decis\u00e3o foi n\u00e3o mant\u00ea-lo na equipe. Ap\u00f3s sua passagem pelo Am\u00e9rica-MG, Arthur foi vendido ao clube alem\u00e3o por 7 milh\u00f5es de euros.<\/p>\n\n\n\n<p>Ap\u00f3s o t\u00e9rmino do contrato, o Flamengo optou por n\u00e3o exercer a cl\u00e1usula de compra, resultando no retorno do atleta ao Am\u00e9rica-MG. Naquele momento, a equipe decidiu investir nos direitos econ\u00f4micos de Wesley, que atua na mesma posi\u00e7\u00e3o. Wesley tem atra\u00eddo a aten\u00e7\u00e3o de equipes de futebol europeias. Depois de uma disputa acalorada na Inglaterra, o Atalanta, da It\u00e1lia, agora est\u00e1 olhando para o lateral-direito.<\/p>\n\n\n\n<figure class=\"wp-block-image size-full\"><img loading=\"lazy\" decoding=\"async\" width=\"860\" height=\"538\" src=\"https:\/\/www.gaveanews.com\/wp-content\/uploads\/arthur-lateral-bayer-leverkusen-860x538-1.webp\" alt=\"\" class=\"wp-image-158231\" srcset=\"https:\/\/www.gaveanews.com\/wp-content\/uploads\/arthur-lateral-bayer-leverkusen-860x538-1.webp 860w, https:\/\/www.gaveanews.com\/wp-content\/uploads\/arthur-lateral-bayer-leverkusen-860x538-1-300x188.webp 300w, https:\/\/www.gaveanews.com\/wp-content\/uploads\/arthur-lateral-bayer-leverkusen-860x538-1-768x480.webp 768w, https:\/\/www.gaveanews.com\/wp-content\/uploads\/arthur-lateral-bayer-leverkusen-860x538-1-671x420.webp 671w, https:\/\/www.gaveanews.com\/wp-content\/uploads\/arthur-lateral-bayer-leverkusen-860x538-1-640x400.webp 640w, https:\/\/www.gaveanews.com\/wp-content\/uploads\/arthur-lateral-bayer-leverkusen-860x538-1-681x426.webp 681w, https:\/\/www.gaveanews.com\/wp-content\/uploads\/arthur-lateral-bayer-leverkusen-860x538-1-100x63.webp 100w\" sizes=\"auto, (max-width: 860px) 100vw, 860px\" \/><figcaption class=\"wp-element-caption\">Foto: Divulga\u00e7\u00e3o \/ Bayer Leverkusen\n<\/figcaption><\/figure>\n\n\n\n<p>Segundo informa\u00e7\u00f5es do jornalista Mauro Cezar, o Flamengo consultou o jogador para saber sobre a viabilidade de uma transfer\u00eancia. Por\u00e9m, o Leverkusen deixou claro que n\u00e3o tem interesse em negociar o atleta neste momento.<\/p>\n\n\n\n<p>Al\u00e9m disso, houve uma recusa por parte do pr\u00f3prio jogador, que manifestou n\u00e3o estar disposto a retornar ao Brasil neste instante. Arthur enfrentou uma les\u00e3o logo no in\u00edcio de sua trajet\u00f3ria no Bayer Leverkusen, participando apenas de cinco partidas pelo clube. Nesta temporada, seu objetivo principal \u00e9 ter mais oportunidades em campo e conquistar seu espa\u00e7o, o que justificou sua recusa ao Flamengo.<\/p>\n\n\n\n<p>Com as les\u00f5es de Vi\u00f1a e Cebolinha, que estar\u00e3o fora pelo restante da temporada, o clube se v\u00ea na necessidade de buscar alternativas no mercado. Embora a prioridade n\u00e3o seja refor\u00e7ar o ataque, a lateral-esquerda deve demandar um novo jogador.<\/p>\n","protected":false},"excerpt":{"rendered":"<p>Flamengo tenta contrata\u00e7\u00e3o de lateral na Europa<\/p>\n","protected":false},"author":16,"featured_media":129425,"comment_status":"open","ping_status":"closed","sticky":false,"template":"","format":"standard","meta":{"footnotes":""},"categories":[1],"tags":[],"class_list":["post-158223","post","type-post","status-publish","format-standard","has-post-thumbnail","hentry","category-flamengo"],"yoast_head":"<!-- This site is optimized with the Yoast SEO Premium plugin v24.2 (Yoast SEO v26.9) - https:\/\/yoast.com\/product\/yoast-seo-premium-wordpress\/ -->\n<title>Flamengo tenta contrata\u00e7\u00e3o de lateral na Europa<\/title>\n<meta name=\"robots\" content=\"index, follow, max-snippet:-1, max-image-preview:large, max-video-preview:-1\" \/>\n<link rel=\"canonical\" href=\"https:\/\/www.gaveanews.com\/index.php\/2024\/08\/13\/flamengo-tenta-contratacao-de-lateral-na-europa\/\" \/>\n<meta property=\"og:locale\" content=\"pt_BR\" \/>\n<meta property=\"og:type\" content=\"article\" \/>\n<meta property=\"og:title\" content=\"Flamengo tenta contrata\u00e7\u00e3o de lateral na Europa\" \/>\n<meta property=\"og:description\" content=\"Flamengo tenta contrata\u00e7\u00e3o de lateral na Europa\" \/>\n<meta property=\"og:url\" content=\"https:\/\/www.gaveanews.com\/index.php\/2024\/08\/13\/flamengo-tenta-contratacao-de-lateral-na-europa\/\" \/>\n<meta property=\"og:site_name\" content=\"G\u00e1vea News\" \/>\n<meta property=\"article:publisher\" content=\"https:\/\/facebook.com\/gaveaNews\/\" \/>\n<meta property=\"article:published_time\" content=\"2024-08-13T15:30:00+00:00\" \/>\n<meta property=\"og:image\" content=\"https:\/\/www.gaveanews.com\/wp-content\/uploads\/CT-Ninho-do-Urubu.webp\" \/>\n\t<meta property=\"og:image:width\" content=\"640\" \/>\n\t<meta property=\"og:image:height\" content=\"400\" \/>\n\t<meta property=\"og:image:type\" content=\"image\/jpeg\" \/>\n<meta name=\"author\" content=\"D\u00e9bora Figueiredo\" \/>\n<meta name=\"twitter:card\" content=\"summary_large_image\" \/>\n<meta name=\"twitter:label1\" content=\"Escrito por\" \/>\n\t<meta name=\"twitter:data1\" content=\"D\u00e9bora Figueiredo\" \/>\n\t<meta name=\"twitter:label2\" content=\"Est. tempo de leitura\" \/>\n\t<meta name=\"twitter:data2\" content=\"3 minutos\" \/>\n<script type=\"application\/ld+json\" class=\"yoast-schema-graph\">{\"@context\":\"https:\/\/schema.org\",\"@graph\":[{\"@type\":\"NewsArticle\",\"@id\":\"https:\/\/www.gaveanews.com\/index.php\/2024\/08\/13\/flamengo-tenta-contratacao-de-lateral-na-europa\/#article\",\"isPartOf\":{\"@id\":\"https:\/\/www.gaveanews.com\/index.php\/2024\/08\/13\/flamengo-tenta-contratacao-de-lateral-na-europa\/\"},\"author\":{\"name\":\"D\u00e9bora Figueiredo\",\"@id\":\"https:\/\/www.gaveanews.com\/#\/schema\/person\/37122681a8575a5c8db05a56f099a5e4\"},\"headline\":\"Flamengo tenta contrata\u00e7\u00e3o de lateral na Europa\",\"datePublished\":\"2024-08-13T15:30:00+00:00\",\"mainEntityOfPage\":{\"@id\":\"https:\/\/www.gaveanews.com\/index.php\/2024\/08\/13\/flamengo-tenta-contratacao-de-lateral-na-europa\/\"},\"wordCount\":371,\"commentCount\":0,\"image\":{\"@id\":\"https:\/\/www.gaveanews.com\/index.php\/2024\/08\/13\/flamengo-tenta-contratacao-de-lateral-na-europa\/#primaryimage\"},\"thumbnailUrl\":\"https:\/\/www.gaveanews.com\/wp-content\/uploads\/CT-Ninho-do-Urubu.webp\",\"articleSection\":[\"Flamengo\"],\"inLanguage\":\"pt-BR\",\"potentialAction\":[{\"@type\":\"CommentAction\",\"name\":\"Comment\",\"target\":[\"https:\/\/www.gaveanews.com\/index.php\/2024\/08\/13\/flamengo-tenta-contratacao-de-lateral-na-europa\/#respond\"]}],\"copyrightYear\":\"2024\",\"copyrightHolder\":{\"@id\":\"https:\/\/www.gaveanews.com\/#organization\"}},{\"@type\":\"WebPage\",\"@id\":\"https:\/\/www.gaveanews.com\/index.php\/2024\/08\/13\/flamengo-tenta-contratacao-de-lateral-na-europa\/\",\"url\":\"https:\/\/www.gaveanews.com\/index.php\/2024\/08\/13\/flamengo-tenta-contratacao-de-lateral-na-europa\/\",\"name\":\"Flamengo tenta contrata\u00e7\u00e3o de lateral na Europa\",\"isPartOf\":{\"@id\":\"https:\/\/www.gaveanews.com\/#website\"},\"primaryImageOfPage\":{\"@id\":\"https:\/\/www.gaveanews.com\/index.php\/2024\/08\/13\/flamengo-tenta-contratacao-de-lateral-na-europa\/#primaryimage\"},\"image\":{\"@id\":\"https:\/\/www.gaveanews.com\/index.php\/2024\/08\/13\/flamengo-tenta-contratacao-de-lateral-na-europa\/#primaryimage\"},\"thumbnailUrl\":\"https:\/\/www.gaveanews.com\/wp-content\/uploads\/CT-Ninho-do-Urubu.webp\",\"datePublished\":\"2024-08-13T15:30:00+00:00\",\"author\":{\"@id\":\"https:\/\/www.gaveanews.com\/#\/schema\/person\/37122681a8575a5c8db05a56f099a5e4\"},\"breadcrumb\":{\"@id\":\"https:\/\/www.gaveanews.com\/index.php\/2024\/08\/13\/flamengo-tenta-contratacao-de-lateral-na-europa\/#breadcrumb\"},\"inLanguage\":\"pt-BR\",\"potentialAction\":[{\"@type\":\"ReadAction\",\"target\":[\"https:\/\/www.gaveanews.com\/index.php\/2024\/08\/13\/flamengo-tenta-contratacao-de-lateral-na-europa\/\"]}]},{\"@type\":\"ImageObject\",\"inLanguage\":\"pt-BR\",\"@id\":\"https:\/\/www.gaveanews.com\/index.php\/2024\/08\/13\/flamengo-tenta-contratacao-de-lateral-na-europa\/#primaryimage\",\"url\":\"https:\/\/www.gaveanews.com\/wp-content\/uploads\/CT-Ninho-do-Urubu.webp\",\"contentUrl\":\"https:\/\/www.gaveanews.com\/wp-content\/uploads\/CT-Ninho-do-Urubu.webp\",\"width\":640,\"height\":400,\"caption\":\"CT Ninho do Urubu - Foto: Paula Reis\"},{\"@type\":\"BreadcrumbList\",\"@id\":\"https:\/\/www.gaveanews.com\/index.php\/2024\/08\/13\/flamengo-tenta-contratacao-de-lateral-na-europa\/#breadcrumb\",\"itemListElement\":[{\"@type\":\"ListItem\",\"position\":1,\"name\":\"Home\",\"item\":\"https:\/\/www.gaveanews.com\/\"},{\"@type\":\"ListItem\",\"position\":2,\"name\":\"Flamengo tenta contrata\u00e7\u00e3o de lateral na Europa\"}]},{\"@type\":\"WebSite\",\"@id\":\"https:\/\/www.gaveanews.com\/#website\",\"url\":\"https:\/\/www.gaveanews.com\/\",\"name\":\"G\u00e1vea News\",\"description\":\"Veja todas as not\u00edcias sobre o Flamengo: Contrata\u00e7\u00f5es, categorias de base, resultados das partidas, tabela de classifica\u00e7\u00e3o, pr\u00f3ximos jogos!\",\"potentialAction\":[{\"@type\":\"SearchAction\",\"target\":{\"@type\":\"EntryPoint\",\"urlTemplate\":\"https:\/\/www.gaveanews.com\/?s={search_term_string}\"},\"query-input\":{\"@type\":\"PropertyValueSpecification\",\"valueRequired\":true,\"valueName\":\"search_term_string\"}}],\"inLanguage\":\"pt-BR\"},{\"@type\":\"Person\",\"@id\":\"https:\/\/www.gaveanews.com\/#\/schema\/person\/37122681a8575a5c8db05a56f099a5e4\",\"name\":\"D\u00e9bora Figueiredo\",\"image\":{\"@type\":\"ImageObject\",\"inLanguage\":\"pt-BR\",\"@id\":\"https:\/\/www.gaveanews.com\/#\/schema\/person\/image\/\",\"url\":\"https:\/\/secure.gravatar.com\/avatar\/1f44802859351588499d26f52aed1d15796ce17e67602895b72837c08018868d?s=96&d=mm&r=g\",\"contentUrl\":\"https:\/\/secure.gravatar.com\/avatar\/1f44802859351588499d26f52aed1d15796ce17e67602895b72837c08018868d?s=96&d=mm&r=g\",\"caption\":\"D\u00e9bora Figueiredo\"}}]}<\/script>\n<!-- \/ Yoast SEO Premium plugin. -->","yoast_head_json":{"title":"Flamengo tenta contrata\u00e7\u00e3o de lateral na Europa","robots":{"index":"index","follow":"follow","max-snippet":"max-snippet:-1","max-image-preview":"max-image-preview:large","max-video-preview":"max-video-preview:-1"},"canonical":"https:\/\/www.gaveanews.com\/index.php\/2024\/08\/13\/flamengo-tenta-contratacao-de-lateral-na-europa\/","og_locale":"pt_BR","og_type":"article","og_title":"Flamengo tenta contrata\u00e7\u00e3o de lateral na Europa","og_description":"Flamengo tenta contrata\u00e7\u00e3o de lateral na Europa","og_url":"https:\/\/www.gaveanews.com\/index.php\/2024\/08\/13\/flamengo-tenta-contratacao-de-lateral-na-europa\/","og_site_name":"G\u00e1vea News","article_publisher":"https:\/\/facebook.com\/gaveaNews\/","article_published_time":"2024-08-13T15:30:00+00:00","og_image":[{"width":640,"height":400,"url":"https:\/\/www.gaveanews.com\/wp-content\/uploads\/CT-Ninho-do-Urubu.webp","type":"image\/jpeg"}],"author":"D\u00e9bora Figueiredo","twitter_card":"summary_large_image","twitter_misc":{"Escrito por":"D\u00e9bora Figueiredo","Est. tempo de leitura":"3 minutos"},"schema":{"@context":"https:\/\/schema.org","@graph":[{"@type":"NewsArticle","@id":"https:\/\/www.gaveanews.com\/index.php\/2024\/08\/13\/flamengo-tenta-contratacao-de-lateral-na-europa\/#article","isPartOf":{"@id":"https:\/\/www.gaveanews.com\/index.php\/2024\/08\/13\/flamengo-tenta-contratacao-de-lateral-na-europa\/"},"author":{"name":"D\u00e9bora Figueiredo","@id":"https:\/\/www.gaveanews.com\/#\/schema\/person\/37122681a8575a5c8db05a56f099a5e4"},"headline":"Flamengo tenta contrata\u00e7\u00e3o de lateral na Europa","datePublished":"2024-08-13T15:30:00+00:00","mainEntityOfPage":{"@id":"https:\/\/www.gaveanews.com\/index.php\/2024\/08\/13\/flamengo-tenta-contratacao-de-lateral-na-europa\/"},"wordCount":371,"commentCount":0,"image":{"@id":"https:\/\/www.gaveanews.com\/index.php\/2024\/08\/13\/flamengo-tenta-contratacao-de-lateral-na-europa\/#primaryimage"},"thumbnailUrl":"https:\/\/www.gaveanews.com\/wp-content\/uploads\/CT-Ninho-do-Urubu.webp","articleSection":["Flamengo"],"inLanguage":"pt-BR","potentialAction":[{"@type":"CommentAction","name":"Comment","target":["https:\/\/www.gaveanews.com\/index.php\/2024\/08\/13\/flamengo-tenta-contratacao-de-lateral-na-europa\/#respond"]}],"copyrightYear":"2024","copyrightHolder":{"@id":"https:\/\/www.gaveanews.com\/#organization"}},{"@type":"WebPage","@id":"https:\/\/www.gaveanews.com\/index.php\/2024\/08\/13\/flamengo-tenta-contratacao-de-lateral-na-europa\/","url":"https:\/\/www.gaveanews.com\/index.php\/2024\/08\/13\/flamengo-tenta-contratacao-de-lateral-na-europa\/","name":"Flamengo tenta contrata\u00e7\u00e3o de lateral na Europa","isPartOf":{"@id":"https:\/\/www.gaveanews.com\/#website"},"primaryImageOfPage":{"@id":"https:\/\/www.gaveanews.com\/index.php\/2024\/08\/13\/flamengo-tenta-contratacao-de-lateral-na-europa\/#primaryimage"},"image":{"@id":"https:\/\/www.gaveanews.com\/index.php\/2024\/08\/13\/flamengo-tenta-contratacao-de-lateral-na-europa\/#primaryimage"},"thumbnailUrl":"https:\/\/www.gaveanews.com\/wp-content\/uploads\/CT-Ninho-do-Urubu.webp","datePublished":"2024-08-13T15:30:00+00:00","author":{"@id":"https:\/\/www.gaveanews.com\/#\/schema\/person\/37122681a8575a5c8db05a56f099a5e4"},"breadcrumb":{"@id":"https:\/\/www.gaveanews.com\/index.php\/2024\/08\/13\/flamengo-tenta-contratacao-de-lateral-na-europa\/#breadcrumb"},"inLanguage":"pt-BR","potentialAction":[{"@type":"ReadAction","target":["https:\/\/www.gaveanews.com\/index.php\/2024\/08\/13\/flamengo-tenta-contratacao-de-lateral-na-europa\/"]}]},{"@type":"ImageObject","inLanguage":"pt-BR","@id":"https:\/\/www.gaveanews.com\/index.php\/2024\/08\/13\/flamengo-tenta-contratacao-de-lateral-na-europa\/#primaryimage","url":"https:\/\/www.gaveanews.com\/wp-content\/uploads\/CT-Ninho-do-Urubu.webp","contentUrl":"https:\/\/www.gaveanews.com\/wp-content\/uploads\/CT-Ninho-do-Urubu.webp","width":640,"height":400,"caption":"CT Ninho do Urubu - Foto: Paula Reis"},{"@type":"BreadcrumbList","@id":"https:\/\/www.gaveanews.com\/index.php\/2024\/08\/13\/flamengo-tenta-contratacao-de-lateral-na-europa\/#breadcrumb","itemListElement":[{"@type":"ListItem","position":1,"name":"Home","item":"https:\/\/www.gaveanews.com\/"},{"@type":"ListItem","position":2,"name":"Flamengo tenta contrata\u00e7\u00e3o de lateral na Europa"}]},{"@type":"WebSite","@id":"https:\/\/www.gaveanews.com\/#website","url":"https:\/\/www.gaveanews.com\/","name":"G\u00e1vea News","description":"Veja todas as not\u00edcias sobre o Flamengo: Contrata\u00e7\u00f5es, categorias de base, resultados das partidas, tabela de classifica\u00e7\u00e3o, pr\u00f3ximos jogos!","potentialAction":[{"@type":"SearchAction","target":{"@type":"EntryPoint","urlTemplate":"https:\/\/www.gaveanews.com\/?s={search_term_string}"},"query-input":{"@type":"PropertyValueSpecification","valueRequired":true,"valueName":"search_term_string"}}],"inLanguage":"pt-BR"},{"@type":"Person","@id":"https:\/\/www.gaveanews.com\/#\/schema\/person\/37122681a8575a5c8db05a56f099a5e4","name":"D\u00e9bora Figueiredo","image":{"@type":"ImageObject","inLanguage":"pt-BR","@id":"https:\/\/www.gaveanews.com\/#\/schema\/person\/image\/","url":"https:\/\/secure.gravatar.com\/avatar\/1f44802859351588499d26f52aed1d15796ce17e67602895b72837c08018868d?s=96&d=mm&r=g","contentUrl":"https:\/\/secure.gravatar.com\/avatar\/1f44802859351588499d26f52aed1d15796ce17e67602895b72837c08018868d?s=96&d=mm&r=g","caption":"D\u00e9bora Figueiredo"}}]}},"_links":{"self":[{"href":"https:\/\/www.gaveanews.com\/index.php\/wp-json\/wp\/v2\/posts\/158223","targetHints":{"allow":["GET"]}}],"collection":[{"href":"https:\/\/www.gaveanews.com\/index.php\/wp-json\/wp\/v2\/posts"}],"about":[{"href":"https:\/\/www.gaveanews.com\/index.php\/wp-json\/wp\/v2\/types\/post"}],"author":[{"embeddable":true,"href":"https:\/\/www.gaveanews.com\/index.php\/wp-json\/wp\/v2\/users\/16"}],"replies":[{"embeddable":true,"href":"https:\/\/www.gaveanews.com\/index.php\/wp-json\/wp\/v2\/comments?post=158223"}],"version-history":[{"count":1,"href":"https:\/\/www.gaveanews.com\/index.php\/wp-json\/wp\/v2\/posts\/158223\/revisions"}],"predecessor-version":[{"id":158233,"href":"https:\/\/www.gaveanews.com\/index.php\/wp-json\/wp\/v2\/posts\/158223\/revisions\/158233"}],"wp:featuredmedia":[{"embeddable":true,"href":"https:\/\/www.gaveanews.com\/index.php\/wp-json\/wp\/v2\/media\/129425"}],"wp:attachment":[{"href":"https:\/\/www.gaveanews.com\/index.php\/wp-json\/wp\/v2\/media?parent=158223"}],"wp:term":[{"taxonomy":"category","embeddable":true,"href":"https:\/\/www.gaveanews.com\/index.php\/wp-json\/wp\/v2\/categories?post=158223"},{"taxonomy":"post_tag","embeddable":true,"href":"https:\/\/www.gaveanews.com\/index.php\/wp-json\/wp\/v2\/tags?post=158223"}],"curies":[{"name":"wp","href":"https:\/\/api.w.org\/{rel}","templated":true}]}}