{"id":158232,"date":"2024-08-13T17:00:00","date_gmt":"2024-08-13T20:00:00","guid":{"rendered":"https:\/\/www.gaveanews.com\/?p=158232"},"modified":"2024-08-13T13:43:46","modified_gmt":"2024-08-13T16:43:46","slug":"video-absurdo-de-ayrton-senna-em-monaco-viraliza-no-instagram","status":"publish","type":"post","link":"https:\/\/www.gaveanews.com\/index.php\/2024\/08\/13\/video-absurdo-de-ayrton-senna-em-monaco-viraliza-no-instagram\/","title":{"rendered":"V\u00eddeo absurdo de Ayrton Senna em M\u00f4naco viraliza no Instagram"},"content":{"rendered":"\n<h2 class=\"wp-block-heading\" id=\"h-nenhum-piloto-dominou-o-circuito-monegasco-como-senna-que-ate-hoje-mantem-o-recorde-de-vitorias-na-mais-iconica-corrida-da-f1\">Nenhum piloto dominou o circuito monegasco como Senna, que at\u00e9 hoje mant\u00e9m o recorde de vit\u00f3rias na mais ic\u00f4nica corrida da F1<\/h2>\n\n\n\n<p>Nenhum piloto na hist\u00f3ria da F\u00f3rmula 1 aproveitou t\u00e3o bem as curvas e visuais do Grande Pr\u00eamio de M\u00f4naco quanto Ayrton Senna. O \u00eddolo brasileiro ultrapassou a marca de Graham Hill e se tornou o maior vencedor da hist\u00f3ria da corrida, com seis vit\u00f3rias ao todo. At\u00e9 hoje, ningu\u00e9m conseguiu igualar os feitos do tricampe\u00e3o.<\/p>\n\n\n\n<ul class=\"wp-block-list\">\n<li><a href=\"https:\/\/www.gaveanews.com\/index.php\/2024\/07\/28\/a-declaracao-de-charles-leclerc-sobre-a-situacao-ferrari\/\">A declara\u00e7\u00e3o de Charles Leclerc sobre a situa\u00e7\u00e3o Ferrari<\/a><\/li>\n\n\n\n<li><a href=\"https:\/\/www.gaveanews.com\/index.php\/2024\/07\/29\/carlos-sainz-define-o-seu-futuro\/\">Carlos Sainz define o seu futuro<\/a><\/li>\n<\/ul>\n\n\n\n<p>Na \u00faltima semana, viralizou no Instagram um v\u00eddeo do hist\u00f3rico piloto brasileiro fazendo uma volta r\u00e1pida no circuito de M\u00f4naco quando ele corria pela McLaren. O v\u00eddeo mostra outros pilotos de diferentes \u00e9pocas enfrentando dificuldades e batendo no estreito circuito monegasco, para, em seguida, exibir a volta praticamente perfeita de Senna.<\/p>\n\n\n\n<blockquote class=\"instagram-media\" data-instgrm-captioned data-instgrm-permalink=\"https:\/\/www.instagram.com\/reel\/C-FjoNiuQ7D\/?utm_source=ig_embed&amp;utm_campaign=loading\" data-instgrm-version=\"14\" style=\" background:#FFF; border:0; border-radius:3px; box-shadow:0 0 1px 0 rgba(0,0,0,0.5),0 1px 10px 0 rgba(0,0,0,0.15); margin: 1px; max-width:540px; min-width:326px; padding:0; width:99.375%; width:-webkit-calc(100% - 2px); width:calc(100% - 2px);\"><div style=\"padding:16px;\"> <a href=\"https:\/\/www.instagram.com\/reel\/C-FjoNiuQ7D\/?utm_source=ig_embed&amp;utm_campaign=loading\" style=\" background:#FFFFFF; line-height:0; padding:0 0; text-align:center; text-decoration:none; width:100%;\" target=\"_blank\" rel=\"noopener\"> <div style=\" display: flex; flex-direction: row; align-items: center;\"> <div style=\"background-color: #F4F4F4; border-radius: 50%; flex-grow: 0; height: 40px; margin-right: 14px; width: 40px;\"><\/div> <div style=\"display: flex; flex-direction: column; flex-grow: 1; justify-content: center;\"> <div style=\" background-color: #F4F4F4; border-radius: 4px; flex-grow: 0; height: 14px; margin-bottom: 6px; width: 100px;\"><\/div> <div style=\" background-color: #F4F4F4; border-radius: 4px; flex-grow: 0; height: 14px; width: 60px;\"><\/div><\/div><\/div><div style=\"padding: 19% 0;\"><\/div> <div style=\"display:block; height:50px; margin:0 auto 12px; width:50px;\"><svg width=\"50px\" height=\"50px\" viewBox=\"0 0 60 60\" version=\"1.1\" xmlns=\"https:\/\/www.w3.org\/2000\/svg\" xmlns:xlink=\"https:\/\/www.w3.org\/1999\/xlink\"><g stroke=\"none\" stroke-width=\"1\" fill=\"none\" fill-rule=\"evenodd\"><g transform=\"translate(-511.000000, -20.000000)\" fill=\"#000000\"><g><path d=\"M556.869,30.41 C554.814,30.41 553.148,32.076 553.148,34.131 C553.148,36.186 554.814,37.852 556.869,37.852 C558.924,37.852 560.59,36.186 560.59,34.131 C560.59,32.076 558.924,30.41 556.869,30.41 M541,60.657 C535.114,60.657 530.342,55.887 530.342,50 C530.342,44.114 535.114,39.342 541,39.342 C546.887,39.342 551.658,44.114 551.658,50 C551.658,55.887 546.887,60.657 541,60.657 M541,33.886 C532.1,33.886 524.886,41.1 524.886,50 C524.886,58.899 532.1,66.113 541,66.113 C549.9,66.113 557.115,58.899 557.115,50 C557.115,41.1 549.9,33.886 541,33.886 M565.378,62.101 C565.244,65.022 564.756,66.606 564.346,67.663 C563.803,69.06 563.154,70.057 562.106,71.106 C561.058,72.155 560.06,72.803 558.662,73.347 C557.607,73.757 556.021,74.244 553.102,74.378 C549.944,74.521 548.997,74.552 541,74.552 C533.003,74.552 532.056,74.521 528.898,74.378 C525.979,74.244 524.393,73.757 523.338,73.347 C521.94,72.803 520.942,72.155 519.894,71.106 C518.846,70.057 518.197,69.06 517.654,67.663 C517.244,66.606 516.755,65.022 516.623,62.101 C516.479,58.943 516.448,57.996 516.448,50 C516.448,42.003 516.479,41.056 516.623,37.899 C516.755,34.978 517.244,33.391 517.654,32.338 C518.197,30.938 518.846,29.942 519.894,28.894 C520.942,27.846 521.94,27.196 523.338,26.654 C524.393,26.244 525.979,25.756 528.898,25.623 C532.057,25.479 533.004,25.448 541,25.448 C548.997,25.448 549.943,25.479 553.102,25.623 C556.021,25.756 557.607,26.244 558.662,26.654 C560.06,27.196 561.058,27.846 562.106,28.894 C563.154,29.942 563.803,30.938 564.346,32.338 C564.756,33.391 565.244,34.978 565.378,37.899 C565.522,41.056 565.552,42.003 565.552,50 C565.552,57.996 565.522,58.943 565.378,62.101 M570.82,37.631 C570.674,34.438 570.167,32.258 569.425,30.349 C568.659,28.377 567.633,26.702 565.965,25.035 C564.297,23.368 562.623,22.342 560.652,21.575 C558.743,20.834 556.562,20.326 553.369,20.18 C550.169,20.033 549.148,20 541,20 C532.853,20 531.831,20.033 528.631,20.18 C525.438,20.326 523.257,20.834 521.349,21.575 C519.376,22.342 517.703,23.368 516.035,25.035 C514.368,26.702 513.342,28.377 512.574,30.349 C511.834,32.258 511.326,34.438 511.181,37.631 C511.035,40.831 511,41.851 511,50 C511,58.147 511.035,59.17 511.181,62.369 C511.326,65.562 511.834,67.743 512.574,69.651 C513.342,71.625 514.368,73.296 516.035,74.965 C517.703,76.634 519.376,77.658 521.349,78.425 C523.257,79.167 525.438,79.673 528.631,79.82 C531.831,79.965 532.853,80.001 541,80.001 C549.148,80.001 550.169,79.965 553.369,79.82 C556.562,79.673 558.743,79.167 560.652,78.425 C562.623,77.658 564.297,76.634 565.965,74.965 C567.633,73.296 568.659,71.625 569.425,69.651 C570.167,67.743 570.674,65.562 570.82,62.369 C570.966,59.17 571,58.147 571,50 C571,41.851 570.966,40.831 570.82,37.631\"><\/path><\/g><\/g><\/g><\/svg><\/div><div style=\"padding-top: 8px;\"> <div style=\" color:#3897f0; font-family:Arial,sans-serif; font-size:14px; font-style:normal; font-weight:550; line-height:18px;\">Ver essa foto no Instagram<\/div><\/div><div style=\"padding: 12.5% 0;\"><\/div> <div style=\"display: flex; flex-direction: row; margin-bottom: 14px; align-items: center;\"><div> <div style=\"background-color: #F4F4F4; border-radius: 50%; height: 12.5px; width: 12.5px; transform: translateX(0px) translateY(7px);\"><\/div> <div style=\"background-color: #F4F4F4; height: 12.5px; transform: rotate(-45deg) translateX(3px) translateY(1px); width: 12.5px; flex-grow: 0; margin-right: 14px; margin-left: 2px;\"><\/div> <div style=\"background-color: #F4F4F4; border-radius: 50%; height: 12.5px; width: 12.5px; transform: translateX(9px) translateY(-18px);\"><\/div><\/div><div style=\"margin-left: 8px;\"> <div style=\" background-color: #F4F4F4; border-radius: 50%; flex-grow: 0; height: 20px; width: 20px;\"><\/div> <div style=\" width: 0; height: 0; border-top: 2px solid transparent; border-left: 6px solid #f4f4f4; border-bottom: 2px solid transparent; transform: translateX(16px) translateY(-4px) rotate(30deg)\"><\/div><\/div><div style=\"margin-left: auto;\"> <div style=\" width: 0px; border-top: 8px solid #F4F4F4; border-right: 8px solid transparent; transform: translateY(16px);\"><\/div> <div style=\" background-color: #F4F4F4; flex-grow: 0; height: 12px; width: 16px; transform: translateY(-4px);\"><\/div> <div style=\" width: 0; height: 0; border-top: 8px solid #F4F4F4; border-left: 8px solid transparent; transform: translateY(-4px) translateX(8px);\"><\/div><\/div><\/div> <div style=\"display: flex; flex-direction: column; flex-grow: 1; justify-content: center; margin-bottom: 24px;\"> <div style=\" background-color: #F4F4F4; border-radius: 4px; flex-grow: 0; height: 14px; margin-bottom: 6px; width: 224px;\"><\/div> <div style=\" background-color: #F4F4F4; border-radius: 4px; flex-grow: 0; height: 14px; width: 144px;\"><\/div><\/div><\/a><p style=\" color:#c9c8cd; font-family:Arial,sans-serif; font-size:14px; line-height:17px; margin-bottom:0; margin-top:8px; overflow:hidden; padding:8px 0 7px; text-align:center; text-overflow:ellipsis; white-space:nowrap;\"><a href=\"https:\/\/www.instagram.com\/reel\/C-FjoNiuQ7D\/?utm_source=ig_embed&amp;utm_campaign=loading\" style=\" color:#c9c8cd; font-family:Arial,sans-serif; font-size:14px; font-style:normal; font-weight:normal; line-height:17px; text-decoration:none;\" target=\"_blank\" rel=\"noopener\">Uma publica\u00e7\u00e3o compartilhada por Senna_go (@senna.go)<\/a><\/p><\/div><\/blockquote>\n<script async src=\"\/\/www.instagram.com\/embed.js\"><\/script>\n\n\n\n<p>O apelido &#8220;Rei de M\u00f4naco&#8221; n\u00e3o \u00e9 \u00e0 toa. Em 1984, j\u00e1 em sua estreia no principado, Senna quase conquistou a vit\u00f3ria. Ele largou em 13\u00ba lugar, escalou o grid em meio \u00e0 chuva, superou o campe\u00e3o daquele ano, Niki Lauda, e tirou uma vantagem de mais de 30 segundos para Alain Prost. Quando estava prestes a alcan\u00e7ar a lideran\u00e7a, a corrida foi encerrada prematuramente, com menos da metade das voltas completadas.<\/p>\n\n\n\n<p>Nos dois anos seguintes, Senna enfrentou um abandono e uma terceira coloca\u00e7\u00e3o, o que s\u00f3 aumentou sua sede por uma vit\u00f3ria em Monte Carlo, que finalmente veio na temporada de 1987.<\/p>\n\n\n\n<p>Correndo pela Lotus, no ano em que Nelson Piquet se tornaria tricampe\u00e3o, Senna come\u00e7ou a temporada enfraquecido pelas limita\u00e7\u00f5es de seu carro, com dois abandonos e um p\u00f3dio em tr\u00eas corridas. Ainda assim, ele se classificou em segundo lugar em M\u00f4naco, atr\u00e1s de Nigel Mansell, da Williams. Ap\u00f3s a quebra do brit\u00e2nico na 30\u00aa volta, Senna assumiu a lideran\u00e7a e celebrou sua vit\u00f3ria, at\u00e9 mesmo jogando champanhe no Pr\u00edncipe Rainier durante a cerim\u00f4nia no p\u00f3dio.<\/p>\n\n\n\n<p>No ano seguinte, Senna migrou para a McLaren, iniciando uma parceria hist\u00f3rica que lhe renderia tr\u00eas t\u00edtulos mundiais. No entanto, sua estreia com a nova equipe nas ruas de Monte Carlo n\u00e3o foi das melhores: apesar de largar da pole position, ele bateu a 12 voltas do fim, quando liderava com 55 segundos de vantagem sobre seu companheiro de equipe, Alain Prost. Chateado, Senna foi direto para sua casa em Monte Carlo, onde passou o restante do dia.<\/p>\n\n\n\n<p>Em 1989, no entanto, Senna deu o troco, superando Prost e cruzando a linha de chegada quase um minuto \u00e0 frente de seu rival, em meio \u00e0 tens\u00e3o crescente dentro da McLaren ap\u00f3s o controverso GP de San Marino. Esse foi o segundo de seus seis triunfos em M\u00f4naco.<\/p>\n\n\n\n<p>No ano do bicampeonato, em 1990, Senna conquistou sua terceira vit\u00f3ria no principado, mesmo enfrentando dificuldades, como quase colidir com Satoru Nakajima e Derek Warwick, al\u00e9m de lidar com um motor falhando nas voltas finais. Ainda assim, ele segurou a lideran\u00e7a e garantiu a vit\u00f3ria com apenas um segundo de vantagem sobre Jean Alesi.<\/p>\n\n\n\n<p>A quarta vit\u00f3ria de Senna em M\u00f4naco veio em 1991, ap\u00f3s largar da pole position. Apesar de uma corrida cheia de incidentes, incluindo quase atropelar um fiscal de pista, ele cruzou a linha de chegada \u00e0 frente de Mansell e Alesi, garantindo tamb\u00e9m o 30\u00ba triunfo de sua carreira.<\/p>\n\n\n\n<p>A vit\u00f3ria que igualou o recorde de cinco conquistas de Graham Hill em M\u00f4naco veio em 1992, quando Senna superou a superioridade do carro de Nigel Mansell para vencer pela primeira vez naquele ano. Mansell, que havia largado da pole, foi for\u00e7ado a uma parada nos boxes a seis voltas do fim, permitindo que Senna assumisse a lideran\u00e7a e garantisse sua quinta vit\u00f3ria no principado.<\/p>\n\n\n\n<p>A despedida de Senna da McLaren, em 1993, foi marcada por sua sexta e \u00faltima vit\u00f3ria em M\u00f4naco, superando o recorde de Graham Hill e solidificando seu status de &#8220;Rei de M\u00f4naco&#8221;. Mesmo ap\u00f3s bater nos treinos e largar em terceiro, Senna contou com a sorte ao ver Prost ser penalizado e Schumacher abandonar a corrida, permitindo ao brasileiro cruzar a linha de chegada \u00e0 frente de Damon Hill e alcan\u00e7ar seu lugar definitivo na hist\u00f3ria do circuito monegasco.<\/p>\n","protected":false},"excerpt":{"rendered":"<p>Nenhum piloto dominou o circuito monegasco como Senna, que at\u00e9 hoje mant\u00e9m o recorde de vit\u00f3rias na mais ic\u00f4nica corrida da F1 Nenhum piloto na hist\u00f3ria da F\u00f3rmula 1 aproveitou t\u00e3o bem as curvas e visuais do Grande Pr\u00eamio de M\u00f4naco quanto Ayrton Senna. O \u00eddolo brasileiro ultrapassou a marca de Graham Hill e se [&hellip;]<\/p>\n","protected":false},"author":20,"featured_media":122665,"comment_status":"open","ping_status":"closed","sticky":false,"template":"","format":"standard","meta":{"footnotes":""},"categories":[451],"tags":[],"class_list":["post-158232","post","type-post","status-publish","format-standard","has-post-thumbnail","hentry","category-f1"],"yoast_head":"<!-- This site is optimized with the Yoast SEO Premium plugin v24.2 (Yoast SEO v26.9) - https:\/\/yoast.com\/product\/yoast-seo-premium-wordpress\/ -->\n<title>V\u00eddeo absurdo de Ayrton Senna em M\u00f4naco viraliza no Instagram<\/title>\n<meta name=\"robots\" content=\"index, follow, max-snippet:-1, max-image-preview:large, max-video-preview:-1\" \/>\n<link rel=\"canonical\" href=\"https:\/\/www.gaveanews.com\/index.php\/2024\/08\/13\/video-absurdo-de-ayrton-senna-em-monaco-viraliza-no-instagram\/\" \/>\n<meta property=\"og:locale\" content=\"pt_BR\" \/>\n<meta property=\"og:type\" content=\"article\" \/>\n<meta property=\"og:title\" content=\"V\u00eddeo absurdo de Ayrton Senna em M\u00f4naco viraliza no Instagram\" \/>\n<meta property=\"og:description\" content=\"Nenhum piloto dominou o circuito monegasco como Senna, que at\u00e9 hoje mant\u00e9m o recorde de vit\u00f3rias na mais ic\u00f4nica corrida da F1 Nenhum piloto na hist\u00f3ria da F\u00f3rmula 1 aproveitou t\u00e3o bem as curvas e visuais do Grande Pr\u00eamio de M\u00f4naco quanto Ayrton Senna. O \u00eddolo brasileiro ultrapassou a marca de Graham Hill e se [&hellip;]\" \/>\n<meta property=\"og:url\" content=\"https:\/\/www.gaveanews.com\/index.php\/2024\/08\/13\/video-absurdo-de-ayrton-senna-em-monaco-viraliza-no-instagram\/\" \/>\n<meta property=\"og:site_name\" content=\"G\u00e1vea News\" \/>\n<meta property=\"article:publisher\" content=\"https:\/\/facebook.com\/gaveaNews\/\" \/>\n<meta property=\"article:published_time\" content=\"2024-08-13T20:00:00+00:00\" \/>\n<meta property=\"og:image\" content=\"https:\/\/www.gaveanews.com\/wp-content\/uploads\/Ayrton-Senna.webp\" \/>\n\t<meta property=\"og:image:width\" content=\"1000\" \/>\n\t<meta property=\"og:image:height\" content=\"563\" \/>\n\t<meta property=\"og:image:type\" content=\"image\/webp\" \/>\n<meta name=\"author\" content=\"Lucas Barros\" \/>\n<meta name=\"twitter:card\" content=\"summary_large_image\" \/>\n<meta name=\"twitter:label1\" content=\"Escrito por\" \/>\n\t<meta name=\"twitter:data1\" content=\"Lucas Barros\" \/>\n\t<meta name=\"twitter:label2\" content=\"Est. tempo de leitura\" \/>\n\t<meta name=\"twitter:data2\" content=\"5 minutos\" \/>\n<script type=\"application\/ld+json\" class=\"yoast-schema-graph\">{\"@context\":\"https:\/\/schema.org\",\"@graph\":[{\"@type\":\"NewsArticle\",\"@id\":\"https:\/\/www.gaveanews.com\/index.php\/2024\/08\/13\/video-absurdo-de-ayrton-senna-em-monaco-viraliza-no-instagram\/#article\",\"isPartOf\":{\"@id\":\"https:\/\/www.gaveanews.com\/index.php\/2024\/08\/13\/video-absurdo-de-ayrton-senna-em-monaco-viraliza-no-instagram\/\"},\"author\":{\"name\":\"Lucas Barros\",\"@id\":\"https:\/\/www.gaveanews.com\/#\/schema\/person\/2abf0cfa878f5f899daa5f781e82264c\"},\"headline\":\"V\u00eddeo absurdo de Ayrton Senna em M\u00f4naco viraliza no Instagram\",\"datePublished\":\"2024-08-13T20:00:00+00:00\",\"mainEntityOfPage\":{\"@id\":\"https:\/\/www.gaveanews.com\/index.php\/2024\/08\/13\/video-absurdo-de-ayrton-senna-em-monaco-viraliza-no-instagram\/\"},\"wordCount\":767,\"commentCount\":0,\"image\":{\"@id\":\"https:\/\/www.gaveanews.com\/index.php\/2024\/08\/13\/video-absurdo-de-ayrton-senna-em-monaco-viraliza-no-instagram\/#primaryimage\"},\"thumbnailUrl\":\"https:\/\/www.gaveanews.com\/wp-content\/uploads\/Ayrton-Senna.webp\",\"articleSection\":[\"F1\"],\"inLanguage\":\"pt-BR\",\"potentialAction\":[{\"@type\":\"CommentAction\",\"name\":\"Comment\",\"target\":[\"https:\/\/www.gaveanews.com\/index.php\/2024\/08\/13\/video-absurdo-de-ayrton-senna-em-monaco-viraliza-no-instagram\/#respond\"]}],\"copyrightYear\":\"2024\",\"copyrightHolder\":{\"@id\":\"https:\/\/www.gaveanews.com\/#organization\"}},{\"@type\":\"WebPage\",\"@id\":\"https:\/\/www.gaveanews.com\/index.php\/2024\/08\/13\/video-absurdo-de-ayrton-senna-em-monaco-viraliza-no-instagram\/\",\"url\":\"https:\/\/www.gaveanews.com\/index.php\/2024\/08\/13\/video-absurdo-de-ayrton-senna-em-monaco-viraliza-no-instagram\/\",\"name\":\"V\u00eddeo absurdo de Ayrton Senna em M\u00f4naco viraliza no Instagram\",\"isPartOf\":{\"@id\":\"https:\/\/www.gaveanews.com\/#website\"},\"primaryImageOfPage\":{\"@id\":\"https:\/\/www.gaveanews.com\/index.php\/2024\/08\/13\/video-absurdo-de-ayrton-senna-em-monaco-viraliza-no-instagram\/#primaryimage\"},\"image\":{\"@id\":\"https:\/\/www.gaveanews.com\/index.php\/2024\/08\/13\/video-absurdo-de-ayrton-senna-em-monaco-viraliza-no-instagram\/#primaryimage\"},\"thumbnailUrl\":\"https:\/\/www.gaveanews.com\/wp-content\/uploads\/Ayrton-Senna.webp\",\"datePublished\":\"2024-08-13T20:00:00+00:00\",\"author\":{\"@id\":\"https:\/\/www.gaveanews.com\/#\/schema\/person\/2abf0cfa878f5f899daa5f781e82264c\"},\"breadcrumb\":{\"@id\":\"https:\/\/www.gaveanews.com\/index.php\/2024\/08\/13\/video-absurdo-de-ayrton-senna-em-monaco-viraliza-no-instagram\/#breadcrumb\"},\"inLanguage\":\"pt-BR\",\"potentialAction\":[{\"@type\":\"ReadAction\",\"target\":[\"https:\/\/www.gaveanews.com\/index.php\/2024\/08\/13\/video-absurdo-de-ayrton-senna-em-monaco-viraliza-no-instagram\/\"]}]},{\"@type\":\"ImageObject\",\"inLanguage\":\"pt-BR\",\"@id\":\"https:\/\/www.gaveanews.com\/index.php\/2024\/08\/13\/video-absurdo-de-ayrton-senna-em-monaco-viraliza-no-instagram\/#primaryimage\",\"url\":\"https:\/\/www.gaveanews.com\/wp-content\/uploads\/Ayrton-Senna.webp\",\"contentUrl\":\"https:\/\/www.gaveanews.com\/wp-content\/uploads\/Ayrton-Senna.webp\",\"width\":1000,\"height\":563,\"caption\":\"Ayrton Senna, piloto brasileiro de F\u00f3rmula 1 (Foto: Getty Images)\"},{\"@type\":\"BreadcrumbList\",\"@id\":\"https:\/\/www.gaveanews.com\/index.php\/2024\/08\/13\/video-absurdo-de-ayrton-senna-em-monaco-viraliza-no-instagram\/#breadcrumb\",\"itemListElement\":[{\"@type\":\"ListItem\",\"position\":1,\"name\":\"Home\",\"item\":\"https:\/\/www.gaveanews.com\/\"},{\"@type\":\"ListItem\",\"position\":2,\"name\":\"V\u00eddeo absurdo de Ayrton Senna em M\u00f4naco viraliza no Instagram\"}]},{\"@type\":\"WebSite\",\"@id\":\"https:\/\/www.gaveanews.com\/#website\",\"url\":\"https:\/\/www.gaveanews.com\/\",\"name\":\"G\u00e1vea News\",\"description\":\"Veja todas as not\u00edcias sobre o Flamengo: Contrata\u00e7\u00f5es, categorias de base, resultados das partidas, tabela de classifica\u00e7\u00e3o, pr\u00f3ximos jogos!\",\"potentialAction\":[{\"@type\":\"SearchAction\",\"target\":{\"@type\":\"EntryPoint\",\"urlTemplate\":\"https:\/\/www.gaveanews.com\/?s={search_term_string}\"},\"query-input\":{\"@type\":\"PropertyValueSpecification\",\"valueRequired\":true,\"valueName\":\"search_term_string\"}}],\"inLanguage\":\"pt-BR\"},{\"@type\":\"Person\",\"@id\":\"https:\/\/www.gaveanews.com\/#\/schema\/person\/2abf0cfa878f5f899daa5f781e82264c\",\"name\":\"Lucas Barros\",\"image\":{\"@type\":\"ImageObject\",\"inLanguage\":\"pt-BR\",\"@id\":\"https:\/\/www.gaveanews.com\/#\/schema\/person\/image\/\",\"url\":\"https:\/\/secure.gravatar.com\/avatar\/67a6069eba66bf6fd7c80b70e1331baa3dbc3d6df5012d5c22eff29c7d59e0b0?s=96&d=mm&r=g\",\"contentUrl\":\"https:\/\/secure.gravatar.com\/avatar\/67a6069eba66bf6fd7c80b70e1331baa3dbc3d6df5012d5c22eff29c7d59e0b0?s=96&d=mm&r=g\",\"caption\":\"Lucas Barros\"}}]}<\/script>\n<!-- \/ Yoast SEO Premium plugin. -->","yoast_head_json":{"title":"V\u00eddeo absurdo de Ayrton Senna em M\u00f4naco viraliza no Instagram","robots":{"index":"index","follow":"follow","max-snippet":"max-snippet:-1","max-image-preview":"max-image-preview:large","max-video-preview":"max-video-preview:-1"},"canonical":"https:\/\/www.gaveanews.com\/index.php\/2024\/08\/13\/video-absurdo-de-ayrton-senna-em-monaco-viraliza-no-instagram\/","og_locale":"pt_BR","og_type":"article","og_title":"V\u00eddeo absurdo de Ayrton Senna em M\u00f4naco viraliza no Instagram","og_description":"Nenhum piloto dominou o circuito monegasco como Senna, que at\u00e9 hoje mant\u00e9m o recorde de vit\u00f3rias na mais ic\u00f4nica corrida da F1 Nenhum piloto na hist\u00f3ria da F\u00f3rmula 1 aproveitou t\u00e3o bem as curvas e visuais do Grande Pr\u00eamio de M\u00f4naco quanto Ayrton Senna. O \u00eddolo brasileiro ultrapassou a marca de Graham Hill e se [&hellip;]","og_url":"https:\/\/www.gaveanews.com\/index.php\/2024\/08\/13\/video-absurdo-de-ayrton-senna-em-monaco-viraliza-no-instagram\/","og_site_name":"G\u00e1vea News","article_publisher":"https:\/\/facebook.com\/gaveaNews\/","article_published_time":"2024-08-13T20:00:00+00:00","og_image":[{"width":1000,"height":563,"url":"https:\/\/www.gaveanews.com\/wp-content\/uploads\/Ayrton-Senna.webp","type":"image\/webp"}],"author":"Lucas Barros","twitter_card":"summary_large_image","twitter_misc":{"Escrito por":"Lucas Barros","Est. tempo de leitura":"5 minutos"},"schema":{"@context":"https:\/\/schema.org","@graph":[{"@type":"NewsArticle","@id":"https:\/\/www.gaveanews.com\/index.php\/2024\/08\/13\/video-absurdo-de-ayrton-senna-em-monaco-viraliza-no-instagram\/#article","isPartOf":{"@id":"https:\/\/www.gaveanews.com\/index.php\/2024\/08\/13\/video-absurdo-de-ayrton-senna-em-monaco-viraliza-no-instagram\/"},"author":{"name":"Lucas Barros","@id":"https:\/\/www.gaveanews.com\/#\/schema\/person\/2abf0cfa878f5f899daa5f781e82264c"},"headline":"V\u00eddeo absurdo de Ayrton Senna em M\u00f4naco viraliza no Instagram","datePublished":"2024-08-13T20:00:00+00:00","mainEntityOfPage":{"@id":"https:\/\/www.gaveanews.com\/index.php\/2024\/08\/13\/video-absurdo-de-ayrton-senna-em-monaco-viraliza-no-instagram\/"},"wordCount":767,"commentCount":0,"image":{"@id":"https:\/\/www.gaveanews.com\/index.php\/2024\/08\/13\/video-absurdo-de-ayrton-senna-em-monaco-viraliza-no-instagram\/#primaryimage"},"thumbnailUrl":"https:\/\/www.gaveanews.com\/wp-content\/uploads\/Ayrton-Senna.webp","articleSection":["F1"],"inLanguage":"pt-BR","potentialAction":[{"@type":"CommentAction","name":"Comment","target":["https:\/\/www.gaveanews.com\/index.php\/2024\/08\/13\/video-absurdo-de-ayrton-senna-em-monaco-viraliza-no-instagram\/#respond"]}],"copyrightYear":"2024","copyrightHolder":{"@id":"https:\/\/www.gaveanews.com\/#organization"}},{"@type":"WebPage","@id":"https:\/\/www.gaveanews.com\/index.php\/2024\/08\/13\/video-absurdo-de-ayrton-senna-em-monaco-viraliza-no-instagram\/","url":"https:\/\/www.gaveanews.com\/index.php\/2024\/08\/13\/video-absurdo-de-ayrton-senna-em-monaco-viraliza-no-instagram\/","name":"V\u00eddeo absurdo de Ayrton Senna em M\u00f4naco viraliza no Instagram","isPartOf":{"@id":"https:\/\/www.gaveanews.com\/#website"},"primaryImageOfPage":{"@id":"https:\/\/www.gaveanews.com\/index.php\/2024\/08\/13\/video-absurdo-de-ayrton-senna-em-monaco-viraliza-no-instagram\/#primaryimage"},"image":{"@id":"https:\/\/www.gaveanews.com\/index.php\/2024\/08\/13\/video-absurdo-de-ayrton-senna-em-monaco-viraliza-no-instagram\/#primaryimage"},"thumbnailUrl":"https:\/\/www.gaveanews.com\/wp-content\/uploads\/Ayrton-Senna.webp","datePublished":"2024-08-13T20:00:00+00:00","author":{"@id":"https:\/\/www.gaveanews.com\/#\/schema\/person\/2abf0cfa878f5f899daa5f781e82264c"},"breadcrumb":{"@id":"https:\/\/www.gaveanews.com\/index.php\/2024\/08\/13\/video-absurdo-de-ayrton-senna-em-monaco-viraliza-no-instagram\/#breadcrumb"},"inLanguage":"pt-BR","potentialAction":[{"@type":"ReadAction","target":["https:\/\/www.gaveanews.com\/index.php\/2024\/08\/13\/video-absurdo-de-ayrton-senna-em-monaco-viraliza-no-instagram\/"]}]},{"@type":"ImageObject","inLanguage":"pt-BR","@id":"https:\/\/www.gaveanews.com\/index.php\/2024\/08\/13\/video-absurdo-de-ayrton-senna-em-monaco-viraliza-no-instagram\/#primaryimage","url":"https:\/\/www.gaveanews.com\/wp-content\/uploads\/Ayrton-Senna.webp","contentUrl":"https:\/\/www.gaveanews.com\/wp-content\/uploads\/Ayrton-Senna.webp","width":1000,"height":563,"caption":"Ayrton Senna, piloto brasileiro de F\u00f3rmula 1 (Foto: Getty Images)"},{"@type":"BreadcrumbList","@id":"https:\/\/www.gaveanews.com\/index.php\/2024\/08\/13\/video-absurdo-de-ayrton-senna-em-monaco-viraliza-no-instagram\/#breadcrumb","itemListElement":[{"@type":"ListItem","position":1,"name":"Home","item":"https:\/\/www.gaveanews.com\/"},{"@type":"ListItem","position":2,"name":"V\u00eddeo absurdo de Ayrton Senna em M\u00f4naco viraliza no Instagram"}]},{"@type":"WebSite","@id":"https:\/\/www.gaveanews.com\/#website","url":"https:\/\/www.gaveanews.com\/","name":"G\u00e1vea News","description":"Veja todas as not\u00edcias sobre o Flamengo: Contrata\u00e7\u00f5es, categorias de base, resultados das partidas, tabela de classifica\u00e7\u00e3o, pr\u00f3ximos jogos!","potentialAction":[{"@type":"SearchAction","target":{"@type":"EntryPoint","urlTemplate":"https:\/\/www.gaveanews.com\/?s={search_term_string}"},"query-input":{"@type":"PropertyValueSpecification","valueRequired":true,"valueName":"search_term_string"}}],"inLanguage":"pt-BR"},{"@type":"Person","@id":"https:\/\/www.gaveanews.com\/#\/schema\/person\/2abf0cfa878f5f899daa5f781e82264c","name":"Lucas Barros","image":{"@type":"ImageObject","inLanguage":"pt-BR","@id":"https:\/\/www.gaveanews.com\/#\/schema\/person\/image\/","url":"https:\/\/secure.gravatar.com\/avatar\/67a6069eba66bf6fd7c80b70e1331baa3dbc3d6df5012d5c22eff29c7d59e0b0?s=96&d=mm&r=g","contentUrl":"https:\/\/secure.gravatar.com\/avatar\/67a6069eba66bf6fd7c80b70e1331baa3dbc3d6df5012d5c22eff29c7d59e0b0?s=96&d=mm&r=g","caption":"Lucas Barros"}}]}},"_links":{"self":[{"href":"https:\/\/www.gaveanews.com\/index.php\/wp-json\/wp\/v2\/posts\/158232","targetHints":{"allow":["GET"]}}],"collection":[{"href":"https:\/\/www.gaveanews.com\/index.php\/wp-json\/wp\/v2\/posts"}],"about":[{"href":"https:\/\/www.gaveanews.com\/index.php\/wp-json\/wp\/v2\/types\/post"}],"author":[{"embeddable":true,"href":"https:\/\/www.gaveanews.com\/index.php\/wp-json\/wp\/v2\/users\/20"}],"replies":[{"embeddable":true,"href":"https:\/\/www.gaveanews.com\/index.php\/wp-json\/wp\/v2\/comments?post=158232"}],"version-history":[{"count":2,"href":"https:\/\/www.gaveanews.com\/index.php\/wp-json\/wp\/v2\/posts\/158232\/revisions"}],"predecessor-version":[{"id":158263,"href":"https:\/\/www.gaveanews.com\/index.php\/wp-json\/wp\/v2\/posts\/158232\/revisions\/158263"}],"wp:featuredmedia":[{"embeddable":true,"href":"https:\/\/www.gaveanews.com\/index.php\/wp-json\/wp\/v2\/media\/122665"}],"wp:attachment":[{"href":"https:\/\/www.gaveanews.com\/index.php\/wp-json\/wp\/v2\/media?parent=158232"}],"wp:term":[{"taxonomy":"category","embeddable":true,"href":"https:\/\/www.gaveanews.com\/index.php\/wp-json\/wp\/v2\/categories?post=158232"},{"taxonomy":"post_tag","embeddable":true,"href":"https:\/\/www.gaveanews.com\/index.php\/wp-json\/wp\/v2\/tags?post=158232"}],"curies":[{"name":"wp","href":"https:\/\/api.w.org\/{rel}","templated":true}]}}