{"id":158287,"date":"2024-08-13T17:00:00","date_gmt":"2024-08-13T20:00:00","guid":{"rendered":"https:\/\/www.gaveanews.com\/?p=158287"},"modified":"2024-08-13T15:30:52","modified_gmt":"2024-08-13T18:30:52","slug":"a-declaracao-de-vitor-sergio-rodrigues-sobre-a-saida-de-vini-jr-do-real-madrid","status":"publish","type":"post","link":"https:\/\/www.gaveanews.com\/index.php\/2024\/08\/13\/a-declaracao-de-vitor-sergio-rodrigues-sobre-a-saida-de-vini-jr-do-real-madrid\/","title":{"rendered":"A declara\u00e7\u00e3o de Vitor S\u00e9rgio Rodrigues sobre a sa\u00edda de Vini Jr do Real Madrid"},"content":{"rendered":"\n<p>O jornalista esportivo Vitor Sergio Rodrigues, VSR, abriu o jogo sobre o Vinicius Junior e a proposta que era especulado que ele receberia da Ar\u00e1bia Saudita de um sal\u00e1rio 13 vezes maior que ele recebe no Real Madrid.<\/p>\n\n\n\n<p>No &#8216;De Placa&#8217;, na TNT Sports, ele comentou sobre a sa\u00edda do jogador, mas disse que ele e o staff dele recusaram inicialmente qualquer investida do pa\u00eds.<\/p>\n\n\n\n<ul class=\"wp-block-list\">\n<li><a href=\"https:\/\/www.gaveanews.com\/index.php\/2024\/08\/12\/vini-jr-vai-aceitar-a-proposta-do-al-ahli-para-deixar-o-real-madrid\/\">Vini Jr vai aceitar a proposta do Al-Ahli para deixar o Real Madrid?<\/a><\/li>\n\n\n\n<li><a href=\"https:\/\/www.gaveanews.com\/index.php\/2024\/08\/06\/a-declaracao-de-vini-jr-sobre-mbappe-e-endrick\/\">A declara\u00e7\u00e3o de Vini Jr sobre Mbapp\u00e9 e Endrick<\/a><\/li>\n<\/ul>\n\n\n\n<p>&#8211; <em>Vinicius Junior recebeu uma sondagem e j\u00e1 negou a sondagem de ir para o Al Ahli. Eu entrei em contato com pessoal pr\u00f3ximas ao Vinicius e eu mandei uma mensagem j\u00e1 perguntando assim: &#8216;Posso confirmar que o Vinicius Junior negou a proposta?&#8217;. A resposta veio em letras garrafais: <strong>N\u00e3o. <\/strong>Ai eu falei: &#8216;N\u00e3o?&#8217;. Ai a resposta foi a seguinte: &#8216;O Vinicius e o Staff dele est\u00e3o analisando com calma a proposta, <\/em>disse o jornalista.<\/p>\n\n\n\n<iframe loading=\"lazy\" width=\"560\" height=\"315\" src=\"https:\/\/www.youtube.com\/embed\/q9O1VQ9zbF8?si=jUH3APMYgUHfV0EW\" title=\"YouTube video player\" frameborder=\"0\" allow=\"accelerometer; autoplay; clipboard-write; encrypted-media; gyroscope; picture-in-picture; web-share\" referrerpolicy=\"strict-origin-when-cross-origin\" allowfullscreen><\/iframe>\n\n\n\n<h2 class=\"wp-block-heading\" id=\"h-qual-foi-a-proposta-por-vini-jr\">Qual foi a proposta por Vini Jr?<\/h2>\n\n\n\n<p>Um sal\u00e1rio 13 vezes maior do que o atual, cargo para o p\u00f3s-carreira e liberdade para retornar ao futebol europeu antes mesmo de completar 30 anos. O Fundo P\u00fablico de Investimentos (PIF) do governo da Ar\u00e1bia Saudita&nbsp;promete n\u00e3o medir esfor\u00e7os para ter Vini Jr. no Al-Ahli&nbsp;a partir da pr\u00f3xima temporada. E os argumentos na mesa s\u00e3o tentadores.<\/p>\n\n\n\n<p>O clube espanhol faz jogo duro e garante que s\u00f3 libera pelo valor de multa de 1 bilh\u00e3o de euros (R$ 6 bilh\u00f5es). Do lado de Vinicius Junior, por sua vez, h\u00e1 um enorme ponto de interroga\u00e7\u00e3o sobre o que fazer do futuro.<\/p>\n\n\n\n<p>O motivo principal, obviamente, \u00e9 financeiro e pessoas pr\u00f3ximas tratam a oferta de 1 bilh\u00e3o de euros por cinco anos de contrato como &#8220;capaz de resolver a vida de gera\u00e7\u00f5es de familiares do jogador&#8221;, que tem como meta ampliar tamb\u00e9m o impacto de seu instituto.<\/p>\n\n\n\n<ul class=\"wp-block-list\">\n<li>\u20ac 1 bilh\u00e3o (R$ 6 bilh\u00f5es) por cinco anos de contrato como jogador, em sal\u00e1rios e b\u00f4nus<\/li>\n\n\n\n<li>Liberdade para o atacante decidir seu destino em 2029<\/li>\n\n\n\n<li>Papel como embaixador da Copa do Mundo de 2034 e da liga saudita<\/li>\n\n\n\n<li>Possibilidade de exercer algum cargo local ap\u00f3s a aposentadoria como jogador<\/li>\n<\/ul>\n\n\n\n<p>De forma did\u00e1tica, a promessa dos \u00e1rabes \u00e9 13 vezes maior do que o sal\u00e1rio atual de Vini no Real Madrid. No ano passado, ele renovou o contrato com o clube at\u00e9 junho de 2027 com aumento progressivo ano a ano. A proje\u00e7\u00e3o \u00e9 de 13 milh\u00f5es de euros no ano de 2024 e 45 milh\u00f5es de euros (R$ 271 milh\u00f5es) no somat\u00f3rio das tr\u00eas temporadas restantes at\u00e9 o fim do v\u00ednculo com os espanh\u00f3is.<\/p>\n","protected":false},"excerpt":{"rendered":"<p>O jornalista esportivo Vitor Sergio Rodrigues, VSR, abriu o jogo sobre o Vinicius Junior e a proposta que era especulado que ele receberia da Ar\u00e1bia Saudita de um sal\u00e1rio 13 vezes maior que ele recebe no Real Madrid. No &#8216;De Placa&#8217;, na TNT Sports, ele comentou sobre a sa\u00edda do jogador, mas disse que ele [&hellip;]<\/p>\n","protected":false},"author":19,"featured_media":109282,"comment_status":"open","ping_status":"closed","sticky":false,"template":"","format":"standard","meta":{"footnotes":""},"categories":[454,1,88],"tags":[],"class_list":["post-158287","post","type-post","status-publish","format-standard","has-post-thumbnail","hentry","category-al-ahli","category-flamengo","category-real-madrid"],"yoast_head":"<!-- This site is optimized with the Yoast SEO Premium plugin v24.2 (Yoast SEO v26.9) - https:\/\/yoast.com\/product\/yoast-seo-premium-wordpress\/ -->\n<title>A declara\u00e7\u00e3o de Vitor S\u00e9rgio Rodrigues sobre a sa\u00edda de Vini Jr do Real Madrid<\/title>\n<meta name=\"robots\" content=\"index, follow, max-snippet:-1, max-image-preview:large, max-video-preview:-1\" \/>\n<link rel=\"canonical\" href=\"https:\/\/www.gaveanews.com\/index.php\/2024\/08\/13\/a-declaracao-de-vitor-sergio-rodrigues-sobre-a-saida-de-vini-jr-do-real-madrid\/\" \/>\n<meta property=\"og:locale\" content=\"pt_BR\" \/>\n<meta property=\"og:type\" content=\"article\" \/>\n<meta property=\"og:title\" content=\"A declara\u00e7\u00e3o de Vitor S\u00e9rgio Rodrigues sobre a sa\u00edda de Vini Jr do Real Madrid\" \/>\n<meta property=\"og:description\" content=\"O jornalista esportivo Vitor Sergio Rodrigues, VSR, abriu o jogo sobre o Vinicius Junior e a proposta que era especulado que ele receberia da Ar\u00e1bia Saudita de um sal\u00e1rio 13 vezes maior que ele recebe no Real Madrid. No &#8216;De Placa&#8217;, na TNT Sports, ele comentou sobre a sa\u00edda do jogador, mas disse que ele [&hellip;]\" \/>\n<meta property=\"og:url\" content=\"https:\/\/www.gaveanews.com\/index.php\/2024\/08\/13\/a-declaracao-de-vitor-sergio-rodrigues-sobre-a-saida-de-vini-jr-do-real-madrid\/\" \/>\n<meta property=\"og:site_name\" content=\"G\u00e1vea News\" \/>\n<meta property=\"article:publisher\" content=\"https:\/\/facebook.com\/gaveaNews\/\" \/>\n<meta property=\"article:published_time\" content=\"2024-08-13T20:00:00+00:00\" \/>\n<meta property=\"og:image\" content=\"https:\/\/www.gaveanews.com\/wp-content\/uploads\/vini-jr-real-madrid.webp\" \/>\n\t<meta property=\"og:image:width\" content=\"1080\" \/>\n\t<meta property=\"og:image:height\" content=\"607\" \/>\n\t<meta property=\"og:image:type\" content=\"image\/webp\" \/>\n<meta name=\"author\" content=\"Bruno Zanchetta\" \/>\n<meta name=\"twitter:card\" content=\"summary_large_image\" \/>\n<meta name=\"twitter:label1\" content=\"Escrito por\" \/>\n\t<meta name=\"twitter:data1\" content=\"Bruno Zanchetta\" \/>\n\t<meta name=\"twitter:label2\" content=\"Est. tempo de leitura\" \/>\n\t<meta name=\"twitter:data2\" content=\"3 minutos\" \/>\n<script type=\"application\/ld+json\" class=\"yoast-schema-graph\">{\"@context\":\"https:\/\/schema.org\",\"@graph\":[{\"@type\":\"NewsArticle\",\"@id\":\"https:\/\/www.gaveanews.com\/index.php\/2024\/08\/13\/a-declaracao-de-vitor-sergio-rodrigues-sobre-a-saida-de-vini-jr-do-real-madrid\/#article\",\"isPartOf\":{\"@id\":\"https:\/\/www.gaveanews.com\/index.php\/2024\/08\/13\/a-declaracao-de-vitor-sergio-rodrigues-sobre-a-saida-de-vini-jr-do-real-madrid\/\"},\"author\":{\"name\":\"Bruno Zanchetta\",\"@id\":\"https:\/\/www.gaveanews.com\/#\/schema\/person\/32fddefab25b466689f181be346cd98c\"},\"headline\":\"A declara\u00e7\u00e3o de Vitor S\u00e9rgio Rodrigues sobre a sa\u00edda de Vini Jr do Real Madrid\",\"datePublished\":\"2024-08-13T20:00:00+00:00\",\"mainEntityOfPage\":{\"@id\":\"https:\/\/www.gaveanews.com\/index.php\/2024\/08\/13\/a-declaracao-de-vitor-sergio-rodrigues-sobre-a-saida-de-vini-jr-do-real-madrid\/\"},\"wordCount\":480,\"commentCount\":0,\"image\":{\"@id\":\"https:\/\/www.gaveanews.com\/index.php\/2024\/08\/13\/a-declaracao-de-vitor-sergio-rodrigues-sobre-a-saida-de-vini-jr-do-real-madrid\/#primaryimage\"},\"thumbnailUrl\":\"https:\/\/www.gaveanews.com\/wp-content\/uploads\/vini-jr-real-madrid.webp\",\"articleSection\":[\"Al-Ahli\",\"Flamengo\",\"Real Madrid\"],\"inLanguage\":\"pt-BR\",\"potentialAction\":[{\"@type\":\"CommentAction\",\"name\":\"Comment\",\"target\":[\"https:\/\/www.gaveanews.com\/index.php\/2024\/08\/13\/a-declaracao-de-vitor-sergio-rodrigues-sobre-a-saida-de-vini-jr-do-real-madrid\/#respond\"]}],\"copyrightYear\":\"2024\",\"copyrightHolder\":{\"@id\":\"https:\/\/www.gaveanews.com\/#organization\"}},{\"@type\":\"WebPage\",\"@id\":\"https:\/\/www.gaveanews.com\/index.php\/2024\/08\/13\/a-declaracao-de-vitor-sergio-rodrigues-sobre-a-saida-de-vini-jr-do-real-madrid\/\",\"url\":\"https:\/\/www.gaveanews.com\/index.php\/2024\/08\/13\/a-declaracao-de-vitor-sergio-rodrigues-sobre-a-saida-de-vini-jr-do-real-madrid\/\",\"name\":\"A declara\u00e7\u00e3o de Vitor S\u00e9rgio Rodrigues sobre a sa\u00edda de Vini Jr do Real Madrid\",\"isPartOf\":{\"@id\":\"https:\/\/www.gaveanews.com\/#website\"},\"primaryImageOfPage\":{\"@id\":\"https:\/\/www.gaveanews.com\/index.php\/2024\/08\/13\/a-declaracao-de-vitor-sergio-rodrigues-sobre-a-saida-de-vini-jr-do-real-madrid\/#primaryimage\"},\"image\":{\"@id\":\"https:\/\/www.gaveanews.com\/index.php\/2024\/08\/13\/a-declaracao-de-vitor-sergio-rodrigues-sobre-a-saida-de-vini-jr-do-real-madrid\/#primaryimage\"},\"thumbnailUrl\":\"https:\/\/www.gaveanews.com\/wp-content\/uploads\/vini-jr-real-madrid.webp\",\"datePublished\":\"2024-08-13T20:00:00+00:00\",\"author\":{\"@id\":\"https:\/\/www.gaveanews.com\/#\/schema\/person\/32fddefab25b466689f181be346cd98c\"},\"breadcrumb\":{\"@id\":\"https:\/\/www.gaveanews.com\/index.php\/2024\/08\/13\/a-declaracao-de-vitor-sergio-rodrigues-sobre-a-saida-de-vini-jr-do-real-madrid\/#breadcrumb\"},\"inLanguage\":\"pt-BR\",\"potentialAction\":[{\"@type\":\"ReadAction\",\"target\":[\"https:\/\/www.gaveanews.com\/index.php\/2024\/08\/13\/a-declaracao-de-vitor-sergio-rodrigues-sobre-a-saida-de-vini-jr-do-real-madrid\/\"]}]},{\"@type\":\"ImageObject\",\"inLanguage\":\"pt-BR\",\"@id\":\"https:\/\/www.gaveanews.com\/index.php\/2024\/08\/13\/a-declaracao-de-vitor-sergio-rodrigues-sobre-a-saida-de-vini-jr-do-real-madrid\/#primaryimage\",\"url\":\"https:\/\/www.gaveanews.com\/wp-content\/uploads\/vini-jr-real-madrid.webp\",\"contentUrl\":\"https:\/\/www.gaveanews.com\/wp-content\/uploads\/vini-jr-real-madrid.webp\",\"width\":1080,\"height\":607,\"caption\":\"Vini Jr em a\u00e7\u00e3o pelo Real Madrid (Foto: Divulga\u00e7\u00e3o\/Real Madrid)\"},{\"@type\":\"BreadcrumbList\",\"@id\":\"https:\/\/www.gaveanews.com\/index.php\/2024\/08\/13\/a-declaracao-de-vitor-sergio-rodrigues-sobre-a-saida-de-vini-jr-do-real-madrid\/#breadcrumb\",\"itemListElement\":[{\"@type\":\"ListItem\",\"position\":1,\"name\":\"Home\",\"item\":\"https:\/\/www.gaveanews.com\/\"},{\"@type\":\"ListItem\",\"position\":2,\"name\":\"A declara\u00e7\u00e3o de Vitor S\u00e9rgio Rodrigues sobre a sa\u00edda de Vini Jr do Real Madrid\"}]},{\"@type\":\"WebSite\",\"@id\":\"https:\/\/www.gaveanews.com\/#website\",\"url\":\"https:\/\/www.gaveanews.com\/\",\"name\":\"G\u00e1vea News\",\"description\":\"Veja todas as not\u00edcias sobre o Flamengo: Contrata\u00e7\u00f5es, categorias de base, resultados das partidas, tabela de classifica\u00e7\u00e3o, pr\u00f3ximos jogos!\",\"potentialAction\":[{\"@type\":\"SearchAction\",\"target\":{\"@type\":\"EntryPoint\",\"urlTemplate\":\"https:\/\/www.gaveanews.com\/?s={search_term_string}\"},\"query-input\":{\"@type\":\"PropertyValueSpecification\",\"valueRequired\":true,\"valueName\":\"search_term_string\"}}],\"inLanguage\":\"pt-BR\"},{\"@type\":\"Person\",\"@id\":\"https:\/\/www.gaveanews.com\/#\/schema\/person\/32fddefab25b466689f181be346cd98c\",\"name\":\"Bruno Zanchetta\",\"image\":{\"@type\":\"ImageObject\",\"inLanguage\":\"pt-BR\",\"@id\":\"https:\/\/www.gaveanews.com\/#\/schema\/person\/image\/\",\"url\":\"https:\/\/secure.gravatar.com\/avatar\/3ba2d39f8a912ad65276975a996d6ad8d9e3dd13448684be8dc4d7c17099d2ee?s=96&d=mm&r=g\",\"contentUrl\":\"https:\/\/secure.gravatar.com\/avatar\/3ba2d39f8a912ad65276975a996d6ad8d9e3dd13448684be8dc4d7c17099d2ee?s=96&d=mm&r=g\",\"caption\":\"Bruno Zanchetta\"}}]}<\/script>\n<!-- \/ Yoast SEO Premium plugin. -->","yoast_head_json":{"title":"A declara\u00e7\u00e3o de Vitor S\u00e9rgio Rodrigues sobre a sa\u00edda de Vini Jr do Real Madrid","robots":{"index":"index","follow":"follow","max-snippet":"max-snippet:-1","max-image-preview":"max-image-preview:large","max-video-preview":"max-video-preview:-1"},"canonical":"https:\/\/www.gaveanews.com\/index.php\/2024\/08\/13\/a-declaracao-de-vitor-sergio-rodrigues-sobre-a-saida-de-vini-jr-do-real-madrid\/","og_locale":"pt_BR","og_type":"article","og_title":"A declara\u00e7\u00e3o de Vitor S\u00e9rgio Rodrigues sobre a sa\u00edda de Vini Jr do Real Madrid","og_description":"O jornalista esportivo Vitor Sergio Rodrigues, VSR, abriu o jogo sobre o Vinicius Junior e a proposta que era especulado que ele receberia da Ar\u00e1bia Saudita de um sal\u00e1rio 13 vezes maior que ele recebe no Real Madrid. No &#8216;De Placa&#8217;, na TNT Sports, ele comentou sobre a sa\u00edda do jogador, mas disse que ele [&hellip;]","og_url":"https:\/\/www.gaveanews.com\/index.php\/2024\/08\/13\/a-declaracao-de-vitor-sergio-rodrigues-sobre-a-saida-de-vini-jr-do-real-madrid\/","og_site_name":"G\u00e1vea News","article_publisher":"https:\/\/facebook.com\/gaveaNews\/","article_published_time":"2024-08-13T20:00:00+00:00","og_image":[{"width":1080,"height":607,"url":"https:\/\/www.gaveanews.com\/wp-content\/uploads\/vini-jr-real-madrid.webp","type":"image\/webp"}],"author":"Bruno Zanchetta","twitter_card":"summary_large_image","twitter_misc":{"Escrito por":"Bruno Zanchetta","Est. tempo de leitura":"3 minutos"},"schema":{"@context":"https:\/\/schema.org","@graph":[{"@type":"NewsArticle","@id":"https:\/\/www.gaveanews.com\/index.php\/2024\/08\/13\/a-declaracao-de-vitor-sergio-rodrigues-sobre-a-saida-de-vini-jr-do-real-madrid\/#article","isPartOf":{"@id":"https:\/\/www.gaveanews.com\/index.php\/2024\/08\/13\/a-declaracao-de-vitor-sergio-rodrigues-sobre-a-saida-de-vini-jr-do-real-madrid\/"},"author":{"name":"Bruno Zanchetta","@id":"https:\/\/www.gaveanews.com\/#\/schema\/person\/32fddefab25b466689f181be346cd98c"},"headline":"A declara\u00e7\u00e3o de Vitor S\u00e9rgio Rodrigues sobre a sa\u00edda de Vini Jr do Real Madrid","datePublished":"2024-08-13T20:00:00+00:00","mainEntityOfPage":{"@id":"https:\/\/www.gaveanews.com\/index.php\/2024\/08\/13\/a-declaracao-de-vitor-sergio-rodrigues-sobre-a-saida-de-vini-jr-do-real-madrid\/"},"wordCount":480,"commentCount":0,"image":{"@id":"https:\/\/www.gaveanews.com\/index.php\/2024\/08\/13\/a-declaracao-de-vitor-sergio-rodrigues-sobre-a-saida-de-vini-jr-do-real-madrid\/#primaryimage"},"thumbnailUrl":"https:\/\/www.gaveanews.com\/wp-content\/uploads\/vini-jr-real-madrid.webp","articleSection":["Al-Ahli","Flamengo","Real Madrid"],"inLanguage":"pt-BR","potentialAction":[{"@type":"CommentAction","name":"Comment","target":["https:\/\/www.gaveanews.com\/index.php\/2024\/08\/13\/a-declaracao-de-vitor-sergio-rodrigues-sobre-a-saida-de-vini-jr-do-real-madrid\/#respond"]}],"copyrightYear":"2024","copyrightHolder":{"@id":"https:\/\/www.gaveanews.com\/#organization"}},{"@type":"WebPage","@id":"https:\/\/www.gaveanews.com\/index.php\/2024\/08\/13\/a-declaracao-de-vitor-sergio-rodrigues-sobre-a-saida-de-vini-jr-do-real-madrid\/","url":"https:\/\/www.gaveanews.com\/index.php\/2024\/08\/13\/a-declaracao-de-vitor-sergio-rodrigues-sobre-a-saida-de-vini-jr-do-real-madrid\/","name":"A declara\u00e7\u00e3o de Vitor S\u00e9rgio Rodrigues sobre a sa\u00edda de Vini Jr do Real Madrid","isPartOf":{"@id":"https:\/\/www.gaveanews.com\/#website"},"primaryImageOfPage":{"@id":"https:\/\/www.gaveanews.com\/index.php\/2024\/08\/13\/a-declaracao-de-vitor-sergio-rodrigues-sobre-a-saida-de-vini-jr-do-real-madrid\/#primaryimage"},"image":{"@id":"https:\/\/www.gaveanews.com\/index.php\/2024\/08\/13\/a-declaracao-de-vitor-sergio-rodrigues-sobre-a-saida-de-vini-jr-do-real-madrid\/#primaryimage"},"thumbnailUrl":"https:\/\/www.gaveanews.com\/wp-content\/uploads\/vini-jr-real-madrid.webp","datePublished":"2024-08-13T20:00:00+00:00","author":{"@id":"https:\/\/www.gaveanews.com\/#\/schema\/person\/32fddefab25b466689f181be346cd98c"},"breadcrumb":{"@id":"https:\/\/www.gaveanews.com\/index.php\/2024\/08\/13\/a-declaracao-de-vitor-sergio-rodrigues-sobre-a-saida-de-vini-jr-do-real-madrid\/#breadcrumb"},"inLanguage":"pt-BR","potentialAction":[{"@type":"ReadAction","target":["https:\/\/www.gaveanews.com\/index.php\/2024\/08\/13\/a-declaracao-de-vitor-sergio-rodrigues-sobre-a-saida-de-vini-jr-do-real-madrid\/"]}]},{"@type":"ImageObject","inLanguage":"pt-BR","@id":"https:\/\/www.gaveanews.com\/index.php\/2024\/08\/13\/a-declaracao-de-vitor-sergio-rodrigues-sobre-a-saida-de-vini-jr-do-real-madrid\/#primaryimage","url":"https:\/\/www.gaveanews.com\/wp-content\/uploads\/vini-jr-real-madrid.webp","contentUrl":"https:\/\/www.gaveanews.com\/wp-content\/uploads\/vini-jr-real-madrid.webp","width":1080,"height":607,"caption":"Vini Jr em a\u00e7\u00e3o pelo Real Madrid (Foto: Divulga\u00e7\u00e3o\/Real Madrid)"},{"@type":"BreadcrumbList","@id":"https:\/\/www.gaveanews.com\/index.php\/2024\/08\/13\/a-declaracao-de-vitor-sergio-rodrigues-sobre-a-saida-de-vini-jr-do-real-madrid\/#breadcrumb","itemListElement":[{"@type":"ListItem","position":1,"name":"Home","item":"https:\/\/www.gaveanews.com\/"},{"@type":"ListItem","position":2,"name":"A declara\u00e7\u00e3o de Vitor S\u00e9rgio Rodrigues sobre a sa\u00edda de Vini Jr do Real Madrid"}]},{"@type":"WebSite","@id":"https:\/\/www.gaveanews.com\/#website","url":"https:\/\/www.gaveanews.com\/","name":"G\u00e1vea News","description":"Veja todas as not\u00edcias sobre o Flamengo: Contrata\u00e7\u00f5es, categorias de base, resultados das partidas, tabela de classifica\u00e7\u00e3o, pr\u00f3ximos jogos!","potentialAction":[{"@type":"SearchAction","target":{"@type":"EntryPoint","urlTemplate":"https:\/\/www.gaveanews.com\/?s={search_term_string}"},"query-input":{"@type":"PropertyValueSpecification","valueRequired":true,"valueName":"search_term_string"}}],"inLanguage":"pt-BR"},{"@type":"Person","@id":"https:\/\/www.gaveanews.com\/#\/schema\/person\/32fddefab25b466689f181be346cd98c","name":"Bruno Zanchetta","image":{"@type":"ImageObject","inLanguage":"pt-BR","@id":"https:\/\/www.gaveanews.com\/#\/schema\/person\/image\/","url":"https:\/\/secure.gravatar.com\/avatar\/3ba2d39f8a912ad65276975a996d6ad8d9e3dd13448684be8dc4d7c17099d2ee?s=96&d=mm&r=g","contentUrl":"https:\/\/secure.gravatar.com\/avatar\/3ba2d39f8a912ad65276975a996d6ad8d9e3dd13448684be8dc4d7c17099d2ee?s=96&d=mm&r=g","caption":"Bruno Zanchetta"}}]}},"_links":{"self":[{"href":"https:\/\/www.gaveanews.com\/index.php\/wp-json\/wp\/v2\/posts\/158287","targetHints":{"allow":["GET"]}}],"collection":[{"href":"https:\/\/www.gaveanews.com\/index.php\/wp-json\/wp\/v2\/posts"}],"about":[{"href":"https:\/\/www.gaveanews.com\/index.php\/wp-json\/wp\/v2\/types\/post"}],"author":[{"embeddable":true,"href":"https:\/\/www.gaveanews.com\/index.php\/wp-json\/wp\/v2\/users\/19"}],"replies":[{"embeddable":true,"href":"https:\/\/www.gaveanews.com\/index.php\/wp-json\/wp\/v2\/comments?post=158287"}],"version-history":[{"count":3,"href":"https:\/\/www.gaveanews.com\/index.php\/wp-json\/wp\/v2\/posts\/158287\/revisions"}],"predecessor-version":[{"id":158332,"href":"https:\/\/www.gaveanews.com\/index.php\/wp-json\/wp\/v2\/posts\/158287\/revisions\/158332"}],"wp:featuredmedia":[{"embeddable":true,"href":"https:\/\/www.gaveanews.com\/index.php\/wp-json\/wp\/v2\/media\/109282"}],"wp:attachment":[{"href":"https:\/\/www.gaveanews.com\/index.php\/wp-json\/wp\/v2\/media?parent=158287"}],"wp:term":[{"taxonomy":"category","embeddable":true,"href":"https:\/\/www.gaveanews.com\/index.php\/wp-json\/wp\/v2\/categories?post=158287"},{"taxonomy":"post_tag","embeddable":true,"href":"https:\/\/www.gaveanews.com\/index.php\/wp-json\/wp\/v2\/tags?post=158287"}],"curies":[{"name":"wp","href":"https:\/\/api.w.org\/{rel}","templated":true}]}}