{"id":158360,"date":"2024-08-13T16:48:28","date_gmt":"2024-08-13T19:48:28","guid":{"rendered":"https:\/\/www.gaveanews.com\/?p=158360"},"modified":"2024-08-13T16:48:30","modified_gmt":"2024-08-13T19:48:30","slug":"veja-fotos-do-novo-concorrente-do-volkswagen-t-cross","status":"publish","type":"post","link":"https:\/\/www.gaveanews.com\/index.php\/2024\/08\/13\/veja-fotos-do-novo-concorrente-do-volkswagen-t-cross\/","title":{"rendered":"Veja fotos do novo concorrente do Volkswagen T-Cross"},"content":{"rendered":"\n<p>A BYD, gigante chinesa no setor de ve\u00edculos el\u00e9tricos, est\u00e1 pronta para lan\u00e7ar mais uma novidade no mercado brasileiro. Trata-se do SUV el\u00e9trico Yuan Pro, que tem estreia marcada para o dia 5 de setembro. O modelo chega com a miss\u00e3o de abalar o segmento dos SUVs compactos, competindo diretamente com nomes como Volkswagen T-Cross, Hyundai Creta e Honda HR-V.<\/p>\n\n\n\n<p>Com pre\u00e7o estimado abaixo de R$ 200 mil, o Yuan Pro se posiciona como uma op\u00e7\u00e3o acess\u00edvel no mercado de ve\u00edculos el\u00e9tricos. Embora seja o SUV de entrada da marca, abaixo do Yuan Plus, ele promete chamar a aten\u00e7\u00e3o dos consumidores, oferecendo um pacote de tecnologia e sustentabilidade que pode incomodar at\u00e9 mesmo modelos n\u00e3o eletrificados.<\/p>\n\n\n\n<p>O Yuan Pro j\u00e1 foi apresentado ao p\u00fablico durante o Festival Interlagos 2024, em S\u00e3o Paulo, mostrando suas credenciais. O SUV conta com dimens\u00f5es que o colocam em um patamar competitivo: 4,31 metros de comprimento, 1,67 metros de altura e 1,83 metros de largura, com entre-eixos de 2,62 metros. Compartilhando a mesma plataforma do hatch Dolphin, o Yuan Pro oferece um motor el\u00e9trico de 95 cv de pot\u00eancia e 18,3 mkgf de torque, garantindo uma performance adequada para o dia a dia.<\/p>\n\n\n\n<p>A BYD disponibiliza duas op\u00e7\u00f5es de bateria para o Yuan Pro. A primeira, de 32 kWh, oferece uma autonomia de 301 km, enquanto a segunda, de 45,1 kWh, permite ao ve\u00edculo rodar at\u00e9 401 km com uma \u00fanica carga. Contudo, essas autonomias s\u00e3o baseadas no padr\u00e3o chin\u00eas, podendo variar em condi\u00e7\u00f5es reais de uso no Brasil.<\/p>\n\n\n\n<p>No que diz respeito aos equipamentos, o Yuan Pro traz um painel digital de 8,8 polegadas e uma central multim\u00eddia girat\u00f3ria de 12,8 polegadas. Al\u00e9m disso, o modelo conta com quatro airbags, Wi-Fi nativo, far\u00f3is de LED, controle de cruzeiro e rodas de liga leve de 16 polegadas. Apesar de n\u00e3o confirmar alguns itens de assist\u00eancia \u00e0 condu\u00e7\u00e3o no Brasil, a marca busca manter o pre\u00e7o competitivo, similarmente ao que foi feito com outros modelos, como o King e o Song Pro.<\/p>\n\n\n\n<h2 class=\"wp-block-heading\" id=\"h-veja-fotos-do-byd-yuan-pro\">Veja fotos do BYD Yuan Pro<\/h2>\n\n\n\n<figure class=\"wp-block-embed is-type-photo is-provider-flickr wp-block-embed-flickr\"><div class=\"wp-block-embed__wrapper\">\n<a href=\"https:\/\/flic.kr\/p\/2q9RCKA\"><img loading=\"lazy\" decoding=\"async\" src=\"https:\/\/live.staticflickr.com\/65535\/53921471064_25f154bd15_z.webp\" alt=\"imagem_2024-08-13_164456264\" width=\"640\" height=\"427\" \/><\/a>\n<\/div><\/figure>\n\n\n\n<figure class=\"wp-block-embed is-type-photo is-provider-flickr wp-block-embed-flickr\"><div class=\"wp-block-embed__wrapper\">\n<a href=\"https:\/\/flic.kr\/p\/2q9RCZZ\"><img loading=\"lazy\" decoding=\"async\" src=\"https:\/\/live.staticflickr.com\/65535\/53921471899_0d406ea5ea_z.webp\" alt=\"imagem_2024-08-13_164529584\" width=\"640\" height=\"360\" \/><\/a>\n<\/div><\/figure>\n\n\n\n<figure class=\"wp-block-embed is-type-photo is-provider-flickr wp-block-embed-flickr\"><div class=\"wp-block-embed__wrapper\">\n<a href=\"https:\/\/flic.kr\/p\/2q9S8rE\"><img loading=\"lazy\" decoding=\"async\" src=\"https:\/\/live.staticflickr.com\/65535\/53921567580_dbe44bc0b0_z.webp\" alt=\"imagem_2024-08-13_164522071\" width=\"640\" height=\"360\" \/><\/a>\n<\/div><\/figure>\n\n\n\n<h2 class=\"wp-block-heading\" id=\"h-fusca-chines-sera-vendido-no-brasil\">Fusca chin\u00eas ser\u00e1 vendido no Brasil<\/h2>\n\n\n\n<p>Al\u00e9m disso, o portal G\u00e1vea News tamb\u00e9m est\u00e1 produzindo conte\u00fados relacionados ao setor automotivo. Em outras palavras, se voc\u00ea deseja se manter bem informado sobre esse assunto,&nbsp;<a href=\"https:\/\/www.gaveanews.com\/index.php\/carros\/\">clique aqui para acessar exclusivamente as not\u00edcias dessa categoria.<\/a>&nbsp;Assim sendo, n\u00f3s publicamos duas not\u00edcias de destaque:&nbsp;<a href=\"https:\/\/www.gaveanews.com\/index.php\/2024\/04\/20\/carros-populares-com-manutencao-cara-e-complicada?utm_source=Recirculacao&amp;utm_medium=SubtituloFinalDaMateria&amp;utm_campaign=SubtituloFinalDaMateria\" target=\"_blank\" rel=\"noreferrer noopener\">Carros populares com manuten\u00e7\u00e3o cara e complicada<\/a>, e&nbsp;<a href=\"https:\/\/www.gaveanews.com\/index.php\/2024\/04\/19\/muito-moderno-fusca-alternativo-comecara-a-ser-vendido-no-brasil\/?utm_source=Recirculacao&amp;utm_medium=SubtituloFinalDaMateria&amp;utm_campaign=SubtituloFinalDaMateria\" target=\"_blank\" rel=\"noreferrer noopener\">Fusca \u2018alternativo\u2019 come\u00e7ar\u00e1 a ser vendido no Brasil (veja fotos).<\/a><\/p>\n","protected":false},"excerpt":{"rendered":"<p>A BYD, gigante chinesa no setor de ve\u00edculos el\u00e9tricos, est\u00e1 pronta para lan\u00e7ar mais uma novidade no mercado brasileiro. Trata-se do SUV el\u00e9trico Yuan Pro, que tem estreia marcada para o dia 5 de setembro. O modelo chega com a miss\u00e3o de abalar o segmento dos SUVs compactos, competindo diretamente com nomes como Volkswagen T-Cross, [&hellip;]<\/p>\n","protected":false},"author":15,"featured_media":125284,"comment_status":"open","ping_status":"closed","sticky":false,"template":"","format":"standard","meta":{"footnotes":""},"categories":[124,118,114,111],"tags":[],"class_list":["post-158360","post","type-post","status-publish","format-standard","has-post-thumbnail","hentry","category-byd","category-honda","category-hyundai","category-volkswagen"],"yoast_head":"<!-- This site is optimized with the Yoast SEO Premium plugin v24.2 (Yoast SEO v26.9) - https:\/\/yoast.com\/product\/yoast-seo-premium-wordpress\/ -->\n<title>Veja fotos do novo concorrente do Volkswagen T-Cross<\/title>\n<meta name=\"robots\" content=\"index, follow, max-snippet:-1, max-image-preview:large, max-video-preview:-1\" \/>\n<link rel=\"canonical\" href=\"https:\/\/www.gaveanews.com\/index.php\/2024\/08\/13\/veja-fotos-do-novo-concorrente-do-volkswagen-t-cross\/\" \/>\n<meta property=\"og:locale\" content=\"pt_BR\" \/>\n<meta property=\"og:type\" content=\"article\" \/>\n<meta property=\"og:title\" content=\"Veja fotos do novo concorrente do Volkswagen T-Cross\" \/>\n<meta property=\"og:description\" content=\"A BYD, gigante chinesa no setor de ve\u00edculos el\u00e9tricos, est\u00e1 pronta para lan\u00e7ar mais uma novidade no mercado brasileiro. Trata-se do SUV el\u00e9trico Yuan Pro, que tem estreia marcada para o dia 5 de setembro. O modelo chega com a miss\u00e3o de abalar o segmento dos SUVs compactos, competindo diretamente com nomes como Volkswagen T-Cross, [&hellip;]\" \/>\n<meta property=\"og:url\" content=\"https:\/\/www.gaveanews.com\/index.php\/2024\/08\/13\/veja-fotos-do-novo-concorrente-do-volkswagen-t-cross\/\" \/>\n<meta property=\"og:site_name\" content=\"G\u00e1vea News\" \/>\n<meta property=\"article:publisher\" content=\"https:\/\/facebook.com\/gaveaNews\/\" \/>\n<meta property=\"article:published_time\" content=\"2024-08-13T19:48:28+00:00\" \/>\n<meta property=\"article:modified_time\" content=\"2024-08-13T19:48:30+00:00\" \/>\n<meta property=\"og:image\" content=\"https:\/\/www.gaveanews.com\/wp-content\/uploads\/imagem_2024-02-02_134242578.webp\" \/>\n\t<meta property=\"og:image:width\" content=\"1103\" \/>\n\t<meta property=\"og:image:height\" content=\"678\" \/>\n\t<meta property=\"og:image:type\" content=\"image\/png\" \/>\n<meta name=\"author\" content=\"Henrique Machado\" \/>\n<meta name=\"twitter:card\" content=\"summary_large_image\" \/>\n<meta name=\"twitter:label1\" content=\"Escrito por\" \/>\n\t<meta name=\"twitter:data1\" content=\"Henrique Machado\" \/>\n\t<meta name=\"twitter:label2\" content=\"Est. tempo de leitura\" \/>\n\t<meta name=\"twitter:data2\" content=\"3 minutos\" \/>\n<script type=\"application\/ld+json\" class=\"yoast-schema-graph\">{\"@context\":\"https:\/\/schema.org\",\"@graph\":[{\"@type\":\"NewsArticle\",\"@id\":\"https:\/\/www.gaveanews.com\/index.php\/2024\/08\/13\/veja-fotos-do-novo-concorrente-do-volkswagen-t-cross\/#article\",\"isPartOf\":{\"@id\":\"https:\/\/www.gaveanews.com\/index.php\/2024\/08\/13\/veja-fotos-do-novo-concorrente-do-volkswagen-t-cross\/\"},\"author\":{\"name\":\"Henrique Machado\",\"@id\":\"https:\/\/www.gaveanews.com\/#\/schema\/person\/fd07635ec039ec3ba74ad18ec8a6dbd6\"},\"headline\":\"Veja fotos do novo concorrente do Volkswagen T-Cross\",\"datePublished\":\"2024-08-13T19:48:28+00:00\",\"dateModified\":\"2024-08-13T19:48:30+00:00\",\"mainEntityOfPage\":{\"@id\":\"https:\/\/www.gaveanews.com\/index.php\/2024\/08\/13\/veja-fotos-do-novo-concorrente-do-volkswagen-t-cross\/\"},\"wordCount\":465,\"commentCount\":0,\"image\":{\"@id\":\"https:\/\/www.gaveanews.com\/index.php\/2024\/08\/13\/veja-fotos-do-novo-concorrente-do-volkswagen-t-cross\/#primaryimage\"},\"thumbnailUrl\":\"https:\/\/www.gaveanews.com\/wp-content\/uploads\/imagem_2024-02-02_134242578.webp\",\"articleSection\":[\"BYD\",\"Honda\",\"Hyundai\",\"Volkswagen\"],\"inLanguage\":\"pt-BR\",\"potentialAction\":[{\"@type\":\"CommentAction\",\"name\":\"Comment\",\"target\":[\"https:\/\/www.gaveanews.com\/index.php\/2024\/08\/13\/veja-fotos-do-novo-concorrente-do-volkswagen-t-cross\/#respond\"]}],\"copyrightYear\":\"2024\",\"copyrightHolder\":{\"@id\":\"https:\/\/www.gaveanews.com\/#organization\"}},{\"@type\":\"WebPage\",\"@id\":\"https:\/\/www.gaveanews.com\/index.php\/2024\/08\/13\/veja-fotos-do-novo-concorrente-do-volkswagen-t-cross\/\",\"url\":\"https:\/\/www.gaveanews.com\/index.php\/2024\/08\/13\/veja-fotos-do-novo-concorrente-do-volkswagen-t-cross\/\",\"name\":\"Veja fotos do novo concorrente do Volkswagen T-Cross\",\"isPartOf\":{\"@id\":\"https:\/\/www.gaveanews.com\/#website\"},\"primaryImageOfPage\":{\"@id\":\"https:\/\/www.gaveanews.com\/index.php\/2024\/08\/13\/veja-fotos-do-novo-concorrente-do-volkswagen-t-cross\/#primaryimage\"},\"image\":{\"@id\":\"https:\/\/www.gaveanews.com\/index.php\/2024\/08\/13\/veja-fotos-do-novo-concorrente-do-volkswagen-t-cross\/#primaryimage\"},\"thumbnailUrl\":\"https:\/\/www.gaveanews.com\/wp-content\/uploads\/imagem_2024-02-02_134242578.webp\",\"datePublished\":\"2024-08-13T19:48:28+00:00\",\"dateModified\":\"2024-08-13T19:48:30+00:00\",\"author\":{\"@id\":\"https:\/\/www.gaveanews.com\/#\/schema\/person\/fd07635ec039ec3ba74ad18ec8a6dbd6\"},\"breadcrumb\":{\"@id\":\"https:\/\/www.gaveanews.com\/index.php\/2024\/08\/13\/veja-fotos-do-novo-concorrente-do-volkswagen-t-cross\/#breadcrumb\"},\"inLanguage\":\"pt-BR\",\"potentialAction\":[{\"@type\":\"ReadAction\",\"target\":[\"https:\/\/www.gaveanews.com\/index.php\/2024\/08\/13\/veja-fotos-do-novo-concorrente-do-volkswagen-t-cross\/\"]}]},{\"@type\":\"ImageObject\",\"inLanguage\":\"pt-BR\",\"@id\":\"https:\/\/www.gaveanews.com\/index.php\/2024\/08\/13\/veja-fotos-do-novo-concorrente-do-volkswagen-t-cross\/#primaryimage\",\"url\":\"https:\/\/www.gaveanews.com\/wp-content\/uploads\/imagem_2024-02-02_134242578.webp\",\"contentUrl\":\"https:\/\/www.gaveanews.com\/wp-content\/uploads\/imagem_2024-02-02_134242578.webp\",\"width\":1103,\"height\":678,\"caption\":\"Frota de carros (Foto: Reprodu\u00e7\u00e3o\/Edenred)\"},{\"@type\":\"BreadcrumbList\",\"@id\":\"https:\/\/www.gaveanews.com\/index.php\/2024\/08\/13\/veja-fotos-do-novo-concorrente-do-volkswagen-t-cross\/#breadcrumb\",\"itemListElement\":[{\"@type\":\"ListItem\",\"position\":1,\"name\":\"Home\",\"item\":\"https:\/\/www.gaveanews.com\/\"},{\"@type\":\"ListItem\",\"position\":2,\"name\":\"Veja fotos do novo concorrente do Volkswagen T-Cross\"}]},{\"@type\":\"WebSite\",\"@id\":\"https:\/\/www.gaveanews.com\/#website\",\"url\":\"https:\/\/www.gaveanews.com\/\",\"name\":\"G\u00e1vea News\",\"description\":\"Veja todas as not\u00edcias sobre o Flamengo: Contrata\u00e7\u00f5es, categorias de base, resultados das partidas, tabela de classifica\u00e7\u00e3o, pr\u00f3ximos jogos!\",\"potentialAction\":[{\"@type\":\"SearchAction\",\"target\":{\"@type\":\"EntryPoint\",\"urlTemplate\":\"https:\/\/www.gaveanews.com\/?s={search_term_string}\"},\"query-input\":{\"@type\":\"PropertyValueSpecification\",\"valueRequired\":true,\"valueName\":\"search_term_string\"}}],\"inLanguage\":\"pt-BR\"},{\"@type\":\"Person\",\"@id\":\"https:\/\/www.gaveanews.com\/#\/schema\/person\/fd07635ec039ec3ba74ad18ec8a6dbd6\",\"name\":\"Henrique Machado\",\"image\":{\"@type\":\"ImageObject\",\"inLanguage\":\"pt-BR\",\"@id\":\"https:\/\/www.gaveanews.com\/#\/schema\/person\/image\/\",\"url\":\"https:\/\/secure.gravatar.com\/avatar\/b95e35997e01d9800c1b6184bd79d4d898d370a3fce2584f5c77b907d5c7d9e9?s=96&d=mm&r=g\",\"contentUrl\":\"https:\/\/secure.gravatar.com\/avatar\/b95e35997e01d9800c1b6184bd79d4d898d370a3fce2584f5c77b907d5c7d9e9?s=96&d=mm&r=g\",\"caption\":\"Henrique Machado\"}}]}<\/script>\n<!-- \/ Yoast SEO Premium plugin. -->","yoast_head_json":{"title":"Veja fotos do novo concorrente do Volkswagen T-Cross","robots":{"index":"index","follow":"follow","max-snippet":"max-snippet:-1","max-image-preview":"max-image-preview:large","max-video-preview":"max-video-preview:-1"},"canonical":"https:\/\/www.gaveanews.com\/index.php\/2024\/08\/13\/veja-fotos-do-novo-concorrente-do-volkswagen-t-cross\/","og_locale":"pt_BR","og_type":"article","og_title":"Veja fotos do novo concorrente do Volkswagen T-Cross","og_description":"A BYD, gigante chinesa no setor de ve\u00edculos el\u00e9tricos, est\u00e1 pronta para lan\u00e7ar mais uma novidade no mercado brasileiro. Trata-se do SUV el\u00e9trico Yuan Pro, que tem estreia marcada para o dia 5 de setembro. O modelo chega com a miss\u00e3o de abalar o segmento dos SUVs compactos, competindo diretamente com nomes como Volkswagen T-Cross, [&hellip;]","og_url":"https:\/\/www.gaveanews.com\/index.php\/2024\/08\/13\/veja-fotos-do-novo-concorrente-do-volkswagen-t-cross\/","og_site_name":"G\u00e1vea News","article_publisher":"https:\/\/facebook.com\/gaveaNews\/","article_published_time":"2024-08-13T19:48:28+00:00","article_modified_time":"2024-08-13T19:48:30+00:00","og_image":[{"width":1103,"height":678,"url":"https:\/\/www.gaveanews.com\/wp-content\/uploads\/imagem_2024-02-02_134242578.webp","type":"image\/png"}],"author":"Henrique Machado","twitter_card":"summary_large_image","twitter_misc":{"Escrito por":"Henrique Machado","Est. tempo de leitura":"3 minutos"},"schema":{"@context":"https:\/\/schema.org","@graph":[{"@type":"NewsArticle","@id":"https:\/\/www.gaveanews.com\/index.php\/2024\/08\/13\/veja-fotos-do-novo-concorrente-do-volkswagen-t-cross\/#article","isPartOf":{"@id":"https:\/\/www.gaveanews.com\/index.php\/2024\/08\/13\/veja-fotos-do-novo-concorrente-do-volkswagen-t-cross\/"},"author":{"name":"Henrique Machado","@id":"https:\/\/www.gaveanews.com\/#\/schema\/person\/fd07635ec039ec3ba74ad18ec8a6dbd6"},"headline":"Veja fotos do novo concorrente do Volkswagen T-Cross","datePublished":"2024-08-13T19:48:28+00:00","dateModified":"2024-08-13T19:48:30+00:00","mainEntityOfPage":{"@id":"https:\/\/www.gaveanews.com\/index.php\/2024\/08\/13\/veja-fotos-do-novo-concorrente-do-volkswagen-t-cross\/"},"wordCount":465,"commentCount":0,"image":{"@id":"https:\/\/www.gaveanews.com\/index.php\/2024\/08\/13\/veja-fotos-do-novo-concorrente-do-volkswagen-t-cross\/#primaryimage"},"thumbnailUrl":"https:\/\/www.gaveanews.com\/wp-content\/uploads\/imagem_2024-02-02_134242578.webp","articleSection":["BYD","Honda","Hyundai","Volkswagen"],"inLanguage":"pt-BR","potentialAction":[{"@type":"CommentAction","name":"Comment","target":["https:\/\/www.gaveanews.com\/index.php\/2024\/08\/13\/veja-fotos-do-novo-concorrente-do-volkswagen-t-cross\/#respond"]}],"copyrightYear":"2024","copyrightHolder":{"@id":"https:\/\/www.gaveanews.com\/#organization"}},{"@type":"WebPage","@id":"https:\/\/www.gaveanews.com\/index.php\/2024\/08\/13\/veja-fotos-do-novo-concorrente-do-volkswagen-t-cross\/","url":"https:\/\/www.gaveanews.com\/index.php\/2024\/08\/13\/veja-fotos-do-novo-concorrente-do-volkswagen-t-cross\/","name":"Veja fotos do novo concorrente do Volkswagen T-Cross","isPartOf":{"@id":"https:\/\/www.gaveanews.com\/#website"},"primaryImageOfPage":{"@id":"https:\/\/www.gaveanews.com\/index.php\/2024\/08\/13\/veja-fotos-do-novo-concorrente-do-volkswagen-t-cross\/#primaryimage"},"image":{"@id":"https:\/\/www.gaveanews.com\/index.php\/2024\/08\/13\/veja-fotos-do-novo-concorrente-do-volkswagen-t-cross\/#primaryimage"},"thumbnailUrl":"https:\/\/www.gaveanews.com\/wp-content\/uploads\/imagem_2024-02-02_134242578.webp","datePublished":"2024-08-13T19:48:28+00:00","dateModified":"2024-08-13T19:48:30+00:00","author":{"@id":"https:\/\/www.gaveanews.com\/#\/schema\/person\/fd07635ec039ec3ba74ad18ec8a6dbd6"},"breadcrumb":{"@id":"https:\/\/www.gaveanews.com\/index.php\/2024\/08\/13\/veja-fotos-do-novo-concorrente-do-volkswagen-t-cross\/#breadcrumb"},"inLanguage":"pt-BR","potentialAction":[{"@type":"ReadAction","target":["https:\/\/www.gaveanews.com\/index.php\/2024\/08\/13\/veja-fotos-do-novo-concorrente-do-volkswagen-t-cross\/"]}]},{"@type":"ImageObject","inLanguage":"pt-BR","@id":"https:\/\/www.gaveanews.com\/index.php\/2024\/08\/13\/veja-fotos-do-novo-concorrente-do-volkswagen-t-cross\/#primaryimage","url":"https:\/\/www.gaveanews.com\/wp-content\/uploads\/imagem_2024-02-02_134242578.webp","contentUrl":"https:\/\/www.gaveanews.com\/wp-content\/uploads\/imagem_2024-02-02_134242578.webp","width":1103,"height":678,"caption":"Frota de carros (Foto: Reprodu\u00e7\u00e3o\/Edenred)"},{"@type":"BreadcrumbList","@id":"https:\/\/www.gaveanews.com\/index.php\/2024\/08\/13\/veja-fotos-do-novo-concorrente-do-volkswagen-t-cross\/#breadcrumb","itemListElement":[{"@type":"ListItem","position":1,"name":"Home","item":"https:\/\/www.gaveanews.com\/"},{"@type":"ListItem","position":2,"name":"Veja fotos do novo concorrente do Volkswagen T-Cross"}]},{"@type":"WebSite","@id":"https:\/\/www.gaveanews.com\/#website","url":"https:\/\/www.gaveanews.com\/","name":"G\u00e1vea News","description":"Veja todas as not\u00edcias sobre o Flamengo: Contrata\u00e7\u00f5es, categorias de base, resultados das partidas, tabela de classifica\u00e7\u00e3o, pr\u00f3ximos jogos!","potentialAction":[{"@type":"SearchAction","target":{"@type":"EntryPoint","urlTemplate":"https:\/\/www.gaveanews.com\/?s={search_term_string}"},"query-input":{"@type":"PropertyValueSpecification","valueRequired":true,"valueName":"search_term_string"}}],"inLanguage":"pt-BR"},{"@type":"Person","@id":"https:\/\/www.gaveanews.com\/#\/schema\/person\/fd07635ec039ec3ba74ad18ec8a6dbd6","name":"Henrique Machado","image":{"@type":"ImageObject","inLanguage":"pt-BR","@id":"https:\/\/www.gaveanews.com\/#\/schema\/person\/image\/","url":"https:\/\/secure.gravatar.com\/avatar\/b95e35997e01d9800c1b6184bd79d4d898d370a3fce2584f5c77b907d5c7d9e9?s=96&d=mm&r=g","contentUrl":"https:\/\/secure.gravatar.com\/avatar\/b95e35997e01d9800c1b6184bd79d4d898d370a3fce2584f5c77b907d5c7d9e9?s=96&d=mm&r=g","caption":"Henrique Machado"}}]}},"_links":{"self":[{"href":"https:\/\/www.gaveanews.com\/index.php\/wp-json\/wp\/v2\/posts\/158360","targetHints":{"allow":["GET"]}}],"collection":[{"href":"https:\/\/www.gaveanews.com\/index.php\/wp-json\/wp\/v2\/posts"}],"about":[{"href":"https:\/\/www.gaveanews.com\/index.php\/wp-json\/wp\/v2\/types\/post"}],"author":[{"embeddable":true,"href":"https:\/\/www.gaveanews.com\/index.php\/wp-json\/wp\/v2\/users\/15"}],"replies":[{"embeddable":true,"href":"https:\/\/www.gaveanews.com\/index.php\/wp-json\/wp\/v2\/comments?post=158360"}],"version-history":[{"count":4,"href":"https:\/\/www.gaveanews.com\/index.php\/wp-json\/wp\/v2\/posts\/158360\/revisions"}],"predecessor-version":[{"id":158366,"href":"https:\/\/www.gaveanews.com\/index.php\/wp-json\/wp\/v2\/posts\/158360\/revisions\/158366"}],"wp:featuredmedia":[{"embeddable":true,"href":"https:\/\/www.gaveanews.com\/index.php\/wp-json\/wp\/v2\/media\/125284"}],"wp:attachment":[{"href":"https:\/\/www.gaveanews.com\/index.php\/wp-json\/wp\/v2\/media?parent=158360"}],"wp:term":[{"taxonomy":"category","embeddable":true,"href":"https:\/\/www.gaveanews.com\/index.php\/wp-json\/wp\/v2\/categories?post=158360"},{"taxonomy":"post_tag","embeddable":true,"href":"https:\/\/www.gaveanews.com\/index.php\/wp-json\/wp\/v2\/tags?post=158360"}],"curies":[{"name":"wp","href":"https:\/\/api.w.org\/{rel}","templated":true}]}}