{"id":158362,"date":"2024-08-13T16:59:46","date_gmt":"2024-08-13T19:59:46","guid":{"rendered":"https:\/\/www.gaveanews.com\/?p=158362"},"modified":"2024-08-13T16:59:48","modified_gmt":"2024-08-13T19:59:48","slug":"botafogo-aceita-pedido-do-flamengo-para-o-classico-valido-pelo-brasileirao","status":"publish","type":"post","link":"https:\/\/www.gaveanews.com\/index.php\/2024\/08\/13\/botafogo-aceita-pedido-do-flamengo-para-o-classico-valido-pelo-brasileirao\/","title":{"rendered":"Botafogo aceita pedido do Flamengo para o cl\u00e1ssico v\u00e1lido pelo Brasileir\u00e3o"},"content":{"rendered":"\n<p>No pr\u00f3ximo domingo (18), o Flamengo vai enfrentar o Botafogo, no Est\u00e1dio Nilton Santos, em jogo v\u00e1lido pela 23\u00aa rodada do Campeonato Brasileiro. O pr\u00e9-jogo ainda nem come\u00e7ou, mas as equipes j\u00e1 duelaram nos bastidores pelos valores dos ingressos.<\/p>\n\n\n\n<ul class=\"wp-block-list\">\n<li><a href=\"https:\/\/www.gaveanews.com\/index.php\/2024\/08\/13\/flamengo-tenta-contratacao-de-lateral-na-europa\/\">Flamengo tenta contrata\u00e7\u00e3o de lateral na Europa<\/a><\/li>\n\n\n\n<li><a href=\"https:\/\/www.gaveanews.com\/index.php\/2024\/08\/13\/como-o-bolivar-chega-para-a-partida-contra-o-flamengo\/\">Como o Bol\u00edvar chega para a partida contra o Flamengo?<\/a><\/li>\n<\/ul>\n\n\n\n<p>O mando de jogo \u00e9 do Botafogo, e o Alvinegro tinha definido que os bilhetes para a torcida do Flamengo custariam R$ 200 (inteira), e R$ 100 (meia-entrada). Nas redes sociais, os rubro-negros come\u00e7aram a reclamar muito do valor considerado abusivo das entradas, e o Fla resolveu intervir. <\/p>\n\n\n\n<p>O Flamengo foi \u00e0 Confedera\u00e7\u00e3o Brasileira de Futebol (CBF) e protestou sobre os valores dos ingressos. Atrav\u00e9s do departamento jur\u00eddico, comandado por Rodrigo Dunshee, o Fla entrou em a\u00e7\u00e3o para a redu\u00e7\u00e3o do pre\u00e7o. O Mengo alega que o valor praticado para a torcida visitante (R$ 200 a inteira) era muito acima do estimado para a torcida do Botafogo (R$ 60 a inteira), em setores equivalentes.<\/p>\n\n\n\n<p>A torcida do Flamengo vai ocupar o Setor Sul do Est\u00e1dio Nilton Santos, em valores antes definidos como R$ 200. J\u00e1 os alvinegros que comprassem ingressos para o Setor Norte pagariam R$ 60 &#8211; mais que o triplo do pre\u00e7o para rubro-negros.<\/p>\n\n\n\n<p>O Botafogo retrucou dizendo que n\u00e3o eram setores equivalentes, visto que o Sul tem assentos, e o Norte, n\u00e3o. Ainda assim, o Alvinegro entrou em acordo com o Flamengo e reduziu em 60% os valores antes estipulados para os flamenguistas: R$ 80 a inteira (R$ 40 a meia). <\/p>\n\n\n\n<p>Os ingressos para a torcida do Flamengo v\u00e3o come\u00e7ar a ser vendidos nesta quarta-feira (14), \u00e0s 10h (hor\u00e1rio de Bras\u00edlia). Para adquirir os bilhetes, basta acessar o site botafogo.bepass.com.br.<\/p>\n\n\n\n<h2 class=\"wp-block-heading\" id=\"h-flamengo-e-botafogo-no-brasileirao\">Flamengo e Botafogo no Brasileir\u00e3o<\/h2>\n\n\n\n<p>A partida do pr\u00f3ximo domingo (18) ser\u00e1 disputada no Nilton Santos, \u00e0s 18h30 (hor\u00e1rio de Bras\u00edlia). O confronto, vale destacar, \u00e9 um &#8216;jogo de seis pontos&#8217;, visto que as equipes brigam pela lideran\u00e7a do Campeonato Brasileiro. <\/p>\n\n\n\n<p>O Botafogo \u00e9 o l\u00edder da tabela, com 43 pontos em 22 jogos. O Fortaleza ocupa a segunda posi\u00e7\u00e3o, com 42 pontos em 21 partidas, e o Flamengo vem logo na sequ\u00eancia, em terceiro lugar, com 41 pontos em 21 partidas (uma a menos que o Alvinegro). <\/p>\n\n\n\n<p>No primeiro turno, Flamengo e Botafogo se enfrentaram no Maracan\u00e3. Apesar do mando de campo do Rubro-Negro, foi o Alvinegro quem levou a melhor e venceu o confronto por 2 a 0. Agora, o Fla busca a revanche e um triunfo na casa do rival. <\/p>\n","protected":false},"excerpt":{"rendered":"<p>No pr\u00f3ximo domingo (18), o Flamengo vai enfrentar o Botafogo, no Est\u00e1dio Nilton Santos, em jogo v\u00e1lido pela 23\u00aa rodada do Campeonato Brasileiro. O pr\u00e9-jogo ainda nem come\u00e7ou, mas as equipes j\u00e1 duelaram nos bastidores pelos valores dos ingressos. O mando de jogo \u00e9 do Botafogo, e o Alvinegro tinha definido que os bilhetes para [&hellip;]<\/p>\n","protected":false},"author":18,"featured_media":106053,"comment_status":"open","ping_status":"closed","sticky":false,"template":"","format":"standard","meta":{"footnotes":""},"categories":[1],"tags":[],"class_list":["post-158362","post","type-post","status-publish","format-standard","has-post-thumbnail","hentry","category-flamengo"],"yoast_head":"<!-- This site is optimized with the Yoast SEO Premium plugin v24.2 (Yoast SEO v26.9) - https:\/\/yoast.com\/product\/yoast-seo-premium-wordpress\/ -->\n<title>Botafogo aceita pedido do Flamengo para o cl\u00e1ssico v\u00e1lido pelo Brasileir\u00e3o<\/title>\n<meta name=\"robots\" content=\"index, follow, max-snippet:-1, max-image-preview:large, max-video-preview:-1\" \/>\n<link rel=\"canonical\" href=\"https:\/\/www.gaveanews.com\/index.php\/2024\/08\/13\/botafogo-aceita-pedido-do-flamengo-para-o-classico-valido-pelo-brasileirao\/\" \/>\n<meta property=\"og:locale\" content=\"pt_BR\" \/>\n<meta property=\"og:type\" content=\"article\" \/>\n<meta property=\"og:title\" content=\"Botafogo aceita pedido do Flamengo para o cl\u00e1ssico v\u00e1lido pelo Brasileir\u00e3o\" \/>\n<meta property=\"og:description\" content=\"No pr\u00f3ximo domingo (18), o Flamengo vai enfrentar o Botafogo, no Est\u00e1dio Nilton Santos, em jogo v\u00e1lido pela 23\u00aa rodada do Campeonato Brasileiro. O pr\u00e9-jogo ainda nem come\u00e7ou, mas as equipes j\u00e1 duelaram nos bastidores pelos valores dos ingressos. O mando de jogo \u00e9 do Botafogo, e o Alvinegro tinha definido que os bilhetes para [&hellip;]\" \/>\n<meta property=\"og:url\" content=\"https:\/\/www.gaveanews.com\/index.php\/2024\/08\/13\/botafogo-aceita-pedido-do-flamengo-para-o-classico-valido-pelo-brasileirao\/\" \/>\n<meta property=\"og:site_name\" content=\"G\u00e1vea News\" \/>\n<meta property=\"article:publisher\" content=\"https:\/\/facebook.com\/gaveaNews\/\" \/>\n<meta property=\"article:published_time\" content=\"2024-08-13T19:59:46+00:00\" \/>\n<meta property=\"article:modified_time\" content=\"2024-08-13T19:59:48+00:00\" \/>\n<meta property=\"og:image\" content=\"https:\/\/www.gaveanews.com\/wp-content\/uploads\/bruno-henrique-flamengo-botafogo.webp\" \/>\n\t<meta property=\"og:image:width\" content=\"900\" \/>\n\t<meta property=\"og:image:height\" content=\"600\" \/>\n\t<meta property=\"og:image:type\" content=\"image\/jpeg\" \/>\n<meta name=\"author\" content=\"Paula Silva\" \/>\n<meta name=\"twitter:card\" content=\"summary_large_image\" \/>\n<meta name=\"twitter:label1\" content=\"Escrito por\" \/>\n\t<meta name=\"twitter:data1\" content=\"Paula Silva\" \/>\n\t<meta name=\"twitter:label2\" content=\"Est. tempo de leitura\" \/>\n\t<meta name=\"twitter:data2\" content=\"3 minutos\" \/>\n<script type=\"application\/ld+json\" class=\"yoast-schema-graph\">{\"@context\":\"https:\/\/schema.org\",\"@graph\":[{\"@type\":\"NewsArticle\",\"@id\":\"https:\/\/www.gaveanews.com\/index.php\/2024\/08\/13\/botafogo-aceita-pedido-do-flamengo-para-o-classico-valido-pelo-brasileirao\/#article\",\"isPartOf\":{\"@id\":\"https:\/\/www.gaveanews.com\/index.php\/2024\/08\/13\/botafogo-aceita-pedido-do-flamengo-para-o-classico-valido-pelo-brasileirao\/\"},\"author\":{\"name\":\"Paula Silva\",\"@id\":\"https:\/\/www.gaveanews.com\/#\/schema\/person\/daf63eec72e1164eb13dc35096c2b8da\"},\"headline\":\"Botafogo aceita pedido do Flamengo para o cl\u00e1ssico v\u00e1lido pelo Brasileir\u00e3o\",\"datePublished\":\"2024-08-13T19:59:46+00:00\",\"dateModified\":\"2024-08-13T19:59:48+00:00\",\"mainEntityOfPage\":{\"@id\":\"https:\/\/www.gaveanews.com\/index.php\/2024\/08\/13\/botafogo-aceita-pedido-do-flamengo-para-o-classico-valido-pelo-brasileirao\/\"},\"wordCount\":444,\"commentCount\":0,\"image\":{\"@id\":\"https:\/\/www.gaveanews.com\/index.php\/2024\/08\/13\/botafogo-aceita-pedido-do-flamengo-para-o-classico-valido-pelo-brasileirao\/#primaryimage\"},\"thumbnailUrl\":\"https:\/\/www.gaveanews.com\/wp-content\/uploads\/bruno-henrique-flamengo-botafogo.webp\",\"articleSection\":[\"Flamengo\"],\"inLanguage\":\"pt-BR\",\"potentialAction\":[{\"@type\":\"CommentAction\",\"name\":\"Comment\",\"target\":[\"https:\/\/www.gaveanews.com\/index.php\/2024\/08\/13\/botafogo-aceita-pedido-do-flamengo-para-o-classico-valido-pelo-brasileirao\/#respond\"]}],\"copyrightYear\":\"2024\",\"copyrightHolder\":{\"@id\":\"https:\/\/www.gaveanews.com\/#organization\"}},{\"@type\":\"WebPage\",\"@id\":\"https:\/\/www.gaveanews.com\/index.php\/2024\/08\/13\/botafogo-aceita-pedido-do-flamengo-para-o-classico-valido-pelo-brasileirao\/\",\"url\":\"https:\/\/www.gaveanews.com\/index.php\/2024\/08\/13\/botafogo-aceita-pedido-do-flamengo-para-o-classico-valido-pelo-brasileirao\/\",\"name\":\"Botafogo aceita pedido do Flamengo para o cl\u00e1ssico v\u00e1lido pelo Brasileir\u00e3o\",\"isPartOf\":{\"@id\":\"https:\/\/www.gaveanews.com\/#website\"},\"primaryImageOfPage\":{\"@id\":\"https:\/\/www.gaveanews.com\/index.php\/2024\/08\/13\/botafogo-aceita-pedido-do-flamengo-para-o-classico-valido-pelo-brasileirao\/#primaryimage\"},\"image\":{\"@id\":\"https:\/\/www.gaveanews.com\/index.php\/2024\/08\/13\/botafogo-aceita-pedido-do-flamengo-para-o-classico-valido-pelo-brasileirao\/#primaryimage\"},\"thumbnailUrl\":\"https:\/\/www.gaveanews.com\/wp-content\/uploads\/bruno-henrique-flamengo-botafogo.webp\",\"datePublished\":\"2024-08-13T19:59:46+00:00\",\"dateModified\":\"2024-08-13T19:59:48+00:00\",\"author\":{\"@id\":\"https:\/\/www.gaveanews.com\/#\/schema\/person\/daf63eec72e1164eb13dc35096c2b8da\"},\"breadcrumb\":{\"@id\":\"https:\/\/www.gaveanews.com\/index.php\/2024\/08\/13\/botafogo-aceita-pedido-do-flamengo-para-o-classico-valido-pelo-brasileirao\/#breadcrumb\"},\"inLanguage\":\"pt-BR\",\"potentialAction\":[{\"@type\":\"ReadAction\",\"target\":[\"https:\/\/www.gaveanews.com\/index.php\/2024\/08\/13\/botafogo-aceita-pedido-do-flamengo-para-o-classico-valido-pelo-brasileirao\/\"]}]},{\"@type\":\"ImageObject\",\"inLanguage\":\"pt-BR\",\"@id\":\"https:\/\/www.gaveanews.com\/index.php\/2024\/08\/13\/botafogo-aceita-pedido-do-flamengo-para-o-classico-valido-pelo-brasileirao\/#primaryimage\",\"url\":\"https:\/\/www.gaveanews.com\/wp-content\/uploads\/bruno-henrique-flamengo-botafogo.webp\",\"contentUrl\":\"https:\/\/www.gaveanews.com\/wp-content\/uploads\/bruno-henrique-flamengo-botafogo.webp\",\"width\":900,\"height\":600,\"caption\":\"Bruno Henrique em a\u00e7\u00e3o pelo Flamengo contra o Botafogo (Foto: Marcelo Cortes\/ Flamengo)\"},{\"@type\":\"BreadcrumbList\",\"@id\":\"https:\/\/www.gaveanews.com\/index.php\/2024\/08\/13\/botafogo-aceita-pedido-do-flamengo-para-o-classico-valido-pelo-brasileirao\/#breadcrumb\",\"itemListElement\":[{\"@type\":\"ListItem\",\"position\":1,\"name\":\"Home\",\"item\":\"https:\/\/www.gaveanews.com\/\"},{\"@type\":\"ListItem\",\"position\":2,\"name\":\"Botafogo aceita pedido do Flamengo para o cl\u00e1ssico v\u00e1lido pelo Brasileir\u00e3o\"}]},{\"@type\":\"WebSite\",\"@id\":\"https:\/\/www.gaveanews.com\/#website\",\"url\":\"https:\/\/www.gaveanews.com\/\",\"name\":\"G\u00e1vea News\",\"description\":\"Veja todas as not\u00edcias sobre o Flamengo: Contrata\u00e7\u00f5es, categorias de base, resultados das partidas, tabela de classifica\u00e7\u00e3o, pr\u00f3ximos jogos!\",\"potentialAction\":[{\"@type\":\"SearchAction\",\"target\":{\"@type\":\"EntryPoint\",\"urlTemplate\":\"https:\/\/www.gaveanews.com\/?s={search_term_string}\"},\"query-input\":{\"@type\":\"PropertyValueSpecification\",\"valueRequired\":true,\"valueName\":\"search_term_string\"}}],\"inLanguage\":\"pt-BR\"},{\"@type\":\"Person\",\"@id\":\"https:\/\/www.gaveanews.com\/#\/schema\/person\/daf63eec72e1164eb13dc35096c2b8da\",\"name\":\"Paula Silva\",\"image\":{\"@type\":\"ImageObject\",\"inLanguage\":\"pt-BR\",\"@id\":\"https:\/\/www.gaveanews.com\/#\/schema\/person\/image\/\",\"url\":\"https:\/\/secure.gravatar.com\/avatar\/eda381c845527cc5d64c13b901833cda29d97500ba040d3e6461f76f51d163bb?s=96&d=mm&r=g\",\"contentUrl\":\"https:\/\/secure.gravatar.com\/avatar\/eda381c845527cc5d64c13b901833cda29d97500ba040d3e6461f76f51d163bb?s=96&d=mm&r=g\",\"caption\":\"Paula Silva\"}}]}<\/script>\n<!-- \/ Yoast SEO Premium plugin. -->","yoast_head_json":{"title":"Botafogo aceita pedido do Flamengo para o cl\u00e1ssico v\u00e1lido pelo Brasileir\u00e3o","robots":{"index":"index","follow":"follow","max-snippet":"max-snippet:-1","max-image-preview":"max-image-preview:large","max-video-preview":"max-video-preview:-1"},"canonical":"https:\/\/www.gaveanews.com\/index.php\/2024\/08\/13\/botafogo-aceita-pedido-do-flamengo-para-o-classico-valido-pelo-brasileirao\/","og_locale":"pt_BR","og_type":"article","og_title":"Botafogo aceita pedido do Flamengo para o cl\u00e1ssico v\u00e1lido pelo Brasileir\u00e3o","og_description":"No pr\u00f3ximo domingo (18), o Flamengo vai enfrentar o Botafogo, no Est\u00e1dio Nilton Santos, em jogo v\u00e1lido pela 23\u00aa rodada do Campeonato Brasileiro. O pr\u00e9-jogo ainda nem come\u00e7ou, mas as equipes j\u00e1 duelaram nos bastidores pelos valores dos ingressos. O mando de jogo \u00e9 do Botafogo, e o Alvinegro tinha definido que os bilhetes para [&hellip;]","og_url":"https:\/\/www.gaveanews.com\/index.php\/2024\/08\/13\/botafogo-aceita-pedido-do-flamengo-para-o-classico-valido-pelo-brasileirao\/","og_site_name":"G\u00e1vea News","article_publisher":"https:\/\/facebook.com\/gaveaNews\/","article_published_time":"2024-08-13T19:59:46+00:00","article_modified_time":"2024-08-13T19:59:48+00:00","og_image":[{"width":900,"height":600,"url":"https:\/\/www.gaveanews.com\/wp-content\/uploads\/bruno-henrique-flamengo-botafogo.webp","type":"image\/jpeg"}],"author":"Paula Silva","twitter_card":"summary_large_image","twitter_misc":{"Escrito por":"Paula Silva","Est. tempo de leitura":"3 minutos"},"schema":{"@context":"https:\/\/schema.org","@graph":[{"@type":"NewsArticle","@id":"https:\/\/www.gaveanews.com\/index.php\/2024\/08\/13\/botafogo-aceita-pedido-do-flamengo-para-o-classico-valido-pelo-brasileirao\/#article","isPartOf":{"@id":"https:\/\/www.gaveanews.com\/index.php\/2024\/08\/13\/botafogo-aceita-pedido-do-flamengo-para-o-classico-valido-pelo-brasileirao\/"},"author":{"name":"Paula Silva","@id":"https:\/\/www.gaveanews.com\/#\/schema\/person\/daf63eec72e1164eb13dc35096c2b8da"},"headline":"Botafogo aceita pedido do Flamengo para o cl\u00e1ssico v\u00e1lido pelo Brasileir\u00e3o","datePublished":"2024-08-13T19:59:46+00:00","dateModified":"2024-08-13T19:59:48+00:00","mainEntityOfPage":{"@id":"https:\/\/www.gaveanews.com\/index.php\/2024\/08\/13\/botafogo-aceita-pedido-do-flamengo-para-o-classico-valido-pelo-brasileirao\/"},"wordCount":444,"commentCount":0,"image":{"@id":"https:\/\/www.gaveanews.com\/index.php\/2024\/08\/13\/botafogo-aceita-pedido-do-flamengo-para-o-classico-valido-pelo-brasileirao\/#primaryimage"},"thumbnailUrl":"https:\/\/www.gaveanews.com\/wp-content\/uploads\/bruno-henrique-flamengo-botafogo.webp","articleSection":["Flamengo"],"inLanguage":"pt-BR","potentialAction":[{"@type":"CommentAction","name":"Comment","target":["https:\/\/www.gaveanews.com\/index.php\/2024\/08\/13\/botafogo-aceita-pedido-do-flamengo-para-o-classico-valido-pelo-brasileirao\/#respond"]}],"copyrightYear":"2024","copyrightHolder":{"@id":"https:\/\/www.gaveanews.com\/#organization"}},{"@type":"WebPage","@id":"https:\/\/www.gaveanews.com\/index.php\/2024\/08\/13\/botafogo-aceita-pedido-do-flamengo-para-o-classico-valido-pelo-brasileirao\/","url":"https:\/\/www.gaveanews.com\/index.php\/2024\/08\/13\/botafogo-aceita-pedido-do-flamengo-para-o-classico-valido-pelo-brasileirao\/","name":"Botafogo aceita pedido do Flamengo para o cl\u00e1ssico v\u00e1lido pelo Brasileir\u00e3o","isPartOf":{"@id":"https:\/\/www.gaveanews.com\/#website"},"primaryImageOfPage":{"@id":"https:\/\/www.gaveanews.com\/index.php\/2024\/08\/13\/botafogo-aceita-pedido-do-flamengo-para-o-classico-valido-pelo-brasileirao\/#primaryimage"},"image":{"@id":"https:\/\/www.gaveanews.com\/index.php\/2024\/08\/13\/botafogo-aceita-pedido-do-flamengo-para-o-classico-valido-pelo-brasileirao\/#primaryimage"},"thumbnailUrl":"https:\/\/www.gaveanews.com\/wp-content\/uploads\/bruno-henrique-flamengo-botafogo.webp","datePublished":"2024-08-13T19:59:46+00:00","dateModified":"2024-08-13T19:59:48+00:00","author":{"@id":"https:\/\/www.gaveanews.com\/#\/schema\/person\/daf63eec72e1164eb13dc35096c2b8da"},"breadcrumb":{"@id":"https:\/\/www.gaveanews.com\/index.php\/2024\/08\/13\/botafogo-aceita-pedido-do-flamengo-para-o-classico-valido-pelo-brasileirao\/#breadcrumb"},"inLanguage":"pt-BR","potentialAction":[{"@type":"ReadAction","target":["https:\/\/www.gaveanews.com\/index.php\/2024\/08\/13\/botafogo-aceita-pedido-do-flamengo-para-o-classico-valido-pelo-brasileirao\/"]}]},{"@type":"ImageObject","inLanguage":"pt-BR","@id":"https:\/\/www.gaveanews.com\/index.php\/2024\/08\/13\/botafogo-aceita-pedido-do-flamengo-para-o-classico-valido-pelo-brasileirao\/#primaryimage","url":"https:\/\/www.gaveanews.com\/wp-content\/uploads\/bruno-henrique-flamengo-botafogo.webp","contentUrl":"https:\/\/www.gaveanews.com\/wp-content\/uploads\/bruno-henrique-flamengo-botafogo.webp","width":900,"height":600,"caption":"Bruno Henrique em a\u00e7\u00e3o pelo Flamengo contra o Botafogo (Foto: Marcelo Cortes\/ Flamengo)"},{"@type":"BreadcrumbList","@id":"https:\/\/www.gaveanews.com\/index.php\/2024\/08\/13\/botafogo-aceita-pedido-do-flamengo-para-o-classico-valido-pelo-brasileirao\/#breadcrumb","itemListElement":[{"@type":"ListItem","position":1,"name":"Home","item":"https:\/\/www.gaveanews.com\/"},{"@type":"ListItem","position":2,"name":"Botafogo aceita pedido do Flamengo para o cl\u00e1ssico v\u00e1lido pelo Brasileir\u00e3o"}]},{"@type":"WebSite","@id":"https:\/\/www.gaveanews.com\/#website","url":"https:\/\/www.gaveanews.com\/","name":"G\u00e1vea News","description":"Veja todas as not\u00edcias sobre o Flamengo: Contrata\u00e7\u00f5es, categorias de base, resultados das partidas, tabela de classifica\u00e7\u00e3o, pr\u00f3ximos jogos!","potentialAction":[{"@type":"SearchAction","target":{"@type":"EntryPoint","urlTemplate":"https:\/\/www.gaveanews.com\/?s={search_term_string}"},"query-input":{"@type":"PropertyValueSpecification","valueRequired":true,"valueName":"search_term_string"}}],"inLanguage":"pt-BR"},{"@type":"Person","@id":"https:\/\/www.gaveanews.com\/#\/schema\/person\/daf63eec72e1164eb13dc35096c2b8da","name":"Paula Silva","image":{"@type":"ImageObject","inLanguage":"pt-BR","@id":"https:\/\/www.gaveanews.com\/#\/schema\/person\/image\/","url":"https:\/\/secure.gravatar.com\/avatar\/eda381c845527cc5d64c13b901833cda29d97500ba040d3e6461f76f51d163bb?s=96&d=mm&r=g","contentUrl":"https:\/\/secure.gravatar.com\/avatar\/eda381c845527cc5d64c13b901833cda29d97500ba040d3e6461f76f51d163bb?s=96&d=mm&r=g","caption":"Paula Silva"}}]}},"_links":{"self":[{"href":"https:\/\/www.gaveanews.com\/index.php\/wp-json\/wp\/v2\/posts\/158362","targetHints":{"allow":["GET"]}}],"collection":[{"href":"https:\/\/www.gaveanews.com\/index.php\/wp-json\/wp\/v2\/posts"}],"about":[{"href":"https:\/\/www.gaveanews.com\/index.php\/wp-json\/wp\/v2\/types\/post"}],"author":[{"embeddable":true,"href":"https:\/\/www.gaveanews.com\/index.php\/wp-json\/wp\/v2\/users\/18"}],"replies":[{"embeddable":true,"href":"https:\/\/www.gaveanews.com\/index.php\/wp-json\/wp\/v2\/comments?post=158362"}],"version-history":[{"count":1,"href":"https:\/\/www.gaveanews.com\/index.php\/wp-json\/wp\/v2\/posts\/158362\/revisions"}],"predecessor-version":[{"id":158371,"href":"https:\/\/www.gaveanews.com\/index.php\/wp-json\/wp\/v2\/posts\/158362\/revisions\/158371"}],"wp:featuredmedia":[{"embeddable":true,"href":"https:\/\/www.gaveanews.com\/index.php\/wp-json\/wp\/v2\/media\/106053"}],"wp:attachment":[{"href":"https:\/\/www.gaveanews.com\/index.php\/wp-json\/wp\/v2\/media?parent=158362"}],"wp:term":[{"taxonomy":"category","embeddable":true,"href":"https:\/\/www.gaveanews.com\/index.php\/wp-json\/wp\/v2\/categories?post=158362"},{"taxonomy":"post_tag","embeddable":true,"href":"https:\/\/www.gaveanews.com\/index.php\/wp-json\/wp\/v2\/tags?post=158362"}],"curies":[{"name":"wp","href":"https:\/\/api.w.org\/{rel}","templated":true}]}}