{"id":158418,"date":"2024-08-13T21:27:37","date_gmt":"2024-08-14T00:27:37","guid":{"rendered":"https:\/\/www.gaveanews.com\/?p=158418"},"modified":"2024-08-13T21:27:39","modified_gmt":"2024-08-14T00:27:39","slug":"neymar-faz-publicacao-para-ironizar-endrick-do-real-madrid","status":"publish","type":"post","link":"https:\/\/www.gaveanews.com\/index.php\/2024\/08\/13\/neymar-faz-publicacao-para-ironizar-endrick-do-real-madrid\/","title":{"rendered":"Neymar faz publica\u00e7\u00e3o para ironizar Endrick, do Real Madrid"},"content":{"rendered":"\n<h2 class=\"wp-block-heading\" id=\"h-polemica-envolve-neymar-e-endrick-apos-escolha-de-bellingham-em-video-viral\">Pol\u00eamica envolve Neymar e Endrick ap\u00f3s escolha de Bellingham em v\u00eddeo viral<\/h2>\n\n\n\n<p>Neymar voltou a ser o centro das aten\u00e7\u00f5es nas redes sociais nesta segunda-feira (12), ap\u00f3s um v\u00eddeo feito pelo influenciador Negrete ganhar repercuss\u00e3o. No v\u00eddeo, Endrick, ex-atacante do Palmeiras e atualmente no Real Madrid, foi questionado sobre quem ele considera melhor: Neymar ou o ingl\u00eas Jude Bellingham, seu colega de equipe. Endrick optou por Bellingham, o que gerou uma onda de rea\u00e7\u00f5es.<\/p>\n\n\n\n<ul class=\"wp-block-list\">\n<li><a href=\"https:\/\/www.gaveanews.com\/index.php\/2024\/08\/13\/ele-voltou-a-jogar-pelo-palmeiras-apos-dois-meses\/\">Ele voltou a jogar pelo Palmeiras ap\u00f3s dois meses<\/a><\/li>\n\n\n\n<li><a href=\"https:\/\/www.gaveanews.com\/index.php\/2024\/08\/08\/com-neymar-al-hilal-divulga-fotos-do-novo-uniforme\/\">Com Neymar, Al Hilal divulga fotos do novo uniforme<\/a><\/li>\n<\/ul>\n\n\n\n<p>A resposta de Endrick n\u00e3o foi bem recebida por Neymar, que respondeu com um simples &#8220;Co\u00e9, cara&#8221; nas redes sociais, indicando seu descontentamento. A situa\u00e7\u00e3o acendeu um debate nas redes, especialmente entre torcedores e comentaristas no Brasil. Muitos criticaram a postura de Endrick, argumentando que ele deveria ter mostrado mais respeito pelo jogador que \u00e9 um dos \u00eddolos do futebol brasileiro.<\/p>\n\n\n\n<figure class=\"wp-block-embed is-type-rich is-provider-twitter wp-block-embed-twitter\"><div class=\"wp-block-embed__wrapper\">\n<blockquote class=\"twitter-tweet\" data-width=\"550\" data-dnt=\"true\"><p lang=\"pt\" dir=\"ltr\">nao tinha visto q o ney comentou nesse video<br><br>o menino endrick virou piada na sele\u00e7ao msm <a href=\"https:\/\/t.co\/Omz2LJEfyh\">pic.twitter.com\/Omz2LJEfyh<\/a><\/p>&mdash; comentaristaedu (@comentaristaedu) <a href=\"https:\/\/twitter.com\/comentaristaedu\/status\/1823145937117794408?ref_src=twsrc%5Etfw\">August 12, 2024<\/a><\/blockquote><script async src=\"https:\/\/platform.twitter.com\/widgets.js\" charset=\"utf-8\"><\/script>\n<\/div><\/figure>\n\n\n\n<p>Lucas More, torcedor palmeirense, saiu em defesa de Neymar, criticando a rea\u00e7\u00e3o negativa em torno do jogador do Al-Hilal. <\/p>\n\n\n\n<p>&#8220;Essa fita do Endrick deixou claro porque TODOS os jogadores e t\u00e9cnicos que chegam na sele\u00e7\u00e3o babam o ovo do Neymar j\u00e1 de cara,&#8221; afirmou More, que tamb\u00e9m destacou a maneira como Endrick tem sido tratado pela m\u00eddia e torcida. &#8220;Eu nunca vi um moleque novo ser achincalhado como o Endrick est\u00e1 sendo,&#8221; completou, referindo-se ao \u00f3dio direcionado ao jovem jogador ap\u00f3s sua declara\u00e7\u00e3o.<\/p>\n\n\n\n<figure class=\"wp-block-embed is-type-rich is-provider-twitter wp-block-embed-twitter\"><div class=\"wp-block-embed__wrapper\">\n<blockquote class=\"twitter-tweet\" data-width=\"550\" data-dnt=\"true\"><p lang=\"pt\" dir=\"ltr\">Essa fita do Endrick deixou claro pq TODOS jogadores e t\u00e9cnicos que chegam na sele\u00e7\u00e3o babam o ovo do Neymar j\u00e1 de cara.<br><br>Eu nunca vi um moleque novo ser achincalhado como o Endrick est\u00e1 sendo<br><br>E olha que teve jogador que j\u00e1 chamou at\u00e9 estuprador de \u00eddolo e n\u00e3o teve metade do hate<\/p>&mdash; Lucas Del\u2019 Amore \u24df (@lucas_delamore) <a href=\"https:\/\/twitter.com\/lucas_delamore\/status\/1823161297493753939?ref_src=twsrc%5Etfw\">August 13, 2024<\/a><\/blockquote><script async src=\"https:\/\/platform.twitter.com\/widgets.js\" charset=\"utf-8\"><\/script>\n<\/div><\/figure>\n\n\n\n<p>A transfer\u00eancia de Endrick para o Real Madrid, que pode chegar a \u20ac 60 milh\u00f5es, foi um dos maiores neg\u00f3cios envolvendo um jovem talento brasileiro nos \u00faltimos anos. Desde sua chegada ao clube espanhol, Endrick tem atra\u00eddo a aten\u00e7\u00e3o tanto na Europa quanto no Brasil, e suas declara\u00e7\u00f5es s\u00e3o frequentemente analisadas. No entanto, a escolha de Bellingham ao inv\u00e9s de Neymar gerou um desconforto entre aqueles que veem Neymar como um s\u00edmbolo do futebol brasileiro.<\/p>\n\n\n\n<p>Gabriella, outra torcedora, tamb\u00e9m saiu em defesa de Endrick, afirmando.<\/p>\n\n\n\n<p>&#8220;Mas \u00e9 inacredit\u00e1vel que todos os baba ovo do Neymar dessa sele\u00e7\u00e3o sentiram essa resposta besta do Endrick que s\u00f3 quis dar uma moral pro colega de time dele&#8221;, disse Gabriella.<\/p>\n\n\n\n<figure class=\"wp-block-embed is-type-rich is-provider-twitter wp-block-embed-twitter\"><div class=\"wp-block-embed__wrapper\">\n<blockquote class=\"twitter-tweet\" data-width=\"550\" data-dnt=\"true\"><p lang=\"pt\" dir=\"ltr\">mas \u00e9 inacredit\u00e1vel que todos os baba ovo do neymar dessa sele\u00e7\u00e3o sentiram essa resposta besta do endrick que s\u00f3 quis dar uma moral pro colega de time dele <a href=\"https:\/\/t.co\/NhO6c7kKQj\">https:\/\/t.co\/NhO6c7kKQj<\/a><\/p>&mdash; gabriella (@hrtzgabi) <a href=\"https:\/\/twitter.com\/hrtzgabi\/status\/1823157196575920329?ref_src=twsrc%5Etfw\">August 13, 2024<\/a><\/blockquote><script async src=\"https:\/\/platform.twitter.com\/widgets.js\" charset=\"utf-8\"><\/script>\n<\/div><\/figure>\n\n\n\n<p>Endrick, que foi uma das grandes revela\u00e7\u00f5es do Palmeiras e participou do novo ciclo da Sele\u00e7\u00e3o Brasileira, agora enfrenta a press\u00e3o de corresponder \u00e0s expectativas em um dos maiores clubes do mundo. A pol\u00eamica em torno de sua escolha mostra como cada movimento de jovens talentos \u00e9 observado de perto, especialmente quando envolve compara\u00e7\u00f5es com \u00edcones como Neymar.<\/p>\n","protected":false},"excerpt":{"rendered":"<p>Pol\u00eamica envolve Neymar e Endrick ap\u00f3s escolha de Bellingham em v\u00eddeo viral Neymar voltou a ser o centro das aten\u00e7\u00f5es nas redes sociais nesta segunda-feira (12), ap\u00f3s um v\u00eddeo feito pelo influenciador Negrete ganhar repercuss\u00e3o. No v\u00eddeo, Endrick, ex-atacante do Palmeiras e atualmente no Real Madrid, foi questionado sobre quem ele considera melhor: Neymar ou [&hellip;]<\/p>\n","protected":false},"author":17,"featured_media":155602,"comment_status":"open","ping_status":"closed","sticky":false,"template":"","format":"standard","meta":{"footnotes":""},"categories":[216,150,88],"tags":[],"class_list":["post-158418","post","type-post","status-publish","format-standard","has-post-thumbnail","hentry","category-al-hilal","category-palmeiras","category-real-madrid"],"yoast_head":"<!-- This site is optimized with the Yoast SEO Premium plugin v24.2 (Yoast SEO v26.9) - https:\/\/yoast.com\/product\/yoast-seo-premium-wordpress\/ -->\n<title>Neymar faz publica\u00e7\u00e3o para ironizar Endrick, do Real Madrid<\/title>\n<meta name=\"robots\" content=\"index, follow, max-snippet:-1, max-image-preview:large, max-video-preview:-1\" \/>\n<link rel=\"canonical\" href=\"https:\/\/www.gaveanews.com\/index.php\/2024\/08\/13\/neymar-faz-publicacao-para-ironizar-endrick-do-real-madrid\/\" \/>\n<meta property=\"og:locale\" content=\"pt_BR\" \/>\n<meta property=\"og:type\" content=\"article\" \/>\n<meta property=\"og:title\" content=\"Neymar faz publica\u00e7\u00e3o para ironizar Endrick, do Real Madrid\" \/>\n<meta property=\"og:description\" content=\"Pol\u00eamica envolve Neymar e Endrick ap\u00f3s escolha de Bellingham em v\u00eddeo viral Neymar voltou a ser o centro das aten\u00e7\u00f5es nas redes sociais nesta segunda-feira (12), ap\u00f3s um v\u00eddeo feito pelo influenciador Negrete ganhar repercuss\u00e3o. No v\u00eddeo, Endrick, ex-atacante do Palmeiras e atualmente no Real Madrid, foi questionado sobre quem ele considera melhor: Neymar ou [&hellip;]\" \/>\n<meta property=\"og:url\" content=\"https:\/\/www.gaveanews.com\/index.php\/2024\/08\/13\/neymar-faz-publicacao-para-ironizar-endrick-do-real-madrid\/\" \/>\n<meta property=\"og:site_name\" content=\"G\u00e1vea News\" \/>\n<meta property=\"article:publisher\" content=\"https:\/\/facebook.com\/gaveaNews\/\" \/>\n<meta property=\"article:published_time\" content=\"2024-08-14T00:27:37+00:00\" \/>\n<meta property=\"article:modified_time\" content=\"2024-08-14T00:27:39+00:00\" \/>\n<meta property=\"og:image\" content=\"https:\/\/www.gaveanews.com\/wp-content\/uploads\/Endrick-com-a-camisa-do-Real-Madrid-em-2024-Foto_-Reproducao_Instagram.webp\" \/>\n\t<meta property=\"og:image:width\" content=\"1405\" \/>\n\t<meta property=\"og:image:height\" content=\"937\" \/>\n\t<meta property=\"og:image:type\" content=\"image\/webp\" \/>\n<meta name=\"author\" content=\"Geovanna Thomaz\" \/>\n<meta name=\"twitter:card\" content=\"summary_large_image\" \/>\n<meta name=\"twitter:label1\" content=\"Escrito por\" \/>\n\t<meta name=\"twitter:data1\" content=\"Geovanna Thomaz\" \/>\n\t<meta name=\"twitter:label2\" content=\"Est. tempo de leitura\" \/>\n\t<meta name=\"twitter:data2\" content=\"3 minutos\" \/>\n<script type=\"application\/ld+json\" class=\"yoast-schema-graph\">{\"@context\":\"https:\/\/schema.org\",\"@graph\":[{\"@type\":\"NewsArticle\",\"@id\":\"https:\/\/www.gaveanews.com\/index.php\/2024\/08\/13\/neymar-faz-publicacao-para-ironizar-endrick-do-real-madrid\/#article\",\"isPartOf\":{\"@id\":\"https:\/\/www.gaveanews.com\/index.php\/2024\/08\/13\/neymar-faz-publicacao-para-ironizar-endrick-do-real-madrid\/\"},\"author\":{\"name\":\"Geovanna Thomaz\",\"@id\":\"https:\/\/www.gaveanews.com\/#\/schema\/person\/f42654babcd2b2014a1a65af82b081f1\"},\"headline\":\"Neymar faz publica\u00e7\u00e3o para ironizar Endrick, do Real Madrid\",\"datePublished\":\"2024-08-14T00:27:37+00:00\",\"dateModified\":\"2024-08-14T00:27:39+00:00\",\"mainEntityOfPage\":{\"@id\":\"https:\/\/www.gaveanews.com\/index.php\/2024\/08\/13\/neymar-faz-publicacao-para-ironizar-endrick-do-real-madrid\/\"},\"wordCount\":467,\"commentCount\":0,\"image\":{\"@id\":\"https:\/\/www.gaveanews.com\/index.php\/2024\/08\/13\/neymar-faz-publicacao-para-ironizar-endrick-do-real-madrid\/#primaryimage\"},\"thumbnailUrl\":\"https:\/\/www.gaveanews.com\/wp-content\/uploads\/Endrick-com-a-camisa-do-Real-Madrid-em-2024-Foto_-Reproducao_Instagram.webp\",\"articleSection\":[\"Al-Hilal\",\"Palmeiras\",\"Real Madrid\"],\"inLanguage\":\"pt-BR\",\"potentialAction\":[{\"@type\":\"CommentAction\",\"name\":\"Comment\",\"target\":[\"https:\/\/www.gaveanews.com\/index.php\/2024\/08\/13\/neymar-faz-publicacao-para-ironizar-endrick-do-real-madrid\/#respond\"]}],\"copyrightYear\":\"2024\",\"copyrightHolder\":{\"@id\":\"https:\/\/www.gaveanews.com\/#organization\"}},{\"@type\":\"WebPage\",\"@id\":\"https:\/\/www.gaveanews.com\/index.php\/2024\/08\/13\/neymar-faz-publicacao-para-ironizar-endrick-do-real-madrid\/\",\"url\":\"https:\/\/www.gaveanews.com\/index.php\/2024\/08\/13\/neymar-faz-publicacao-para-ironizar-endrick-do-real-madrid\/\",\"name\":\"Neymar faz publica\u00e7\u00e3o para ironizar Endrick, do Real Madrid\",\"isPartOf\":{\"@id\":\"https:\/\/www.gaveanews.com\/#website\"},\"primaryImageOfPage\":{\"@id\":\"https:\/\/www.gaveanews.com\/index.php\/2024\/08\/13\/neymar-faz-publicacao-para-ironizar-endrick-do-real-madrid\/#primaryimage\"},\"image\":{\"@id\":\"https:\/\/www.gaveanews.com\/index.php\/2024\/08\/13\/neymar-faz-publicacao-para-ironizar-endrick-do-real-madrid\/#primaryimage\"},\"thumbnailUrl\":\"https:\/\/www.gaveanews.com\/wp-content\/uploads\/Endrick-com-a-camisa-do-Real-Madrid-em-2024-Foto_-Reproducao_Instagram.webp\",\"datePublished\":\"2024-08-14T00:27:37+00:00\",\"dateModified\":\"2024-08-14T00:27:39+00:00\",\"author\":{\"@id\":\"https:\/\/www.gaveanews.com\/#\/schema\/person\/f42654babcd2b2014a1a65af82b081f1\"},\"breadcrumb\":{\"@id\":\"https:\/\/www.gaveanews.com\/index.php\/2024\/08\/13\/neymar-faz-publicacao-para-ironizar-endrick-do-real-madrid\/#breadcrumb\"},\"inLanguage\":\"pt-BR\",\"potentialAction\":[{\"@type\":\"ReadAction\",\"target\":[\"https:\/\/www.gaveanews.com\/index.php\/2024\/08\/13\/neymar-faz-publicacao-para-ironizar-endrick-do-real-madrid\/\"]}]},{\"@type\":\"ImageObject\",\"inLanguage\":\"pt-BR\",\"@id\":\"https:\/\/www.gaveanews.com\/index.php\/2024\/08\/13\/neymar-faz-publicacao-para-ironizar-endrick-do-real-madrid\/#primaryimage\",\"url\":\"https:\/\/www.gaveanews.com\/wp-content\/uploads\/Endrick-com-a-camisa-do-Real-Madrid-em-2024-Foto_-Reproducao_Instagram.webp\",\"contentUrl\":\"https:\/\/www.gaveanews.com\/wp-content\/uploads\/Endrick-com-a-camisa-do-Real-Madrid-em-2024-Foto_-Reproducao_Instagram.webp\",\"width\":1405,\"height\":937,\"caption\":\"Endrick com a camisa do Real Madrid em 2024 (Foto: Reprodu\u00e7\u00e3o\/Instagram)\"},{\"@type\":\"BreadcrumbList\",\"@id\":\"https:\/\/www.gaveanews.com\/index.php\/2024\/08\/13\/neymar-faz-publicacao-para-ironizar-endrick-do-real-madrid\/#breadcrumb\",\"itemListElement\":[{\"@type\":\"ListItem\",\"position\":1,\"name\":\"Home\",\"item\":\"https:\/\/www.gaveanews.com\/\"},{\"@type\":\"ListItem\",\"position\":2,\"name\":\"Neymar faz publica\u00e7\u00e3o para ironizar Endrick, do Real Madrid\"}]},{\"@type\":\"WebSite\",\"@id\":\"https:\/\/www.gaveanews.com\/#website\",\"url\":\"https:\/\/www.gaveanews.com\/\",\"name\":\"G\u00e1vea News\",\"description\":\"Veja todas as not\u00edcias sobre o Flamengo: Contrata\u00e7\u00f5es, categorias de base, resultados das partidas, tabela de classifica\u00e7\u00e3o, pr\u00f3ximos jogos!\",\"potentialAction\":[{\"@type\":\"SearchAction\",\"target\":{\"@type\":\"EntryPoint\",\"urlTemplate\":\"https:\/\/www.gaveanews.com\/?s={search_term_string}\"},\"query-input\":{\"@type\":\"PropertyValueSpecification\",\"valueRequired\":true,\"valueName\":\"search_term_string\"}}],\"inLanguage\":\"pt-BR\"},{\"@type\":\"Person\",\"@id\":\"https:\/\/www.gaveanews.com\/#\/schema\/person\/f42654babcd2b2014a1a65af82b081f1\",\"name\":\"Geovanna Thomaz\",\"image\":{\"@type\":\"ImageObject\",\"inLanguage\":\"pt-BR\",\"@id\":\"https:\/\/www.gaveanews.com\/#\/schema\/person\/image\/\",\"url\":\"https:\/\/secure.gravatar.com\/avatar\/4092073255489533afb558984b49b64268c47198af8623cc82a925ae9fb7118a?s=96&d=mm&r=g\",\"contentUrl\":\"https:\/\/secure.gravatar.com\/avatar\/4092073255489533afb558984b49b64268c47198af8623cc82a925ae9fb7118a?s=96&d=mm&r=g\",\"caption\":\"Geovanna Thomaz\"}}]}<\/script>\n<!-- \/ Yoast SEO Premium plugin. -->","yoast_head_json":{"title":"Neymar faz publica\u00e7\u00e3o para ironizar Endrick, do Real Madrid","robots":{"index":"index","follow":"follow","max-snippet":"max-snippet:-1","max-image-preview":"max-image-preview:large","max-video-preview":"max-video-preview:-1"},"canonical":"https:\/\/www.gaveanews.com\/index.php\/2024\/08\/13\/neymar-faz-publicacao-para-ironizar-endrick-do-real-madrid\/","og_locale":"pt_BR","og_type":"article","og_title":"Neymar faz publica\u00e7\u00e3o para ironizar Endrick, do Real Madrid","og_description":"Pol\u00eamica envolve Neymar e Endrick ap\u00f3s escolha de Bellingham em v\u00eddeo viral Neymar voltou a ser o centro das aten\u00e7\u00f5es nas redes sociais nesta segunda-feira (12), ap\u00f3s um v\u00eddeo feito pelo influenciador Negrete ganhar repercuss\u00e3o. No v\u00eddeo, Endrick, ex-atacante do Palmeiras e atualmente no Real Madrid, foi questionado sobre quem ele considera melhor: Neymar ou [&hellip;]","og_url":"https:\/\/www.gaveanews.com\/index.php\/2024\/08\/13\/neymar-faz-publicacao-para-ironizar-endrick-do-real-madrid\/","og_site_name":"G\u00e1vea News","article_publisher":"https:\/\/facebook.com\/gaveaNews\/","article_published_time":"2024-08-14T00:27:37+00:00","article_modified_time":"2024-08-14T00:27:39+00:00","og_image":[{"width":1405,"height":937,"url":"https:\/\/www.gaveanews.com\/wp-content\/uploads\/Endrick-com-a-camisa-do-Real-Madrid-em-2024-Foto_-Reproducao_Instagram.webp","type":"image\/webp"}],"author":"Geovanna Thomaz","twitter_card":"summary_large_image","twitter_misc":{"Escrito por":"Geovanna Thomaz","Est. tempo de leitura":"3 minutos"},"schema":{"@context":"https:\/\/schema.org","@graph":[{"@type":"NewsArticle","@id":"https:\/\/www.gaveanews.com\/index.php\/2024\/08\/13\/neymar-faz-publicacao-para-ironizar-endrick-do-real-madrid\/#article","isPartOf":{"@id":"https:\/\/www.gaveanews.com\/index.php\/2024\/08\/13\/neymar-faz-publicacao-para-ironizar-endrick-do-real-madrid\/"},"author":{"name":"Geovanna Thomaz","@id":"https:\/\/www.gaveanews.com\/#\/schema\/person\/f42654babcd2b2014a1a65af82b081f1"},"headline":"Neymar faz publica\u00e7\u00e3o para ironizar Endrick, do Real Madrid","datePublished":"2024-08-14T00:27:37+00:00","dateModified":"2024-08-14T00:27:39+00:00","mainEntityOfPage":{"@id":"https:\/\/www.gaveanews.com\/index.php\/2024\/08\/13\/neymar-faz-publicacao-para-ironizar-endrick-do-real-madrid\/"},"wordCount":467,"commentCount":0,"image":{"@id":"https:\/\/www.gaveanews.com\/index.php\/2024\/08\/13\/neymar-faz-publicacao-para-ironizar-endrick-do-real-madrid\/#primaryimage"},"thumbnailUrl":"https:\/\/www.gaveanews.com\/wp-content\/uploads\/Endrick-com-a-camisa-do-Real-Madrid-em-2024-Foto_-Reproducao_Instagram.webp","articleSection":["Al-Hilal","Palmeiras","Real Madrid"],"inLanguage":"pt-BR","potentialAction":[{"@type":"CommentAction","name":"Comment","target":["https:\/\/www.gaveanews.com\/index.php\/2024\/08\/13\/neymar-faz-publicacao-para-ironizar-endrick-do-real-madrid\/#respond"]}],"copyrightYear":"2024","copyrightHolder":{"@id":"https:\/\/www.gaveanews.com\/#organization"}},{"@type":"WebPage","@id":"https:\/\/www.gaveanews.com\/index.php\/2024\/08\/13\/neymar-faz-publicacao-para-ironizar-endrick-do-real-madrid\/","url":"https:\/\/www.gaveanews.com\/index.php\/2024\/08\/13\/neymar-faz-publicacao-para-ironizar-endrick-do-real-madrid\/","name":"Neymar faz publica\u00e7\u00e3o para ironizar Endrick, do Real Madrid","isPartOf":{"@id":"https:\/\/www.gaveanews.com\/#website"},"primaryImageOfPage":{"@id":"https:\/\/www.gaveanews.com\/index.php\/2024\/08\/13\/neymar-faz-publicacao-para-ironizar-endrick-do-real-madrid\/#primaryimage"},"image":{"@id":"https:\/\/www.gaveanews.com\/index.php\/2024\/08\/13\/neymar-faz-publicacao-para-ironizar-endrick-do-real-madrid\/#primaryimage"},"thumbnailUrl":"https:\/\/www.gaveanews.com\/wp-content\/uploads\/Endrick-com-a-camisa-do-Real-Madrid-em-2024-Foto_-Reproducao_Instagram.webp","datePublished":"2024-08-14T00:27:37+00:00","dateModified":"2024-08-14T00:27:39+00:00","author":{"@id":"https:\/\/www.gaveanews.com\/#\/schema\/person\/f42654babcd2b2014a1a65af82b081f1"},"breadcrumb":{"@id":"https:\/\/www.gaveanews.com\/index.php\/2024\/08\/13\/neymar-faz-publicacao-para-ironizar-endrick-do-real-madrid\/#breadcrumb"},"inLanguage":"pt-BR","potentialAction":[{"@type":"ReadAction","target":["https:\/\/www.gaveanews.com\/index.php\/2024\/08\/13\/neymar-faz-publicacao-para-ironizar-endrick-do-real-madrid\/"]}]},{"@type":"ImageObject","inLanguage":"pt-BR","@id":"https:\/\/www.gaveanews.com\/index.php\/2024\/08\/13\/neymar-faz-publicacao-para-ironizar-endrick-do-real-madrid\/#primaryimage","url":"https:\/\/www.gaveanews.com\/wp-content\/uploads\/Endrick-com-a-camisa-do-Real-Madrid-em-2024-Foto_-Reproducao_Instagram.webp","contentUrl":"https:\/\/www.gaveanews.com\/wp-content\/uploads\/Endrick-com-a-camisa-do-Real-Madrid-em-2024-Foto_-Reproducao_Instagram.webp","width":1405,"height":937,"caption":"Endrick com a camisa do Real Madrid em 2024 (Foto: Reprodu\u00e7\u00e3o\/Instagram)"},{"@type":"BreadcrumbList","@id":"https:\/\/www.gaveanews.com\/index.php\/2024\/08\/13\/neymar-faz-publicacao-para-ironizar-endrick-do-real-madrid\/#breadcrumb","itemListElement":[{"@type":"ListItem","position":1,"name":"Home","item":"https:\/\/www.gaveanews.com\/"},{"@type":"ListItem","position":2,"name":"Neymar faz publica\u00e7\u00e3o para ironizar Endrick, do Real Madrid"}]},{"@type":"WebSite","@id":"https:\/\/www.gaveanews.com\/#website","url":"https:\/\/www.gaveanews.com\/","name":"G\u00e1vea News","description":"Veja todas as not\u00edcias sobre o Flamengo: Contrata\u00e7\u00f5es, categorias de base, resultados das partidas, tabela de classifica\u00e7\u00e3o, pr\u00f3ximos jogos!","potentialAction":[{"@type":"SearchAction","target":{"@type":"EntryPoint","urlTemplate":"https:\/\/www.gaveanews.com\/?s={search_term_string}"},"query-input":{"@type":"PropertyValueSpecification","valueRequired":true,"valueName":"search_term_string"}}],"inLanguage":"pt-BR"},{"@type":"Person","@id":"https:\/\/www.gaveanews.com\/#\/schema\/person\/f42654babcd2b2014a1a65af82b081f1","name":"Geovanna Thomaz","image":{"@type":"ImageObject","inLanguage":"pt-BR","@id":"https:\/\/www.gaveanews.com\/#\/schema\/person\/image\/","url":"https:\/\/secure.gravatar.com\/avatar\/4092073255489533afb558984b49b64268c47198af8623cc82a925ae9fb7118a?s=96&d=mm&r=g","contentUrl":"https:\/\/secure.gravatar.com\/avatar\/4092073255489533afb558984b49b64268c47198af8623cc82a925ae9fb7118a?s=96&d=mm&r=g","caption":"Geovanna Thomaz"}}]}},"_links":{"self":[{"href":"https:\/\/www.gaveanews.com\/index.php\/wp-json\/wp\/v2\/posts\/158418","targetHints":{"allow":["GET"]}}],"collection":[{"href":"https:\/\/www.gaveanews.com\/index.php\/wp-json\/wp\/v2\/posts"}],"about":[{"href":"https:\/\/www.gaveanews.com\/index.php\/wp-json\/wp\/v2\/types\/post"}],"author":[{"embeddable":true,"href":"https:\/\/www.gaveanews.com\/index.php\/wp-json\/wp\/v2\/users\/17"}],"replies":[{"embeddable":true,"href":"https:\/\/www.gaveanews.com\/index.php\/wp-json\/wp\/v2\/comments?post=158418"}],"version-history":[{"count":3,"href":"https:\/\/www.gaveanews.com\/index.php\/wp-json\/wp\/v2\/posts\/158418\/revisions"}],"predecessor-version":[{"id":158446,"href":"https:\/\/www.gaveanews.com\/index.php\/wp-json\/wp\/v2\/posts\/158418\/revisions\/158446"}],"wp:featuredmedia":[{"embeddable":true,"href":"https:\/\/www.gaveanews.com\/index.php\/wp-json\/wp\/v2\/media\/155602"}],"wp:attachment":[{"href":"https:\/\/www.gaveanews.com\/index.php\/wp-json\/wp\/v2\/media?parent=158418"}],"wp:term":[{"taxonomy":"category","embeddable":true,"href":"https:\/\/www.gaveanews.com\/index.php\/wp-json\/wp\/v2\/categories?post=158418"},{"taxonomy":"post_tag","embeddable":true,"href":"https:\/\/www.gaveanews.com\/index.php\/wp-json\/wp\/v2\/tags?post=158418"}],"curies":[{"name":"wp","href":"https:\/\/api.w.org\/{rel}","templated":true}]}}