{"id":158721,"date":"2024-08-15T12:36:54","date_gmt":"2024-08-15T15:36:54","guid":{"rendered":"https:\/\/www.gaveanews.com\/?p=158721"},"modified":"2024-08-15T12:38:30","modified_gmt":"2024-08-15T15:38:30","slug":"vasco-oficializa-mais-uma-saida","status":"publish","type":"post","link":"https:\/\/www.gaveanews.com\/index.php\/2024\/08\/15\/vasco-oficializa-mais-uma-saida\/","title":{"rendered":"Vasco oficializa mais uma sa\u00edda"},"content":{"rendered":"\n<p>O Vasco confirmou a sa\u00edda de mais um jogador nessa reta final de janela de transfer\u00eancias, que movimentou muito o mercado nacional do futebol brasileiro.<\/p>\n\n\n\n<p>Em busca de contrata\u00e7\u00f5es pontuais e dispensas tamb\u00e9m pontuais de jogadores que j\u00e1 n\u00e3o integram a equipe, o Vasco anunciou a ida de um jogador para a s\u00e9rie B.<\/p>\n\n\n\n<ul class=\"wp-block-list\">\n<li><a href=\"https:\/\/www.gaveanews.com\/index.php\/2024\/08\/12\/jogadores-do-vasco-ficaram-constrangidos-por-gol-marcado-por-pablo-vegetti\/\">Jogadores do Vasco ficaram constrangidos por gol marcado por Pablo Vegetti<\/a><\/li>\n\n\n\n<li><a href=\"https:\/\/www.gaveanews.com\/index.php\/2024\/08\/09\/ele-foi-dispensado-por-jorge-jesus-no-flamengo-e-agora-deve-fechar-com-o-vasco\/\">Ele foi \u2018dispensado\u2019 por Jorge Jesus no Flamengo e agora deve fechar com o Vasco<\/a><\/li>\n<\/ul>\n\n\n\n<p>Segundo O Perfil, o Vasco anunciou a ida do volante Z\u00e9 Gabriel ao Coritiba, por empr\u00e9stimo. O Volante vai ficar no clube paranaense, que n\u00e3o deve subir esse ano para a s\u00e9rie A, at\u00e9 o final de 2024. O Vasco busca aliviar a folha de pagamento e abrir espa\u00e7o para novas contrata\u00e7\u00f5es nessa janela de transfer\u00eancias.<\/p>\n\n\n\n<figure class=\"wp-block-embed is-type-photo is-provider-flickr wp-block-embed-flickr\"><div class=\"wp-block-embed__wrapper\">\n<a href=\"https:\/\/flic.kr\/p\/2qabJT9\"><img loading=\"lazy\" decoding=\"async\" src=\"https:\/\/live.staticflickr.com\/65535\/53925198814_2813796e30_z.webp\" alt=\"zgabriel35_1723736165334\" width=\"640\" height=\"640\" \/><\/a>\n<\/div><\/figure>\n\n\n\n<p>No Vasco desde 2022, o volante est\u00e1 com 25 anos e tem contrato com o clube at\u00e9 o final do pr\u00f3ximo ano. A sa\u00edda foi viabilizada pelo fato de j\u00e1 ter ultrapassado os 7 jogos pelo Vasco na S\u00e9rie A, ou seja, n\u00e3o poderia jogar em outra equipe na mesma divis\u00e3o. A ida ao Coritiba \u00e9 uma forma vi\u00e1vel de continuar dando sequ\u00eancia ao trabalho dele. <\/p>\n\n\n\n<p>A ideia do Coritiba \u00e9 trazer algu\u00e9m jovem que possa entregar uma experi\u00eancia de s\u00e9rie A ao clube que tem passado dificuldades na S\u00e9rie B. O empr\u00e9stimo tem op\u00e7\u00e3o de compra ao final do contrato, isso vai depender das atua\u00e7\u00f5es dele com a equipe alviverde paranaense.<\/p>\n\n\n\n<p>Rebaixado no ano passado, o Coritiba est\u00e1 em 14\u00ba no Brasileir\u00e3o S\u00e9rie B com 24 pontos, venceu apenas uma das \u00faltimas 5 partidas e tem recebido in\u00fameros protestos da torcida. Para quem n\u00e3o sabe, o Coritiba virou uma SAF no ano passado, e um dos empres\u00e1rios \u00e9 Roberto Justus, um dos maiores do Brasil.<\/p>\n\n\n\n<h2 class=\"wp-block-heading\" id=\"h-qual-a-proxima-partida-do-vasco\">Qual a pr\u00f3xima partida do Vasco?<\/h2>\n\n\n\n<p>Crici\u00fama e Vasco voltam a se encontrar no pr\u00f3ximo domingo no Heriberto H\u00fclse. A bola rola \u00e0s 16h (de Bras\u00edlia). O time catarinense divulgou que os ingressos para o duelo come\u00e7am a ser vendidos a partir de quarta-feira de maneira online, no site Minha Entrada.<\/p>\n\n\n\n<p>A comercializa\u00e7\u00e3o ser\u00e1 dividida em dois dias. Na quarta-feira, v\u00e3o ser colocados \u00e0 disposi\u00e7\u00e3o 500 entradas para a torcida do Crici\u00fama &#8211; j\u00e1 que o clube possui uma carga de 17.200 s\u00f3cios. No dia seguinte, 1.922 para o setor visitante do Majestoso.<\/p>\n","protected":false},"excerpt":{"rendered":"<p>O Vasco confirmou a sa\u00edda de mais um jogador nessa reta final de janela de transfer\u00eancias, que movimentou muito o mercado nacional do futebol brasileiro. Em busca de contrata\u00e7\u00f5es pontuais e dispensas tamb\u00e9m pontuais de jogadores que j\u00e1 n\u00e3o integram a equipe, o Vasco anunciou a ida de um jogador para a s\u00e9rie B. Segundo [&hellip;]<\/p>\n","protected":false},"author":19,"featured_media":152090,"comment_status":"open","ping_status":"closed","sticky":false,"template":"","format":"standard","meta":{"footnotes":""},"categories":[152],"tags":[],"class_list":["post-158721","post","type-post","status-publish","format-standard","has-post-thumbnail","hentry","category-vasco"],"yoast_head":"<!-- This site is optimized with the Yoast SEO Premium plugin v24.2 (Yoast SEO v26.9) - https:\/\/yoast.com\/product\/yoast-seo-premium-wordpress\/ -->\n<title>Vasco oficializa mais uma sa\u00edda<\/title>\n<meta name=\"robots\" content=\"index, follow, max-snippet:-1, max-image-preview:large, max-video-preview:-1\" \/>\n<link rel=\"canonical\" href=\"https:\/\/www.gaveanews.com\/index.php\/2024\/08\/15\/vasco-oficializa-mais-uma-saida\/\" \/>\n<meta property=\"og:locale\" content=\"pt_BR\" \/>\n<meta property=\"og:type\" content=\"article\" \/>\n<meta property=\"og:title\" content=\"Vasco oficializa mais uma sa\u00edda\" \/>\n<meta property=\"og:description\" content=\"O Vasco confirmou a sa\u00edda de mais um jogador nessa reta final de janela de transfer\u00eancias, que movimentou muito o mercado nacional do futebol brasileiro. Em busca de contrata\u00e7\u00f5es pontuais e dispensas tamb\u00e9m pontuais de jogadores que j\u00e1 n\u00e3o integram a equipe, o Vasco anunciou a ida de um jogador para a s\u00e9rie B. Segundo [&hellip;]\" \/>\n<meta property=\"og:url\" content=\"https:\/\/www.gaveanews.com\/index.php\/2024\/08\/15\/vasco-oficializa-mais-uma-saida\/\" \/>\n<meta property=\"og:site_name\" content=\"G\u00e1vea News\" \/>\n<meta property=\"article:publisher\" content=\"https:\/\/facebook.com\/gaveaNews\/\" \/>\n<meta property=\"article:published_time\" content=\"2024-08-15T15:36:54+00:00\" \/>\n<meta property=\"article:modified_time\" content=\"2024-08-15T15:38:30+00:00\" \/>\n<meta property=\"og:image\" content=\"https:\/\/www.gaveanews.com\/wp-content\/uploads\/Bandeira-do-Vasco-da-Gama.webp\" \/>\n\t<meta property=\"og:image:width\" content=\"1159\" \/>\n\t<meta property=\"og:image:height\" content=\"772\" \/>\n\t<meta property=\"og:image:type\" content=\"image\/webp\" \/>\n<meta name=\"author\" content=\"Bruno Zanchetta\" \/>\n<meta name=\"twitter:card\" content=\"summary_large_image\" \/>\n<meta name=\"twitter:label1\" content=\"Escrito por\" \/>\n\t<meta name=\"twitter:data1\" content=\"Bruno Zanchetta\" \/>\n\t<meta name=\"twitter:label2\" content=\"Est. tempo de leitura\" \/>\n\t<meta name=\"twitter:data2\" content=\"3 minutos\" \/>\n<script type=\"application\/ld+json\" class=\"yoast-schema-graph\">{\"@context\":\"https:\/\/schema.org\",\"@graph\":[{\"@type\":\"NewsArticle\",\"@id\":\"https:\/\/www.gaveanews.com\/index.php\/2024\/08\/15\/vasco-oficializa-mais-uma-saida\/#article\",\"isPartOf\":{\"@id\":\"https:\/\/www.gaveanews.com\/index.php\/2024\/08\/15\/vasco-oficializa-mais-uma-saida\/\"},\"author\":{\"name\":\"Bruno Zanchetta\",\"@id\":\"https:\/\/www.gaveanews.com\/#\/schema\/person\/32fddefab25b466689f181be346cd98c\"},\"headline\":\"Vasco oficializa mais uma sa\u00edda\",\"datePublished\":\"2024-08-15T15:36:54+00:00\",\"dateModified\":\"2024-08-15T15:38:30+00:00\",\"mainEntityOfPage\":{\"@id\":\"https:\/\/www.gaveanews.com\/index.php\/2024\/08\/15\/vasco-oficializa-mais-uma-saida\/\"},\"wordCount\":434,\"commentCount\":0,\"image\":{\"@id\":\"https:\/\/www.gaveanews.com\/index.php\/2024\/08\/15\/vasco-oficializa-mais-uma-saida\/#primaryimage\"},\"thumbnailUrl\":\"https:\/\/www.gaveanews.com\/wp-content\/uploads\/Bandeira-do-Vasco-da-Gama.webp\",\"articleSection\":[\"Vasco\"],\"inLanguage\":\"pt-BR\",\"potentialAction\":[{\"@type\":\"CommentAction\",\"name\":\"Comment\",\"target\":[\"https:\/\/www.gaveanews.com\/index.php\/2024\/08\/15\/vasco-oficializa-mais-uma-saida\/#respond\"]}],\"copyrightYear\":\"2024\",\"copyrightHolder\":{\"@id\":\"https:\/\/www.gaveanews.com\/#organization\"}},{\"@type\":\"WebPage\",\"@id\":\"https:\/\/www.gaveanews.com\/index.php\/2024\/08\/15\/vasco-oficializa-mais-uma-saida\/\",\"url\":\"https:\/\/www.gaveanews.com\/index.php\/2024\/08\/15\/vasco-oficializa-mais-uma-saida\/\",\"name\":\"Vasco oficializa mais uma sa\u00edda\",\"isPartOf\":{\"@id\":\"https:\/\/www.gaveanews.com\/#website\"},\"primaryImageOfPage\":{\"@id\":\"https:\/\/www.gaveanews.com\/index.php\/2024\/08\/15\/vasco-oficializa-mais-uma-saida\/#primaryimage\"},\"image\":{\"@id\":\"https:\/\/www.gaveanews.com\/index.php\/2024\/08\/15\/vasco-oficializa-mais-uma-saida\/#primaryimage\"},\"thumbnailUrl\":\"https:\/\/www.gaveanews.com\/wp-content\/uploads\/Bandeira-do-Vasco-da-Gama.webp\",\"datePublished\":\"2024-08-15T15:36:54+00:00\",\"dateModified\":\"2024-08-15T15:38:30+00:00\",\"author\":{\"@id\":\"https:\/\/www.gaveanews.com\/#\/schema\/person\/32fddefab25b466689f181be346cd98c\"},\"breadcrumb\":{\"@id\":\"https:\/\/www.gaveanews.com\/index.php\/2024\/08\/15\/vasco-oficializa-mais-uma-saida\/#breadcrumb\"},\"inLanguage\":\"pt-BR\",\"potentialAction\":[{\"@type\":\"ReadAction\",\"target\":[\"https:\/\/www.gaveanews.com\/index.php\/2024\/08\/15\/vasco-oficializa-mais-uma-saida\/\"]}]},{\"@type\":\"ImageObject\",\"inLanguage\":\"pt-BR\",\"@id\":\"https:\/\/www.gaveanews.com\/index.php\/2024\/08\/15\/vasco-oficializa-mais-uma-saida\/#primaryimage\",\"url\":\"https:\/\/www.gaveanews.com\/wp-content\/uploads\/Bandeira-do-Vasco-da-Gama.webp\",\"contentUrl\":\"https:\/\/www.gaveanews.com\/wp-content\/uploads\/Bandeira-do-Vasco-da-Gama.webp\",\"width\":1159,\"height\":772,\"caption\":\"Bandeira do Vasco da Gama (Foto: Reprodu\u00e7\u00e3o\/Vasco)\"},{\"@type\":\"BreadcrumbList\",\"@id\":\"https:\/\/www.gaveanews.com\/index.php\/2024\/08\/15\/vasco-oficializa-mais-uma-saida\/#breadcrumb\",\"itemListElement\":[{\"@type\":\"ListItem\",\"position\":1,\"name\":\"Home\",\"item\":\"https:\/\/www.gaveanews.com\/\"},{\"@type\":\"ListItem\",\"position\":2,\"name\":\"Vasco oficializa mais uma sa\u00edda\"}]},{\"@type\":\"WebSite\",\"@id\":\"https:\/\/www.gaveanews.com\/#website\",\"url\":\"https:\/\/www.gaveanews.com\/\",\"name\":\"G\u00e1vea News\",\"description\":\"Veja todas as not\u00edcias sobre o Flamengo: Contrata\u00e7\u00f5es, categorias de base, resultados das partidas, tabela de classifica\u00e7\u00e3o, pr\u00f3ximos jogos!\",\"potentialAction\":[{\"@type\":\"SearchAction\",\"target\":{\"@type\":\"EntryPoint\",\"urlTemplate\":\"https:\/\/www.gaveanews.com\/?s={search_term_string}\"},\"query-input\":{\"@type\":\"PropertyValueSpecification\",\"valueRequired\":true,\"valueName\":\"search_term_string\"}}],\"inLanguage\":\"pt-BR\"},{\"@type\":\"Person\",\"@id\":\"https:\/\/www.gaveanews.com\/#\/schema\/person\/32fddefab25b466689f181be346cd98c\",\"name\":\"Bruno Zanchetta\",\"image\":{\"@type\":\"ImageObject\",\"inLanguage\":\"pt-BR\",\"@id\":\"https:\/\/www.gaveanews.com\/#\/schema\/person\/image\/\",\"url\":\"https:\/\/secure.gravatar.com\/avatar\/3ba2d39f8a912ad65276975a996d6ad8d9e3dd13448684be8dc4d7c17099d2ee?s=96&d=mm&r=g\",\"contentUrl\":\"https:\/\/secure.gravatar.com\/avatar\/3ba2d39f8a912ad65276975a996d6ad8d9e3dd13448684be8dc4d7c17099d2ee?s=96&d=mm&r=g\",\"caption\":\"Bruno Zanchetta\"}}]}<\/script>\n<!-- \/ Yoast SEO Premium plugin. -->","yoast_head_json":{"title":"Vasco oficializa mais uma sa\u00edda","robots":{"index":"index","follow":"follow","max-snippet":"max-snippet:-1","max-image-preview":"max-image-preview:large","max-video-preview":"max-video-preview:-1"},"canonical":"https:\/\/www.gaveanews.com\/index.php\/2024\/08\/15\/vasco-oficializa-mais-uma-saida\/","og_locale":"pt_BR","og_type":"article","og_title":"Vasco oficializa mais uma sa\u00edda","og_description":"O Vasco confirmou a sa\u00edda de mais um jogador nessa reta final de janela de transfer\u00eancias, que movimentou muito o mercado nacional do futebol brasileiro. Em busca de contrata\u00e7\u00f5es pontuais e dispensas tamb\u00e9m pontuais de jogadores que j\u00e1 n\u00e3o integram a equipe, o Vasco anunciou a ida de um jogador para a s\u00e9rie B. Segundo [&hellip;]","og_url":"https:\/\/www.gaveanews.com\/index.php\/2024\/08\/15\/vasco-oficializa-mais-uma-saida\/","og_site_name":"G\u00e1vea News","article_publisher":"https:\/\/facebook.com\/gaveaNews\/","article_published_time":"2024-08-15T15:36:54+00:00","article_modified_time":"2024-08-15T15:38:30+00:00","og_image":[{"width":1159,"height":772,"url":"https:\/\/www.gaveanews.com\/wp-content\/uploads\/Bandeira-do-Vasco-da-Gama.webp","type":"image\/webp"}],"author":"Bruno Zanchetta","twitter_card":"summary_large_image","twitter_misc":{"Escrito por":"Bruno Zanchetta","Est. tempo de leitura":"3 minutos"},"schema":{"@context":"https:\/\/schema.org","@graph":[{"@type":"NewsArticle","@id":"https:\/\/www.gaveanews.com\/index.php\/2024\/08\/15\/vasco-oficializa-mais-uma-saida\/#article","isPartOf":{"@id":"https:\/\/www.gaveanews.com\/index.php\/2024\/08\/15\/vasco-oficializa-mais-uma-saida\/"},"author":{"name":"Bruno Zanchetta","@id":"https:\/\/www.gaveanews.com\/#\/schema\/person\/32fddefab25b466689f181be346cd98c"},"headline":"Vasco oficializa mais uma sa\u00edda","datePublished":"2024-08-15T15:36:54+00:00","dateModified":"2024-08-15T15:38:30+00:00","mainEntityOfPage":{"@id":"https:\/\/www.gaveanews.com\/index.php\/2024\/08\/15\/vasco-oficializa-mais-uma-saida\/"},"wordCount":434,"commentCount":0,"image":{"@id":"https:\/\/www.gaveanews.com\/index.php\/2024\/08\/15\/vasco-oficializa-mais-uma-saida\/#primaryimage"},"thumbnailUrl":"https:\/\/www.gaveanews.com\/wp-content\/uploads\/Bandeira-do-Vasco-da-Gama.webp","articleSection":["Vasco"],"inLanguage":"pt-BR","potentialAction":[{"@type":"CommentAction","name":"Comment","target":["https:\/\/www.gaveanews.com\/index.php\/2024\/08\/15\/vasco-oficializa-mais-uma-saida\/#respond"]}],"copyrightYear":"2024","copyrightHolder":{"@id":"https:\/\/www.gaveanews.com\/#organization"}},{"@type":"WebPage","@id":"https:\/\/www.gaveanews.com\/index.php\/2024\/08\/15\/vasco-oficializa-mais-uma-saida\/","url":"https:\/\/www.gaveanews.com\/index.php\/2024\/08\/15\/vasco-oficializa-mais-uma-saida\/","name":"Vasco oficializa mais uma sa\u00edda","isPartOf":{"@id":"https:\/\/www.gaveanews.com\/#website"},"primaryImageOfPage":{"@id":"https:\/\/www.gaveanews.com\/index.php\/2024\/08\/15\/vasco-oficializa-mais-uma-saida\/#primaryimage"},"image":{"@id":"https:\/\/www.gaveanews.com\/index.php\/2024\/08\/15\/vasco-oficializa-mais-uma-saida\/#primaryimage"},"thumbnailUrl":"https:\/\/www.gaveanews.com\/wp-content\/uploads\/Bandeira-do-Vasco-da-Gama.webp","datePublished":"2024-08-15T15:36:54+00:00","dateModified":"2024-08-15T15:38:30+00:00","author":{"@id":"https:\/\/www.gaveanews.com\/#\/schema\/person\/32fddefab25b466689f181be346cd98c"},"breadcrumb":{"@id":"https:\/\/www.gaveanews.com\/index.php\/2024\/08\/15\/vasco-oficializa-mais-uma-saida\/#breadcrumb"},"inLanguage":"pt-BR","potentialAction":[{"@type":"ReadAction","target":["https:\/\/www.gaveanews.com\/index.php\/2024\/08\/15\/vasco-oficializa-mais-uma-saida\/"]}]},{"@type":"ImageObject","inLanguage":"pt-BR","@id":"https:\/\/www.gaveanews.com\/index.php\/2024\/08\/15\/vasco-oficializa-mais-uma-saida\/#primaryimage","url":"https:\/\/www.gaveanews.com\/wp-content\/uploads\/Bandeira-do-Vasco-da-Gama.webp","contentUrl":"https:\/\/www.gaveanews.com\/wp-content\/uploads\/Bandeira-do-Vasco-da-Gama.webp","width":1159,"height":772,"caption":"Bandeira do Vasco da Gama (Foto: Reprodu\u00e7\u00e3o\/Vasco)"},{"@type":"BreadcrumbList","@id":"https:\/\/www.gaveanews.com\/index.php\/2024\/08\/15\/vasco-oficializa-mais-uma-saida\/#breadcrumb","itemListElement":[{"@type":"ListItem","position":1,"name":"Home","item":"https:\/\/www.gaveanews.com\/"},{"@type":"ListItem","position":2,"name":"Vasco oficializa mais uma sa\u00edda"}]},{"@type":"WebSite","@id":"https:\/\/www.gaveanews.com\/#website","url":"https:\/\/www.gaveanews.com\/","name":"G\u00e1vea News","description":"Veja todas as not\u00edcias sobre o Flamengo: Contrata\u00e7\u00f5es, categorias de base, resultados das partidas, tabela de classifica\u00e7\u00e3o, pr\u00f3ximos jogos!","potentialAction":[{"@type":"SearchAction","target":{"@type":"EntryPoint","urlTemplate":"https:\/\/www.gaveanews.com\/?s={search_term_string}"},"query-input":{"@type":"PropertyValueSpecification","valueRequired":true,"valueName":"search_term_string"}}],"inLanguage":"pt-BR"},{"@type":"Person","@id":"https:\/\/www.gaveanews.com\/#\/schema\/person\/32fddefab25b466689f181be346cd98c","name":"Bruno Zanchetta","image":{"@type":"ImageObject","inLanguage":"pt-BR","@id":"https:\/\/www.gaveanews.com\/#\/schema\/person\/image\/","url":"https:\/\/secure.gravatar.com\/avatar\/3ba2d39f8a912ad65276975a996d6ad8d9e3dd13448684be8dc4d7c17099d2ee?s=96&d=mm&r=g","contentUrl":"https:\/\/secure.gravatar.com\/avatar\/3ba2d39f8a912ad65276975a996d6ad8d9e3dd13448684be8dc4d7c17099d2ee?s=96&d=mm&r=g","caption":"Bruno Zanchetta"}}]}},"_links":{"self":[{"href":"https:\/\/www.gaveanews.com\/index.php\/wp-json\/wp\/v2\/posts\/158721","targetHints":{"allow":["GET"]}}],"collection":[{"href":"https:\/\/www.gaveanews.com\/index.php\/wp-json\/wp\/v2\/posts"}],"about":[{"href":"https:\/\/www.gaveanews.com\/index.php\/wp-json\/wp\/v2\/types\/post"}],"author":[{"embeddable":true,"href":"https:\/\/www.gaveanews.com\/index.php\/wp-json\/wp\/v2\/users\/19"}],"replies":[{"embeddable":true,"href":"https:\/\/www.gaveanews.com\/index.php\/wp-json\/wp\/v2\/comments?post=158721"}],"version-history":[{"count":2,"href":"https:\/\/www.gaveanews.com\/index.php\/wp-json\/wp\/v2\/posts\/158721\/revisions"}],"predecessor-version":[{"id":158764,"href":"https:\/\/www.gaveanews.com\/index.php\/wp-json\/wp\/v2\/posts\/158721\/revisions\/158764"}],"wp:featuredmedia":[{"embeddable":true,"href":"https:\/\/www.gaveanews.com\/index.php\/wp-json\/wp\/v2\/media\/152090"}],"wp:attachment":[{"href":"https:\/\/www.gaveanews.com\/index.php\/wp-json\/wp\/v2\/media?parent=158721"}],"wp:term":[{"taxonomy":"category","embeddable":true,"href":"https:\/\/www.gaveanews.com\/index.php\/wp-json\/wp\/v2\/categories?post=158721"},{"taxonomy":"post_tag","embeddable":true,"href":"https:\/\/www.gaveanews.com\/index.php\/wp-json\/wp\/v2\/tags?post=158721"}],"curies":[{"name":"wp","href":"https:\/\/api.w.org\/{rel}","templated":true}]}}