{"id":158885,"date":"2024-08-15T19:00:00","date_gmt":"2024-08-15T22:00:00","guid":{"rendered":"https:\/\/www.gaveanews.com\/?p=158885"},"modified":"2024-08-15T18:49:08","modified_gmt":"2024-08-15T21:49:08","slug":"veja-detalhes-do-estadio-na-europa-que-sera-do-flamengo","status":"publish","type":"post","link":"https:\/\/www.gaveanews.com\/index.php\/2024\/08\/15\/veja-detalhes-do-estadio-na-europa-que-sera-do-flamengo\/","title":{"rendered":"Veja detalhes do est\u00e1dio na Europa que ser\u00e1 do Flamengo"},"content":{"rendered":"\n<h2 class=\"wp-block-heading\" id=\"h-saiba-mais-sobre-o-estadio\">Saiba mais sobre o est\u00e1dio <\/h2>\n\n\n\n<p>O Flamengo concluiu a compra de um terreno para a constru\u00e7\u00e3o de um est\u00e1dio em frente ao CT Ninho do Urubu, em Vargem Grande, para enfim construir seu pr\u00f3prio est\u00e1dio, mas antes disso o clube carioca pode ser dono de outro est\u00e1dio por enquanto Est\u00e1dio do Mar, em Portugal que pertence ao Leix\u00f5es.<\/p>\n\n\n\n<ul class=\"wp-block-list\">\n<li><a href=\"https:\/\/www.gaveanews.com\/index.php\/2024\/08\/15\/torcida-do-flamengo-aponta-quem-e-o-rival-mais-odiado\/\">Torcida do Flamengo aponta quem \u00e9 o rival mais odiado<\/a><\/li>\n\n\n\n<li><a href=\"https:\/\/www.gaveanews.com\/index.php\/2024\/08\/15\/adeus-ele-saiu-do-flamengo-e-assinou-com-o-vasco\/\">Adeus! Ele saiu do Flamengo e assinou com o Vasco<br><\/a><\/li>\n<\/ul>\n\n\n\n<p>Conforme informa\u00e7\u00f5es da \u201cFolha de S\u00e3o Paulo\u201d e do perfil \u201cLeix\u00f5es News\u201d, o Flamengo est\u00e1 em processo de negocia\u00e7\u00e3o para adquirir uma participa\u00e7\u00e3o superior a 50% no clube portugu\u00eas, tornando-se seu s\u00f3cio majorit\u00e1rio. J\u00e1 est\u00e3o planejados investimentos, incluindo &#8220;reformas no Est\u00e1dio do Mar, que abrangem vesti\u00e1rios, acessos ao est\u00e1dio, arquibancadas, paredes e outros aspectos&#8221;. Conhe\u00e7a mais sobre o est\u00e1dio que pode se tornar um dos preferidos em breve.<\/p>\n\n\n\n<p> O Est\u00e1dio do Mar, com capacidade para 9.821 espectadores, foi inaugurado em 1o de janeiro de 1964 e foi financiado pelos pescadores de Matosinhos. Ele completar\u00e1 60 anos no in\u00edcio de 2024. Em 1988, o espa\u00e7o foi reorganizado.<\/p>\n\n\n\n<figure class=\"wp-block-image size-full\"><img loading=\"lazy\" decoding=\"async\" width=\"1024\" height=\"652\" src=\"https:\/\/www.gaveanews.com\/wp-content\/uploads\/Estadio-do-Mar-Leixoes-e-Flamengo.webp\" alt=\"\" class=\"wp-image-158886\" srcset=\"https:\/\/www.gaveanews.com\/wp-content\/uploads\/Estadio-do-Mar-Leixoes-e-Flamengo.webp 1024w, https:\/\/www.gaveanews.com\/wp-content\/uploads\/Estadio-do-Mar-Leixoes-e-Flamengo-300x191.webp 300w, https:\/\/www.gaveanews.com\/wp-content\/uploads\/Estadio-do-Mar-Leixoes-e-Flamengo-768x489.webp 768w, https:\/\/www.gaveanews.com\/wp-content\/uploads\/Estadio-do-Mar-Leixoes-e-Flamengo-660x420.webp 660w, https:\/\/www.gaveanews.com\/wp-content\/uploads\/Estadio-do-Mar-Leixoes-e-Flamengo-640x408.webp 640w, https:\/\/www.gaveanews.com\/wp-content\/uploads\/Estadio-do-Mar-Leixoes-e-Flamengo-681x434.webp 681w, https:\/\/www.gaveanews.com\/wp-content\/uploads\/Estadio-do-Mar-Leixoes-e-Flamengo-1022x652.webp 1022w, https:\/\/www.gaveanews.com\/wp-content\/uploads\/Estadio-do-Mar-Leixoes-e-Flamengo-100x64.webp 100w\" sizes=\"auto, (max-width: 1024px) 100vw, 1024px\" \/><figcaption class=\"wp-element-caption\">Foto: Reprodu\u00e7\u00e3o<\/figcaption><\/figure>\n\n\n\n<p>Atualmente, o est\u00e1dio conta com duas arquibancadas distintas. De um lado, h\u00e1 uma \u00e1rea destinada a dirigentes e convidados, que inclui espa\u00e7o para a imprensa, camarotes e um setor menor de cadeiras, todo coberto.<\/p>\n\n\n\n<p>Por outro lado, a arquibancada principal \u00e9 onde a maioria dos torcedores fica. Essa \u00e1rea em formato de L tem tr\u00eas entradas e v\u00e1rios setores, um dos quais \u00e9 reservado para visitantes. A proximidade das arquibancadas laterais ao campo \u00e9 uma caracter\u00edstica distintiva do est\u00e1dio. No lado sul, as \u00e1reas s\u00e3o totalmente abertas, enquanto no lado norte h\u00e1 um pequeno espa\u00e7o entre elas.<\/p>\n\n\n\n<p>\u00c9 importante destacar que, para que o Flamengo fa\u00e7a investimentos oficiais no Leix\u00f5es, deve ter a aprova\u00e7\u00e3o do Conselho Deliberativo, o que ainda n\u00e3o foi feito. O clube nega internamente qualquer contribui\u00e7\u00e3o financeira e trata da negocia\u00e7\u00e3o de maneira diferente da Folha de S\u00e3o Paulo, que divulgou a expectativa de conclus\u00e3o do acordo nesta quinta-feira (15). A reportagem do jornal, por outro lado, diz que o acordo seria apresentado aos conselheiros hoje, mas a reuni\u00e3o n\u00e3o foi agendada.<\/p>\n","protected":false},"excerpt":{"rendered":"<p>Veja detalhes do est\u00e1dio na Europa que ser\u00e1 do Flamengo<\/p>\n","protected":false},"author":16,"featured_media":149197,"comment_status":"open","ping_status":"closed","sticky":false,"template":"","format":"standard","meta":{"footnotes":""},"categories":[1],"tags":[],"class_list":["post-158885","post","type-post","status-publish","format-standard","has-post-thumbnail","hentry","category-flamengo"],"yoast_head":"<!-- This site is optimized with the Yoast SEO Premium plugin v24.2 (Yoast SEO v26.9) - https:\/\/yoast.com\/product\/yoast-seo-premium-wordpress\/ -->\n<title>Veja detalhes do est\u00e1dio na Europa que ser\u00e1 do Flamengo<\/title>\n<meta name=\"robots\" content=\"index, follow, max-snippet:-1, max-image-preview:large, max-video-preview:-1\" \/>\n<link rel=\"canonical\" href=\"https:\/\/www.gaveanews.com\/index.php\/2024\/08\/15\/veja-detalhes-do-estadio-na-europa-que-sera-do-flamengo\/\" \/>\n<meta property=\"og:locale\" content=\"pt_BR\" \/>\n<meta property=\"og:type\" content=\"article\" \/>\n<meta property=\"og:title\" content=\"Veja detalhes do est\u00e1dio na Europa que ser\u00e1 do Flamengo\" \/>\n<meta property=\"og:description\" content=\"Veja detalhes do est\u00e1dio na Europa que ser\u00e1 do Flamengo\" \/>\n<meta property=\"og:url\" content=\"https:\/\/www.gaveanews.com\/index.php\/2024\/08\/15\/veja-detalhes-do-estadio-na-europa-que-sera-do-flamengo\/\" \/>\n<meta property=\"og:site_name\" content=\"G\u00e1vea News\" \/>\n<meta property=\"article:publisher\" content=\"https:\/\/facebook.com\/gaveaNews\/\" \/>\n<meta property=\"article:published_time\" content=\"2024-08-15T22:00:00+00:00\" \/>\n<meta property=\"og:image\" content=\"https:\/\/www.gaveanews.com\/wp-content\/uploads\/Projecao-do-estadio-do-Flamengo.webp\" \/>\n\t<meta property=\"og:image:width\" content=\"1000\" \/>\n\t<meta property=\"og:image:height\" content=\"562\" \/>\n\t<meta property=\"og:image:type\" content=\"image\/webp\" \/>\n<meta name=\"author\" content=\"D\u00e9bora Figueiredo\" \/>\n<meta name=\"twitter:card\" content=\"summary_large_image\" \/>\n<meta name=\"twitter:label1\" content=\"Escrito por\" \/>\n\t<meta name=\"twitter:data1\" content=\"D\u00e9bora Figueiredo\" \/>\n\t<meta name=\"twitter:label2\" content=\"Est. tempo de leitura\" \/>\n\t<meta name=\"twitter:data2\" content=\"3 minutos\" \/>\n<script type=\"application\/ld+json\" class=\"yoast-schema-graph\">{\"@context\":\"https:\/\/schema.org\",\"@graph\":[{\"@type\":\"NewsArticle\",\"@id\":\"https:\/\/www.gaveanews.com\/index.php\/2024\/08\/15\/veja-detalhes-do-estadio-na-europa-que-sera-do-flamengo\/#article\",\"isPartOf\":{\"@id\":\"https:\/\/www.gaveanews.com\/index.php\/2024\/08\/15\/veja-detalhes-do-estadio-na-europa-que-sera-do-flamengo\/\"},\"author\":{\"name\":\"D\u00e9bora Figueiredo\",\"@id\":\"https:\/\/www.gaveanews.com\/#\/schema\/person\/37122681a8575a5c8db05a56f099a5e4\"},\"headline\":\"Veja detalhes do est\u00e1dio na Europa que ser\u00e1 do Flamengo\",\"datePublished\":\"2024-08-15T22:00:00+00:00\",\"mainEntityOfPage\":{\"@id\":\"https:\/\/www.gaveanews.com\/index.php\/2024\/08\/15\/veja-detalhes-do-estadio-na-europa-que-sera-do-flamengo\/\"},\"wordCount\":404,\"commentCount\":0,\"image\":{\"@id\":\"https:\/\/www.gaveanews.com\/index.php\/2024\/08\/15\/veja-detalhes-do-estadio-na-europa-que-sera-do-flamengo\/#primaryimage\"},\"thumbnailUrl\":\"https:\/\/www.gaveanews.com\/wp-content\/uploads\/Projecao-do-estadio-do-Flamengo.webp\",\"articleSection\":[\"Flamengo\"],\"inLanguage\":\"pt-BR\",\"potentialAction\":[{\"@type\":\"CommentAction\",\"name\":\"Comment\",\"target\":[\"https:\/\/www.gaveanews.com\/index.php\/2024\/08\/15\/veja-detalhes-do-estadio-na-europa-que-sera-do-flamengo\/#respond\"]}],\"copyrightYear\":\"2024\",\"copyrightHolder\":{\"@id\":\"https:\/\/www.gaveanews.com\/#organization\"}},{\"@type\":\"WebPage\",\"@id\":\"https:\/\/www.gaveanews.com\/index.php\/2024\/08\/15\/veja-detalhes-do-estadio-na-europa-que-sera-do-flamengo\/\",\"url\":\"https:\/\/www.gaveanews.com\/index.php\/2024\/08\/15\/veja-detalhes-do-estadio-na-europa-que-sera-do-flamengo\/\",\"name\":\"Veja detalhes do est\u00e1dio na Europa que ser\u00e1 do Flamengo\",\"isPartOf\":{\"@id\":\"https:\/\/www.gaveanews.com\/#website\"},\"primaryImageOfPage\":{\"@id\":\"https:\/\/www.gaveanews.com\/index.php\/2024\/08\/15\/veja-detalhes-do-estadio-na-europa-que-sera-do-flamengo\/#primaryimage\"},\"image\":{\"@id\":\"https:\/\/www.gaveanews.com\/index.php\/2024\/08\/15\/veja-detalhes-do-estadio-na-europa-que-sera-do-flamengo\/#primaryimage\"},\"thumbnailUrl\":\"https:\/\/www.gaveanews.com\/wp-content\/uploads\/Projecao-do-estadio-do-Flamengo.webp\",\"datePublished\":\"2024-08-15T22:00:00+00:00\",\"author\":{\"@id\":\"https:\/\/www.gaveanews.com\/#\/schema\/person\/37122681a8575a5c8db05a56f099a5e4\"},\"breadcrumb\":{\"@id\":\"https:\/\/www.gaveanews.com\/index.php\/2024\/08\/15\/veja-detalhes-do-estadio-na-europa-que-sera-do-flamengo\/#breadcrumb\"},\"inLanguage\":\"pt-BR\",\"potentialAction\":[{\"@type\":\"ReadAction\",\"target\":[\"https:\/\/www.gaveanews.com\/index.php\/2024\/08\/15\/veja-detalhes-do-estadio-na-europa-que-sera-do-flamengo\/\"]}]},{\"@type\":\"ImageObject\",\"inLanguage\":\"pt-BR\",\"@id\":\"https:\/\/www.gaveanews.com\/index.php\/2024\/08\/15\/veja-detalhes-do-estadio-na-europa-que-sera-do-flamengo\/#primaryimage\",\"url\":\"https:\/\/www.gaveanews.com\/wp-content\/uploads\/Projecao-do-estadio-do-Flamengo.webp\",\"contentUrl\":\"https:\/\/www.gaveanews.com\/wp-content\/uploads\/Projecao-do-estadio-do-Flamengo.webp\",\"width\":1000,\"height\":562,\"caption\":\"Proje\u00e7\u00e3o do est\u00e1dio do Flamengo (Foto: Reprodu\u00e7\u00e3o)\"},{\"@type\":\"BreadcrumbList\",\"@id\":\"https:\/\/www.gaveanews.com\/index.php\/2024\/08\/15\/veja-detalhes-do-estadio-na-europa-que-sera-do-flamengo\/#breadcrumb\",\"itemListElement\":[{\"@type\":\"ListItem\",\"position\":1,\"name\":\"Home\",\"item\":\"https:\/\/www.gaveanews.com\/\"},{\"@type\":\"ListItem\",\"position\":2,\"name\":\"Veja detalhes do est\u00e1dio na Europa que ser\u00e1 do Flamengo\"}]},{\"@type\":\"WebSite\",\"@id\":\"https:\/\/www.gaveanews.com\/#website\",\"url\":\"https:\/\/www.gaveanews.com\/\",\"name\":\"G\u00e1vea News\",\"description\":\"Veja todas as not\u00edcias sobre o Flamengo: Contrata\u00e7\u00f5es, categorias de base, resultados das partidas, tabela de classifica\u00e7\u00e3o, pr\u00f3ximos jogos!\",\"potentialAction\":[{\"@type\":\"SearchAction\",\"target\":{\"@type\":\"EntryPoint\",\"urlTemplate\":\"https:\/\/www.gaveanews.com\/?s={search_term_string}\"},\"query-input\":{\"@type\":\"PropertyValueSpecification\",\"valueRequired\":true,\"valueName\":\"search_term_string\"}}],\"inLanguage\":\"pt-BR\"},{\"@type\":\"Person\",\"@id\":\"https:\/\/www.gaveanews.com\/#\/schema\/person\/37122681a8575a5c8db05a56f099a5e4\",\"name\":\"D\u00e9bora Figueiredo\",\"image\":{\"@type\":\"ImageObject\",\"inLanguage\":\"pt-BR\",\"@id\":\"https:\/\/www.gaveanews.com\/#\/schema\/person\/image\/\",\"url\":\"https:\/\/secure.gravatar.com\/avatar\/1f44802859351588499d26f52aed1d15796ce17e67602895b72837c08018868d?s=96&d=mm&r=g\",\"contentUrl\":\"https:\/\/secure.gravatar.com\/avatar\/1f44802859351588499d26f52aed1d15796ce17e67602895b72837c08018868d?s=96&d=mm&r=g\",\"caption\":\"D\u00e9bora Figueiredo\"}}]}<\/script>\n<!-- \/ Yoast SEO Premium plugin. -->","yoast_head_json":{"title":"Veja detalhes do est\u00e1dio na Europa que ser\u00e1 do Flamengo","robots":{"index":"index","follow":"follow","max-snippet":"max-snippet:-1","max-image-preview":"max-image-preview:large","max-video-preview":"max-video-preview:-1"},"canonical":"https:\/\/www.gaveanews.com\/index.php\/2024\/08\/15\/veja-detalhes-do-estadio-na-europa-que-sera-do-flamengo\/","og_locale":"pt_BR","og_type":"article","og_title":"Veja detalhes do est\u00e1dio na Europa que ser\u00e1 do Flamengo","og_description":"Veja detalhes do est\u00e1dio na Europa que ser\u00e1 do Flamengo","og_url":"https:\/\/www.gaveanews.com\/index.php\/2024\/08\/15\/veja-detalhes-do-estadio-na-europa-que-sera-do-flamengo\/","og_site_name":"G\u00e1vea News","article_publisher":"https:\/\/facebook.com\/gaveaNews\/","article_published_time":"2024-08-15T22:00:00+00:00","og_image":[{"width":1000,"height":562,"url":"https:\/\/www.gaveanews.com\/wp-content\/uploads\/Projecao-do-estadio-do-Flamengo.webp","type":"image\/webp"}],"author":"D\u00e9bora Figueiredo","twitter_card":"summary_large_image","twitter_misc":{"Escrito por":"D\u00e9bora Figueiredo","Est. tempo de leitura":"3 minutos"},"schema":{"@context":"https:\/\/schema.org","@graph":[{"@type":"NewsArticle","@id":"https:\/\/www.gaveanews.com\/index.php\/2024\/08\/15\/veja-detalhes-do-estadio-na-europa-que-sera-do-flamengo\/#article","isPartOf":{"@id":"https:\/\/www.gaveanews.com\/index.php\/2024\/08\/15\/veja-detalhes-do-estadio-na-europa-que-sera-do-flamengo\/"},"author":{"name":"D\u00e9bora Figueiredo","@id":"https:\/\/www.gaveanews.com\/#\/schema\/person\/37122681a8575a5c8db05a56f099a5e4"},"headline":"Veja detalhes do est\u00e1dio na Europa que ser\u00e1 do Flamengo","datePublished":"2024-08-15T22:00:00+00:00","mainEntityOfPage":{"@id":"https:\/\/www.gaveanews.com\/index.php\/2024\/08\/15\/veja-detalhes-do-estadio-na-europa-que-sera-do-flamengo\/"},"wordCount":404,"commentCount":0,"image":{"@id":"https:\/\/www.gaveanews.com\/index.php\/2024\/08\/15\/veja-detalhes-do-estadio-na-europa-que-sera-do-flamengo\/#primaryimage"},"thumbnailUrl":"https:\/\/www.gaveanews.com\/wp-content\/uploads\/Projecao-do-estadio-do-Flamengo.webp","articleSection":["Flamengo"],"inLanguage":"pt-BR","potentialAction":[{"@type":"CommentAction","name":"Comment","target":["https:\/\/www.gaveanews.com\/index.php\/2024\/08\/15\/veja-detalhes-do-estadio-na-europa-que-sera-do-flamengo\/#respond"]}],"copyrightYear":"2024","copyrightHolder":{"@id":"https:\/\/www.gaveanews.com\/#organization"}},{"@type":"WebPage","@id":"https:\/\/www.gaveanews.com\/index.php\/2024\/08\/15\/veja-detalhes-do-estadio-na-europa-que-sera-do-flamengo\/","url":"https:\/\/www.gaveanews.com\/index.php\/2024\/08\/15\/veja-detalhes-do-estadio-na-europa-que-sera-do-flamengo\/","name":"Veja detalhes do est\u00e1dio na Europa que ser\u00e1 do Flamengo","isPartOf":{"@id":"https:\/\/www.gaveanews.com\/#website"},"primaryImageOfPage":{"@id":"https:\/\/www.gaveanews.com\/index.php\/2024\/08\/15\/veja-detalhes-do-estadio-na-europa-que-sera-do-flamengo\/#primaryimage"},"image":{"@id":"https:\/\/www.gaveanews.com\/index.php\/2024\/08\/15\/veja-detalhes-do-estadio-na-europa-que-sera-do-flamengo\/#primaryimage"},"thumbnailUrl":"https:\/\/www.gaveanews.com\/wp-content\/uploads\/Projecao-do-estadio-do-Flamengo.webp","datePublished":"2024-08-15T22:00:00+00:00","author":{"@id":"https:\/\/www.gaveanews.com\/#\/schema\/person\/37122681a8575a5c8db05a56f099a5e4"},"breadcrumb":{"@id":"https:\/\/www.gaveanews.com\/index.php\/2024\/08\/15\/veja-detalhes-do-estadio-na-europa-que-sera-do-flamengo\/#breadcrumb"},"inLanguage":"pt-BR","potentialAction":[{"@type":"ReadAction","target":["https:\/\/www.gaveanews.com\/index.php\/2024\/08\/15\/veja-detalhes-do-estadio-na-europa-que-sera-do-flamengo\/"]}]},{"@type":"ImageObject","inLanguage":"pt-BR","@id":"https:\/\/www.gaveanews.com\/index.php\/2024\/08\/15\/veja-detalhes-do-estadio-na-europa-que-sera-do-flamengo\/#primaryimage","url":"https:\/\/www.gaveanews.com\/wp-content\/uploads\/Projecao-do-estadio-do-Flamengo.webp","contentUrl":"https:\/\/www.gaveanews.com\/wp-content\/uploads\/Projecao-do-estadio-do-Flamengo.webp","width":1000,"height":562,"caption":"Proje\u00e7\u00e3o do est\u00e1dio do Flamengo (Foto: Reprodu\u00e7\u00e3o)"},{"@type":"BreadcrumbList","@id":"https:\/\/www.gaveanews.com\/index.php\/2024\/08\/15\/veja-detalhes-do-estadio-na-europa-que-sera-do-flamengo\/#breadcrumb","itemListElement":[{"@type":"ListItem","position":1,"name":"Home","item":"https:\/\/www.gaveanews.com\/"},{"@type":"ListItem","position":2,"name":"Veja detalhes do est\u00e1dio na Europa que ser\u00e1 do Flamengo"}]},{"@type":"WebSite","@id":"https:\/\/www.gaveanews.com\/#website","url":"https:\/\/www.gaveanews.com\/","name":"G\u00e1vea News","description":"Veja todas as not\u00edcias sobre o Flamengo: Contrata\u00e7\u00f5es, categorias de base, resultados das partidas, tabela de classifica\u00e7\u00e3o, pr\u00f3ximos jogos!","potentialAction":[{"@type":"SearchAction","target":{"@type":"EntryPoint","urlTemplate":"https:\/\/www.gaveanews.com\/?s={search_term_string}"},"query-input":{"@type":"PropertyValueSpecification","valueRequired":true,"valueName":"search_term_string"}}],"inLanguage":"pt-BR"},{"@type":"Person","@id":"https:\/\/www.gaveanews.com\/#\/schema\/person\/37122681a8575a5c8db05a56f099a5e4","name":"D\u00e9bora Figueiredo","image":{"@type":"ImageObject","inLanguage":"pt-BR","@id":"https:\/\/www.gaveanews.com\/#\/schema\/person\/image\/","url":"https:\/\/secure.gravatar.com\/avatar\/1f44802859351588499d26f52aed1d15796ce17e67602895b72837c08018868d?s=96&d=mm&r=g","contentUrl":"https:\/\/secure.gravatar.com\/avatar\/1f44802859351588499d26f52aed1d15796ce17e67602895b72837c08018868d?s=96&d=mm&r=g","caption":"D\u00e9bora Figueiredo"}}]}},"_links":{"self":[{"href":"https:\/\/www.gaveanews.com\/index.php\/wp-json\/wp\/v2\/posts\/158885","targetHints":{"allow":["GET"]}}],"collection":[{"href":"https:\/\/www.gaveanews.com\/index.php\/wp-json\/wp\/v2\/posts"}],"about":[{"href":"https:\/\/www.gaveanews.com\/index.php\/wp-json\/wp\/v2\/types\/post"}],"author":[{"embeddable":true,"href":"https:\/\/www.gaveanews.com\/index.php\/wp-json\/wp\/v2\/users\/16"}],"replies":[{"embeddable":true,"href":"https:\/\/www.gaveanews.com\/index.php\/wp-json\/wp\/v2\/comments?post=158885"}],"version-history":[{"count":1,"href":"https:\/\/www.gaveanews.com\/index.php\/wp-json\/wp\/v2\/posts\/158885\/revisions"}],"predecessor-version":[{"id":158888,"href":"https:\/\/www.gaveanews.com\/index.php\/wp-json\/wp\/v2\/posts\/158885\/revisions\/158888"}],"wp:featuredmedia":[{"embeddable":true,"href":"https:\/\/www.gaveanews.com\/index.php\/wp-json\/wp\/v2\/media\/149197"}],"wp:attachment":[{"href":"https:\/\/www.gaveanews.com\/index.php\/wp-json\/wp\/v2\/media?parent=158885"}],"wp:term":[{"taxonomy":"category","embeddable":true,"href":"https:\/\/www.gaveanews.com\/index.php\/wp-json\/wp\/v2\/categories?post=158885"},{"taxonomy":"post_tag","embeddable":true,"href":"https:\/\/www.gaveanews.com\/index.php\/wp-json\/wp\/v2\/tags?post=158885"}],"curies":[{"name":"wp","href":"https:\/\/api.w.org\/{rel}","templated":true}]}}