{"id":158907,"date":"2024-08-15T21:35:17","date_gmt":"2024-08-16T00:35:17","guid":{"rendered":"https:\/\/www.gaveanews.com\/?p=158907"},"modified":"2024-08-15T21:35:18","modified_gmt":"2024-08-16T00:35:18","slug":"nacional-x-sao-paulo-a-declaracao-de-arboleda","status":"publish","type":"post","link":"https:\/\/www.gaveanews.com\/index.php\/2024\/08\/15\/nacional-x-sao-paulo-a-declaracao-de-arboleda\/","title":{"rendered":"Nacional x S\u00e3o Paulo: a declara\u00e7\u00e3o de Arboleda"},"content":{"rendered":"\n<h2 class=\"wp-block-heading\" id=\"h-sao-paulo-sofre-mas-arranca-empate-contra-o-nacional-em-noite-de-pouca-criatividade\">S\u00e3o Paulo sofre, mas arranca empate contra o Nacional em noite de pouca criatividade<\/h2>\n\n\n\n<p>O S\u00e3o Paulo teve uma atua\u00e7\u00e3o apagada no empate sem gols contra o Nacional, no primeiro jogo das oitavas de final da Copa Libertadores. A equipe tricolor foi praticamente inofensiva durante o primeiro tempo, enquanto o Nacional pressionou, mesmo com recursos limitados, focando suas investidas em jogadas a\u00e9reas. Arboleda foi um dos jogadores mais exigidos, precisando trabalhar duro para afastar os perigos que vinham pelo alto.<\/p>\n\n\n\n<ul class=\"wp-block-list\">\n<li><a href=\"https:\/\/www.gaveanews.com\/index.php\/2024\/08\/15\/nacional-x-sao-paulo-a-declaracao-de-lucas-moura\/\">Nacional x S\u00e3o Paulo: a declara\u00e7\u00e3o de Lucas Moura<\/a><\/li>\n\n\n\n<li><a href=\"https:\/\/www.gaveanews.com\/index.php\/2024\/08\/15\/nacional-x-sao-paulo-a-declaracao-de-luciano\/\">Nacional x S\u00e3o Paulo: a declara\u00e7\u00e3o de Luciano<\/a><\/li>\n<\/ul>\n\n\n\n<p>A primeira etapa terminou sem que o S\u00e3o Paulo conseguisse finalizar no gol defendido por Mej\u00eda. A melhor chance do Nacional veio em um chute de fora da \u00e1rea de Oliva, ap\u00f3s um erro de sa\u00edda de bola que envolveu Ferreira, Luciano e Lucas, mas o placar permaneceu inalterado.<\/p>\n\n\n\n<p>No intervalo, o t\u00e9cnico Luis Zubeld\u00eda tentou mudar o panorama do jogo, substituindo Ferreirinha por Wellington Rato. No entanto, a altera\u00e7\u00e3o n\u00e3o surtiu o efeito esperado, e o S\u00e3o Paulo continuou sendo pressionado pelo Nacional, com erros persistentes na intermedi\u00e1ria defensiva. O time advers\u00e1rio, apesar da press\u00e3o, demonstrou pouca capacidade de criar chances claras, e quando teve a melhor oportunidade, Zabala desperdi\u00e7ou uma finaliza\u00e7\u00e3o cara a cara com o goleiro Rafael.<\/p>\n\n\n\n<p>A \u00fanica finaliza\u00e7\u00e3o perigosa do S\u00e3o Paulo na partida foi um chute cruzado e forte de Calleri, mas o lance foi anulado por impedimento, frustrando ainda mais as tentativas da equipe de sair com um resultado positivo.<\/p>\n\n\n\n<p>Apesar da performance abaixo do esperado, Arboleda tentou manter o otimismo para o jogo de volta no Morumbi. <\/p>\n\n\n\n<p>\u201cEles tiveram a bola, a gente veio fazer o que tinha que fazer, voltar para casa com bom resultado. Com a entrega do grupo, o time foi bem demais. O jogo seria dif\u00edcil, faltou aquele \u00faltimo passe de profundidade, mas a gente volta para casa com a cabe\u00e7a erguida. No Morumbi, vamos fazer um bom jogo e classificar\u201d, disse o zagueiro equatoriano.<\/p>\n\n\n\n<p>Com o empate, a decis\u00e3o da vaga ficou para a pr\u00f3xima semana no Morumbi. Quem vencer, avan\u00e7a para a pr\u00f3xima fase. Se houver novo empate, a vaga ser\u00e1 decidida nos p\u00eanaltis, deixando a torcida tricolor na expectativa de um desempenho mais convincente da equipe em casa.<\/p>\n","protected":false},"excerpt":{"rendered":"<p>S\u00e3o Paulo sofre, mas arranca empate contra o Nacional em noite de pouca criatividade O S\u00e3o Paulo teve uma atua\u00e7\u00e3o apagada no empate sem gols contra o Nacional, no primeiro jogo das oitavas de final da Copa Libertadores. A equipe tricolor foi praticamente inofensiva durante o primeiro tempo, enquanto o Nacional pressionou, mesmo com recursos [&hellip;]<\/p>\n","protected":false},"author":17,"featured_media":145862,"comment_status":"open","ping_status":"closed","sticky":false,"template":"","format":"standard","meta":{"footnotes":""},"categories":[151],"tags":[],"class_list":["post-158907","post","type-post","status-publish","format-standard","has-post-thumbnail","hentry","category-sao-paulo"],"yoast_head":"<!-- This site is optimized with the Yoast SEO Premium plugin v24.2 (Yoast SEO v26.9) - https:\/\/yoast.com\/product\/yoast-seo-premium-wordpress\/ -->\n<title>Nacional x S\u00e3o Paulo: a declara\u00e7\u00e3o de Arboleda<\/title>\n<meta name=\"robots\" content=\"index, follow, max-snippet:-1, max-image-preview:large, max-video-preview:-1\" \/>\n<link rel=\"canonical\" href=\"https:\/\/www.gaveanews.com\/index.php\/2024\/08\/15\/nacional-x-sao-paulo-a-declaracao-de-arboleda\/\" \/>\n<meta property=\"og:locale\" content=\"pt_BR\" \/>\n<meta property=\"og:type\" content=\"article\" \/>\n<meta property=\"og:title\" content=\"Nacional x S\u00e3o Paulo: a declara\u00e7\u00e3o de Arboleda\" \/>\n<meta property=\"og:description\" content=\"S\u00e3o Paulo sofre, mas arranca empate contra o Nacional em noite de pouca criatividade O S\u00e3o Paulo teve uma atua\u00e7\u00e3o apagada no empate sem gols contra o Nacional, no primeiro jogo das oitavas de final da Copa Libertadores. A equipe tricolor foi praticamente inofensiva durante o primeiro tempo, enquanto o Nacional pressionou, mesmo com recursos [&hellip;]\" \/>\n<meta property=\"og:url\" content=\"https:\/\/www.gaveanews.com\/index.php\/2024\/08\/15\/nacional-x-sao-paulo-a-declaracao-de-arboleda\/\" \/>\n<meta property=\"og:site_name\" content=\"G\u00e1vea News\" \/>\n<meta property=\"article:publisher\" content=\"https:\/\/facebook.com\/gaveaNews\/\" \/>\n<meta property=\"article:published_time\" content=\"2024-08-16T00:35:17+00:00\" \/>\n<meta property=\"article:modified_time\" content=\"2024-08-16T00:35:18+00:00\" \/>\n<meta property=\"og:image\" content=\"https:\/\/www.gaveanews.com\/wp-content\/uploads\/1557789430-captura-de-tela-2024-04-17-213854-610x400-1.webp\" \/>\n\t<meta property=\"og:image:width\" content=\"774\" \/>\n\t<meta property=\"og:image:height\" content=\"508\" \/>\n\t<meta property=\"og:image:type\" content=\"image\/webp\" \/>\n<meta name=\"author\" content=\"Geovanna Thomaz\" \/>\n<meta name=\"twitter:card\" content=\"summary_large_image\" \/>\n<meta name=\"twitter:label1\" content=\"Escrito por\" \/>\n\t<meta name=\"twitter:data1\" content=\"Geovanna Thomaz\" \/>\n\t<meta name=\"twitter:label2\" content=\"Est. tempo de leitura\" \/>\n\t<meta name=\"twitter:data2\" content=\"3 minutos\" \/>\n<script type=\"application\/ld+json\" class=\"yoast-schema-graph\">{\"@context\":\"https:\/\/schema.org\",\"@graph\":[{\"@type\":\"NewsArticle\",\"@id\":\"https:\/\/www.gaveanews.com\/index.php\/2024\/08\/15\/nacional-x-sao-paulo-a-declaracao-de-arboleda\/#article\",\"isPartOf\":{\"@id\":\"https:\/\/www.gaveanews.com\/index.php\/2024\/08\/15\/nacional-x-sao-paulo-a-declaracao-de-arboleda\/\"},\"author\":{\"name\":\"Geovanna Thomaz\",\"@id\":\"https:\/\/www.gaveanews.com\/#\/schema\/person\/f42654babcd2b2014a1a65af82b081f1\"},\"headline\":\"Nacional x S\u00e3o Paulo: a declara\u00e7\u00e3o de Arboleda\",\"datePublished\":\"2024-08-16T00:35:17+00:00\",\"dateModified\":\"2024-08-16T00:35:18+00:00\",\"mainEntityOfPage\":{\"@id\":\"https:\/\/www.gaveanews.com\/index.php\/2024\/08\/15\/nacional-x-sao-paulo-a-declaracao-de-arboleda\/\"},\"wordCount\":421,\"commentCount\":0,\"image\":{\"@id\":\"https:\/\/www.gaveanews.com\/index.php\/2024\/08\/15\/nacional-x-sao-paulo-a-declaracao-de-arboleda\/#primaryimage\"},\"thumbnailUrl\":\"https:\/\/www.gaveanews.com\/wp-content\/uploads\/1557789430-captura-de-tela-2024-04-17-213854-610x400-1.webp\",\"articleSection\":[\"S\u00e3o Paulo\"],\"inLanguage\":\"pt-BR\",\"potentialAction\":[{\"@type\":\"CommentAction\",\"name\":\"Comment\",\"target\":[\"https:\/\/www.gaveanews.com\/index.php\/2024\/08\/15\/nacional-x-sao-paulo-a-declaracao-de-arboleda\/#respond\"]}],\"copyrightYear\":\"2024\",\"copyrightHolder\":{\"@id\":\"https:\/\/www.gaveanews.com\/#organization\"}},{\"@type\":\"WebPage\",\"@id\":\"https:\/\/www.gaveanews.com\/index.php\/2024\/08\/15\/nacional-x-sao-paulo-a-declaracao-de-arboleda\/\",\"url\":\"https:\/\/www.gaveanews.com\/index.php\/2024\/08\/15\/nacional-x-sao-paulo-a-declaracao-de-arboleda\/\",\"name\":\"Nacional x S\u00e3o Paulo: a declara\u00e7\u00e3o de Arboleda\",\"isPartOf\":{\"@id\":\"https:\/\/www.gaveanews.com\/#website\"},\"primaryImageOfPage\":{\"@id\":\"https:\/\/www.gaveanews.com\/index.php\/2024\/08\/15\/nacional-x-sao-paulo-a-declaracao-de-arboleda\/#primaryimage\"},\"image\":{\"@id\":\"https:\/\/www.gaveanews.com\/index.php\/2024\/08\/15\/nacional-x-sao-paulo-a-declaracao-de-arboleda\/#primaryimage\"},\"thumbnailUrl\":\"https:\/\/www.gaveanews.com\/wp-content\/uploads\/1557789430-captura-de-tela-2024-04-17-213854-610x400-1.webp\",\"datePublished\":\"2024-08-16T00:35:17+00:00\",\"dateModified\":\"2024-08-16T00:35:18+00:00\",\"author\":{\"@id\":\"https:\/\/www.gaveanews.com\/#\/schema\/person\/f42654babcd2b2014a1a65af82b081f1\"},\"breadcrumb\":{\"@id\":\"https:\/\/www.gaveanews.com\/index.php\/2024\/08\/15\/nacional-x-sao-paulo-a-declaracao-de-arboleda\/#breadcrumb\"},\"inLanguage\":\"pt-BR\",\"potentialAction\":[{\"@type\":\"ReadAction\",\"target\":[\"https:\/\/www.gaveanews.com\/index.php\/2024\/08\/15\/nacional-x-sao-paulo-a-declaracao-de-arboleda\/\"]}]},{\"@type\":\"ImageObject\",\"inLanguage\":\"pt-BR\",\"@id\":\"https:\/\/www.gaveanews.com\/index.php\/2024\/08\/15\/nacional-x-sao-paulo-a-declaracao-de-arboleda\/#primaryimage\",\"url\":\"https:\/\/www.gaveanews.com\/wp-content\/uploads\/1557789430-captura-de-tela-2024-04-17-213854-610x400-1.webp\",\"contentUrl\":\"https:\/\/www.gaveanews.com\/wp-content\/uploads\/1557789430-captura-de-tela-2024-04-17-213854-610x400-1.webp\",\"width\":774,\"height\":508,\"caption\":\"Foto: Rubens Chiri \/ saopaulofc.net - Legenda: Arboleda n\u00e3o \u00e9 convocado pelo Equador para a Copa Am\u00e9rica \/ Jogada10\"},{\"@type\":\"BreadcrumbList\",\"@id\":\"https:\/\/www.gaveanews.com\/index.php\/2024\/08\/15\/nacional-x-sao-paulo-a-declaracao-de-arboleda\/#breadcrumb\",\"itemListElement\":[{\"@type\":\"ListItem\",\"position\":1,\"name\":\"Home\",\"item\":\"https:\/\/www.gaveanews.com\/\"},{\"@type\":\"ListItem\",\"position\":2,\"name\":\"Nacional x S\u00e3o Paulo: a declara\u00e7\u00e3o de Arboleda\"}]},{\"@type\":\"WebSite\",\"@id\":\"https:\/\/www.gaveanews.com\/#website\",\"url\":\"https:\/\/www.gaveanews.com\/\",\"name\":\"G\u00e1vea News\",\"description\":\"Veja todas as not\u00edcias sobre o Flamengo: Contrata\u00e7\u00f5es, categorias de base, resultados das partidas, tabela de classifica\u00e7\u00e3o, pr\u00f3ximos jogos!\",\"potentialAction\":[{\"@type\":\"SearchAction\",\"target\":{\"@type\":\"EntryPoint\",\"urlTemplate\":\"https:\/\/www.gaveanews.com\/?s={search_term_string}\"},\"query-input\":{\"@type\":\"PropertyValueSpecification\",\"valueRequired\":true,\"valueName\":\"search_term_string\"}}],\"inLanguage\":\"pt-BR\"},{\"@type\":\"Person\",\"@id\":\"https:\/\/www.gaveanews.com\/#\/schema\/person\/f42654babcd2b2014a1a65af82b081f1\",\"name\":\"Geovanna Thomaz\",\"image\":{\"@type\":\"ImageObject\",\"inLanguage\":\"pt-BR\",\"@id\":\"https:\/\/www.gaveanews.com\/#\/schema\/person\/image\/\",\"url\":\"https:\/\/secure.gravatar.com\/avatar\/4092073255489533afb558984b49b64268c47198af8623cc82a925ae9fb7118a?s=96&d=mm&r=g\",\"contentUrl\":\"https:\/\/secure.gravatar.com\/avatar\/4092073255489533afb558984b49b64268c47198af8623cc82a925ae9fb7118a?s=96&d=mm&r=g\",\"caption\":\"Geovanna Thomaz\"}}]}<\/script>\n<!-- \/ Yoast SEO Premium plugin. -->","yoast_head_json":{"title":"Nacional x S\u00e3o Paulo: a declara\u00e7\u00e3o de Arboleda","robots":{"index":"index","follow":"follow","max-snippet":"max-snippet:-1","max-image-preview":"max-image-preview:large","max-video-preview":"max-video-preview:-1"},"canonical":"https:\/\/www.gaveanews.com\/index.php\/2024\/08\/15\/nacional-x-sao-paulo-a-declaracao-de-arboleda\/","og_locale":"pt_BR","og_type":"article","og_title":"Nacional x S\u00e3o Paulo: a declara\u00e7\u00e3o de Arboleda","og_description":"S\u00e3o Paulo sofre, mas arranca empate contra o Nacional em noite de pouca criatividade O S\u00e3o Paulo teve uma atua\u00e7\u00e3o apagada no empate sem gols contra o Nacional, no primeiro jogo das oitavas de final da Copa Libertadores. A equipe tricolor foi praticamente inofensiva durante o primeiro tempo, enquanto o Nacional pressionou, mesmo com recursos [&hellip;]","og_url":"https:\/\/www.gaveanews.com\/index.php\/2024\/08\/15\/nacional-x-sao-paulo-a-declaracao-de-arboleda\/","og_site_name":"G\u00e1vea News","article_publisher":"https:\/\/facebook.com\/gaveaNews\/","article_published_time":"2024-08-16T00:35:17+00:00","article_modified_time":"2024-08-16T00:35:18+00:00","og_image":[{"width":774,"height":508,"url":"https:\/\/www.gaveanews.com\/wp-content\/uploads\/1557789430-captura-de-tela-2024-04-17-213854-610x400-1.webp","type":"image\/webp"}],"author":"Geovanna Thomaz","twitter_card":"summary_large_image","twitter_misc":{"Escrito por":"Geovanna Thomaz","Est. tempo de leitura":"3 minutos"},"schema":{"@context":"https:\/\/schema.org","@graph":[{"@type":"NewsArticle","@id":"https:\/\/www.gaveanews.com\/index.php\/2024\/08\/15\/nacional-x-sao-paulo-a-declaracao-de-arboleda\/#article","isPartOf":{"@id":"https:\/\/www.gaveanews.com\/index.php\/2024\/08\/15\/nacional-x-sao-paulo-a-declaracao-de-arboleda\/"},"author":{"name":"Geovanna Thomaz","@id":"https:\/\/www.gaveanews.com\/#\/schema\/person\/f42654babcd2b2014a1a65af82b081f1"},"headline":"Nacional x S\u00e3o Paulo: a declara\u00e7\u00e3o de Arboleda","datePublished":"2024-08-16T00:35:17+00:00","dateModified":"2024-08-16T00:35:18+00:00","mainEntityOfPage":{"@id":"https:\/\/www.gaveanews.com\/index.php\/2024\/08\/15\/nacional-x-sao-paulo-a-declaracao-de-arboleda\/"},"wordCount":421,"commentCount":0,"image":{"@id":"https:\/\/www.gaveanews.com\/index.php\/2024\/08\/15\/nacional-x-sao-paulo-a-declaracao-de-arboleda\/#primaryimage"},"thumbnailUrl":"https:\/\/www.gaveanews.com\/wp-content\/uploads\/1557789430-captura-de-tela-2024-04-17-213854-610x400-1.webp","articleSection":["S\u00e3o Paulo"],"inLanguage":"pt-BR","potentialAction":[{"@type":"CommentAction","name":"Comment","target":["https:\/\/www.gaveanews.com\/index.php\/2024\/08\/15\/nacional-x-sao-paulo-a-declaracao-de-arboleda\/#respond"]}],"copyrightYear":"2024","copyrightHolder":{"@id":"https:\/\/www.gaveanews.com\/#organization"}},{"@type":"WebPage","@id":"https:\/\/www.gaveanews.com\/index.php\/2024\/08\/15\/nacional-x-sao-paulo-a-declaracao-de-arboleda\/","url":"https:\/\/www.gaveanews.com\/index.php\/2024\/08\/15\/nacional-x-sao-paulo-a-declaracao-de-arboleda\/","name":"Nacional x S\u00e3o Paulo: a declara\u00e7\u00e3o de Arboleda","isPartOf":{"@id":"https:\/\/www.gaveanews.com\/#website"},"primaryImageOfPage":{"@id":"https:\/\/www.gaveanews.com\/index.php\/2024\/08\/15\/nacional-x-sao-paulo-a-declaracao-de-arboleda\/#primaryimage"},"image":{"@id":"https:\/\/www.gaveanews.com\/index.php\/2024\/08\/15\/nacional-x-sao-paulo-a-declaracao-de-arboleda\/#primaryimage"},"thumbnailUrl":"https:\/\/www.gaveanews.com\/wp-content\/uploads\/1557789430-captura-de-tela-2024-04-17-213854-610x400-1.webp","datePublished":"2024-08-16T00:35:17+00:00","dateModified":"2024-08-16T00:35:18+00:00","author":{"@id":"https:\/\/www.gaveanews.com\/#\/schema\/person\/f42654babcd2b2014a1a65af82b081f1"},"breadcrumb":{"@id":"https:\/\/www.gaveanews.com\/index.php\/2024\/08\/15\/nacional-x-sao-paulo-a-declaracao-de-arboleda\/#breadcrumb"},"inLanguage":"pt-BR","potentialAction":[{"@type":"ReadAction","target":["https:\/\/www.gaveanews.com\/index.php\/2024\/08\/15\/nacional-x-sao-paulo-a-declaracao-de-arboleda\/"]}]},{"@type":"ImageObject","inLanguage":"pt-BR","@id":"https:\/\/www.gaveanews.com\/index.php\/2024\/08\/15\/nacional-x-sao-paulo-a-declaracao-de-arboleda\/#primaryimage","url":"https:\/\/www.gaveanews.com\/wp-content\/uploads\/1557789430-captura-de-tela-2024-04-17-213854-610x400-1.webp","contentUrl":"https:\/\/www.gaveanews.com\/wp-content\/uploads\/1557789430-captura-de-tela-2024-04-17-213854-610x400-1.webp","width":774,"height":508,"caption":"Foto: Rubens Chiri \/ saopaulofc.net - Legenda: Arboleda n\u00e3o \u00e9 convocado pelo Equador para a Copa Am\u00e9rica \/ Jogada10"},{"@type":"BreadcrumbList","@id":"https:\/\/www.gaveanews.com\/index.php\/2024\/08\/15\/nacional-x-sao-paulo-a-declaracao-de-arboleda\/#breadcrumb","itemListElement":[{"@type":"ListItem","position":1,"name":"Home","item":"https:\/\/www.gaveanews.com\/"},{"@type":"ListItem","position":2,"name":"Nacional x S\u00e3o Paulo: a declara\u00e7\u00e3o de Arboleda"}]},{"@type":"WebSite","@id":"https:\/\/www.gaveanews.com\/#website","url":"https:\/\/www.gaveanews.com\/","name":"G\u00e1vea News","description":"Veja todas as not\u00edcias sobre o Flamengo: Contrata\u00e7\u00f5es, categorias de base, resultados das partidas, tabela de classifica\u00e7\u00e3o, pr\u00f3ximos jogos!","potentialAction":[{"@type":"SearchAction","target":{"@type":"EntryPoint","urlTemplate":"https:\/\/www.gaveanews.com\/?s={search_term_string}"},"query-input":{"@type":"PropertyValueSpecification","valueRequired":true,"valueName":"search_term_string"}}],"inLanguage":"pt-BR"},{"@type":"Person","@id":"https:\/\/www.gaveanews.com\/#\/schema\/person\/f42654babcd2b2014a1a65af82b081f1","name":"Geovanna Thomaz","image":{"@type":"ImageObject","inLanguage":"pt-BR","@id":"https:\/\/www.gaveanews.com\/#\/schema\/person\/image\/","url":"https:\/\/secure.gravatar.com\/avatar\/4092073255489533afb558984b49b64268c47198af8623cc82a925ae9fb7118a?s=96&d=mm&r=g","contentUrl":"https:\/\/secure.gravatar.com\/avatar\/4092073255489533afb558984b49b64268c47198af8623cc82a925ae9fb7118a?s=96&d=mm&r=g","caption":"Geovanna Thomaz"}}]}},"_links":{"self":[{"href":"https:\/\/www.gaveanews.com\/index.php\/wp-json\/wp\/v2\/posts\/158907","targetHints":{"allow":["GET"]}}],"collection":[{"href":"https:\/\/www.gaveanews.com\/index.php\/wp-json\/wp\/v2\/posts"}],"about":[{"href":"https:\/\/www.gaveanews.com\/index.php\/wp-json\/wp\/v2\/types\/post"}],"author":[{"embeddable":true,"href":"https:\/\/www.gaveanews.com\/index.php\/wp-json\/wp\/v2\/users\/17"}],"replies":[{"embeddable":true,"href":"https:\/\/www.gaveanews.com\/index.php\/wp-json\/wp\/v2\/comments?post=158907"}],"version-history":[{"count":1,"href":"https:\/\/www.gaveanews.com\/index.php\/wp-json\/wp\/v2\/posts\/158907\/revisions"}],"predecessor-version":[{"id":158908,"href":"https:\/\/www.gaveanews.com\/index.php\/wp-json\/wp\/v2\/posts\/158907\/revisions\/158908"}],"wp:featuredmedia":[{"embeddable":true,"href":"https:\/\/www.gaveanews.com\/index.php\/wp-json\/wp\/v2\/media\/145862"}],"wp:attachment":[{"href":"https:\/\/www.gaveanews.com\/index.php\/wp-json\/wp\/v2\/media?parent=158907"}],"wp:term":[{"taxonomy":"category","embeddable":true,"href":"https:\/\/www.gaveanews.com\/index.php\/wp-json\/wp\/v2\/categories?post=158907"},{"taxonomy":"post_tag","embeddable":true,"href":"https:\/\/www.gaveanews.com\/index.php\/wp-json\/wp\/v2\/tags?post=158907"}],"curies":[{"name":"wp","href":"https:\/\/api.w.org\/{rel}","templated":true}]}}