{"id":158909,"date":"2024-08-15T21:42:21","date_gmt":"2024-08-16T00:42:21","guid":{"rendered":"https:\/\/www.gaveanews.com\/?p=158909"},"modified":"2024-08-15T21:42:23","modified_gmt":"2024-08-16T00:42:23","slug":"nacional-x-sao-paulo-a-declaracao-de-luis-zubeldia","status":"publish","type":"post","link":"https:\/\/www.gaveanews.com\/index.php\/2024\/08\/15\/nacional-x-sao-paulo-a-declaracao-de-luis-zubeldia\/","title":{"rendered":"Nacional x S\u00e3o Paulo: a declara\u00e7\u00e3o de Lu\u00eds Zubeld\u00eda"},"content":{"rendered":"\n<h2 class=\"wp-block-heading\" id=\"h-zubeldia-avalia-empate-do-sao-paulo-foi-um-bom-passo-para-a-equipe\">Zubeld\u00eda avalia empate do S\u00e3o Paulo: &#8220;Foi um bom passo para a equipe&#8221;<\/h2>\n\n\n\n<p>Ap\u00f3s o empate sem gols contra o Nacional no primeiro jogo das oitavas de final, o t\u00e9cnico Luis Zubeld\u00eda analisou o desempenho do S\u00e3o Paulo e destacou as dificuldades enfrentadas pela equipe em Montevid\u00e9u. Ciente do desafio, Zubeld\u00eda ressaltou a import\u00e2ncia de entender o contexto da partida e enfatizou que, em confrontos de mata-mata, o resultado \u00e9 constru\u00eddo ao longo de 180 minutos.<\/p>\n\n\n\n<ul class=\"wp-block-list\">\n<li><a href=\"https:\/\/www.gaveanews.com\/index.php\/2024\/08\/15\/nacional-x-sao-paulo-a-declaracao-de-arboleda\/\">Nacional x S\u00e3o Paulo: a declara\u00e7\u00e3o de Arboleda<\/a><\/li>\n\n\n\n<li><a href=\"https:\/\/www.gaveanews.com\/index.php\/2024\/08\/15\/nacional-x-sao-paulo-a-declaracao-de-lucas-moura\/\">Nacional x S\u00e3o Paulo: a declara\u00e7\u00e3o de Lucas Moura<\/a><\/li>\n<\/ul>\n\n\n\n<p>\u201cSab\u00edamos que seria um jogo duro. Estamos enfrentando o Nacional, uma equipe de hist\u00f3ria, que tem bons jogadores. Nesta inst\u00e2ncia, quando se joga num cen\u00e1rio diferente, as partidas s\u00e3o dif\u00edceis. Neste contexto, umas coisas fizemos bem, em outras faltou ter mais precis\u00e3o, como de vis\u00e3o panor\u00e2mica para termos mais situa\u00e7\u00f5es de gols. Mas outras fizemos bem. Foi um bom passo para a equipe\u201d, afirmou o treinador.<\/p>\n\n\n\n<p>Zubeld\u00eda reconheceu que o S\u00e3o Paulo teve dificuldades para progredir no campo advers\u00e1rio, especialmente na cria\u00e7\u00e3o de chances claras de gol. No entanto, ele ressaltou que essas s\u00e3o caracter\u00edsticas comuns em competi\u00e7\u00f5es eliminat\u00f3rias, onde cada detalhe conta e a estrat\u00e9gia precisa ser ajustada conforme as circunst\u00e2ncias.<\/p>\n\n\n\n<p>\u201cEm alguns momentos nos defendemos, em outros eles nos apertaram com chutes. Foi um jogo complicado. Nos faltou mais progress\u00e3o com a bola, chegar ao gol rival, mas assim s\u00e3o as copas. Por isso, dizem que s\u00e3o jogos de 180 minutos, quem tem os melhores 180 minutos possivelmente passa&#8221;, disse. <\/p>\n\n\n\n<p>O t\u00e9cnico tamb\u00e9m falou sobre a flexibilidade t\u00e1tica do time, destacando a import\u00e2ncia de identificar os espa\u00e7os e adaptar as posi\u00e7\u00f5es dos jogadores durante a partida. Segundo Zubeld\u00eda, essa capacidade de adapta\u00e7\u00e3o \u00e9 uma das for\u00e7as do S\u00e3o Paulo.<\/p>\n\n\n\n<p>\u201c\u00c9 importante, a cada partida, detectar onde est\u00e3o os espa\u00e7os. Temos alguns jogadores para jogar atr\u00e1s da linha de atacante. O Lucas pela direita, centro e esquerda. O Rato com a perna invertida, Ferreira tamb\u00e9m. Luciano no meio, dependendo do jogo. \u00c0s vezes, controlamos as situa\u00e7\u00f5es de ataque com um jogador em uma posi\u00e7\u00e3o, depois em outra. Temos essa flexibilidade como equipe. Em geral, isso nos ajuda&#8221;, ressaltou o argentino.<\/p>\n\n\n\n<p>Zubeld\u00eda concluiu destacando as dificuldades impostas pelo contexto da partida, como o vento e a velocidade do campo, que influenciaram o estilo de jogo. Apesar dos obst\u00e1culos, o treinador se mostrou satisfeito com a postura da equipe e confiante para o jogo de volta.<\/p>\n\n\n\n<p>\u201cO que tem \u00e9 o contexto. Tem campos mais lentos de condu\u00e7\u00e3o, outros mais r\u00e1pidos. Isso muda um pouco. Hoje havia vento, o passe longo fica mais dif\u00edcil. Mas \u00e9 copa. T\u00ednhamos de fazer bem a constru\u00e7\u00e3o e defender bem os cruzamentos. Tentamos situa\u00e7\u00f5es e n\u00e3o conseguimos&#8221;, concluiu.<\/p>\n","protected":false},"excerpt":{"rendered":"<p>Zubeld\u00eda avalia empate do S\u00e3o Paulo: &#8220;Foi um bom passo para a equipe&#8221; Ap\u00f3s o empate sem gols contra o Nacional no primeiro jogo das oitavas de final, o t\u00e9cnico Luis Zubeld\u00eda analisou o desempenho do S\u00e3o Paulo e destacou as dificuldades enfrentadas pela equipe em Montevid\u00e9u. Ciente do desafio, Zubeld\u00eda ressaltou a import\u00e2ncia de [&hellip;]<\/p>\n","protected":false},"author":17,"featured_media":155699,"comment_status":"open","ping_status":"closed","sticky":false,"template":"","format":"standard","meta":{"footnotes":""},"categories":[151],"tags":[],"class_list":["post-158909","post","type-post","status-publish","format-standard","has-post-thumbnail","hentry","category-sao-paulo"],"yoast_head":"<!-- This site is optimized with the Yoast SEO Premium plugin v24.2 (Yoast SEO v26.9) - https:\/\/yoast.com\/product\/yoast-seo-premium-wordpress\/ -->\n<title>Nacional x S\u00e3o Paulo: a declara\u00e7\u00e3o de Lu\u00eds Zubeld\u00eda<\/title>\n<meta name=\"robots\" content=\"index, follow, max-snippet:-1, max-image-preview:large, max-video-preview:-1\" \/>\n<link rel=\"canonical\" href=\"https:\/\/www.gaveanews.com\/index.php\/2024\/08\/15\/nacional-x-sao-paulo-a-declaracao-de-luis-zubeldia\/\" \/>\n<meta property=\"og:locale\" content=\"pt_BR\" \/>\n<meta property=\"og:type\" content=\"article\" \/>\n<meta property=\"og:title\" content=\"Nacional x S\u00e3o Paulo: a declara\u00e7\u00e3o de Lu\u00eds Zubeld\u00eda\" \/>\n<meta property=\"og:description\" content=\"Zubeld\u00eda avalia empate do S\u00e3o Paulo: &#8220;Foi um bom passo para a equipe&#8221; Ap\u00f3s o empate sem gols contra o Nacional no primeiro jogo das oitavas de final, o t\u00e9cnico Luis Zubeld\u00eda analisou o desempenho do S\u00e3o Paulo e destacou as dificuldades enfrentadas pela equipe em Montevid\u00e9u. Ciente do desafio, Zubeld\u00eda ressaltou a import\u00e2ncia de [&hellip;]\" \/>\n<meta property=\"og:url\" content=\"https:\/\/www.gaveanews.com\/index.php\/2024\/08\/15\/nacional-x-sao-paulo-a-declaracao-de-luis-zubeldia\/\" \/>\n<meta property=\"og:site_name\" content=\"G\u00e1vea News\" \/>\n<meta property=\"article:publisher\" content=\"https:\/\/facebook.com\/gaveaNews\/\" \/>\n<meta property=\"article:published_time\" content=\"2024-08-16T00:42:21+00:00\" \/>\n<meta property=\"article:modified_time\" content=\"2024-08-16T00:42:23+00:00\" \/>\n<meta property=\"og:image\" content=\"https:\/\/www.gaveanews.com\/wp-content\/uploads\/Luis-Francisco-Zubeldia-treinador-do-Sao-Paulo-durante-partida-da-Copa-do-Brasil-2024.webp\" \/>\n\t<meta property=\"og:image:width\" content=\"1333\" \/>\n\t<meta property=\"og:image:height\" content=\"889\" \/>\n\t<meta property=\"og:image:type\" content=\"image\/webp\" \/>\n<meta name=\"author\" content=\"Geovanna Thomaz\" \/>\n<meta name=\"twitter:card\" content=\"summary_large_image\" \/>\n<meta name=\"twitter:label1\" content=\"Escrito por\" \/>\n\t<meta name=\"twitter:data1\" content=\"Geovanna Thomaz\" \/>\n\t<meta name=\"twitter:label2\" content=\"Est. tempo de leitura\" \/>\n\t<meta name=\"twitter:data2\" content=\"3 minutos\" \/>\n<script type=\"application\/ld+json\" class=\"yoast-schema-graph\">{\"@context\":\"https:\/\/schema.org\",\"@graph\":[{\"@type\":\"NewsArticle\",\"@id\":\"https:\/\/www.gaveanews.com\/index.php\/2024\/08\/15\/nacional-x-sao-paulo-a-declaracao-de-luis-zubeldia\/#article\",\"isPartOf\":{\"@id\":\"https:\/\/www.gaveanews.com\/index.php\/2024\/08\/15\/nacional-x-sao-paulo-a-declaracao-de-luis-zubeldia\/\"},\"author\":{\"name\":\"Geovanna Thomaz\",\"@id\":\"https:\/\/www.gaveanews.com\/#\/schema\/person\/f42654babcd2b2014a1a65af82b081f1\"},\"headline\":\"Nacional x S\u00e3o Paulo: a declara\u00e7\u00e3o de Lu\u00eds Zubeld\u00eda\",\"datePublished\":\"2024-08-16T00:42:21+00:00\",\"dateModified\":\"2024-08-16T00:42:23+00:00\",\"mainEntityOfPage\":{\"@id\":\"https:\/\/www.gaveanews.com\/index.php\/2024\/08\/15\/nacional-x-sao-paulo-a-declaracao-de-luis-zubeldia\/\"},\"wordCount\":523,\"commentCount\":0,\"image\":{\"@id\":\"https:\/\/www.gaveanews.com\/index.php\/2024\/08\/15\/nacional-x-sao-paulo-a-declaracao-de-luis-zubeldia\/#primaryimage\"},\"thumbnailUrl\":\"https:\/\/www.gaveanews.com\/wp-content\/uploads\/Luis-Francisco-Zubeldia-treinador-do-Sao-Paulo-durante-partida-da-Copa-do-Brasil-2024.webp\",\"articleSection\":[\"S\u00e3o Paulo\"],\"inLanguage\":\"pt-BR\",\"potentialAction\":[{\"@type\":\"CommentAction\",\"name\":\"Comment\",\"target\":[\"https:\/\/www.gaveanews.com\/index.php\/2024\/08\/15\/nacional-x-sao-paulo-a-declaracao-de-luis-zubeldia\/#respond\"]}],\"copyrightYear\":\"2024\",\"copyrightHolder\":{\"@id\":\"https:\/\/www.gaveanews.com\/#organization\"}},{\"@type\":\"WebPage\",\"@id\":\"https:\/\/www.gaveanews.com\/index.php\/2024\/08\/15\/nacional-x-sao-paulo-a-declaracao-de-luis-zubeldia\/\",\"url\":\"https:\/\/www.gaveanews.com\/index.php\/2024\/08\/15\/nacional-x-sao-paulo-a-declaracao-de-luis-zubeldia\/\",\"name\":\"Nacional x S\u00e3o Paulo: a declara\u00e7\u00e3o de Lu\u00eds Zubeld\u00eda\",\"isPartOf\":{\"@id\":\"https:\/\/www.gaveanews.com\/#website\"},\"primaryImageOfPage\":{\"@id\":\"https:\/\/www.gaveanews.com\/index.php\/2024\/08\/15\/nacional-x-sao-paulo-a-declaracao-de-luis-zubeldia\/#primaryimage\"},\"image\":{\"@id\":\"https:\/\/www.gaveanews.com\/index.php\/2024\/08\/15\/nacional-x-sao-paulo-a-declaracao-de-luis-zubeldia\/#primaryimage\"},\"thumbnailUrl\":\"https:\/\/www.gaveanews.com\/wp-content\/uploads\/Luis-Francisco-Zubeldia-treinador-do-Sao-Paulo-durante-partida-da-Copa-do-Brasil-2024.webp\",\"datePublished\":\"2024-08-16T00:42:21+00:00\",\"dateModified\":\"2024-08-16T00:42:23+00:00\",\"author\":{\"@id\":\"https:\/\/www.gaveanews.com\/#\/schema\/person\/f42654babcd2b2014a1a65af82b081f1\"},\"breadcrumb\":{\"@id\":\"https:\/\/www.gaveanews.com\/index.php\/2024\/08\/15\/nacional-x-sao-paulo-a-declaracao-de-luis-zubeldia\/#breadcrumb\"},\"inLanguage\":\"pt-BR\",\"potentialAction\":[{\"@type\":\"ReadAction\",\"target\":[\"https:\/\/www.gaveanews.com\/index.php\/2024\/08\/15\/nacional-x-sao-paulo-a-declaracao-de-luis-zubeldia\/\"]}]},{\"@type\":\"ImageObject\",\"inLanguage\":\"pt-BR\",\"@id\":\"https:\/\/www.gaveanews.com\/index.php\/2024\/08\/15\/nacional-x-sao-paulo-a-declaracao-de-luis-zubeldia\/#primaryimage\",\"url\":\"https:\/\/www.gaveanews.com\/wp-content\/uploads\/Luis-Francisco-Zubeldia-treinador-do-Sao-Paulo-durante-partida-da-Copa-do-Brasil-2024.webp\",\"contentUrl\":\"https:\/\/www.gaveanews.com\/wp-content\/uploads\/Luis-Francisco-Zubeldia-treinador-do-Sao-Paulo-durante-partida-da-Copa-do-Brasil-2024.webp\",\"width\":1333,\"height\":889,\"caption\":\"Luis Francisco Zubeld\u00eda, treinador do S\u00e3o Paulo durante partida da Copa do Brasil 2024 (Foto: Rubens Chiri e Paulo Pinto\/S\u00e3o Paulo)\"},{\"@type\":\"BreadcrumbList\",\"@id\":\"https:\/\/www.gaveanews.com\/index.php\/2024\/08\/15\/nacional-x-sao-paulo-a-declaracao-de-luis-zubeldia\/#breadcrumb\",\"itemListElement\":[{\"@type\":\"ListItem\",\"position\":1,\"name\":\"Home\",\"item\":\"https:\/\/www.gaveanews.com\/\"},{\"@type\":\"ListItem\",\"position\":2,\"name\":\"Nacional x S\u00e3o Paulo: a declara\u00e7\u00e3o de Lu\u00eds Zubeld\u00eda\"}]},{\"@type\":\"WebSite\",\"@id\":\"https:\/\/www.gaveanews.com\/#website\",\"url\":\"https:\/\/www.gaveanews.com\/\",\"name\":\"G\u00e1vea News\",\"description\":\"Veja todas as not\u00edcias sobre o Flamengo: Contrata\u00e7\u00f5es, categorias de base, resultados das partidas, tabela de classifica\u00e7\u00e3o, pr\u00f3ximos jogos!\",\"potentialAction\":[{\"@type\":\"SearchAction\",\"target\":{\"@type\":\"EntryPoint\",\"urlTemplate\":\"https:\/\/www.gaveanews.com\/?s={search_term_string}\"},\"query-input\":{\"@type\":\"PropertyValueSpecification\",\"valueRequired\":true,\"valueName\":\"search_term_string\"}}],\"inLanguage\":\"pt-BR\"},{\"@type\":\"Person\",\"@id\":\"https:\/\/www.gaveanews.com\/#\/schema\/person\/f42654babcd2b2014a1a65af82b081f1\",\"name\":\"Geovanna Thomaz\",\"image\":{\"@type\":\"ImageObject\",\"inLanguage\":\"pt-BR\",\"@id\":\"https:\/\/www.gaveanews.com\/#\/schema\/person\/image\/\",\"url\":\"https:\/\/secure.gravatar.com\/avatar\/4092073255489533afb558984b49b64268c47198af8623cc82a925ae9fb7118a?s=96&d=mm&r=g\",\"contentUrl\":\"https:\/\/secure.gravatar.com\/avatar\/4092073255489533afb558984b49b64268c47198af8623cc82a925ae9fb7118a?s=96&d=mm&r=g\",\"caption\":\"Geovanna Thomaz\"}}]}<\/script>\n<!-- \/ Yoast SEO Premium plugin. -->","yoast_head_json":{"title":"Nacional x S\u00e3o Paulo: a declara\u00e7\u00e3o de Lu\u00eds Zubeld\u00eda","robots":{"index":"index","follow":"follow","max-snippet":"max-snippet:-1","max-image-preview":"max-image-preview:large","max-video-preview":"max-video-preview:-1"},"canonical":"https:\/\/www.gaveanews.com\/index.php\/2024\/08\/15\/nacional-x-sao-paulo-a-declaracao-de-luis-zubeldia\/","og_locale":"pt_BR","og_type":"article","og_title":"Nacional x S\u00e3o Paulo: a declara\u00e7\u00e3o de Lu\u00eds Zubeld\u00eda","og_description":"Zubeld\u00eda avalia empate do S\u00e3o Paulo: &#8220;Foi um bom passo para a equipe&#8221; Ap\u00f3s o empate sem gols contra o Nacional no primeiro jogo das oitavas de final, o t\u00e9cnico Luis Zubeld\u00eda analisou o desempenho do S\u00e3o Paulo e destacou as dificuldades enfrentadas pela equipe em Montevid\u00e9u. Ciente do desafio, Zubeld\u00eda ressaltou a import\u00e2ncia de [&hellip;]","og_url":"https:\/\/www.gaveanews.com\/index.php\/2024\/08\/15\/nacional-x-sao-paulo-a-declaracao-de-luis-zubeldia\/","og_site_name":"G\u00e1vea News","article_publisher":"https:\/\/facebook.com\/gaveaNews\/","article_published_time":"2024-08-16T00:42:21+00:00","article_modified_time":"2024-08-16T00:42:23+00:00","og_image":[{"width":1333,"height":889,"url":"https:\/\/www.gaveanews.com\/wp-content\/uploads\/Luis-Francisco-Zubeldia-treinador-do-Sao-Paulo-durante-partida-da-Copa-do-Brasil-2024.webp","type":"image\/webp"}],"author":"Geovanna Thomaz","twitter_card":"summary_large_image","twitter_misc":{"Escrito por":"Geovanna Thomaz","Est. tempo de leitura":"3 minutos"},"schema":{"@context":"https:\/\/schema.org","@graph":[{"@type":"NewsArticle","@id":"https:\/\/www.gaveanews.com\/index.php\/2024\/08\/15\/nacional-x-sao-paulo-a-declaracao-de-luis-zubeldia\/#article","isPartOf":{"@id":"https:\/\/www.gaveanews.com\/index.php\/2024\/08\/15\/nacional-x-sao-paulo-a-declaracao-de-luis-zubeldia\/"},"author":{"name":"Geovanna Thomaz","@id":"https:\/\/www.gaveanews.com\/#\/schema\/person\/f42654babcd2b2014a1a65af82b081f1"},"headline":"Nacional x S\u00e3o Paulo: a declara\u00e7\u00e3o de Lu\u00eds Zubeld\u00eda","datePublished":"2024-08-16T00:42:21+00:00","dateModified":"2024-08-16T00:42:23+00:00","mainEntityOfPage":{"@id":"https:\/\/www.gaveanews.com\/index.php\/2024\/08\/15\/nacional-x-sao-paulo-a-declaracao-de-luis-zubeldia\/"},"wordCount":523,"commentCount":0,"image":{"@id":"https:\/\/www.gaveanews.com\/index.php\/2024\/08\/15\/nacional-x-sao-paulo-a-declaracao-de-luis-zubeldia\/#primaryimage"},"thumbnailUrl":"https:\/\/www.gaveanews.com\/wp-content\/uploads\/Luis-Francisco-Zubeldia-treinador-do-Sao-Paulo-durante-partida-da-Copa-do-Brasil-2024.webp","articleSection":["S\u00e3o Paulo"],"inLanguage":"pt-BR","potentialAction":[{"@type":"CommentAction","name":"Comment","target":["https:\/\/www.gaveanews.com\/index.php\/2024\/08\/15\/nacional-x-sao-paulo-a-declaracao-de-luis-zubeldia\/#respond"]}],"copyrightYear":"2024","copyrightHolder":{"@id":"https:\/\/www.gaveanews.com\/#organization"}},{"@type":"WebPage","@id":"https:\/\/www.gaveanews.com\/index.php\/2024\/08\/15\/nacional-x-sao-paulo-a-declaracao-de-luis-zubeldia\/","url":"https:\/\/www.gaveanews.com\/index.php\/2024\/08\/15\/nacional-x-sao-paulo-a-declaracao-de-luis-zubeldia\/","name":"Nacional x S\u00e3o Paulo: a declara\u00e7\u00e3o de Lu\u00eds Zubeld\u00eda","isPartOf":{"@id":"https:\/\/www.gaveanews.com\/#website"},"primaryImageOfPage":{"@id":"https:\/\/www.gaveanews.com\/index.php\/2024\/08\/15\/nacional-x-sao-paulo-a-declaracao-de-luis-zubeldia\/#primaryimage"},"image":{"@id":"https:\/\/www.gaveanews.com\/index.php\/2024\/08\/15\/nacional-x-sao-paulo-a-declaracao-de-luis-zubeldia\/#primaryimage"},"thumbnailUrl":"https:\/\/www.gaveanews.com\/wp-content\/uploads\/Luis-Francisco-Zubeldia-treinador-do-Sao-Paulo-durante-partida-da-Copa-do-Brasil-2024.webp","datePublished":"2024-08-16T00:42:21+00:00","dateModified":"2024-08-16T00:42:23+00:00","author":{"@id":"https:\/\/www.gaveanews.com\/#\/schema\/person\/f42654babcd2b2014a1a65af82b081f1"},"breadcrumb":{"@id":"https:\/\/www.gaveanews.com\/index.php\/2024\/08\/15\/nacional-x-sao-paulo-a-declaracao-de-luis-zubeldia\/#breadcrumb"},"inLanguage":"pt-BR","potentialAction":[{"@type":"ReadAction","target":["https:\/\/www.gaveanews.com\/index.php\/2024\/08\/15\/nacional-x-sao-paulo-a-declaracao-de-luis-zubeldia\/"]}]},{"@type":"ImageObject","inLanguage":"pt-BR","@id":"https:\/\/www.gaveanews.com\/index.php\/2024\/08\/15\/nacional-x-sao-paulo-a-declaracao-de-luis-zubeldia\/#primaryimage","url":"https:\/\/www.gaveanews.com\/wp-content\/uploads\/Luis-Francisco-Zubeldia-treinador-do-Sao-Paulo-durante-partida-da-Copa-do-Brasil-2024.webp","contentUrl":"https:\/\/www.gaveanews.com\/wp-content\/uploads\/Luis-Francisco-Zubeldia-treinador-do-Sao-Paulo-durante-partida-da-Copa-do-Brasil-2024.webp","width":1333,"height":889,"caption":"Luis Francisco Zubeld\u00eda, treinador do S\u00e3o Paulo durante partida da Copa do Brasil 2024 (Foto: Rubens Chiri e Paulo Pinto\/S\u00e3o Paulo)"},{"@type":"BreadcrumbList","@id":"https:\/\/www.gaveanews.com\/index.php\/2024\/08\/15\/nacional-x-sao-paulo-a-declaracao-de-luis-zubeldia\/#breadcrumb","itemListElement":[{"@type":"ListItem","position":1,"name":"Home","item":"https:\/\/www.gaveanews.com\/"},{"@type":"ListItem","position":2,"name":"Nacional x S\u00e3o Paulo: a declara\u00e7\u00e3o de Lu\u00eds Zubeld\u00eda"}]},{"@type":"WebSite","@id":"https:\/\/www.gaveanews.com\/#website","url":"https:\/\/www.gaveanews.com\/","name":"G\u00e1vea News","description":"Veja todas as not\u00edcias sobre o Flamengo: Contrata\u00e7\u00f5es, categorias de base, resultados das partidas, tabela de classifica\u00e7\u00e3o, pr\u00f3ximos jogos!","potentialAction":[{"@type":"SearchAction","target":{"@type":"EntryPoint","urlTemplate":"https:\/\/www.gaveanews.com\/?s={search_term_string}"},"query-input":{"@type":"PropertyValueSpecification","valueRequired":true,"valueName":"search_term_string"}}],"inLanguage":"pt-BR"},{"@type":"Person","@id":"https:\/\/www.gaveanews.com\/#\/schema\/person\/f42654babcd2b2014a1a65af82b081f1","name":"Geovanna Thomaz","image":{"@type":"ImageObject","inLanguage":"pt-BR","@id":"https:\/\/www.gaveanews.com\/#\/schema\/person\/image\/","url":"https:\/\/secure.gravatar.com\/avatar\/4092073255489533afb558984b49b64268c47198af8623cc82a925ae9fb7118a?s=96&d=mm&r=g","contentUrl":"https:\/\/secure.gravatar.com\/avatar\/4092073255489533afb558984b49b64268c47198af8623cc82a925ae9fb7118a?s=96&d=mm&r=g","caption":"Geovanna Thomaz"}}]}},"_links":{"self":[{"href":"https:\/\/www.gaveanews.com\/index.php\/wp-json\/wp\/v2\/posts\/158909","targetHints":{"allow":["GET"]}}],"collection":[{"href":"https:\/\/www.gaveanews.com\/index.php\/wp-json\/wp\/v2\/posts"}],"about":[{"href":"https:\/\/www.gaveanews.com\/index.php\/wp-json\/wp\/v2\/types\/post"}],"author":[{"embeddable":true,"href":"https:\/\/www.gaveanews.com\/index.php\/wp-json\/wp\/v2\/users\/17"}],"replies":[{"embeddable":true,"href":"https:\/\/www.gaveanews.com\/index.php\/wp-json\/wp\/v2\/comments?post=158909"}],"version-history":[{"count":1,"href":"https:\/\/www.gaveanews.com\/index.php\/wp-json\/wp\/v2\/posts\/158909\/revisions"}],"predecessor-version":[{"id":158910,"href":"https:\/\/www.gaveanews.com\/index.php\/wp-json\/wp\/v2\/posts\/158909\/revisions\/158910"}],"wp:featuredmedia":[{"embeddable":true,"href":"https:\/\/www.gaveanews.com\/index.php\/wp-json\/wp\/v2\/media\/155699"}],"wp:attachment":[{"href":"https:\/\/www.gaveanews.com\/index.php\/wp-json\/wp\/v2\/media?parent=158909"}],"wp:term":[{"taxonomy":"category","embeddable":true,"href":"https:\/\/www.gaveanews.com\/index.php\/wp-json\/wp\/v2\/categories?post=158909"},{"taxonomy":"post_tag","embeddable":true,"href":"https:\/\/www.gaveanews.com\/index.php\/wp-json\/wp\/v2\/tags?post=158909"}],"curies":[{"name":"wp","href":"https:\/\/api.w.org\/{rel}","templated":true}]}}