{"id":158913,"date":"2024-08-15T22:35:25","date_gmt":"2024-08-16T01:35:25","guid":{"rendered":"https:\/\/www.gaveanews.com\/?p=158913"},"modified":"2024-08-15T22:35:28","modified_gmt":"2024-08-16T01:35:28","slug":"flamengo-emite-nota-oficial-sobre-matias-vina-2","status":"publish","type":"post","link":"https:\/\/www.gaveanews.com\/index.php\/2024\/08\/15\/flamengo-emite-nota-oficial-sobre-matias-vina-2\/","title":{"rendered":"Flamengo emite nota oficial sobre Matias Vi\u00f1a"},"content":{"rendered":"\n<p>Nesta quinta-feira (15), Matias Vi\u00f1a foi submetido \u00e0 cirurgia para reparo da les\u00e3o no menisco e no ligamento cruzado anterior do joelho direito. Atrav\u00e9s das redes sociais, o Flamengo divulgou que o procedimento foi realizado, e agora, o atleta vai trabalhar no processo de recupera\u00e7\u00e3o.<\/p>\n\n\n\n<ul class=\"wp-block-list\">\n<li><a href=\"https:\/\/www.gaveanews.com\/index.php\/2024\/08\/12\/flamengo-define-que-vai-contratar-substituto-para-vina\/\">Flamengo define que vai contratar substituto para Vi\u00f1a<\/a><\/li>\n\n\n\n<li><a href=\"https:\/\/www.gaveanews.com\/index.php\/2024\/08\/11\/situacoes-de-cebolinha-e-vina-preocupam-flamengo\/\">M\u00e9dico do Flamengo, Tannure d\u00e1 detalhes sobre Everton Cebolinha e Vi\u00f1a<\/a><\/li>\n<\/ul>\n\n\n\n<p>&#8220;O Clube de Regatas do Flamengo informa que o atleta Matias Vi\u00f1a realizou cirurgia para fixa\u00e7\u00e3o de fratura na t\u00edbia e reconstru\u00e7\u00e3o do ligamento cruzado anterior do joelho direito. O procedimento foi realizado no Hospital CopaStar pelo Doutor Max Ramos, acompanhada pelo Doutor M\u00e1rcio Tannure, gerente de sa\u00fade e alto rendimento do Flamengo. #CRF&#8221;, publicou o clube no &#8216;X&#8217;, antigo Twitter.<\/p>\n\n\n\n<blockquote class=\"twitter-tweet\"><p lang=\"pt\" dir=\"ltr\">O Clube de Regatas do Flamengo informa que o atleta Matias Vi\u00f1a realizou cirurgia para fixa\u00e7\u00e3o de fratura na t\u00edbia e reconstru\u00e7\u00e3o do ligamento cruzado anterior do joelho direito. O procedimento foi realizado no Hospital CopaStar pelo Doutor Max Ramos, acompanhada pelo Doutor\u2026<\/p>&mdash; Flamengo (@Flamengo) <a href=\"https:\/\/twitter.com\/Flamengo\/status\/1824254493900357899?ref_src=twsrc%5Etfw\">August 16, 2024<\/a><\/blockquote> <script async src=\"https:\/\/platform.twitter.com\/widgets.js\" charset=\"utf-8\"><\/script>\n\n\n\n<p>Matias Vi\u00f1a sofreu les\u00e3o no menisco e no ligamento cruzado anterior do joelho direito. O atacante se lesionou nos acr\u00e9scimos da partida contra o Palmeiras, disputada no \u00faltimo domingo (11), pelo Campeonato Brasileiro. <\/p>\n\n\n\n<p>A les\u00e3o \u00e9 complicada, e Matias Vi\u00f1a n\u00e3o atua mais pelo Flamengo na temporada 2024. O tempo m\u00e9dio para recupera\u00e7\u00e3o n\u00e3o foi divulgado. <\/p>\n\n\n\n<p>Com a les\u00e3o de Vi\u00f1a, o Flamengo perde um jogador extremamente importante, no momento mais incisivo da temporada, e precisa correr contra o tempo em busca de um refor\u00e7o para a posi\u00e7\u00e3o, visto que ficar\u00e1 apenas com Ayrton Lucas como op\u00e7\u00e3o para a lateral-esquerda.<\/p>\n\n\n\n<p>Isso porque a janela de transfer\u00eancias do meio do ano fecha no dia 2 de setembro, ou seja, o Flamengo tem cerca de 20 dias para negociar e fechar a contrata\u00e7\u00e3o de um lateral-esquerdo. Al\u00e9m de um refor\u00e7o para Vi\u00f1a, o Fla tamb\u00e9m precisa buscar um atacante, visto que Everton Cebolinha tamb\u00e9m sofreu les\u00e3o grave e n\u00e3o atua mais nesta temporada.<\/p>\n\n\n\n<p>Cabe ressaltar, ainda, que o Rubro-Negro tamb\u00e9m precisar\u00e1 ir em busca de um lateral-direito, visto que aceitou a proposta do Atalanta por Wesley, e deve perder o jogador em breve. <\/p>\n","protected":false},"excerpt":{"rendered":"<p>Nesta quinta-feira (15), Matias Vi\u00f1a foi submetido \u00e0 cirurgia para reparo da les\u00e3o no menisco e no ligamento cruzado anterior do joelho direito. Atrav\u00e9s das redes sociais, o Flamengo divulgou que o procedimento foi realizado, e agora, o atleta vai trabalhar no processo de recupera\u00e7\u00e3o. &#8220;O Clube de Regatas do Flamengo informa que o atleta [&hellip;]<\/p>\n","protected":false},"author":18,"featured_media":145526,"comment_status":"open","ping_status":"closed","sticky":false,"template":"","format":"standard","meta":{"footnotes":""},"categories":[1],"tags":[],"class_list":["post-158913","post","type-post","status-publish","format-standard","has-post-thumbnail","hentry","category-flamengo"],"yoast_head":"<!-- This site is optimized with the Yoast SEO Premium plugin v24.2 (Yoast SEO v26.9) - https:\/\/yoast.com\/product\/yoast-seo-premium-wordpress\/ -->\n<title>Flamengo emite nota oficial sobre Matias Vi\u00f1a<\/title>\n<meta name=\"robots\" content=\"index, follow, max-snippet:-1, max-image-preview:large, max-video-preview:-1\" \/>\n<link rel=\"canonical\" href=\"https:\/\/www.gaveanews.com\/index.php\/2024\/08\/15\/flamengo-emite-nota-oficial-sobre-matias-vina-2\/\" \/>\n<meta property=\"og:locale\" content=\"pt_BR\" \/>\n<meta property=\"og:type\" content=\"article\" \/>\n<meta property=\"og:title\" content=\"Flamengo emite nota oficial sobre Matias Vi\u00f1a\" \/>\n<meta property=\"og:description\" content=\"Nesta quinta-feira (15), Matias Vi\u00f1a foi submetido \u00e0 cirurgia para reparo da les\u00e3o no menisco e no ligamento cruzado anterior do joelho direito. Atrav\u00e9s das redes sociais, o Flamengo divulgou que o procedimento foi realizado, e agora, o atleta vai trabalhar no processo de recupera\u00e7\u00e3o. &#8220;O Clube de Regatas do Flamengo informa que o atleta [&hellip;]\" \/>\n<meta property=\"og:url\" content=\"https:\/\/www.gaveanews.com\/index.php\/2024\/08\/15\/flamengo-emite-nota-oficial-sobre-matias-vina-2\/\" \/>\n<meta property=\"og:site_name\" content=\"G\u00e1vea News\" \/>\n<meta property=\"article:publisher\" content=\"https:\/\/facebook.com\/gaveaNews\/\" \/>\n<meta property=\"article:published_time\" content=\"2024-08-16T01:35:25+00:00\" \/>\n<meta property=\"article:modified_time\" content=\"2024-08-16T01:35:28+00:00\" \/>\n<meta property=\"og:image\" content=\"https:\/\/www.gaveanews.com\/wp-content\/uploads\/vina-flamengo.webp\" \/>\n\t<meta property=\"og:image:width\" content=\"900\" \/>\n\t<meta property=\"og:image:height\" content=\"599\" \/>\n\t<meta property=\"og:image:type\" content=\"image\/jpeg\" \/>\n<meta name=\"author\" content=\"Paula Silva\" \/>\n<meta name=\"twitter:card\" content=\"summary_large_image\" \/>\n<meta name=\"twitter:label1\" content=\"Escrito por\" \/>\n\t<meta name=\"twitter:data1\" content=\"Paula Silva\" \/>\n\t<meta name=\"twitter:label2\" content=\"Est. tempo de leitura\" \/>\n\t<meta name=\"twitter:data2\" content=\"2 minutos\" \/>\n<script type=\"application\/ld+json\" class=\"yoast-schema-graph\">{\"@context\":\"https:\/\/schema.org\",\"@graph\":[{\"@type\":\"NewsArticle\",\"@id\":\"https:\/\/www.gaveanews.com\/index.php\/2024\/08\/15\/flamengo-emite-nota-oficial-sobre-matias-vina-2\/#article\",\"isPartOf\":{\"@id\":\"https:\/\/www.gaveanews.com\/index.php\/2024\/08\/15\/flamengo-emite-nota-oficial-sobre-matias-vina-2\/\"},\"author\":{\"name\":\"Paula Silva\",\"@id\":\"https:\/\/www.gaveanews.com\/#\/schema\/person\/daf63eec72e1164eb13dc35096c2b8da\"},\"headline\":\"Flamengo emite nota oficial sobre Matias Vi\u00f1a\",\"datePublished\":\"2024-08-16T01:35:25+00:00\",\"dateModified\":\"2024-08-16T01:35:28+00:00\",\"mainEntityOfPage\":{\"@id\":\"https:\/\/www.gaveanews.com\/index.php\/2024\/08\/15\/flamengo-emite-nota-oficial-sobre-matias-vina-2\/\"},\"wordCount\":405,\"commentCount\":0,\"image\":{\"@id\":\"https:\/\/www.gaveanews.com\/index.php\/2024\/08\/15\/flamengo-emite-nota-oficial-sobre-matias-vina-2\/#primaryimage\"},\"thumbnailUrl\":\"https:\/\/www.gaveanews.com\/wp-content\/uploads\/vina-flamengo.webp\",\"articleSection\":[\"Flamengo\"],\"inLanguage\":\"pt-BR\",\"potentialAction\":[{\"@type\":\"CommentAction\",\"name\":\"Comment\",\"target\":[\"https:\/\/www.gaveanews.com\/index.php\/2024\/08\/15\/flamengo-emite-nota-oficial-sobre-matias-vina-2\/#respond\"]}],\"copyrightYear\":\"2024\",\"copyrightHolder\":{\"@id\":\"https:\/\/www.gaveanews.com\/#organization\"}},{\"@type\":\"WebPage\",\"@id\":\"https:\/\/www.gaveanews.com\/index.php\/2024\/08\/15\/flamengo-emite-nota-oficial-sobre-matias-vina-2\/\",\"url\":\"https:\/\/www.gaveanews.com\/index.php\/2024\/08\/15\/flamengo-emite-nota-oficial-sobre-matias-vina-2\/\",\"name\":\"Flamengo emite nota oficial sobre Matias Vi\u00f1a\",\"isPartOf\":{\"@id\":\"https:\/\/www.gaveanews.com\/#website\"},\"primaryImageOfPage\":{\"@id\":\"https:\/\/www.gaveanews.com\/index.php\/2024\/08\/15\/flamengo-emite-nota-oficial-sobre-matias-vina-2\/#primaryimage\"},\"image\":{\"@id\":\"https:\/\/www.gaveanews.com\/index.php\/2024\/08\/15\/flamengo-emite-nota-oficial-sobre-matias-vina-2\/#primaryimage\"},\"thumbnailUrl\":\"https:\/\/www.gaveanews.com\/wp-content\/uploads\/vina-flamengo.webp\",\"datePublished\":\"2024-08-16T01:35:25+00:00\",\"dateModified\":\"2024-08-16T01:35:28+00:00\",\"author\":{\"@id\":\"https:\/\/www.gaveanews.com\/#\/schema\/person\/daf63eec72e1164eb13dc35096c2b8da\"},\"breadcrumb\":{\"@id\":\"https:\/\/www.gaveanews.com\/index.php\/2024\/08\/15\/flamengo-emite-nota-oficial-sobre-matias-vina-2\/#breadcrumb\"},\"inLanguage\":\"pt-BR\",\"potentialAction\":[{\"@type\":\"ReadAction\",\"target\":[\"https:\/\/www.gaveanews.com\/index.php\/2024\/08\/15\/flamengo-emite-nota-oficial-sobre-matias-vina-2\/\"]}]},{\"@type\":\"ImageObject\",\"inLanguage\":\"pt-BR\",\"@id\":\"https:\/\/www.gaveanews.com\/index.php\/2024\/08\/15\/flamengo-emite-nota-oficial-sobre-matias-vina-2\/#primaryimage\",\"url\":\"https:\/\/www.gaveanews.com\/wp-content\/uploads\/vina-flamengo.webp\",\"contentUrl\":\"https:\/\/www.gaveanews.com\/wp-content\/uploads\/vina-flamengo.webp\",\"width\":900,\"height\":599,\"caption\":\"Vi\u00f1a em a\u00e7\u00e3o pelo Flamengo (Foto: Marcelo Cortes\/Flamengo)\"},{\"@type\":\"BreadcrumbList\",\"@id\":\"https:\/\/www.gaveanews.com\/index.php\/2024\/08\/15\/flamengo-emite-nota-oficial-sobre-matias-vina-2\/#breadcrumb\",\"itemListElement\":[{\"@type\":\"ListItem\",\"position\":1,\"name\":\"Home\",\"item\":\"https:\/\/www.gaveanews.com\/\"},{\"@type\":\"ListItem\",\"position\":2,\"name\":\"Flamengo emite nota oficial sobre Matias Vi\u00f1a\"}]},{\"@type\":\"WebSite\",\"@id\":\"https:\/\/www.gaveanews.com\/#website\",\"url\":\"https:\/\/www.gaveanews.com\/\",\"name\":\"G\u00e1vea News\",\"description\":\"Veja todas as not\u00edcias sobre o Flamengo: Contrata\u00e7\u00f5es, categorias de base, resultados das partidas, tabela de classifica\u00e7\u00e3o, pr\u00f3ximos jogos!\",\"potentialAction\":[{\"@type\":\"SearchAction\",\"target\":{\"@type\":\"EntryPoint\",\"urlTemplate\":\"https:\/\/www.gaveanews.com\/?s={search_term_string}\"},\"query-input\":{\"@type\":\"PropertyValueSpecification\",\"valueRequired\":true,\"valueName\":\"search_term_string\"}}],\"inLanguage\":\"pt-BR\"},{\"@type\":\"Person\",\"@id\":\"https:\/\/www.gaveanews.com\/#\/schema\/person\/daf63eec72e1164eb13dc35096c2b8da\",\"name\":\"Paula Silva\",\"image\":{\"@type\":\"ImageObject\",\"inLanguage\":\"pt-BR\",\"@id\":\"https:\/\/www.gaveanews.com\/#\/schema\/person\/image\/\",\"url\":\"https:\/\/secure.gravatar.com\/avatar\/eda381c845527cc5d64c13b901833cda29d97500ba040d3e6461f76f51d163bb?s=96&d=mm&r=g\",\"contentUrl\":\"https:\/\/secure.gravatar.com\/avatar\/eda381c845527cc5d64c13b901833cda29d97500ba040d3e6461f76f51d163bb?s=96&d=mm&r=g\",\"caption\":\"Paula Silva\"}}]}<\/script>\n<!-- \/ Yoast SEO Premium plugin. -->","yoast_head_json":{"title":"Flamengo emite nota oficial sobre Matias Vi\u00f1a","robots":{"index":"index","follow":"follow","max-snippet":"max-snippet:-1","max-image-preview":"max-image-preview:large","max-video-preview":"max-video-preview:-1"},"canonical":"https:\/\/www.gaveanews.com\/index.php\/2024\/08\/15\/flamengo-emite-nota-oficial-sobre-matias-vina-2\/","og_locale":"pt_BR","og_type":"article","og_title":"Flamengo emite nota oficial sobre Matias Vi\u00f1a","og_description":"Nesta quinta-feira (15), Matias Vi\u00f1a foi submetido \u00e0 cirurgia para reparo da les\u00e3o no menisco e no ligamento cruzado anterior do joelho direito. Atrav\u00e9s das redes sociais, o Flamengo divulgou que o procedimento foi realizado, e agora, o atleta vai trabalhar no processo de recupera\u00e7\u00e3o. &#8220;O Clube de Regatas do Flamengo informa que o atleta [&hellip;]","og_url":"https:\/\/www.gaveanews.com\/index.php\/2024\/08\/15\/flamengo-emite-nota-oficial-sobre-matias-vina-2\/","og_site_name":"G\u00e1vea News","article_publisher":"https:\/\/facebook.com\/gaveaNews\/","article_published_time":"2024-08-16T01:35:25+00:00","article_modified_time":"2024-08-16T01:35:28+00:00","og_image":[{"width":900,"height":599,"url":"https:\/\/www.gaveanews.com\/wp-content\/uploads\/vina-flamengo.webp","type":"image\/jpeg"}],"author":"Paula Silva","twitter_card":"summary_large_image","twitter_misc":{"Escrito por":"Paula Silva","Est. tempo de leitura":"2 minutos"},"schema":{"@context":"https:\/\/schema.org","@graph":[{"@type":"NewsArticle","@id":"https:\/\/www.gaveanews.com\/index.php\/2024\/08\/15\/flamengo-emite-nota-oficial-sobre-matias-vina-2\/#article","isPartOf":{"@id":"https:\/\/www.gaveanews.com\/index.php\/2024\/08\/15\/flamengo-emite-nota-oficial-sobre-matias-vina-2\/"},"author":{"name":"Paula Silva","@id":"https:\/\/www.gaveanews.com\/#\/schema\/person\/daf63eec72e1164eb13dc35096c2b8da"},"headline":"Flamengo emite nota oficial sobre Matias Vi\u00f1a","datePublished":"2024-08-16T01:35:25+00:00","dateModified":"2024-08-16T01:35:28+00:00","mainEntityOfPage":{"@id":"https:\/\/www.gaveanews.com\/index.php\/2024\/08\/15\/flamengo-emite-nota-oficial-sobre-matias-vina-2\/"},"wordCount":405,"commentCount":0,"image":{"@id":"https:\/\/www.gaveanews.com\/index.php\/2024\/08\/15\/flamengo-emite-nota-oficial-sobre-matias-vina-2\/#primaryimage"},"thumbnailUrl":"https:\/\/www.gaveanews.com\/wp-content\/uploads\/vina-flamengo.webp","articleSection":["Flamengo"],"inLanguage":"pt-BR","potentialAction":[{"@type":"CommentAction","name":"Comment","target":["https:\/\/www.gaveanews.com\/index.php\/2024\/08\/15\/flamengo-emite-nota-oficial-sobre-matias-vina-2\/#respond"]}],"copyrightYear":"2024","copyrightHolder":{"@id":"https:\/\/www.gaveanews.com\/#organization"}},{"@type":"WebPage","@id":"https:\/\/www.gaveanews.com\/index.php\/2024\/08\/15\/flamengo-emite-nota-oficial-sobre-matias-vina-2\/","url":"https:\/\/www.gaveanews.com\/index.php\/2024\/08\/15\/flamengo-emite-nota-oficial-sobre-matias-vina-2\/","name":"Flamengo emite nota oficial sobre Matias Vi\u00f1a","isPartOf":{"@id":"https:\/\/www.gaveanews.com\/#website"},"primaryImageOfPage":{"@id":"https:\/\/www.gaveanews.com\/index.php\/2024\/08\/15\/flamengo-emite-nota-oficial-sobre-matias-vina-2\/#primaryimage"},"image":{"@id":"https:\/\/www.gaveanews.com\/index.php\/2024\/08\/15\/flamengo-emite-nota-oficial-sobre-matias-vina-2\/#primaryimage"},"thumbnailUrl":"https:\/\/www.gaveanews.com\/wp-content\/uploads\/vina-flamengo.webp","datePublished":"2024-08-16T01:35:25+00:00","dateModified":"2024-08-16T01:35:28+00:00","author":{"@id":"https:\/\/www.gaveanews.com\/#\/schema\/person\/daf63eec72e1164eb13dc35096c2b8da"},"breadcrumb":{"@id":"https:\/\/www.gaveanews.com\/index.php\/2024\/08\/15\/flamengo-emite-nota-oficial-sobre-matias-vina-2\/#breadcrumb"},"inLanguage":"pt-BR","potentialAction":[{"@type":"ReadAction","target":["https:\/\/www.gaveanews.com\/index.php\/2024\/08\/15\/flamengo-emite-nota-oficial-sobre-matias-vina-2\/"]}]},{"@type":"ImageObject","inLanguage":"pt-BR","@id":"https:\/\/www.gaveanews.com\/index.php\/2024\/08\/15\/flamengo-emite-nota-oficial-sobre-matias-vina-2\/#primaryimage","url":"https:\/\/www.gaveanews.com\/wp-content\/uploads\/vina-flamengo.webp","contentUrl":"https:\/\/www.gaveanews.com\/wp-content\/uploads\/vina-flamengo.webp","width":900,"height":599,"caption":"Vi\u00f1a em a\u00e7\u00e3o pelo Flamengo (Foto: Marcelo Cortes\/Flamengo)"},{"@type":"BreadcrumbList","@id":"https:\/\/www.gaveanews.com\/index.php\/2024\/08\/15\/flamengo-emite-nota-oficial-sobre-matias-vina-2\/#breadcrumb","itemListElement":[{"@type":"ListItem","position":1,"name":"Home","item":"https:\/\/www.gaveanews.com\/"},{"@type":"ListItem","position":2,"name":"Flamengo emite nota oficial sobre Matias Vi\u00f1a"}]},{"@type":"WebSite","@id":"https:\/\/www.gaveanews.com\/#website","url":"https:\/\/www.gaveanews.com\/","name":"G\u00e1vea News","description":"Veja todas as not\u00edcias sobre o Flamengo: Contrata\u00e7\u00f5es, categorias de base, resultados das partidas, tabela de classifica\u00e7\u00e3o, pr\u00f3ximos jogos!","potentialAction":[{"@type":"SearchAction","target":{"@type":"EntryPoint","urlTemplate":"https:\/\/www.gaveanews.com\/?s={search_term_string}"},"query-input":{"@type":"PropertyValueSpecification","valueRequired":true,"valueName":"search_term_string"}}],"inLanguage":"pt-BR"},{"@type":"Person","@id":"https:\/\/www.gaveanews.com\/#\/schema\/person\/daf63eec72e1164eb13dc35096c2b8da","name":"Paula Silva","image":{"@type":"ImageObject","inLanguage":"pt-BR","@id":"https:\/\/www.gaveanews.com\/#\/schema\/person\/image\/","url":"https:\/\/secure.gravatar.com\/avatar\/eda381c845527cc5d64c13b901833cda29d97500ba040d3e6461f76f51d163bb?s=96&d=mm&r=g","contentUrl":"https:\/\/secure.gravatar.com\/avatar\/eda381c845527cc5d64c13b901833cda29d97500ba040d3e6461f76f51d163bb?s=96&d=mm&r=g","caption":"Paula Silva"}}]}},"_links":{"self":[{"href":"https:\/\/www.gaveanews.com\/index.php\/wp-json\/wp\/v2\/posts\/158913","targetHints":{"allow":["GET"]}}],"collection":[{"href":"https:\/\/www.gaveanews.com\/index.php\/wp-json\/wp\/v2\/posts"}],"about":[{"href":"https:\/\/www.gaveanews.com\/index.php\/wp-json\/wp\/v2\/types\/post"}],"author":[{"embeddable":true,"href":"https:\/\/www.gaveanews.com\/index.php\/wp-json\/wp\/v2\/users\/18"}],"replies":[{"embeddable":true,"href":"https:\/\/www.gaveanews.com\/index.php\/wp-json\/wp\/v2\/comments?post=158913"}],"version-history":[{"count":1,"href":"https:\/\/www.gaveanews.com\/index.php\/wp-json\/wp\/v2\/posts\/158913\/revisions"}],"predecessor-version":[{"id":158914,"href":"https:\/\/www.gaveanews.com\/index.php\/wp-json\/wp\/v2\/posts\/158913\/revisions\/158914"}],"wp:featuredmedia":[{"embeddable":true,"href":"https:\/\/www.gaveanews.com\/index.php\/wp-json\/wp\/v2\/media\/145526"}],"wp:attachment":[{"href":"https:\/\/www.gaveanews.com\/index.php\/wp-json\/wp\/v2\/media?parent=158913"}],"wp:term":[{"taxonomy":"category","embeddable":true,"href":"https:\/\/www.gaveanews.com\/index.php\/wp-json\/wp\/v2\/categories?post=158913"},{"taxonomy":"post_tag","embeddable":true,"href":"https:\/\/www.gaveanews.com\/index.php\/wp-json\/wp\/v2\/tags?post=158913"}],"curies":[{"name":"wp","href":"https:\/\/api.w.org\/{rel}","templated":true}]}}