{"id":159032,"date":"2024-08-16T14:55:10","date_gmt":"2024-08-16T17:55:10","guid":{"rendered":"https:\/\/www.gaveanews.com\/?p=159032"},"modified":"2024-08-16T14:55:12","modified_gmt":"2024-08-16T17:55:12","slug":"veja-o-valor-da-premiacao-dos-atletas-paralimpicos-em-paris-2024","status":"publish","type":"post","link":"https:\/\/www.gaveanews.com\/index.php\/2024\/08\/16\/veja-o-valor-da-premiacao-dos-atletas-paralimpicos-em-paris-2024\/","title":{"rendered":"Veja o valor da premia\u00e7\u00e3o dos atletas paral\u00edmpicos em Paris 2024"},"content":{"rendered":"\n<p>As Paralimp\u00edadas de Paris 2024 come\u00e7am no final desse m\u00eas e muita expectativa a cerca da atua\u00e7\u00e3o dos atletas brasileiros est\u00e3o perseguindo os corredores de Paris.<\/p>\n\n\n\n<p>Na \u00faltima edi\u00e7\u00e3o dos jogos paral\u00edmpicos, o Brasil conquistou nada mais nada menos que 72 medalhas sendo 22 de ouro!<\/p>\n\n\n\n<ul class=\"wp-block-list\">\n<li><a href=\"https:\/\/www.gaveanews.com\/index.php\/2024\/08\/12\/adeus-olimpiadas-cinco-esportes-que-podem-deixar-de-serem-disputados\/\">Adeus Olimp\u00edadas: cinco esportes que podem deixar de serem disputados<\/a><\/li>\n\n\n\n<li><a href=\"https:\/\/www.gaveanews.com\/index.php\/2021\/09\/07\/japao-desiste-de-sediar-mundial-de-clubes-de-2021\/\">Jap\u00e3o desiste de sediar Mundial de Clubes de 2021<\/a><\/li>\n<\/ul>\n\n\n\n<p>Dessa vez, uma grande vit\u00f3ria chega aos paratletas Brasileiros, a premia\u00e7\u00e3o. Claro que todos querem ser parabenizados com um grande valor pelo esfor\u00e7o de conquistar uma medalha, mas, esse ano chega a ser quatro vezes maior do que em Rio 2016!<\/p>\n\n\n\n<p>Segundo o GE, o Comit\u00ea Paral\u00edmpico Brasileiro vai entregar aos atletas a maior premia\u00e7\u00e3o em dinheiro da hist\u00f3ria do Brasil nos jogos, para aqueles que conquistarem medalhas. Al\u00e9m da medalha, eles v\u00e3o receber uma quantia alta por cada conquista. <\/p>\n\n\n\n<p>O <strong>ouro<\/strong>, para se ter ideia, vai render aos atletas cerca de R$250 mil. Valor esse que \u00e9 4 vezes maior em rela\u00e7\u00e3o aos Jogos Paral\u00edmpicos do Rio em 2016, aumento correspondente a 56,25% aos jogos de T\u00f3quio, em 2020.<\/p>\n\n\n\n<p>Quem conquistar a medalha de <strong>prata<\/strong> ou seja, ficar em segundo lugar, vai receber 100 mil reais e o <strong>bronze <\/strong>vai render aos atletas cerca de R$ 50 mil.<\/p>\n\n\n\n<p>As modalidade coletivas, em equipes, revezamento e em pares vai render R$125 mil por atleta caso seja ouro, 50 mil reais para a prata e 25 mil reais para a bronze. Demais integrantes das disputas, atletas-guia, calheiros, pilotos e timoneiros, v\u00e3o receber 20% da maior medalha conquistada por seu atleta e 10% do valor correspondente a cada p\u00f3dio seguinte.<\/p>\n\n\n\n<p>Se o Brasil conseguir a exata quantidade de medalhas que conquistou em T\u00f3quio, ser\u00e1, em premia\u00e7\u00e3o:<\/p>\n\n\n\n<ul class=\"wp-block-list\">\n<li>R$ 5.5 milh\u00f5es em medalhas de ouro<\/li>\n\n\n\n<li>R$ 2 milh\u00f5es em medalhas de prata <\/li>\n\n\n\n<li>R$1.5 milh\u00e3o em medalhas de bronze<\/li>\n<\/ul>\n\n\n\n<h2 class=\"wp-block-heading\" id=\"h-quais-eram-os-valores-nas-outras-paralimpiadas\">Quais eram os valores nas outras Paralimp\u00edadas?<\/h2>\n\n\n\n<p><strong>T\u00f3quio 2020:<\/strong><\/p>\n\n\n\n<ul class=\"wp-block-list\">\n<li><strong>Ouro<\/strong>: R$ 160 mil;<\/li>\n\n\n\n<li><strong>Prata<\/strong>: R$ 64 mil;<\/li>\n\n\n\n<li><strong>Bronze<\/strong>: R$ 32 mil.<\/li>\n<\/ul>\n\n\n\n<p><strong>Rio 2016:<\/strong><\/p>\n\n\n\n<ul class=\"wp-block-list\">\n<li><strong>Ouro<\/strong>: R$ 60 mil;<\/li>\n\n\n\n<li><strong>Prata<\/strong>: R$ 30 mil;<\/li>\n\n\n\n<li><strong>Bronze<\/strong>: R$ 20 mil.<\/li>\n<\/ul>\n\n\n\n<p>Os jogos paral\u00edmpicos de Paris 2024 iniciar\u00e3o no dia 28 de agosto e v\u00e3o at\u00e9 o dia 8 de setembro. A Globo tem o direito de transmiss\u00e3o, os jogos devem ser televisionados pelo SporTV 2.<\/p>\n","protected":false},"excerpt":{"rendered":"<p>As Paralimp\u00edadas de Paris 2024 come\u00e7am no final desse m\u00eas e muita expectativa a cerca da atua\u00e7\u00e3o dos atletas brasileiros est\u00e3o perseguindo os corredores de Paris. Na \u00faltima edi\u00e7\u00e3o dos jogos paral\u00edmpicos, o Brasil conquistou nada mais nada menos que 72 medalhas sendo 22 de ouro! Dessa vez, uma grande vit\u00f3ria chega aos paratletas Brasileiros, [&hellip;]<\/p>\n","protected":false},"author":19,"featured_media":159043,"comment_status":"open","ping_status":"closed","sticky":false,"template":"","format":"standard","meta":{"footnotes":""},"categories":[458],"tags":[],"class_list":["post-159032","post","type-post","status-publish","format-standard","has-post-thumbnail","hentry","category-olimpiadas"],"yoast_head":"<!-- This site is optimized with the Yoast SEO Premium plugin v24.2 (Yoast SEO v26.9) - https:\/\/yoast.com\/product\/yoast-seo-premium-wordpress\/ -->\n<title>Veja o valor da premia\u00e7\u00e3o dos atletas paral\u00edmpicos em Paris 2024<\/title>\n<meta name=\"robots\" content=\"index, follow, max-snippet:-1, max-image-preview:large, max-video-preview:-1\" \/>\n<link rel=\"canonical\" href=\"https:\/\/www.gaveanews.com\/index.php\/2024\/08\/16\/veja-o-valor-da-premiacao-dos-atletas-paralimpicos-em-paris-2024\/\" \/>\n<meta property=\"og:locale\" content=\"pt_BR\" \/>\n<meta property=\"og:type\" content=\"article\" \/>\n<meta property=\"og:title\" content=\"Veja o valor da premia\u00e7\u00e3o dos atletas paral\u00edmpicos em Paris 2024\" \/>\n<meta property=\"og:description\" content=\"As Paralimp\u00edadas de Paris 2024 come\u00e7am no final desse m\u00eas e muita expectativa a cerca da atua\u00e7\u00e3o dos atletas brasileiros est\u00e3o perseguindo os corredores de Paris. Na \u00faltima edi\u00e7\u00e3o dos jogos paral\u00edmpicos, o Brasil conquistou nada mais nada menos que 72 medalhas sendo 22 de ouro! Dessa vez, uma grande vit\u00f3ria chega aos paratletas Brasileiros, [&hellip;]\" \/>\n<meta property=\"og:url\" content=\"https:\/\/www.gaveanews.com\/index.php\/2024\/08\/16\/veja-o-valor-da-premiacao-dos-atletas-paralimpicos-em-paris-2024\/\" \/>\n<meta property=\"og:site_name\" content=\"G\u00e1vea News\" \/>\n<meta property=\"article:publisher\" content=\"https:\/\/facebook.com\/gaveaNews\/\" \/>\n<meta property=\"article:published_time\" content=\"2024-08-16T17:55:10+00:00\" \/>\n<meta property=\"article:modified_time\" content=\"2024-08-16T17:55:12+00:00\" \/>\n<meta property=\"og:image\" content=\"https:\/\/www.gaveanews.com\/wp-content\/uploads\/Comite-Paralimpico-Brasileiro-e-Paris-2024-Reproducao-Internet.webp\" \/>\n\t<meta property=\"og:image:width\" content=\"1200\" \/>\n\t<meta property=\"og:image:height\" content=\"600\" \/>\n\t<meta property=\"og:image:type\" content=\"image\/jpeg\" \/>\n<meta name=\"author\" content=\"Bruno Zanchetta\" \/>\n<meta name=\"twitter:card\" content=\"summary_large_image\" \/>\n<meta name=\"twitter:label1\" content=\"Escrito por\" \/>\n\t<meta name=\"twitter:data1\" content=\"Bruno Zanchetta\" \/>\n\t<meta name=\"twitter:label2\" content=\"Est. tempo de leitura\" \/>\n\t<meta name=\"twitter:data2\" content=\"3 minutos\" \/>\n<script type=\"application\/ld+json\" class=\"yoast-schema-graph\">{\"@context\":\"https:\/\/schema.org\",\"@graph\":[{\"@type\":\"NewsArticle\",\"@id\":\"https:\/\/www.gaveanews.com\/index.php\/2024\/08\/16\/veja-o-valor-da-premiacao-dos-atletas-paralimpicos-em-paris-2024\/#article\",\"isPartOf\":{\"@id\":\"https:\/\/www.gaveanews.com\/index.php\/2024\/08\/16\/veja-o-valor-da-premiacao-dos-atletas-paralimpicos-em-paris-2024\/\"},\"author\":{\"name\":\"Bruno Zanchetta\",\"@id\":\"https:\/\/www.gaveanews.com\/#\/schema\/person\/32fddefab25b466689f181be346cd98c\"},\"headline\":\"Veja o valor da premia\u00e7\u00e3o dos atletas paral\u00edmpicos em Paris 2024\",\"datePublished\":\"2024-08-16T17:55:10+00:00\",\"dateModified\":\"2024-08-16T17:55:12+00:00\",\"mainEntityOfPage\":{\"@id\":\"https:\/\/www.gaveanews.com\/index.php\/2024\/08\/16\/veja-o-valor-da-premiacao-dos-atletas-paralimpicos-em-paris-2024\/\"},\"wordCount\":394,\"commentCount\":0,\"image\":{\"@id\":\"https:\/\/www.gaveanews.com\/index.php\/2024\/08\/16\/veja-o-valor-da-premiacao-dos-atletas-paralimpicos-em-paris-2024\/#primaryimage\"},\"thumbnailUrl\":\"https:\/\/www.gaveanews.com\/wp-content\/uploads\/Comite-Paralimpico-Brasileiro-e-Paris-2024-Reproducao-Internet.webp\",\"articleSection\":[\"Olimp\u00edadas\"],\"inLanguage\":\"pt-BR\",\"potentialAction\":[{\"@type\":\"CommentAction\",\"name\":\"Comment\",\"target\":[\"https:\/\/www.gaveanews.com\/index.php\/2024\/08\/16\/veja-o-valor-da-premiacao-dos-atletas-paralimpicos-em-paris-2024\/#respond\"]}],\"copyrightYear\":\"2024\",\"copyrightHolder\":{\"@id\":\"https:\/\/www.gaveanews.com\/#organization\"}},{\"@type\":\"WebPage\",\"@id\":\"https:\/\/www.gaveanews.com\/index.php\/2024\/08\/16\/veja-o-valor-da-premiacao-dos-atletas-paralimpicos-em-paris-2024\/\",\"url\":\"https:\/\/www.gaveanews.com\/index.php\/2024\/08\/16\/veja-o-valor-da-premiacao-dos-atletas-paralimpicos-em-paris-2024\/\",\"name\":\"Veja o valor da premia\u00e7\u00e3o dos atletas paral\u00edmpicos em Paris 2024\",\"isPartOf\":{\"@id\":\"https:\/\/www.gaveanews.com\/#website\"},\"primaryImageOfPage\":{\"@id\":\"https:\/\/www.gaveanews.com\/index.php\/2024\/08\/16\/veja-o-valor-da-premiacao-dos-atletas-paralimpicos-em-paris-2024\/#primaryimage\"},\"image\":{\"@id\":\"https:\/\/www.gaveanews.com\/index.php\/2024\/08\/16\/veja-o-valor-da-premiacao-dos-atletas-paralimpicos-em-paris-2024\/#primaryimage\"},\"thumbnailUrl\":\"https:\/\/www.gaveanews.com\/wp-content\/uploads\/Comite-Paralimpico-Brasileiro-e-Paris-2024-Reproducao-Internet.webp\",\"datePublished\":\"2024-08-16T17:55:10+00:00\",\"dateModified\":\"2024-08-16T17:55:12+00:00\",\"author\":{\"@id\":\"https:\/\/www.gaveanews.com\/#\/schema\/person\/32fddefab25b466689f181be346cd98c\"},\"breadcrumb\":{\"@id\":\"https:\/\/www.gaveanews.com\/index.php\/2024\/08\/16\/veja-o-valor-da-premiacao-dos-atletas-paralimpicos-em-paris-2024\/#breadcrumb\"},\"inLanguage\":\"pt-BR\",\"potentialAction\":[{\"@type\":\"ReadAction\",\"target\":[\"https:\/\/www.gaveanews.com\/index.php\/2024\/08\/16\/veja-o-valor-da-premiacao-dos-atletas-paralimpicos-em-paris-2024\/\"]}]},{\"@type\":\"ImageObject\",\"inLanguage\":\"pt-BR\",\"@id\":\"https:\/\/www.gaveanews.com\/index.php\/2024\/08\/16\/veja-o-valor-da-premiacao-dos-atletas-paralimpicos-em-paris-2024\/#primaryimage\",\"url\":\"https:\/\/www.gaveanews.com\/wp-content\/uploads\/Comite-Paralimpico-Brasileiro-e-Paris-2024-Reproducao-Internet.webp\",\"contentUrl\":\"https:\/\/www.gaveanews.com\/wp-content\/uploads\/Comite-Paralimpico-Brasileiro-e-Paris-2024-Reproducao-Internet.webp\",\"width\":1200,\"height\":600,\"caption\":\"Comit\u00ea Paral\u00edmpico Brasileiro e Paris 2024 (Reprodu\u00e7\u00e3o - Internet)\"},{\"@type\":\"BreadcrumbList\",\"@id\":\"https:\/\/www.gaveanews.com\/index.php\/2024\/08\/16\/veja-o-valor-da-premiacao-dos-atletas-paralimpicos-em-paris-2024\/#breadcrumb\",\"itemListElement\":[{\"@type\":\"ListItem\",\"position\":1,\"name\":\"Home\",\"item\":\"https:\/\/www.gaveanews.com\/\"},{\"@type\":\"ListItem\",\"position\":2,\"name\":\"Veja o valor da premia\u00e7\u00e3o dos atletas paral\u00edmpicos em Paris 2024\"}]},{\"@type\":\"WebSite\",\"@id\":\"https:\/\/www.gaveanews.com\/#website\",\"url\":\"https:\/\/www.gaveanews.com\/\",\"name\":\"G\u00e1vea News\",\"description\":\"Veja todas as not\u00edcias sobre o Flamengo: Contrata\u00e7\u00f5es, categorias de base, resultados das partidas, tabela de classifica\u00e7\u00e3o, pr\u00f3ximos jogos!\",\"potentialAction\":[{\"@type\":\"SearchAction\",\"target\":{\"@type\":\"EntryPoint\",\"urlTemplate\":\"https:\/\/www.gaveanews.com\/?s={search_term_string}\"},\"query-input\":{\"@type\":\"PropertyValueSpecification\",\"valueRequired\":true,\"valueName\":\"search_term_string\"}}],\"inLanguage\":\"pt-BR\"},{\"@type\":\"Person\",\"@id\":\"https:\/\/www.gaveanews.com\/#\/schema\/person\/32fddefab25b466689f181be346cd98c\",\"name\":\"Bruno Zanchetta\",\"image\":{\"@type\":\"ImageObject\",\"inLanguage\":\"pt-BR\",\"@id\":\"https:\/\/www.gaveanews.com\/#\/schema\/person\/image\/\",\"url\":\"https:\/\/secure.gravatar.com\/avatar\/3ba2d39f8a912ad65276975a996d6ad8d9e3dd13448684be8dc4d7c17099d2ee?s=96&d=mm&r=g\",\"contentUrl\":\"https:\/\/secure.gravatar.com\/avatar\/3ba2d39f8a912ad65276975a996d6ad8d9e3dd13448684be8dc4d7c17099d2ee?s=96&d=mm&r=g\",\"caption\":\"Bruno Zanchetta\"}}]}<\/script>\n<!-- \/ Yoast SEO Premium plugin. -->","yoast_head_json":{"title":"Veja o valor da premia\u00e7\u00e3o dos atletas paral\u00edmpicos em Paris 2024","robots":{"index":"index","follow":"follow","max-snippet":"max-snippet:-1","max-image-preview":"max-image-preview:large","max-video-preview":"max-video-preview:-1"},"canonical":"https:\/\/www.gaveanews.com\/index.php\/2024\/08\/16\/veja-o-valor-da-premiacao-dos-atletas-paralimpicos-em-paris-2024\/","og_locale":"pt_BR","og_type":"article","og_title":"Veja o valor da premia\u00e7\u00e3o dos atletas paral\u00edmpicos em Paris 2024","og_description":"As Paralimp\u00edadas de Paris 2024 come\u00e7am no final desse m\u00eas e muita expectativa a cerca da atua\u00e7\u00e3o dos atletas brasileiros est\u00e3o perseguindo os corredores de Paris. Na \u00faltima edi\u00e7\u00e3o dos jogos paral\u00edmpicos, o Brasil conquistou nada mais nada menos que 72 medalhas sendo 22 de ouro! Dessa vez, uma grande vit\u00f3ria chega aos paratletas Brasileiros, [&hellip;]","og_url":"https:\/\/www.gaveanews.com\/index.php\/2024\/08\/16\/veja-o-valor-da-premiacao-dos-atletas-paralimpicos-em-paris-2024\/","og_site_name":"G\u00e1vea News","article_publisher":"https:\/\/facebook.com\/gaveaNews\/","article_published_time":"2024-08-16T17:55:10+00:00","article_modified_time":"2024-08-16T17:55:12+00:00","og_image":[{"width":1200,"height":600,"url":"https:\/\/www.gaveanews.com\/wp-content\/uploads\/Comite-Paralimpico-Brasileiro-e-Paris-2024-Reproducao-Internet.webp","type":"image\/jpeg"}],"author":"Bruno Zanchetta","twitter_card":"summary_large_image","twitter_misc":{"Escrito por":"Bruno Zanchetta","Est. tempo de leitura":"3 minutos"},"schema":{"@context":"https:\/\/schema.org","@graph":[{"@type":"NewsArticle","@id":"https:\/\/www.gaveanews.com\/index.php\/2024\/08\/16\/veja-o-valor-da-premiacao-dos-atletas-paralimpicos-em-paris-2024\/#article","isPartOf":{"@id":"https:\/\/www.gaveanews.com\/index.php\/2024\/08\/16\/veja-o-valor-da-premiacao-dos-atletas-paralimpicos-em-paris-2024\/"},"author":{"name":"Bruno Zanchetta","@id":"https:\/\/www.gaveanews.com\/#\/schema\/person\/32fddefab25b466689f181be346cd98c"},"headline":"Veja o valor da premia\u00e7\u00e3o dos atletas paral\u00edmpicos em Paris 2024","datePublished":"2024-08-16T17:55:10+00:00","dateModified":"2024-08-16T17:55:12+00:00","mainEntityOfPage":{"@id":"https:\/\/www.gaveanews.com\/index.php\/2024\/08\/16\/veja-o-valor-da-premiacao-dos-atletas-paralimpicos-em-paris-2024\/"},"wordCount":394,"commentCount":0,"image":{"@id":"https:\/\/www.gaveanews.com\/index.php\/2024\/08\/16\/veja-o-valor-da-premiacao-dos-atletas-paralimpicos-em-paris-2024\/#primaryimage"},"thumbnailUrl":"https:\/\/www.gaveanews.com\/wp-content\/uploads\/Comite-Paralimpico-Brasileiro-e-Paris-2024-Reproducao-Internet.webp","articleSection":["Olimp\u00edadas"],"inLanguage":"pt-BR","potentialAction":[{"@type":"CommentAction","name":"Comment","target":["https:\/\/www.gaveanews.com\/index.php\/2024\/08\/16\/veja-o-valor-da-premiacao-dos-atletas-paralimpicos-em-paris-2024\/#respond"]}],"copyrightYear":"2024","copyrightHolder":{"@id":"https:\/\/www.gaveanews.com\/#organization"}},{"@type":"WebPage","@id":"https:\/\/www.gaveanews.com\/index.php\/2024\/08\/16\/veja-o-valor-da-premiacao-dos-atletas-paralimpicos-em-paris-2024\/","url":"https:\/\/www.gaveanews.com\/index.php\/2024\/08\/16\/veja-o-valor-da-premiacao-dos-atletas-paralimpicos-em-paris-2024\/","name":"Veja o valor da premia\u00e7\u00e3o dos atletas paral\u00edmpicos em Paris 2024","isPartOf":{"@id":"https:\/\/www.gaveanews.com\/#website"},"primaryImageOfPage":{"@id":"https:\/\/www.gaveanews.com\/index.php\/2024\/08\/16\/veja-o-valor-da-premiacao-dos-atletas-paralimpicos-em-paris-2024\/#primaryimage"},"image":{"@id":"https:\/\/www.gaveanews.com\/index.php\/2024\/08\/16\/veja-o-valor-da-premiacao-dos-atletas-paralimpicos-em-paris-2024\/#primaryimage"},"thumbnailUrl":"https:\/\/www.gaveanews.com\/wp-content\/uploads\/Comite-Paralimpico-Brasileiro-e-Paris-2024-Reproducao-Internet.webp","datePublished":"2024-08-16T17:55:10+00:00","dateModified":"2024-08-16T17:55:12+00:00","author":{"@id":"https:\/\/www.gaveanews.com\/#\/schema\/person\/32fddefab25b466689f181be346cd98c"},"breadcrumb":{"@id":"https:\/\/www.gaveanews.com\/index.php\/2024\/08\/16\/veja-o-valor-da-premiacao-dos-atletas-paralimpicos-em-paris-2024\/#breadcrumb"},"inLanguage":"pt-BR","potentialAction":[{"@type":"ReadAction","target":["https:\/\/www.gaveanews.com\/index.php\/2024\/08\/16\/veja-o-valor-da-premiacao-dos-atletas-paralimpicos-em-paris-2024\/"]}]},{"@type":"ImageObject","inLanguage":"pt-BR","@id":"https:\/\/www.gaveanews.com\/index.php\/2024\/08\/16\/veja-o-valor-da-premiacao-dos-atletas-paralimpicos-em-paris-2024\/#primaryimage","url":"https:\/\/www.gaveanews.com\/wp-content\/uploads\/Comite-Paralimpico-Brasileiro-e-Paris-2024-Reproducao-Internet.webp","contentUrl":"https:\/\/www.gaveanews.com\/wp-content\/uploads\/Comite-Paralimpico-Brasileiro-e-Paris-2024-Reproducao-Internet.webp","width":1200,"height":600,"caption":"Comit\u00ea Paral\u00edmpico Brasileiro e Paris 2024 (Reprodu\u00e7\u00e3o - Internet)"},{"@type":"BreadcrumbList","@id":"https:\/\/www.gaveanews.com\/index.php\/2024\/08\/16\/veja-o-valor-da-premiacao-dos-atletas-paralimpicos-em-paris-2024\/#breadcrumb","itemListElement":[{"@type":"ListItem","position":1,"name":"Home","item":"https:\/\/www.gaveanews.com\/"},{"@type":"ListItem","position":2,"name":"Veja o valor da premia\u00e7\u00e3o dos atletas paral\u00edmpicos em Paris 2024"}]},{"@type":"WebSite","@id":"https:\/\/www.gaveanews.com\/#website","url":"https:\/\/www.gaveanews.com\/","name":"G\u00e1vea News","description":"Veja todas as not\u00edcias sobre o Flamengo: Contrata\u00e7\u00f5es, categorias de base, resultados das partidas, tabela de classifica\u00e7\u00e3o, pr\u00f3ximos jogos!","potentialAction":[{"@type":"SearchAction","target":{"@type":"EntryPoint","urlTemplate":"https:\/\/www.gaveanews.com\/?s={search_term_string}"},"query-input":{"@type":"PropertyValueSpecification","valueRequired":true,"valueName":"search_term_string"}}],"inLanguage":"pt-BR"},{"@type":"Person","@id":"https:\/\/www.gaveanews.com\/#\/schema\/person\/32fddefab25b466689f181be346cd98c","name":"Bruno Zanchetta","image":{"@type":"ImageObject","inLanguage":"pt-BR","@id":"https:\/\/www.gaveanews.com\/#\/schema\/person\/image\/","url":"https:\/\/secure.gravatar.com\/avatar\/3ba2d39f8a912ad65276975a996d6ad8d9e3dd13448684be8dc4d7c17099d2ee?s=96&d=mm&r=g","contentUrl":"https:\/\/secure.gravatar.com\/avatar\/3ba2d39f8a912ad65276975a996d6ad8d9e3dd13448684be8dc4d7c17099d2ee?s=96&d=mm&r=g","caption":"Bruno Zanchetta"}}]}},"_links":{"self":[{"href":"https:\/\/www.gaveanews.com\/index.php\/wp-json\/wp\/v2\/posts\/159032","targetHints":{"allow":["GET"]}}],"collection":[{"href":"https:\/\/www.gaveanews.com\/index.php\/wp-json\/wp\/v2\/posts"}],"about":[{"href":"https:\/\/www.gaveanews.com\/index.php\/wp-json\/wp\/v2\/types\/post"}],"author":[{"embeddable":true,"href":"https:\/\/www.gaveanews.com\/index.php\/wp-json\/wp\/v2\/users\/19"}],"replies":[{"embeddable":true,"href":"https:\/\/www.gaveanews.com\/index.php\/wp-json\/wp\/v2\/comments?post=159032"}],"version-history":[{"count":2,"href":"https:\/\/www.gaveanews.com\/index.php\/wp-json\/wp\/v2\/posts\/159032\/revisions"}],"predecessor-version":[{"id":159059,"href":"https:\/\/www.gaveanews.com\/index.php\/wp-json\/wp\/v2\/posts\/159032\/revisions\/159059"}],"wp:featuredmedia":[{"embeddable":true,"href":"https:\/\/www.gaveanews.com\/index.php\/wp-json\/wp\/v2\/media\/159043"}],"wp:attachment":[{"href":"https:\/\/www.gaveanews.com\/index.php\/wp-json\/wp\/v2\/media?parent=159032"}],"wp:term":[{"taxonomy":"category","embeddable":true,"href":"https:\/\/www.gaveanews.com\/index.php\/wp-json\/wp\/v2\/categories?post=159032"},{"taxonomy":"post_tag","embeddable":true,"href":"https:\/\/www.gaveanews.com\/index.php\/wp-json\/wp\/v2\/tags?post=159032"}],"curies":[{"name":"wp","href":"https:\/\/api.w.org\/{rel}","templated":true}]}}