{"id":159068,"date":"2024-08-16T15:53:33","date_gmt":"2024-08-16T18:53:33","guid":{"rendered":"https:\/\/www.gaveanews.com\/?p=159068"},"modified":"2024-08-16T16:01:49","modified_gmt":"2024-08-16T19:01:49","slug":"agora-detalhes-sobre-as-lesoes-de-gabigol-e-pedroo","status":"publish","type":"post","link":"https:\/\/www.gaveanews.com\/index.php\/2024\/08\/16\/agora-detalhes-sobre-as-lesoes-de-gabigol-e-pedroo\/","title":{"rendered":"AGORA: detalhes sobre as les\u00f5es de Gabigol e Pedro"},"content":{"rendered":"\n<p>O Flamengo enfrenta um momento de dificuldades com um n\u00famero crescente de desfalques importantes em sua equipe. Ap\u00f3s a partida contra o Bol\u00edvar, pela Copa Libertadores, os atacantes Gabigol e Pedro se juntaram \u00e0 lista de jogadores lesionados, que j\u00e1 inclu\u00eda Mat\u00edas Vi\u00f1a e Everton Cebolinha. A situa\u00e7\u00e3o preocupa a comiss\u00e3o t\u00e9cnica, especialmente considerando os desafios que o time tem pela frente.<\/p>\n\n\n\n<p>Gabigol sofreu um estiramento grave na coxa direita durante o confronto. A previs\u00e3o \u00e9 que o camisa 99 fique fora dos gramados por cerca de um m\u00eas, at\u00e9 meados de setembro. A confirma\u00e7\u00e3o oficial da les\u00e3o deve ocorrer ainda nesta sexta-feira.<\/p>\n\n\n\n<p>Pedro, que tamb\u00e9m se lesionou na mesma partida, teve uma les\u00e3o na coxa esquerda, mas de menor gravidade. Mesmo assim, ele deve desfalcar o time por pelo menos duas semanas, deixando o Flamengo sem dois de seus principais atacantes em um per\u00edodo crucial da temporada. <\/p>\n\n\n\n<p>Essas les\u00f5es surgem em um momento em que o Flamengo precisa de for\u00e7a m\u00e1xima para enfrentar advers\u00e1rios de peso. No domingo, o time enfrenta o Botafogo pelo Campeonato Brasileiro, em um cl\u00e1ssico que vai influenciar a briga pelas primeiras posi\u00e7\u00f5es. Al\u00e9m disso, o Flamengo ter\u00e1 o desafio de jogar em La Paz, na altitude, contra o Bol\u00edvar, em partida decisiva pelas oitavas de final da Libertadores.<\/p>\n\n\n\n<h2 class=\"wp-block-heading\" id=\"h-carro-luxuoso-de-vini-jr-chama-atencao\">Carro luxuoso de Vini Jr. chama aten\u00e7\u00e3o<\/h2>\n\n\n\n<p>Os jogadores do Real Madrid foram agraciados com \u201cbrindes de luxo\u201d da patrocinadora do clube, a BMW, e puderam escolher entre uma sele\u00e7\u00e3o de modelos el\u00e9tricos de alta classe. Vin\u00edcius J\u00fanior optou pelo BMW i4 M50, avaliado em cerca de R$ 430 mil. <\/p>\n\n\n\n<p>Antes da BMW, o Real Madrid era patrocinado pela Audi, que igualmente presenteava o elenco com carros de alto padr\u00e3o. Veja mais detalhes do carro luxuoso de\u00a0<a href=\"https:\/\/www.gaveanews.com\/?s=Vin%C3%ADcius+Jr&amp;utm_source=SystemGaveaNews&amp;utm_medium=SystemGaveaNews&amp;utm_campaign=SystemGaveaNews\" target=\"_blank\" rel=\"noreferrer noopener\">Vini Jr<\/a>\u00a0em nosso canal no\u00a0<a href=\"https:\/\/youtube.com\/gaveanews?sub_confirmation=1\">YouTube<\/a>:<\/p>\n\n\n\n<figure class=\"wp-block-embed is-type-video is-provider-youtube wp-block-embed-youtube wp-embed-aspect-16-9 wp-has-aspect-ratio\"><div class=\"wp-block-embed__wrapper\">\n<iframe loading=\"lazy\" title=\"VIN\u00cdCIUS J\u00daNIOR GANHA CARRO DE LUXO! VEJA FOTOS DO VE\u00cdCULO!\" width=\"640\" height=\"360\" src=\"https:\/\/www.youtube.com\/embed\/HsWnGZHEwP8?feature=oembed\" frameborder=\"0\" allow=\"accelerometer; autoplay; clipboard-write; encrypted-media; gyroscope; picture-in-picture; web-share\" referrerpolicy=\"strict-origin-when-cross-origin\" allowfullscreen><\/iframe>\n<\/div><\/figure>\n","protected":false},"excerpt":{"rendered":"<p>O Flamengo enfrenta um momento de dificuldades com um n\u00famero crescente de desfalques importantes em sua equipe. Ap\u00f3s a partida contra o Bol\u00edvar, pela Copa Libertadores, os atacantes Gabigol e Pedro se juntaram \u00e0 lista de jogadores lesionados, que j\u00e1 inclu\u00eda Mat\u00edas Vi\u00f1a e Everton Cebolinha. A situa\u00e7\u00e3o preocupa a comiss\u00e3o t\u00e9cnica, especialmente considerando os [&hellip;]<\/p>\n","protected":false},"author":1,"featured_media":153120,"comment_status":"open","ping_status":"closed","sticky":false,"template":"","format":"standard","meta":{"footnotes":""},"categories":[1],"tags":[],"class_list":["post-159068","post","type-post","status-publish","format-standard","has-post-thumbnail","hentry","category-flamengo"],"yoast_head":"<!-- This site is optimized with the Yoast SEO Premium plugin v24.2 (Yoast SEO v26.9) - https:\/\/yoast.com\/product\/yoast-seo-premium-wordpress\/ -->\n<title>AGORA: detalhes sobre as les\u00f5es de Gabigol e Pedro<\/title>\n<meta name=\"robots\" content=\"index, follow, max-snippet:-1, max-image-preview:large, max-video-preview:-1\" \/>\n<link rel=\"canonical\" href=\"https:\/\/www.gaveanews.com\/index.php\/2024\/08\/16\/agora-detalhes-sobre-as-lesoes-de-gabigol-e-pedroo\/\" \/>\n<meta property=\"og:locale\" content=\"pt_BR\" \/>\n<meta property=\"og:type\" content=\"article\" \/>\n<meta property=\"og:title\" content=\"AGORA: detalhes sobre as les\u00f5es de Gabigol e Pedro\" \/>\n<meta property=\"og:description\" content=\"O Flamengo enfrenta um momento de dificuldades com um n\u00famero crescente de desfalques importantes em sua equipe. Ap\u00f3s a partida contra o Bol\u00edvar, pela Copa Libertadores, os atacantes Gabigol e Pedro se juntaram \u00e0 lista de jogadores lesionados, que j\u00e1 inclu\u00eda Mat\u00edas Vi\u00f1a e Everton Cebolinha. A situa\u00e7\u00e3o preocupa a comiss\u00e3o t\u00e9cnica, especialmente considerando os [&hellip;]\" \/>\n<meta property=\"og:url\" content=\"https:\/\/www.gaveanews.com\/index.php\/2024\/08\/16\/agora-detalhes-sobre-as-lesoes-de-gabigol-e-pedroo\/\" \/>\n<meta property=\"og:site_name\" content=\"G\u00e1vea News\" \/>\n<meta property=\"article:publisher\" content=\"https:\/\/facebook.com\/gaveaNews\/\" \/>\n<meta property=\"article:published_time\" content=\"2024-08-16T18:53:33+00:00\" \/>\n<meta property=\"article:modified_time\" content=\"2024-08-16T19:01:49+00:00\" \/>\n<meta property=\"og:image\" content=\"https:\/\/www.gaveanews.com\/wp-content\/uploads\/Com-a-camisa-99-Gabigol-comemora-gol-marcado-pelo-Flamengo.webp\" \/>\n\t<meta property=\"og:image:width\" content=\"890\" \/>\n\t<meta property=\"og:image:height\" content=\"488\" \/>\n\t<meta property=\"og:image:type\" content=\"image\/jpeg\" \/>\n<meta name=\"author\" content=\"Equipe G\u00e1vea News\" \/>\n<meta name=\"twitter:card\" content=\"summary_large_image\" \/>\n<meta name=\"twitter:label1\" content=\"Escrito por\" \/>\n\t<meta name=\"twitter:data1\" content=\"Equipe G\u00e1vea News\" \/>\n\t<meta name=\"twitter:label2\" content=\"Est. tempo de leitura\" \/>\n\t<meta name=\"twitter:data2\" content=\"2 minutos\" \/>\n<script type=\"application\/ld+json\" class=\"yoast-schema-graph\">{\"@context\":\"https:\/\/schema.org\",\"@graph\":[{\"@type\":\"NewsArticle\",\"@id\":\"https:\/\/www.gaveanews.com\/index.php\/2024\/08\/16\/agora-detalhes-sobre-as-lesoes-de-gabigol-e-pedroo\/#article\",\"isPartOf\":{\"@id\":\"https:\/\/www.gaveanews.com\/index.php\/2024\/08\/16\/agora-detalhes-sobre-as-lesoes-de-gabigol-e-pedroo\/\"},\"author\":{\"name\":\"Equipe G\u00e1vea News\",\"@id\":\"https:\/\/www.gaveanews.com\/#\/schema\/person\/2ec14f73fb96be2caf28f91afb14749d\"},\"headline\":\"AGORA: detalhes sobre as les\u00f5es de Gabigol e Pedro\",\"datePublished\":\"2024-08-16T18:53:33+00:00\",\"dateModified\":\"2024-08-16T19:01:49+00:00\",\"mainEntityOfPage\":{\"@id\":\"https:\/\/www.gaveanews.com\/index.php\/2024\/08\/16\/agora-detalhes-sobre-as-lesoes-de-gabigol-e-pedroo\/\"},\"wordCount\":341,\"commentCount\":0,\"image\":{\"@id\":\"https:\/\/www.gaveanews.com\/index.php\/2024\/08\/16\/agora-detalhes-sobre-as-lesoes-de-gabigol-e-pedroo\/#primaryimage\"},\"thumbnailUrl\":\"https:\/\/www.gaveanews.com\/wp-content\/uploads\/Com-a-camisa-99-Gabigol-comemora-gol-marcado-pelo-Flamengo.webp\",\"articleSection\":[\"Flamengo\"],\"inLanguage\":\"pt-BR\",\"potentialAction\":[{\"@type\":\"CommentAction\",\"name\":\"Comment\",\"target\":[\"https:\/\/www.gaveanews.com\/index.php\/2024\/08\/16\/agora-detalhes-sobre-as-lesoes-de-gabigol-e-pedroo\/#respond\"]}],\"copyrightYear\":\"2024\",\"copyrightHolder\":{\"@id\":\"https:\/\/www.gaveanews.com\/#organization\"}},{\"@type\":\"WebPage\",\"@id\":\"https:\/\/www.gaveanews.com\/index.php\/2024\/08\/16\/agora-detalhes-sobre-as-lesoes-de-gabigol-e-pedroo\/\",\"url\":\"https:\/\/www.gaveanews.com\/index.php\/2024\/08\/16\/agora-detalhes-sobre-as-lesoes-de-gabigol-e-pedroo\/\",\"name\":\"AGORA: detalhes sobre as les\u00f5es de Gabigol e Pedro\",\"isPartOf\":{\"@id\":\"https:\/\/www.gaveanews.com\/#website\"},\"primaryImageOfPage\":{\"@id\":\"https:\/\/www.gaveanews.com\/index.php\/2024\/08\/16\/agora-detalhes-sobre-as-lesoes-de-gabigol-e-pedroo\/#primaryimage\"},\"image\":{\"@id\":\"https:\/\/www.gaveanews.com\/index.php\/2024\/08\/16\/agora-detalhes-sobre-as-lesoes-de-gabigol-e-pedroo\/#primaryimage\"},\"thumbnailUrl\":\"https:\/\/www.gaveanews.com\/wp-content\/uploads\/Com-a-camisa-99-Gabigol-comemora-gol-marcado-pelo-Flamengo.webp\",\"datePublished\":\"2024-08-16T18:53:33+00:00\",\"dateModified\":\"2024-08-16T19:01:49+00:00\",\"author\":{\"@id\":\"https:\/\/www.gaveanews.com\/#\/schema\/person\/2ec14f73fb96be2caf28f91afb14749d\"},\"breadcrumb\":{\"@id\":\"https:\/\/www.gaveanews.com\/index.php\/2024\/08\/16\/agora-detalhes-sobre-as-lesoes-de-gabigol-e-pedroo\/#breadcrumb\"},\"inLanguage\":\"pt-BR\",\"potentialAction\":[{\"@type\":\"ReadAction\",\"target\":[\"https:\/\/www.gaveanews.com\/index.php\/2024\/08\/16\/agora-detalhes-sobre-as-lesoes-de-gabigol-e-pedroo\/\"]}]},{\"@type\":\"ImageObject\",\"inLanguage\":\"pt-BR\",\"@id\":\"https:\/\/www.gaveanews.com\/index.php\/2024\/08\/16\/agora-detalhes-sobre-as-lesoes-de-gabigol-e-pedroo\/#primaryimage\",\"url\":\"https:\/\/www.gaveanews.com\/wp-content\/uploads\/Com-a-camisa-99-Gabigol-comemora-gol-marcado-pelo-Flamengo.webp\",\"contentUrl\":\"https:\/\/www.gaveanews.com\/wp-content\/uploads\/Com-a-camisa-99-Gabigol-comemora-gol-marcado-pelo-Flamengo.webp\",\"width\":890,\"height\":488,\"caption\":\"Com a camisa 99, Gabigol comemora gol marcado pelo Flamengo (Foto: Paula Reis\/Flamengo)\"},{\"@type\":\"BreadcrumbList\",\"@id\":\"https:\/\/www.gaveanews.com\/index.php\/2024\/08\/16\/agora-detalhes-sobre-as-lesoes-de-gabigol-e-pedroo\/#breadcrumb\",\"itemListElement\":[{\"@type\":\"ListItem\",\"position\":1,\"name\":\"Home\",\"item\":\"https:\/\/www.gaveanews.com\/\"},{\"@type\":\"ListItem\",\"position\":2,\"name\":\"AGORA: detalhes sobre as les\u00f5es de Gabigol e Pedro\"}]},{\"@type\":\"WebSite\",\"@id\":\"https:\/\/www.gaveanews.com\/#website\",\"url\":\"https:\/\/www.gaveanews.com\/\",\"name\":\"G\u00e1vea News\",\"description\":\"Veja todas as not\u00edcias sobre o Flamengo: Contrata\u00e7\u00f5es, categorias de base, resultados das partidas, tabela de classifica\u00e7\u00e3o, pr\u00f3ximos jogos!\",\"potentialAction\":[{\"@type\":\"SearchAction\",\"target\":{\"@type\":\"EntryPoint\",\"urlTemplate\":\"https:\/\/www.gaveanews.com\/?s={search_term_string}\"},\"query-input\":{\"@type\":\"PropertyValueSpecification\",\"valueRequired\":true,\"valueName\":\"search_term_string\"}}],\"inLanguage\":\"pt-BR\"},{\"@type\":\"Person\",\"@id\":\"https:\/\/www.gaveanews.com\/#\/schema\/person\/2ec14f73fb96be2caf28f91afb14749d\",\"name\":\"Equipe G\u00e1vea News\",\"image\":{\"@type\":\"ImageObject\",\"inLanguage\":\"pt-BR\",\"@id\":\"https:\/\/www.gaveanews.com\/#\/schema\/person\/image\/\",\"url\":\"https:\/\/secure.gravatar.com\/avatar\/1e1956f1facbffd3f8fa53a326721950116b3b9dc9bd44939c01180fd4a745a9?s=96&d=mm&r=g\",\"contentUrl\":\"https:\/\/secure.gravatar.com\/avatar\/1e1956f1facbffd3f8fa53a326721950116b3b9dc9bd44939c01180fd4a745a9?s=96&d=mm&r=g\",\"caption\":\"Equipe G\u00e1vea News\"}}]}<\/script>\n<!-- \/ Yoast SEO Premium plugin. -->","yoast_head_json":{"title":"AGORA: detalhes sobre as les\u00f5es de Gabigol e Pedro","robots":{"index":"index","follow":"follow","max-snippet":"max-snippet:-1","max-image-preview":"max-image-preview:large","max-video-preview":"max-video-preview:-1"},"canonical":"https:\/\/www.gaveanews.com\/index.php\/2024\/08\/16\/agora-detalhes-sobre-as-lesoes-de-gabigol-e-pedroo\/","og_locale":"pt_BR","og_type":"article","og_title":"AGORA: detalhes sobre as les\u00f5es de Gabigol e Pedro","og_description":"O Flamengo enfrenta um momento de dificuldades com um n\u00famero crescente de desfalques importantes em sua equipe. Ap\u00f3s a partida contra o Bol\u00edvar, pela Copa Libertadores, os atacantes Gabigol e Pedro se juntaram \u00e0 lista de jogadores lesionados, que j\u00e1 inclu\u00eda Mat\u00edas Vi\u00f1a e Everton Cebolinha. A situa\u00e7\u00e3o preocupa a comiss\u00e3o t\u00e9cnica, especialmente considerando os [&hellip;]","og_url":"https:\/\/www.gaveanews.com\/index.php\/2024\/08\/16\/agora-detalhes-sobre-as-lesoes-de-gabigol-e-pedroo\/","og_site_name":"G\u00e1vea News","article_publisher":"https:\/\/facebook.com\/gaveaNews\/","article_published_time":"2024-08-16T18:53:33+00:00","article_modified_time":"2024-08-16T19:01:49+00:00","og_image":[{"width":890,"height":488,"url":"https:\/\/www.gaveanews.com\/wp-content\/uploads\/Com-a-camisa-99-Gabigol-comemora-gol-marcado-pelo-Flamengo.webp","type":"image\/jpeg"}],"author":"Equipe G\u00e1vea News","twitter_card":"summary_large_image","twitter_misc":{"Escrito por":"Equipe G\u00e1vea News","Est. tempo de leitura":"2 minutos"},"schema":{"@context":"https:\/\/schema.org","@graph":[{"@type":"NewsArticle","@id":"https:\/\/www.gaveanews.com\/index.php\/2024\/08\/16\/agora-detalhes-sobre-as-lesoes-de-gabigol-e-pedroo\/#article","isPartOf":{"@id":"https:\/\/www.gaveanews.com\/index.php\/2024\/08\/16\/agora-detalhes-sobre-as-lesoes-de-gabigol-e-pedroo\/"},"author":{"name":"Equipe G\u00e1vea News","@id":"https:\/\/www.gaveanews.com\/#\/schema\/person\/2ec14f73fb96be2caf28f91afb14749d"},"headline":"AGORA: detalhes sobre as les\u00f5es de Gabigol e Pedro","datePublished":"2024-08-16T18:53:33+00:00","dateModified":"2024-08-16T19:01:49+00:00","mainEntityOfPage":{"@id":"https:\/\/www.gaveanews.com\/index.php\/2024\/08\/16\/agora-detalhes-sobre-as-lesoes-de-gabigol-e-pedroo\/"},"wordCount":341,"commentCount":0,"image":{"@id":"https:\/\/www.gaveanews.com\/index.php\/2024\/08\/16\/agora-detalhes-sobre-as-lesoes-de-gabigol-e-pedroo\/#primaryimage"},"thumbnailUrl":"https:\/\/www.gaveanews.com\/wp-content\/uploads\/Com-a-camisa-99-Gabigol-comemora-gol-marcado-pelo-Flamengo.webp","articleSection":["Flamengo"],"inLanguage":"pt-BR","potentialAction":[{"@type":"CommentAction","name":"Comment","target":["https:\/\/www.gaveanews.com\/index.php\/2024\/08\/16\/agora-detalhes-sobre-as-lesoes-de-gabigol-e-pedroo\/#respond"]}],"copyrightYear":"2024","copyrightHolder":{"@id":"https:\/\/www.gaveanews.com\/#organization"}},{"@type":"WebPage","@id":"https:\/\/www.gaveanews.com\/index.php\/2024\/08\/16\/agora-detalhes-sobre-as-lesoes-de-gabigol-e-pedroo\/","url":"https:\/\/www.gaveanews.com\/index.php\/2024\/08\/16\/agora-detalhes-sobre-as-lesoes-de-gabigol-e-pedroo\/","name":"AGORA: detalhes sobre as les\u00f5es de Gabigol e Pedro","isPartOf":{"@id":"https:\/\/www.gaveanews.com\/#website"},"primaryImageOfPage":{"@id":"https:\/\/www.gaveanews.com\/index.php\/2024\/08\/16\/agora-detalhes-sobre-as-lesoes-de-gabigol-e-pedroo\/#primaryimage"},"image":{"@id":"https:\/\/www.gaveanews.com\/index.php\/2024\/08\/16\/agora-detalhes-sobre-as-lesoes-de-gabigol-e-pedroo\/#primaryimage"},"thumbnailUrl":"https:\/\/www.gaveanews.com\/wp-content\/uploads\/Com-a-camisa-99-Gabigol-comemora-gol-marcado-pelo-Flamengo.webp","datePublished":"2024-08-16T18:53:33+00:00","dateModified":"2024-08-16T19:01:49+00:00","author":{"@id":"https:\/\/www.gaveanews.com\/#\/schema\/person\/2ec14f73fb96be2caf28f91afb14749d"},"breadcrumb":{"@id":"https:\/\/www.gaveanews.com\/index.php\/2024\/08\/16\/agora-detalhes-sobre-as-lesoes-de-gabigol-e-pedroo\/#breadcrumb"},"inLanguage":"pt-BR","potentialAction":[{"@type":"ReadAction","target":["https:\/\/www.gaveanews.com\/index.php\/2024\/08\/16\/agora-detalhes-sobre-as-lesoes-de-gabigol-e-pedroo\/"]}]},{"@type":"ImageObject","inLanguage":"pt-BR","@id":"https:\/\/www.gaveanews.com\/index.php\/2024\/08\/16\/agora-detalhes-sobre-as-lesoes-de-gabigol-e-pedroo\/#primaryimage","url":"https:\/\/www.gaveanews.com\/wp-content\/uploads\/Com-a-camisa-99-Gabigol-comemora-gol-marcado-pelo-Flamengo.webp","contentUrl":"https:\/\/www.gaveanews.com\/wp-content\/uploads\/Com-a-camisa-99-Gabigol-comemora-gol-marcado-pelo-Flamengo.webp","width":890,"height":488,"caption":"Com a camisa 99, Gabigol comemora gol marcado pelo Flamengo (Foto: Paula Reis\/Flamengo)"},{"@type":"BreadcrumbList","@id":"https:\/\/www.gaveanews.com\/index.php\/2024\/08\/16\/agora-detalhes-sobre-as-lesoes-de-gabigol-e-pedroo\/#breadcrumb","itemListElement":[{"@type":"ListItem","position":1,"name":"Home","item":"https:\/\/www.gaveanews.com\/"},{"@type":"ListItem","position":2,"name":"AGORA: detalhes sobre as les\u00f5es de Gabigol e Pedro"}]},{"@type":"WebSite","@id":"https:\/\/www.gaveanews.com\/#website","url":"https:\/\/www.gaveanews.com\/","name":"G\u00e1vea News","description":"Veja todas as not\u00edcias sobre o Flamengo: Contrata\u00e7\u00f5es, categorias de base, resultados das partidas, tabela de classifica\u00e7\u00e3o, pr\u00f3ximos jogos!","potentialAction":[{"@type":"SearchAction","target":{"@type":"EntryPoint","urlTemplate":"https:\/\/www.gaveanews.com\/?s={search_term_string}"},"query-input":{"@type":"PropertyValueSpecification","valueRequired":true,"valueName":"search_term_string"}}],"inLanguage":"pt-BR"},{"@type":"Person","@id":"https:\/\/www.gaveanews.com\/#\/schema\/person\/2ec14f73fb96be2caf28f91afb14749d","name":"Equipe G\u00e1vea News","image":{"@type":"ImageObject","inLanguage":"pt-BR","@id":"https:\/\/www.gaveanews.com\/#\/schema\/person\/image\/","url":"https:\/\/secure.gravatar.com\/avatar\/1e1956f1facbffd3f8fa53a326721950116b3b9dc9bd44939c01180fd4a745a9?s=96&d=mm&r=g","contentUrl":"https:\/\/secure.gravatar.com\/avatar\/1e1956f1facbffd3f8fa53a326721950116b3b9dc9bd44939c01180fd4a745a9?s=96&d=mm&r=g","caption":"Equipe G\u00e1vea News"}}]}},"_links":{"self":[{"href":"https:\/\/www.gaveanews.com\/index.php\/wp-json\/wp\/v2\/posts\/159068","targetHints":{"allow":["GET"]}}],"collection":[{"href":"https:\/\/www.gaveanews.com\/index.php\/wp-json\/wp\/v2\/posts"}],"about":[{"href":"https:\/\/www.gaveanews.com\/index.php\/wp-json\/wp\/v2\/types\/post"}],"author":[{"embeddable":true,"href":"https:\/\/www.gaveanews.com\/index.php\/wp-json\/wp\/v2\/users\/1"}],"replies":[{"embeddable":true,"href":"https:\/\/www.gaveanews.com\/index.php\/wp-json\/wp\/v2\/comments?post=159068"}],"version-history":[{"count":2,"href":"https:\/\/www.gaveanews.com\/index.php\/wp-json\/wp\/v2\/posts\/159068\/revisions"}],"predecessor-version":[{"id":159072,"href":"https:\/\/www.gaveanews.com\/index.php\/wp-json\/wp\/v2\/posts\/159068\/revisions\/159072"}],"wp:featuredmedia":[{"embeddable":true,"href":"https:\/\/www.gaveanews.com\/index.php\/wp-json\/wp\/v2\/media\/153120"}],"wp:attachment":[{"href":"https:\/\/www.gaveanews.com\/index.php\/wp-json\/wp\/v2\/media?parent=159068"}],"wp:term":[{"taxonomy":"category","embeddable":true,"href":"https:\/\/www.gaveanews.com\/index.php\/wp-json\/wp\/v2\/categories?post=159068"},{"taxonomy":"post_tag","embeddable":true,"href":"https:\/\/www.gaveanews.com\/index.php\/wp-json\/wp\/v2\/tags?post=159068"}],"curies":[{"name":"wp","href":"https:\/\/api.w.org\/{rel}","templated":true}]}}