{"id":159438,"date":"2024-08-19T15:16:20","date_gmt":"2024-08-19T18:16:20","guid":{"rendered":"https:\/\/www.gaveanews.com\/?p=159438"},"modified":"2024-08-19T15:16:23","modified_gmt":"2024-08-19T18:16:23","slug":"material-extraterrestre-e-usado-na-fabricacao-de-pecas-de-carro-veja","status":"publish","type":"post","link":"https:\/\/www.gaveanews.com\/index.php\/2024\/08\/19\/material-extraterrestre-e-usado-na-fabricacao-de-pecas-de-carro-veja\/","title":{"rendered":"Material extraterrestre \u00e9 usado na fabrica\u00e7\u00e3o de pe\u00e7as de carro; veja"},"content":{"rendered":"\n<p>Os motores de autom\u00f3veis dependem de componentes fundamentais para garantir seu funcionamento adequado, e as velas de igni\u00e7\u00e3o se destacam nesse contexto. Respons\u00e1veis por gerar a fa\u00edsca que d\u00e1 in\u00edcio \u00e0 combust\u00e3o da mistura de ar e combust\u00edvel nos cilindros, essas pe\u00e7as s\u00e3o cruciais para o desempenho do motor. Sem a fa\u00edsca, o carro simplesmente n\u00e3o funcionaria. Al\u00e9m disso, a qualidade das velas influencia diretamente na pot\u00eancia do motor e no consumo de combust\u00edvel, tornando-as essenciais para a efici\u00eancia do ve\u00edculo.<\/p>\n\n\n\n<p>A vida \u00fatil do motor tamb\u00e9m est\u00e1 intimamente ligada ao estado das velas de igni\u00e7\u00e3o. Quando desgastadas ou mal ajustadas, essas pe\u00e7as podem provocar falhas na igni\u00e7\u00e3o, resultando em uma combust\u00e3o incompleta. Esse processo incompleto pode gerar ac\u00famulo de res\u00edduos de carbono, acelerando o desgaste dos componentes internos do motor. Por isso, a manuten\u00e7\u00e3o regular das velas \u00e9 vital para evitar problemas graves, como danos ao catalisador e ao pr\u00f3prio motor.<\/p>\n\n\n\n<figure class=\"wp-block-embed is-type-photo is-provider-flickr wp-block-embed-flickr\"><div class=\"wp-block-embed__wrapper\">\n<a href=\"https:\/\/flic.kr\/p\/2qaR6nY\"><img loading=\"lazy\" decoding=\"async\" src=\"https:\/\/live.staticflickr.com\/65535\/53932682022_63f55e7381_z.webp\" alt=\"imagem_2024-08-19_132830223\" width=\"640\" height=\"480\" \/><\/a>\n<\/div><\/figure>\n\n\n\n<p>Entre os materiais utilizados na fabrica\u00e7\u00e3o dessas velas, o ir\u00eddio ganha destaque por suas propriedades \u00fanicas. Encontrado principalmente em meteoritos, o ir\u00eddio \u00e9 um dos elementos mais resistentes \u00e0 corros\u00e3o e ao calor, al\u00e9m de ser extremamente denso. Essas caracter\u00edsticas tornam o ir\u00eddio um recurso valioso em diversas ind\u00fastrias, incluindo a automotiva, onde \u00e9 usado para produzir velas de igni\u00e7\u00e3o de alto desempenho.<\/p>\n\n\n\n<p>As velas de igni\u00e7\u00e3o feitas com ir\u00eddio apresentam vantagens significativas em compara\u00e7\u00e3o \u00e0s convencionais. A capacidade do ir\u00eddio de gerar uma fa\u00edsca mais forte e duradoura resulta em uma combust\u00e3o mais eficiente do combust\u00edvel, o que melhora o desempenho do motor. Al\u00e9m disso, a resist\u00eancia ao desgaste do ir\u00eddio faz com que essas velas tenham uma vida \u00fatil at\u00e9 quatro vezes maior do que as de cobre ou platina, reduzindo a necessidade de substitui\u00e7\u00e3o frequente.<\/p>\n\n\n\n<figure class=\"wp-block-embed is-type-photo is-provider-flickr wp-block-embed-flickr\"><div class=\"wp-block-embed__wrapper\">\n<a href=\"https:\/\/flic.kr\/p\/2qaY2vd\"><img loading=\"lazy\" decoding=\"async\" src=\"https:\/\/live.staticflickr.com\/65535\/53934034770_7622319df7_z.webp\" alt=\"imagem_2024-08-19_132726875\" width=\"626\" height=\"417\" \/><\/a>\n<\/div><\/figure>\n\n\n\n<p>Outro benef\u00edcio importante das velas de ir\u00eddio \u00e9 a economia de combust\u00edvel que proporcionam, uma vez que otimizam a efici\u00eancia do motor. Menos combust\u00edvel \u00e9 necess\u00e1rio para produzir a mesma quantidade de energia, o que, al\u00e9m de ser econ\u00f4mico para o propriet\u00e1rio do ve\u00edculo, contribui para a redu\u00e7\u00e3o das emiss\u00f5es de poluentes, um fator cada vez mais importante na ind\u00fastria automotiva.<\/p>\n\n\n\n<p>Em conclus\u00e3o, o uso de ir\u00eddio, um material de origem extraterrestre, na fabrica\u00e7\u00e3o de velas de igni\u00e7\u00e3o representa um avan\u00e7o significativo na tecnologia automotiva. Com maior durabilidade, efici\u00eancia e impacto positivo no meio ambiente, essas velas s\u00e3o uma op\u00e7\u00e3o superior tanto para o desempenho dos ve\u00edculos quanto para a sustentabilidade, alinhando-se \u00e0s demandas modernas por solu\u00e7\u00f5es mais respons\u00e1veis e tecnol\u00f3gicas.<\/p>\n","protected":false},"excerpt":{"rendered":"<p>Os motores de autom\u00f3veis dependem de componentes fundamentais para garantir seu funcionamento adequado, e as velas de igni\u00e7\u00e3o se destacam nesse contexto. Respons\u00e1veis por gerar a fa\u00edsca que d\u00e1 in\u00edcio \u00e0 combust\u00e3o da mistura de ar e combust\u00edvel nos cilindros, essas pe\u00e7as s\u00e3o cruciais para o desempenho do motor. Sem a fa\u00edsca, o carro simplesmente [&hellip;]<\/p>\n","protected":false},"author":15,"featured_media":159505,"comment_status":"open","ping_status":"closed","sticky":false,"template":"","format":"standard","meta":{"footnotes":""},"categories":[80],"tags":[],"class_list":["post-159438","post","type-post","status-publish","format-standard","has-post-thumbnail","hentry","category-carros"],"yoast_head":"<!-- This site is optimized with the Yoast SEO Premium plugin v24.2 (Yoast SEO v26.9) - https:\/\/yoast.com\/product\/yoast-seo-premium-wordpress\/ -->\n<title>Material extraterrestre \u00e9 usado na fabrica\u00e7\u00e3o de pe\u00e7as de carro; veja<\/title>\n<meta name=\"robots\" content=\"index, follow, max-snippet:-1, max-image-preview:large, max-video-preview:-1\" \/>\n<link rel=\"canonical\" href=\"https:\/\/www.gaveanews.com\/index.php\/2024\/08\/19\/material-extraterrestre-e-usado-na-fabricacao-de-pecas-de-carro-veja\/\" \/>\n<meta property=\"og:locale\" content=\"pt_BR\" \/>\n<meta property=\"og:type\" content=\"article\" \/>\n<meta property=\"og:title\" content=\"Material extraterrestre \u00e9 usado na fabrica\u00e7\u00e3o de pe\u00e7as de carro; veja\" \/>\n<meta property=\"og:description\" content=\"Os motores de autom\u00f3veis dependem de componentes fundamentais para garantir seu funcionamento adequado, e as velas de igni\u00e7\u00e3o se destacam nesse contexto. Respons\u00e1veis por gerar a fa\u00edsca que d\u00e1 in\u00edcio \u00e0 combust\u00e3o da mistura de ar e combust\u00edvel nos cilindros, essas pe\u00e7as s\u00e3o cruciais para o desempenho do motor. Sem a fa\u00edsca, o carro simplesmente [&hellip;]\" \/>\n<meta property=\"og:url\" content=\"https:\/\/www.gaveanews.com\/index.php\/2024\/08\/19\/material-extraterrestre-e-usado-na-fabricacao-de-pecas-de-carro-veja\/\" \/>\n<meta property=\"og:site_name\" content=\"G\u00e1vea News\" \/>\n<meta property=\"article:publisher\" content=\"https:\/\/facebook.com\/gaveaNews\/\" \/>\n<meta property=\"article:published_time\" content=\"2024-08-19T18:16:20+00:00\" \/>\n<meta property=\"article:modified_time\" content=\"2024-08-19T18:16:23+00:00\" \/>\n<meta property=\"og:image\" content=\"https:\/\/www.gaveanews.com\/wp-content\/uploads\/Motor-de-um-carro-esportivo.webp\" \/>\n\t<meta property=\"og:image:width\" content=\"1203\" \/>\n\t<meta property=\"og:image:height\" content=\"802\" \/>\n\t<meta property=\"og:image:type\" content=\"image\/webp\" \/>\n<meta name=\"author\" content=\"Henrique Machado\" \/>\n<meta name=\"twitter:card\" content=\"summary_large_image\" \/>\n<meta name=\"twitter:label1\" content=\"Escrito por\" \/>\n\t<meta name=\"twitter:data1\" content=\"Henrique Machado\" \/>\n\t<meta name=\"twitter:label2\" content=\"Est. tempo de leitura\" \/>\n\t<meta name=\"twitter:data2\" content=\"3 minutos\" \/>\n<script type=\"application\/ld+json\" class=\"yoast-schema-graph\">{\"@context\":\"https:\/\/schema.org\",\"@graph\":[{\"@type\":\"NewsArticle\",\"@id\":\"https:\/\/www.gaveanews.com\/index.php\/2024\/08\/19\/material-extraterrestre-e-usado-na-fabricacao-de-pecas-de-carro-veja\/#article\",\"isPartOf\":{\"@id\":\"https:\/\/www.gaveanews.com\/index.php\/2024\/08\/19\/material-extraterrestre-e-usado-na-fabricacao-de-pecas-de-carro-veja\/\"},\"author\":{\"name\":\"Henrique Machado\",\"@id\":\"https:\/\/www.gaveanews.com\/#\/schema\/person\/fd07635ec039ec3ba74ad18ec8a6dbd6\"},\"headline\":\"Material extraterrestre \u00e9 usado na fabrica\u00e7\u00e3o de pe\u00e7as de carro; veja\",\"datePublished\":\"2024-08-19T18:16:20+00:00\",\"dateModified\":\"2024-08-19T18:16:23+00:00\",\"mainEntityOfPage\":{\"@id\":\"https:\/\/www.gaveanews.com\/index.php\/2024\/08\/19\/material-extraterrestre-e-usado-na-fabricacao-de-pecas-de-carro-veja\/\"},\"wordCount\":498,\"commentCount\":0,\"image\":{\"@id\":\"https:\/\/www.gaveanews.com\/index.php\/2024\/08\/19\/material-extraterrestre-e-usado-na-fabricacao-de-pecas-de-carro-veja\/#primaryimage\"},\"thumbnailUrl\":\"https:\/\/www.gaveanews.com\/wp-content\/uploads\/Motor-de-um-carro-esportivo.webp\",\"articleSection\":[\"Carros\"],\"inLanguage\":\"pt-BR\",\"potentialAction\":[{\"@type\":\"CommentAction\",\"name\":\"Comment\",\"target\":[\"https:\/\/www.gaveanews.com\/index.php\/2024\/08\/19\/material-extraterrestre-e-usado-na-fabricacao-de-pecas-de-carro-veja\/#respond\"]}],\"copyrightYear\":\"2024\",\"copyrightHolder\":{\"@id\":\"https:\/\/www.gaveanews.com\/#organization\"}},{\"@type\":\"WebPage\",\"@id\":\"https:\/\/www.gaveanews.com\/index.php\/2024\/08\/19\/material-extraterrestre-e-usado-na-fabricacao-de-pecas-de-carro-veja\/\",\"url\":\"https:\/\/www.gaveanews.com\/index.php\/2024\/08\/19\/material-extraterrestre-e-usado-na-fabricacao-de-pecas-de-carro-veja\/\",\"name\":\"Material extraterrestre \u00e9 usado na fabrica\u00e7\u00e3o de pe\u00e7as de carro; veja\",\"isPartOf\":{\"@id\":\"https:\/\/www.gaveanews.com\/#website\"},\"primaryImageOfPage\":{\"@id\":\"https:\/\/www.gaveanews.com\/index.php\/2024\/08\/19\/material-extraterrestre-e-usado-na-fabricacao-de-pecas-de-carro-veja\/#primaryimage\"},\"image\":{\"@id\":\"https:\/\/www.gaveanews.com\/index.php\/2024\/08\/19\/material-extraterrestre-e-usado-na-fabricacao-de-pecas-de-carro-veja\/#primaryimage\"},\"thumbnailUrl\":\"https:\/\/www.gaveanews.com\/wp-content\/uploads\/Motor-de-um-carro-esportivo.webp\",\"datePublished\":\"2024-08-19T18:16:20+00:00\",\"dateModified\":\"2024-08-19T18:16:23+00:00\",\"author\":{\"@id\":\"https:\/\/www.gaveanews.com\/#\/schema\/person\/fd07635ec039ec3ba74ad18ec8a6dbd6\"},\"breadcrumb\":{\"@id\":\"https:\/\/www.gaveanews.com\/index.php\/2024\/08\/19\/material-extraterrestre-e-usado-na-fabricacao-de-pecas-de-carro-veja\/#breadcrumb\"},\"inLanguage\":\"pt-BR\",\"potentialAction\":[{\"@type\":\"ReadAction\",\"target\":[\"https:\/\/www.gaveanews.com\/index.php\/2024\/08\/19\/material-extraterrestre-e-usado-na-fabricacao-de-pecas-de-carro-veja\/\"]}]},{\"@type\":\"ImageObject\",\"inLanguage\":\"pt-BR\",\"@id\":\"https:\/\/www.gaveanews.com\/index.php\/2024\/08\/19\/material-extraterrestre-e-usado-na-fabricacao-de-pecas-de-carro-veja\/#primaryimage\",\"url\":\"https:\/\/www.gaveanews.com\/wp-content\/uploads\/Motor-de-um-carro-esportivo.webp\",\"contentUrl\":\"https:\/\/www.gaveanews.com\/wp-content\/uploads\/Motor-de-um-carro-esportivo.webp\",\"width\":1203,\"height\":802,\"caption\":\"Motor de um carro esportivo (Foto: Editoria de Arte\/G\u00e1vea News)\"},{\"@type\":\"BreadcrumbList\",\"@id\":\"https:\/\/www.gaveanews.com\/index.php\/2024\/08\/19\/material-extraterrestre-e-usado-na-fabricacao-de-pecas-de-carro-veja\/#breadcrumb\",\"itemListElement\":[{\"@type\":\"ListItem\",\"position\":1,\"name\":\"Home\",\"item\":\"https:\/\/www.gaveanews.com\/\"},{\"@type\":\"ListItem\",\"position\":2,\"name\":\"Material extraterrestre \u00e9 usado na fabrica\u00e7\u00e3o de pe\u00e7as de carro; veja\"}]},{\"@type\":\"WebSite\",\"@id\":\"https:\/\/www.gaveanews.com\/#website\",\"url\":\"https:\/\/www.gaveanews.com\/\",\"name\":\"G\u00e1vea News\",\"description\":\"Veja todas as not\u00edcias sobre o Flamengo: Contrata\u00e7\u00f5es, categorias de base, resultados das partidas, tabela de classifica\u00e7\u00e3o, pr\u00f3ximos jogos!\",\"potentialAction\":[{\"@type\":\"SearchAction\",\"target\":{\"@type\":\"EntryPoint\",\"urlTemplate\":\"https:\/\/www.gaveanews.com\/?s={search_term_string}\"},\"query-input\":{\"@type\":\"PropertyValueSpecification\",\"valueRequired\":true,\"valueName\":\"search_term_string\"}}],\"inLanguage\":\"pt-BR\"},{\"@type\":\"Person\",\"@id\":\"https:\/\/www.gaveanews.com\/#\/schema\/person\/fd07635ec039ec3ba74ad18ec8a6dbd6\",\"name\":\"Henrique Machado\",\"image\":{\"@type\":\"ImageObject\",\"inLanguage\":\"pt-BR\",\"@id\":\"https:\/\/www.gaveanews.com\/#\/schema\/person\/image\/\",\"url\":\"https:\/\/secure.gravatar.com\/avatar\/b95e35997e01d9800c1b6184bd79d4d898d370a3fce2584f5c77b907d5c7d9e9?s=96&d=mm&r=g\",\"contentUrl\":\"https:\/\/secure.gravatar.com\/avatar\/b95e35997e01d9800c1b6184bd79d4d898d370a3fce2584f5c77b907d5c7d9e9?s=96&d=mm&r=g\",\"caption\":\"Henrique Machado\"}}]}<\/script>\n<!-- \/ Yoast SEO Premium plugin. -->","yoast_head_json":{"title":"Material extraterrestre \u00e9 usado na fabrica\u00e7\u00e3o de pe\u00e7as de carro; veja","robots":{"index":"index","follow":"follow","max-snippet":"max-snippet:-1","max-image-preview":"max-image-preview:large","max-video-preview":"max-video-preview:-1"},"canonical":"https:\/\/www.gaveanews.com\/index.php\/2024\/08\/19\/material-extraterrestre-e-usado-na-fabricacao-de-pecas-de-carro-veja\/","og_locale":"pt_BR","og_type":"article","og_title":"Material extraterrestre \u00e9 usado na fabrica\u00e7\u00e3o de pe\u00e7as de carro; veja","og_description":"Os motores de autom\u00f3veis dependem de componentes fundamentais para garantir seu funcionamento adequado, e as velas de igni\u00e7\u00e3o se destacam nesse contexto. Respons\u00e1veis por gerar a fa\u00edsca que d\u00e1 in\u00edcio \u00e0 combust\u00e3o da mistura de ar e combust\u00edvel nos cilindros, essas pe\u00e7as s\u00e3o cruciais para o desempenho do motor. Sem a fa\u00edsca, o carro simplesmente [&hellip;]","og_url":"https:\/\/www.gaveanews.com\/index.php\/2024\/08\/19\/material-extraterrestre-e-usado-na-fabricacao-de-pecas-de-carro-veja\/","og_site_name":"G\u00e1vea News","article_publisher":"https:\/\/facebook.com\/gaveaNews\/","article_published_time":"2024-08-19T18:16:20+00:00","article_modified_time":"2024-08-19T18:16:23+00:00","og_image":[{"width":1203,"height":802,"url":"https:\/\/www.gaveanews.com\/wp-content\/uploads\/Motor-de-um-carro-esportivo.webp","type":"image\/webp"}],"author":"Henrique Machado","twitter_card":"summary_large_image","twitter_misc":{"Escrito por":"Henrique Machado","Est. tempo de leitura":"3 minutos"},"schema":{"@context":"https:\/\/schema.org","@graph":[{"@type":"NewsArticle","@id":"https:\/\/www.gaveanews.com\/index.php\/2024\/08\/19\/material-extraterrestre-e-usado-na-fabricacao-de-pecas-de-carro-veja\/#article","isPartOf":{"@id":"https:\/\/www.gaveanews.com\/index.php\/2024\/08\/19\/material-extraterrestre-e-usado-na-fabricacao-de-pecas-de-carro-veja\/"},"author":{"name":"Henrique Machado","@id":"https:\/\/www.gaveanews.com\/#\/schema\/person\/fd07635ec039ec3ba74ad18ec8a6dbd6"},"headline":"Material extraterrestre \u00e9 usado na fabrica\u00e7\u00e3o de pe\u00e7as de carro; veja","datePublished":"2024-08-19T18:16:20+00:00","dateModified":"2024-08-19T18:16:23+00:00","mainEntityOfPage":{"@id":"https:\/\/www.gaveanews.com\/index.php\/2024\/08\/19\/material-extraterrestre-e-usado-na-fabricacao-de-pecas-de-carro-veja\/"},"wordCount":498,"commentCount":0,"image":{"@id":"https:\/\/www.gaveanews.com\/index.php\/2024\/08\/19\/material-extraterrestre-e-usado-na-fabricacao-de-pecas-de-carro-veja\/#primaryimage"},"thumbnailUrl":"https:\/\/www.gaveanews.com\/wp-content\/uploads\/Motor-de-um-carro-esportivo.webp","articleSection":["Carros"],"inLanguage":"pt-BR","potentialAction":[{"@type":"CommentAction","name":"Comment","target":["https:\/\/www.gaveanews.com\/index.php\/2024\/08\/19\/material-extraterrestre-e-usado-na-fabricacao-de-pecas-de-carro-veja\/#respond"]}],"copyrightYear":"2024","copyrightHolder":{"@id":"https:\/\/www.gaveanews.com\/#organization"}},{"@type":"WebPage","@id":"https:\/\/www.gaveanews.com\/index.php\/2024\/08\/19\/material-extraterrestre-e-usado-na-fabricacao-de-pecas-de-carro-veja\/","url":"https:\/\/www.gaveanews.com\/index.php\/2024\/08\/19\/material-extraterrestre-e-usado-na-fabricacao-de-pecas-de-carro-veja\/","name":"Material extraterrestre \u00e9 usado na fabrica\u00e7\u00e3o de pe\u00e7as de carro; veja","isPartOf":{"@id":"https:\/\/www.gaveanews.com\/#website"},"primaryImageOfPage":{"@id":"https:\/\/www.gaveanews.com\/index.php\/2024\/08\/19\/material-extraterrestre-e-usado-na-fabricacao-de-pecas-de-carro-veja\/#primaryimage"},"image":{"@id":"https:\/\/www.gaveanews.com\/index.php\/2024\/08\/19\/material-extraterrestre-e-usado-na-fabricacao-de-pecas-de-carro-veja\/#primaryimage"},"thumbnailUrl":"https:\/\/www.gaveanews.com\/wp-content\/uploads\/Motor-de-um-carro-esportivo.webp","datePublished":"2024-08-19T18:16:20+00:00","dateModified":"2024-08-19T18:16:23+00:00","author":{"@id":"https:\/\/www.gaveanews.com\/#\/schema\/person\/fd07635ec039ec3ba74ad18ec8a6dbd6"},"breadcrumb":{"@id":"https:\/\/www.gaveanews.com\/index.php\/2024\/08\/19\/material-extraterrestre-e-usado-na-fabricacao-de-pecas-de-carro-veja\/#breadcrumb"},"inLanguage":"pt-BR","potentialAction":[{"@type":"ReadAction","target":["https:\/\/www.gaveanews.com\/index.php\/2024\/08\/19\/material-extraterrestre-e-usado-na-fabricacao-de-pecas-de-carro-veja\/"]}]},{"@type":"ImageObject","inLanguage":"pt-BR","@id":"https:\/\/www.gaveanews.com\/index.php\/2024\/08\/19\/material-extraterrestre-e-usado-na-fabricacao-de-pecas-de-carro-veja\/#primaryimage","url":"https:\/\/www.gaveanews.com\/wp-content\/uploads\/Motor-de-um-carro-esportivo.webp","contentUrl":"https:\/\/www.gaveanews.com\/wp-content\/uploads\/Motor-de-um-carro-esportivo.webp","width":1203,"height":802,"caption":"Motor de um carro esportivo (Foto: Editoria de Arte\/G\u00e1vea News)"},{"@type":"BreadcrumbList","@id":"https:\/\/www.gaveanews.com\/index.php\/2024\/08\/19\/material-extraterrestre-e-usado-na-fabricacao-de-pecas-de-carro-veja\/#breadcrumb","itemListElement":[{"@type":"ListItem","position":1,"name":"Home","item":"https:\/\/www.gaveanews.com\/"},{"@type":"ListItem","position":2,"name":"Material extraterrestre \u00e9 usado na fabrica\u00e7\u00e3o de pe\u00e7as de carro; veja"}]},{"@type":"WebSite","@id":"https:\/\/www.gaveanews.com\/#website","url":"https:\/\/www.gaveanews.com\/","name":"G\u00e1vea News","description":"Veja todas as not\u00edcias sobre o Flamengo: Contrata\u00e7\u00f5es, categorias de base, resultados das partidas, tabela de classifica\u00e7\u00e3o, pr\u00f3ximos jogos!","potentialAction":[{"@type":"SearchAction","target":{"@type":"EntryPoint","urlTemplate":"https:\/\/www.gaveanews.com\/?s={search_term_string}"},"query-input":{"@type":"PropertyValueSpecification","valueRequired":true,"valueName":"search_term_string"}}],"inLanguage":"pt-BR"},{"@type":"Person","@id":"https:\/\/www.gaveanews.com\/#\/schema\/person\/fd07635ec039ec3ba74ad18ec8a6dbd6","name":"Henrique Machado","image":{"@type":"ImageObject","inLanguage":"pt-BR","@id":"https:\/\/www.gaveanews.com\/#\/schema\/person\/image\/","url":"https:\/\/secure.gravatar.com\/avatar\/b95e35997e01d9800c1b6184bd79d4d898d370a3fce2584f5c77b907d5c7d9e9?s=96&d=mm&r=g","contentUrl":"https:\/\/secure.gravatar.com\/avatar\/b95e35997e01d9800c1b6184bd79d4d898d370a3fce2584f5c77b907d5c7d9e9?s=96&d=mm&r=g","caption":"Henrique Machado"}}]}},"_links":{"self":[{"href":"https:\/\/www.gaveanews.com\/index.php\/wp-json\/wp\/v2\/posts\/159438","targetHints":{"allow":["GET"]}}],"collection":[{"href":"https:\/\/www.gaveanews.com\/index.php\/wp-json\/wp\/v2\/posts"}],"about":[{"href":"https:\/\/www.gaveanews.com\/index.php\/wp-json\/wp\/v2\/types\/post"}],"author":[{"embeddable":true,"href":"https:\/\/www.gaveanews.com\/index.php\/wp-json\/wp\/v2\/users\/15"}],"replies":[{"embeddable":true,"href":"https:\/\/www.gaveanews.com\/index.php\/wp-json\/wp\/v2\/comments?post=159438"}],"version-history":[{"count":2,"href":"https:\/\/www.gaveanews.com\/index.php\/wp-json\/wp\/v2\/posts\/159438\/revisions"}],"predecessor-version":[{"id":159445,"href":"https:\/\/www.gaveanews.com\/index.php\/wp-json\/wp\/v2\/posts\/159438\/revisions\/159445"}],"wp:featuredmedia":[{"embeddable":true,"href":"https:\/\/www.gaveanews.com\/index.php\/wp-json\/wp\/v2\/media\/159505"}],"wp:attachment":[{"href":"https:\/\/www.gaveanews.com\/index.php\/wp-json\/wp\/v2\/media?parent=159438"}],"wp:term":[{"taxonomy":"category","embeddable":true,"href":"https:\/\/www.gaveanews.com\/index.php\/wp-json\/wp\/v2\/categories?post=159438"},{"taxonomy":"post_tag","embeddable":true,"href":"https:\/\/www.gaveanews.com\/index.php\/wp-json\/wp\/v2\/tags?post=159438"}],"curies":[{"name":"wp","href":"https:\/\/api.w.org\/{rel}","templated":true}]}}