{"id":159645,"date":"2024-08-20T12:07:37","date_gmt":"2024-08-20T15:07:37","guid":{"rendered":"https:\/\/www.gaveanews.com\/?p=159645"},"modified":"2024-08-20T12:07:38","modified_gmt":"2024-08-20T15:07:38","slug":"corinthians-emite-nota-oficial-sobre-investigacao-envolvendo-o-pcc","status":"publish","type":"post","link":"https:\/\/www.gaveanews.com\/index.php\/2024\/08\/20\/corinthians-emite-nota-oficial-sobre-investigacao-envolvendo-o-pcc\/","title":{"rendered":"Corinthians emite nota oficial sobre investiga\u00e7\u00e3o envolvendo o PCC"},"content":{"rendered":"\n<h2 class=\"wp-block-heading\" id=\"h-investigacoes-apontam-suposta-intermediacao-de-contratacoes-por-membro-da-faccao-criminosa-envolvendo-jogadores-e-dirigentes-do-clube\">Investiga\u00e7\u00f5es apontam suposta intermedia\u00e7\u00e3o de contrata\u00e7\u00f5es por membro da fac\u00e7\u00e3o criminosa, envolvendo jogadores e dirigentes do clube.<\/h2>\n\n\n\n<p>Uma investiga\u00e7\u00e3o conduzida pelo Minist\u00e9rio P\u00fablico de S\u00e3o Paulo (MPSP) revelou um poss\u00edvel envolvimento do Primeiro Comando da Capital (PCC), uma das fac\u00e7\u00f5es criminosas mais temidas do Brasil, em transa\u00e7\u00f5es relacionadas a jogadores do Corinthians. <\/p>\n\n\n\n<p>O foco da apura\u00e7\u00e3o est\u00e1 em Rafael Maeda Pires, conhecido como &#8220;Japa&#8221;, que teria intermediado a contrata\u00e7\u00e3o de atletas como Du Queiroz e Igor Formiga em 2021.<\/p>\n\n\n\n<p>O caso ganhou notoriedade ap\u00f3s uma dela\u00e7\u00e3o realizada em mar\u00e7o de 2023, quando Japa foi apontado como pe\u00e7a-chave nas negocia\u00e7\u00f5es.&nbsp;<\/p>\n\n\n\n<p>A dela\u00e7\u00e3o, agora em posse do Grupo de Atua\u00e7\u00e3o Especial de Combate ao Crime Organizado (Gaeco), trouxe \u00e0 tona conversas por WhatsApp que envolvem desde discuss\u00f5es sobre os contratos at\u00e9 comprovantes de transa\u00e7\u00f5es banc\u00e1rias, evidenciando uma proximidade entre o criminoso e figuras ligadas ao clube.<\/p>\n\n\n\n<p>Em resposta \u00e0s revela\u00e7\u00f5es, o Corinthians emitiu uma nota oficial nesta segunda-feira, manifestando surpresa e reiterando que os contratos mencionados foram assinados antes da gest\u00e3o atual.&nbsp;<\/p>\n\n\n\n<p>&#8220;A diretoria do Sport Club Corinthians Paulista recebeu, com enorme surpresa, a not\u00edcia da possibilidade de atletas supostamente agenciados por integrantes do crime organizado terem formalizado contratos com o clube. \u00c9 de se ressaltar que, de acordo com o conte\u00fado das mat\u00e9rias veiculadas, tais contratos teriam sido celebrados anteriormente \u00e0 gest\u00e3o atual&#8221;, afirmou o clube.<\/p>\n\n\n\n<p>A profundidade da rela\u00e7\u00e3o entre&nbsp;&nbsp;\u201cJapa\u201d e os dirigentes do Corinthians ainda \u00e9 incerta.<\/p>\n","protected":false},"excerpt":{"rendered":"<p>Investiga\u00e7\u00f5es apontam suposta intermedia\u00e7\u00e3o de contrata\u00e7\u00f5es por membro da fac\u00e7\u00e3o criminosa, envolvendo jogadores e dirigentes do clube. Uma investiga\u00e7\u00e3o conduzida pelo Minist\u00e9rio P\u00fablico de S\u00e3o Paulo (MPSP) revelou um poss\u00edvel envolvimento do Primeiro Comando da Capital (PCC), uma das fac\u00e7\u00f5es criminosas mais temidas do Brasil, em transa\u00e7\u00f5es relacionadas a jogadores do Corinthians. O foco da [&hellip;]<\/p>\n","protected":false},"author":17,"featured_media":146951,"comment_status":"open","ping_status":"closed","sticky":false,"template":"","format":"standard","meta":{"footnotes":""},"categories":[141],"tags":[],"class_list":["post-159645","post","type-post","status-publish","format-standard","has-post-thumbnail","hentry","category-corinthians"],"yoast_head":"<!-- This site is optimized with the Yoast SEO Premium plugin v24.2 (Yoast SEO v26.9) - https:\/\/yoast.com\/product\/yoast-seo-premium-wordpress\/ -->\n<title>Corinthians emite nota oficial sobre investiga\u00e7\u00e3o envolvendo o PCC<\/title>\n<meta name=\"robots\" content=\"index, follow, max-snippet:-1, max-image-preview:large, max-video-preview:-1\" \/>\n<link rel=\"canonical\" href=\"https:\/\/www.gaveanews.com\/index.php\/2024\/08\/20\/corinthians-emite-nota-oficial-sobre-investigacao-envolvendo-o-pcc\/\" \/>\n<meta property=\"og:locale\" content=\"pt_BR\" \/>\n<meta property=\"og:type\" content=\"article\" \/>\n<meta property=\"og:title\" content=\"Corinthians emite nota oficial sobre investiga\u00e7\u00e3o envolvendo o PCC\" \/>\n<meta property=\"og:description\" content=\"Investiga\u00e7\u00f5es apontam suposta intermedia\u00e7\u00e3o de contrata\u00e7\u00f5es por membro da fac\u00e7\u00e3o criminosa, envolvendo jogadores e dirigentes do clube. Uma investiga\u00e7\u00e3o conduzida pelo Minist\u00e9rio P\u00fablico de S\u00e3o Paulo (MPSP) revelou um poss\u00edvel envolvimento do Primeiro Comando da Capital (PCC), uma das fac\u00e7\u00f5es criminosas mais temidas do Brasil, em transa\u00e7\u00f5es relacionadas a jogadores do Corinthians. O foco da [&hellip;]\" \/>\n<meta property=\"og:url\" content=\"https:\/\/www.gaveanews.com\/index.php\/2024\/08\/20\/corinthians-emite-nota-oficial-sobre-investigacao-envolvendo-o-pcc\/\" \/>\n<meta property=\"og:site_name\" content=\"G\u00e1vea News\" \/>\n<meta property=\"article:publisher\" content=\"https:\/\/facebook.com\/gaveaNews\/\" \/>\n<meta property=\"article:published_time\" content=\"2024-08-20T15:07:37+00:00\" \/>\n<meta property=\"article:modified_time\" content=\"2024-08-20T15:07:38+00:00\" \/>\n<meta property=\"og:image\" content=\"https:\/\/www.gaveanews.com\/wp-content\/uploads\/Escudo-do-Corinthians.webp\" \/>\n\t<meta property=\"og:image:width\" content=\"1000\" \/>\n\t<meta property=\"og:image:height\" content=\"667\" \/>\n\t<meta property=\"og:image:type\" content=\"image\/webp\" \/>\n<meta name=\"author\" content=\"Geovanna Thomaz\" \/>\n<meta name=\"twitter:card\" content=\"summary_large_image\" \/>\n<meta name=\"twitter:label1\" content=\"Escrito por\" \/>\n\t<meta name=\"twitter:data1\" content=\"Geovanna Thomaz\" \/>\n\t<meta name=\"twitter:label2\" content=\"Est. tempo de leitura\" \/>\n\t<meta name=\"twitter:data2\" content=\"2 minutos\" \/>\n<script type=\"application\/ld+json\" class=\"yoast-schema-graph\">{\"@context\":\"https:\/\/schema.org\",\"@graph\":[{\"@type\":\"NewsArticle\",\"@id\":\"https:\/\/www.gaveanews.com\/index.php\/2024\/08\/20\/corinthians-emite-nota-oficial-sobre-investigacao-envolvendo-o-pcc\/#article\",\"isPartOf\":{\"@id\":\"https:\/\/www.gaveanews.com\/index.php\/2024\/08\/20\/corinthians-emite-nota-oficial-sobre-investigacao-envolvendo-o-pcc\/\"},\"author\":{\"name\":\"Geovanna Thomaz\",\"@id\":\"https:\/\/www.gaveanews.com\/#\/schema\/person\/f42654babcd2b2014a1a65af82b081f1\"},\"headline\":\"Corinthians emite nota oficial sobre investiga\u00e7\u00e3o envolvendo o PCC\",\"datePublished\":\"2024-08-20T15:07:37+00:00\",\"dateModified\":\"2024-08-20T15:07:38+00:00\",\"mainEntityOfPage\":{\"@id\":\"https:\/\/www.gaveanews.com\/index.php\/2024\/08\/20\/corinthians-emite-nota-oficial-sobre-investigacao-envolvendo-o-pcc\/\"},\"wordCount\":277,\"commentCount\":0,\"image\":{\"@id\":\"https:\/\/www.gaveanews.com\/index.php\/2024\/08\/20\/corinthians-emite-nota-oficial-sobre-investigacao-envolvendo-o-pcc\/#primaryimage\"},\"thumbnailUrl\":\"https:\/\/www.gaveanews.com\/wp-content\/uploads\/Escudo-do-Corinthians.webp\",\"articleSection\":[\"Corinthians\"],\"inLanguage\":\"pt-BR\",\"potentialAction\":[{\"@type\":\"CommentAction\",\"name\":\"Comment\",\"target\":[\"https:\/\/www.gaveanews.com\/index.php\/2024\/08\/20\/corinthians-emite-nota-oficial-sobre-investigacao-envolvendo-o-pcc\/#respond\"]}],\"copyrightYear\":\"2024\",\"copyrightHolder\":{\"@id\":\"https:\/\/www.gaveanews.com\/#organization\"}},{\"@type\":\"WebPage\",\"@id\":\"https:\/\/www.gaveanews.com\/index.php\/2024\/08\/20\/corinthians-emite-nota-oficial-sobre-investigacao-envolvendo-o-pcc\/\",\"url\":\"https:\/\/www.gaveanews.com\/index.php\/2024\/08\/20\/corinthians-emite-nota-oficial-sobre-investigacao-envolvendo-o-pcc\/\",\"name\":\"Corinthians emite nota oficial sobre investiga\u00e7\u00e3o envolvendo o PCC\",\"isPartOf\":{\"@id\":\"https:\/\/www.gaveanews.com\/#website\"},\"primaryImageOfPage\":{\"@id\":\"https:\/\/www.gaveanews.com\/index.php\/2024\/08\/20\/corinthians-emite-nota-oficial-sobre-investigacao-envolvendo-o-pcc\/#primaryimage\"},\"image\":{\"@id\":\"https:\/\/www.gaveanews.com\/index.php\/2024\/08\/20\/corinthians-emite-nota-oficial-sobre-investigacao-envolvendo-o-pcc\/#primaryimage\"},\"thumbnailUrl\":\"https:\/\/www.gaveanews.com\/wp-content\/uploads\/Escudo-do-Corinthians.webp\",\"datePublished\":\"2024-08-20T15:07:37+00:00\",\"dateModified\":\"2024-08-20T15:07:38+00:00\",\"author\":{\"@id\":\"https:\/\/www.gaveanews.com\/#\/schema\/person\/f42654babcd2b2014a1a65af82b081f1\"},\"breadcrumb\":{\"@id\":\"https:\/\/www.gaveanews.com\/index.php\/2024\/08\/20\/corinthians-emite-nota-oficial-sobre-investigacao-envolvendo-o-pcc\/#breadcrumb\"},\"inLanguage\":\"pt-BR\",\"potentialAction\":[{\"@type\":\"ReadAction\",\"target\":[\"https:\/\/www.gaveanews.com\/index.php\/2024\/08\/20\/corinthians-emite-nota-oficial-sobre-investigacao-envolvendo-o-pcc\/\"]}]},{\"@type\":\"ImageObject\",\"inLanguage\":\"pt-BR\",\"@id\":\"https:\/\/www.gaveanews.com\/index.php\/2024\/08\/20\/corinthians-emite-nota-oficial-sobre-investigacao-envolvendo-o-pcc\/#primaryimage\",\"url\":\"https:\/\/www.gaveanews.com\/wp-content\/uploads\/Escudo-do-Corinthians.webp\",\"contentUrl\":\"https:\/\/www.gaveanews.com\/wp-content\/uploads\/Escudo-do-Corinthians.webp\",\"width\":1000,\"height\":667,\"caption\":\"Escudo do Corinthians (Foto Reprodu\u00e7\u00e3o\/Instagram)\"},{\"@type\":\"BreadcrumbList\",\"@id\":\"https:\/\/www.gaveanews.com\/index.php\/2024\/08\/20\/corinthians-emite-nota-oficial-sobre-investigacao-envolvendo-o-pcc\/#breadcrumb\",\"itemListElement\":[{\"@type\":\"ListItem\",\"position\":1,\"name\":\"Home\",\"item\":\"https:\/\/www.gaveanews.com\/\"},{\"@type\":\"ListItem\",\"position\":2,\"name\":\"Corinthians emite nota oficial sobre investiga\u00e7\u00e3o envolvendo o PCC\"}]},{\"@type\":\"WebSite\",\"@id\":\"https:\/\/www.gaveanews.com\/#website\",\"url\":\"https:\/\/www.gaveanews.com\/\",\"name\":\"G\u00e1vea News\",\"description\":\"Veja todas as not\u00edcias sobre o Flamengo: Contrata\u00e7\u00f5es, categorias de base, resultados das partidas, tabela de classifica\u00e7\u00e3o, pr\u00f3ximos jogos!\",\"potentialAction\":[{\"@type\":\"SearchAction\",\"target\":{\"@type\":\"EntryPoint\",\"urlTemplate\":\"https:\/\/www.gaveanews.com\/?s={search_term_string}\"},\"query-input\":{\"@type\":\"PropertyValueSpecification\",\"valueRequired\":true,\"valueName\":\"search_term_string\"}}],\"inLanguage\":\"pt-BR\"},{\"@type\":\"Person\",\"@id\":\"https:\/\/www.gaveanews.com\/#\/schema\/person\/f42654babcd2b2014a1a65af82b081f1\",\"name\":\"Geovanna Thomaz\",\"image\":{\"@type\":\"ImageObject\",\"inLanguage\":\"pt-BR\",\"@id\":\"https:\/\/www.gaveanews.com\/#\/schema\/person\/image\/\",\"url\":\"https:\/\/secure.gravatar.com\/avatar\/4092073255489533afb558984b49b64268c47198af8623cc82a925ae9fb7118a?s=96&d=mm&r=g\",\"contentUrl\":\"https:\/\/secure.gravatar.com\/avatar\/4092073255489533afb558984b49b64268c47198af8623cc82a925ae9fb7118a?s=96&d=mm&r=g\",\"caption\":\"Geovanna Thomaz\"}}]}<\/script>\n<!-- \/ Yoast SEO Premium plugin. -->","yoast_head_json":{"title":"Corinthians emite nota oficial sobre investiga\u00e7\u00e3o envolvendo o PCC","robots":{"index":"index","follow":"follow","max-snippet":"max-snippet:-1","max-image-preview":"max-image-preview:large","max-video-preview":"max-video-preview:-1"},"canonical":"https:\/\/www.gaveanews.com\/index.php\/2024\/08\/20\/corinthians-emite-nota-oficial-sobre-investigacao-envolvendo-o-pcc\/","og_locale":"pt_BR","og_type":"article","og_title":"Corinthians emite nota oficial sobre investiga\u00e7\u00e3o envolvendo o PCC","og_description":"Investiga\u00e7\u00f5es apontam suposta intermedia\u00e7\u00e3o de contrata\u00e7\u00f5es por membro da fac\u00e7\u00e3o criminosa, envolvendo jogadores e dirigentes do clube. Uma investiga\u00e7\u00e3o conduzida pelo Minist\u00e9rio P\u00fablico de S\u00e3o Paulo (MPSP) revelou um poss\u00edvel envolvimento do Primeiro Comando da Capital (PCC), uma das fac\u00e7\u00f5es criminosas mais temidas do Brasil, em transa\u00e7\u00f5es relacionadas a jogadores do Corinthians. O foco da [&hellip;]","og_url":"https:\/\/www.gaveanews.com\/index.php\/2024\/08\/20\/corinthians-emite-nota-oficial-sobre-investigacao-envolvendo-o-pcc\/","og_site_name":"G\u00e1vea News","article_publisher":"https:\/\/facebook.com\/gaveaNews\/","article_published_time":"2024-08-20T15:07:37+00:00","article_modified_time":"2024-08-20T15:07:38+00:00","og_image":[{"width":1000,"height":667,"url":"https:\/\/www.gaveanews.com\/wp-content\/uploads\/Escudo-do-Corinthians.webp","type":"image\/webp"}],"author":"Geovanna Thomaz","twitter_card":"summary_large_image","twitter_misc":{"Escrito por":"Geovanna Thomaz","Est. tempo de leitura":"2 minutos"},"schema":{"@context":"https:\/\/schema.org","@graph":[{"@type":"NewsArticle","@id":"https:\/\/www.gaveanews.com\/index.php\/2024\/08\/20\/corinthians-emite-nota-oficial-sobre-investigacao-envolvendo-o-pcc\/#article","isPartOf":{"@id":"https:\/\/www.gaveanews.com\/index.php\/2024\/08\/20\/corinthians-emite-nota-oficial-sobre-investigacao-envolvendo-o-pcc\/"},"author":{"name":"Geovanna Thomaz","@id":"https:\/\/www.gaveanews.com\/#\/schema\/person\/f42654babcd2b2014a1a65af82b081f1"},"headline":"Corinthians emite nota oficial sobre investiga\u00e7\u00e3o envolvendo o PCC","datePublished":"2024-08-20T15:07:37+00:00","dateModified":"2024-08-20T15:07:38+00:00","mainEntityOfPage":{"@id":"https:\/\/www.gaveanews.com\/index.php\/2024\/08\/20\/corinthians-emite-nota-oficial-sobre-investigacao-envolvendo-o-pcc\/"},"wordCount":277,"commentCount":0,"image":{"@id":"https:\/\/www.gaveanews.com\/index.php\/2024\/08\/20\/corinthians-emite-nota-oficial-sobre-investigacao-envolvendo-o-pcc\/#primaryimage"},"thumbnailUrl":"https:\/\/www.gaveanews.com\/wp-content\/uploads\/Escudo-do-Corinthians.webp","articleSection":["Corinthians"],"inLanguage":"pt-BR","potentialAction":[{"@type":"CommentAction","name":"Comment","target":["https:\/\/www.gaveanews.com\/index.php\/2024\/08\/20\/corinthians-emite-nota-oficial-sobre-investigacao-envolvendo-o-pcc\/#respond"]}],"copyrightYear":"2024","copyrightHolder":{"@id":"https:\/\/www.gaveanews.com\/#organization"}},{"@type":"WebPage","@id":"https:\/\/www.gaveanews.com\/index.php\/2024\/08\/20\/corinthians-emite-nota-oficial-sobre-investigacao-envolvendo-o-pcc\/","url":"https:\/\/www.gaveanews.com\/index.php\/2024\/08\/20\/corinthians-emite-nota-oficial-sobre-investigacao-envolvendo-o-pcc\/","name":"Corinthians emite nota oficial sobre investiga\u00e7\u00e3o envolvendo o PCC","isPartOf":{"@id":"https:\/\/www.gaveanews.com\/#website"},"primaryImageOfPage":{"@id":"https:\/\/www.gaveanews.com\/index.php\/2024\/08\/20\/corinthians-emite-nota-oficial-sobre-investigacao-envolvendo-o-pcc\/#primaryimage"},"image":{"@id":"https:\/\/www.gaveanews.com\/index.php\/2024\/08\/20\/corinthians-emite-nota-oficial-sobre-investigacao-envolvendo-o-pcc\/#primaryimage"},"thumbnailUrl":"https:\/\/www.gaveanews.com\/wp-content\/uploads\/Escudo-do-Corinthians.webp","datePublished":"2024-08-20T15:07:37+00:00","dateModified":"2024-08-20T15:07:38+00:00","author":{"@id":"https:\/\/www.gaveanews.com\/#\/schema\/person\/f42654babcd2b2014a1a65af82b081f1"},"breadcrumb":{"@id":"https:\/\/www.gaveanews.com\/index.php\/2024\/08\/20\/corinthians-emite-nota-oficial-sobre-investigacao-envolvendo-o-pcc\/#breadcrumb"},"inLanguage":"pt-BR","potentialAction":[{"@type":"ReadAction","target":["https:\/\/www.gaveanews.com\/index.php\/2024\/08\/20\/corinthians-emite-nota-oficial-sobre-investigacao-envolvendo-o-pcc\/"]}]},{"@type":"ImageObject","inLanguage":"pt-BR","@id":"https:\/\/www.gaveanews.com\/index.php\/2024\/08\/20\/corinthians-emite-nota-oficial-sobre-investigacao-envolvendo-o-pcc\/#primaryimage","url":"https:\/\/www.gaveanews.com\/wp-content\/uploads\/Escudo-do-Corinthians.webp","contentUrl":"https:\/\/www.gaveanews.com\/wp-content\/uploads\/Escudo-do-Corinthians.webp","width":1000,"height":667,"caption":"Escudo do Corinthians (Foto Reprodu\u00e7\u00e3o\/Instagram)"},{"@type":"BreadcrumbList","@id":"https:\/\/www.gaveanews.com\/index.php\/2024\/08\/20\/corinthians-emite-nota-oficial-sobre-investigacao-envolvendo-o-pcc\/#breadcrumb","itemListElement":[{"@type":"ListItem","position":1,"name":"Home","item":"https:\/\/www.gaveanews.com\/"},{"@type":"ListItem","position":2,"name":"Corinthians emite nota oficial sobre investiga\u00e7\u00e3o envolvendo o PCC"}]},{"@type":"WebSite","@id":"https:\/\/www.gaveanews.com\/#website","url":"https:\/\/www.gaveanews.com\/","name":"G\u00e1vea News","description":"Veja todas as not\u00edcias sobre o Flamengo: Contrata\u00e7\u00f5es, categorias de base, resultados das partidas, tabela de classifica\u00e7\u00e3o, pr\u00f3ximos jogos!","potentialAction":[{"@type":"SearchAction","target":{"@type":"EntryPoint","urlTemplate":"https:\/\/www.gaveanews.com\/?s={search_term_string}"},"query-input":{"@type":"PropertyValueSpecification","valueRequired":true,"valueName":"search_term_string"}}],"inLanguage":"pt-BR"},{"@type":"Person","@id":"https:\/\/www.gaveanews.com\/#\/schema\/person\/f42654babcd2b2014a1a65af82b081f1","name":"Geovanna Thomaz","image":{"@type":"ImageObject","inLanguage":"pt-BR","@id":"https:\/\/www.gaveanews.com\/#\/schema\/person\/image\/","url":"https:\/\/secure.gravatar.com\/avatar\/4092073255489533afb558984b49b64268c47198af8623cc82a925ae9fb7118a?s=96&d=mm&r=g","contentUrl":"https:\/\/secure.gravatar.com\/avatar\/4092073255489533afb558984b49b64268c47198af8623cc82a925ae9fb7118a?s=96&d=mm&r=g","caption":"Geovanna Thomaz"}}]}},"_links":{"self":[{"href":"https:\/\/www.gaveanews.com\/index.php\/wp-json\/wp\/v2\/posts\/159645","targetHints":{"allow":["GET"]}}],"collection":[{"href":"https:\/\/www.gaveanews.com\/index.php\/wp-json\/wp\/v2\/posts"}],"about":[{"href":"https:\/\/www.gaveanews.com\/index.php\/wp-json\/wp\/v2\/types\/post"}],"author":[{"embeddable":true,"href":"https:\/\/www.gaveanews.com\/index.php\/wp-json\/wp\/v2\/users\/17"}],"replies":[{"embeddable":true,"href":"https:\/\/www.gaveanews.com\/index.php\/wp-json\/wp\/v2\/comments?post=159645"}],"version-history":[{"count":1,"href":"https:\/\/www.gaveanews.com\/index.php\/wp-json\/wp\/v2\/posts\/159645\/revisions"}],"predecessor-version":[{"id":159646,"href":"https:\/\/www.gaveanews.com\/index.php\/wp-json\/wp\/v2\/posts\/159645\/revisions\/159646"}],"wp:featuredmedia":[{"embeddable":true,"href":"https:\/\/www.gaveanews.com\/index.php\/wp-json\/wp\/v2\/media\/146951"}],"wp:attachment":[{"href":"https:\/\/www.gaveanews.com\/index.php\/wp-json\/wp\/v2\/media?parent=159645"}],"wp:term":[{"taxonomy":"category","embeddable":true,"href":"https:\/\/www.gaveanews.com\/index.php\/wp-json\/wp\/v2\/categories?post=159645"},{"taxonomy":"post_tag","embeddable":true,"href":"https:\/\/www.gaveanews.com\/index.php\/wp-json\/wp\/v2\/tags?post=159645"}],"curies":[{"name":"wp","href":"https:\/\/api.w.org\/{rel}","templated":true}]}}